{"id":2516,"date":"2026-03-06T09:56:36","date_gmt":"2026-03-06T11:56:36","guid":{"rendered":"https:\/\/www.encontrabomretiro.com.br\/sobre\/carnaval-2026-sao-paulo-nas-ruas\/"},"modified":"2026-03-06T09:56:36","modified_gmt":"2026-03-06T11:56:36","slug":"carnaval-2026-sao-paulo-nas-ruas","status":"publish","type":"post","link":"https:\/\/www.encontrabomretiro.com.br\/sobre\/carnaval-2026-sao-paulo-nas-ruas\/","title":{"rendered":"Carnaval 2026: S\u00e3o Paulo nas ruas"},"content":{"rendered":"<div class=\"228b65ae207de3c5c501cfe75875708b\" data-index=\"1\" style=\"float: none; margin:0px;\">\n<!-- Anuncio display - global -->\r\n<ins class=\"adsbygoogle\"\r\n     style=\"display:block\"\r\n     data-ad-client=\"ca-pub-8585364105181520\"\r\n     data-ad-slot=\"8789329856\"\r\n     data-ad-format=\"auto\"\r\n     data-full-width-responsive=\"true\"><\/ins>\r\n<script>\r\n     (adsbygoogle = window.adsbygoogle || []).push({});\r\n<\/script>\n<\/div>\n<h2>Carnaval 2026: Uma Celebra\u00e7\u00e3o em S\u00e3o Paulo<\/h2>\n<p>O Carnaval de S\u00e3o Paulo em 2026 promete ser uma das maiores festividades do Brasil, consolidando-se como um evento marcante na cidade. Durante essa \u00e9poca do ano, a metr\u00f3pole se transforma em um vasto palco a c\u00e9u aberto, onde mais de 600 blocos de rua v\u00e3o agitar as diferentes regi\u00f5es da capital. A vasta programa\u00e7\u00e3o contempla desde grandiosos megablocos, com personalidades e artistas reconhecidos, at\u00e9 a descontra\u00e7\u00e3o dos blocos de bairro e as op\u00e7\u00f5es voltadas para o p\u00fablico infantil, garantindo que todos possam participar da festa.<\/p>\n<h2>Os Blocos Imperd\u00edveis de S\u00e3o Paulo<\/h2>\n<p>Entre os blocos que se destacam neste ano est\u00e3o:<\/p>\n<ul>\n<li><strong>Agrada Gregos<\/strong><\/li>\n<li><strong>Afox\u00e9 Omi Aiye<\/strong><\/li>\n<li><strong>Bloco Nega V\u00e9ia<\/strong><\/li>\n<\/ul>\n<p>Esses blocos t\u00eam o poder de arrastar milhares de foli\u00f5es pelas ruas da cidade, trazendo alegria e energia contagiante. Os trajetos e hor\u00e1rios de cada bloco foram previamente definidos pela administra\u00e7\u00e3o municipal, que se organiza para receber milh\u00f5es de participantes em dias de pura celebra\u00e7\u00e3o e folia.<\/p>\n<p><img decoding=\"async\" src=\"https:\/\/www.encontrabomretiro.com.br\/sobre\/wp-content\/uploads\/2026\/03\/carnaval-2026-sao-paulo-nas-ruas.webp\" alt=\"Carnaval 2026\" loading=\"lazy\" \/><\/p>\n<h2>Programa\u00e7\u00e3o do Carnaval 2026<\/h2>\n<p>Para os que desejam planejar sua participa\u00e7\u00e3o, segue a programa\u00e7\u00e3o dos blocos durante os dias de Carnaval, de 14 a 22 de fevereiro de 2026.<\/p>\n<h3>S\u00e1bado (14\/02\/2026)<\/h3>\n<ul>\n<li><strong>Bloco do Zattrevidos:<\/strong> Vila Zat \u2013 15h \u00e0s 18h<\/li>\n<li><strong>Bloco Carnavalesco Kabra da Peste Coro e Kacete:<\/strong> confirmado<\/li>\n<li><strong>Bloco Carnavalesco Granada:<\/strong> Vila Itaberaba \u2013 15h \u00e0s 18h<\/li>\n<li><strong>Bloco dos Coleira:<\/strong> Vila Santista \u2013 13h \u00e0s 17h<\/li>\n<li><strong>CarNaFest:<\/strong> Conjunto Habitacional Jova Rural \u2013 12h \u00e0s 18h<\/li>\n<\/ul>\n<h3>Domingo (15\/02\/2026)<\/h3>\n<ul>\n<li><strong>Bloco Carnavalesco Z\u00e9 da Eskina:<\/strong> Jardim Santo Elias \u2013 15h \u00e0s 18h<\/li>\n<li><strong>Os Donos da Rua:<\/strong> Vila Portugal \u2013 16h \u00e0s 18h<\/li>\n<li><strong>JBAS I\u00c9RIO Alegrando as Ruas e Cora\u00e7\u00f5es:<\/strong> Vila Marina \u2013 13h \u00e0s 17h<\/li>\n<li><strong>Bloco Comunidade 100% Iracema:<\/strong> Parque S\u00e3o Lu\u00eds \u2013 17h \u00e0s 18h<\/li>\n<li><strong>Afox\u00e9 Omi Aiye:<\/strong> Ermelino Matarazzo \u2013 15h \u00e0s 18h<\/li>\n<\/ul>\n<h3>Segunda (16\/02\/2026)<\/h3>\n<ul>\n<li><strong>Bumb\u00e1Bloco:<\/strong> Santana\/Tucuruvi \u2013 15h \u00e0s 18h<\/li>\n<li><strong>Bloco Afro Percussivo Filhas da M\u00e3e \u00c1frica:<\/strong> Cidade Nitro Oper\u00e1ria \u2013 14h \u00e0s 18h<\/li>\n<li><strong>Bloco Dr\u00e9 Tarde:<\/strong> Itaim Bibi \u2013 14h \u00e0s 18h<\/li>\n<li><strong>Bloco Eu Sou do Ax\u00e9:<\/strong> Consola\u00e7\u00e3o \u2013 14h \u00e0s 18h<\/li>\n<\/ul>\n<h3>Ter\u00e7a (17\/02\/2026)<\/h3>\n<ul>\n<li><strong>Bloco Turminha do Bem:<\/strong> Perus \u2013 16h \u00e0s 18h<\/li>\n<li><strong>Batucada Aben\u00e7oada:<\/strong> Uni\u00e3o Vila Nova \u2013 14h \u00e0s 17h<\/li>\n<li><strong>Bloco do Gleubs:<\/strong> Parque Panamericano \u2013 17h \u00e0s 18h<\/li>\n<li><strong>Carnaval de Rua da Vila Matilde:<\/strong> Bloco Banda das Cachorras \u2013 Vila Matilde \u2013 16h \u00e0s 18h<\/li>\n<\/ul>\n<h3>S\u00e1bado (21\/02\/2026)<\/h3>\n<ul>\n<li><strong>Bloco Eu Sou do Ax\u00e9:<\/strong> Jardim Santa Lucr\u00e9cia \u2013 15h \u00e0s 18h<\/li>\n<li><strong>Bloco Carnavalesco Segunda Sem Lei:<\/strong> Imirim \u2013 13h \u00e0s 17h<\/li>\n<li><strong>Bloco Feminista:<\/strong> Vila Gumercindo \u2013 15h \u00e0s 18h<\/li>\n<li><strong>Bloco Tomojuntinho (infantil):<\/strong> Ipiranga \u2013 10h \u00e0s 13h<\/li>\n<\/ul>\n<h3>Domingo (22\/02\/2026)<\/h3>\n<ul>\n<li><strong>Bloco Jah \u00c9:<\/strong> Parque S\u00e3o Lu\u00eds \u2013 15h \u00e0s 18h<\/li>\n<li><strong>Bloco Cultural Carnavalesco Bo\u00eamios da Madame:<\/strong> Vila Aurora (Zona Norte) \u2013 15h \u00e0s 18h<\/li>\n<li><strong>Bloco Tradi\u00e7\u00e3o da Parada Inglesa:<\/strong> Jardim S\u00e3o Paulo \u2013 15h \u00e0s 18h<\/li>\n<li><strong>Bloco do Chocolatte:<\/strong> Vila Maria\/Vila Guilherme \u2013 17h \u00e0s 18h<\/li>\n<\/ul>\n<h2>Dicas para Aproveitar o Carnaval<\/h2>\n<p>Para aqueles que planejam participar do Carnaval, existem algumas dicas valiosas a serem consideradas:<\/p>\n<ul>\n<li>Mantenha-se hidratado: A folia envolve muitas horas de festa, por isso \u00e9 essencial beber bastante \u00e1gua.<\/li>\n<li>Use roupas confort\u00e1veis: Escolha pe\u00e7as que permitam liberdade de movimento e n\u00e3o esque\u00e7a do protetor solar.<\/li>\n<li>Planeje seu itiner\u00e1rio: Conhecer a programa\u00e7\u00e3o dos blocos ajuda a otimizar seu tempo e garantir que sua festa seja a melhor poss\u00edvel.<\/li>\n<\/ul>\n<h2>A Hist\u00f3ria do Carnaval em S\u00e3o Paulo<\/h2>\n<p>O Carnaval em S\u00e3o Paulo tem uma longa trajet\u00f3ria, desde suas ra\u00edzes no s\u00e9culo 19, evoluindo como um evento central na cultura brasileira. Ao longo dos anos, a festividade foi se diversificando, permitindo que diversos estilos e ritmos se misturassem, refletindo a rica tape\u00e7aria cultural da cidade.<\/p>\n<h2>Melhores Bairros para Curtir a Folia<\/h2>\n<p>Dentre os bairros mais festeiros, destacam-se:<\/p>\n<ul>\n<li><strong>Vila Mariana:<\/strong> Com uma diversidade de blocos e op\u00e7\u00f5es gastron\u00f4micas.<\/li>\n<li><strong>Itaim Bibi:<\/strong> Conhecido por seus bloquinhos animados e vida noturna vibrante.<\/li>\n<li><strong>Pinheiros:<\/strong> Um dos bairros mais charmosos que combina cultura local e anima\u00e7\u00e3o de rua.<\/li>\n<\/ul>\n<h2>O Impacto do Carnaval na Economia Local<\/h2>\n<p>A folia de Carnaval representa uma inje\u00e7\u00e3o consider\u00e1vel na economia da cidade, abrangendo desde o turismo at\u00e9 os setores de alimenta\u00e7\u00e3o e com\u00e9rcio local. A movimenta\u00e7\u00e3o financeira gerada por esse evento refor\u00e7a a import\u00e2ncia do Carnaval como motor econ\u00f4mico, promovendo oportunidades de emprego e desenvolvimento.<\/p>\n<h2>A Diversidade Cultural no Carnaval<\/h2>\n<p>Um dos grandes atrativos do Carnaval s\u00e3o suas ra\u00edzes culturais variadas. Os blocos refletem a diversidade social e \u00e9tnica da popula\u00e7\u00e3o paulistana, promovendo inclus\u00e3o e celebra\u00e7\u00e3o da cultura popular, onde cada grupo pode expressar sua identidade atrav\u00e9s de m\u00fasica e dan\u00e7a.<\/p>\n<h2>Como Participar dos Blocos de Rua<\/h2>\n<p>Participar dos blocos \u00e9 simples: basta ficar atento \u00e0s programa\u00e7\u00f5es e se dirigir ao local indicado. Levar elementos como \u00e1gua, snacks e, claro, alegria e disposi\u00e7\u00e3o s\u00e3o fundamentais para aproveitar ao m\u00e1ximo a festa.<\/p>\n<h2>Seguran\u00e7a e Cuidados Durante o Carnaval<\/h2>\n<p>Embora o Carnaval seja um momento de celebra\u00e7\u00e3o, a seguran\u00e7a deve sempre ser prioridade. Algumas precau\u00e7\u00f5es incluem:<\/p>\n<ul>\n<li>Andar em grupos e evitar \u00e1reas isoladas.<\/li>\n<li>Estar atento aos seus pertences para evitar furtos.<\/li>\n<li>Ter um plano de emerg\u00eancia caso algo n\u00e3o ocorra como planejado.<\/li>\n<\/ul>\n<h2>Depoimentos de Foli\u00f5es e Convidados<\/h2>\n<p>Os participantes do Carnaval trazem hist\u00f3rias emocionantes e experi\u00eancias \u00fanicas. Foli\u00f5es compartilham que a energia coletiva, a alegria e a uni\u00e3o entre os participantes constituem a ess\u00eancia do que torna o Carnaval de S\u00e3o Paulo t\u00e3o especial e inesquec\u00edvel.<\/p>\n\n<div style=\"font-size: 0px; height: 0px; line-height: 0px; margin: 0; padding: 0; clear: both;\"><\/div>","protected":false},"excerpt":{"rendered":"<p>Carnaval 2026 est\u00e1 chegando e traz os melhores blocos de rua em S\u00e3o Paulo.<\/p>\n","protected":false},"author":1,"featured_media":2515,"comment_status":"open","ping_status":"closed","sticky":false,"template":"","format":"standard","meta":{"footnotes":""},"categories":[6],"tags":[],"class_list":["post-2516","post","type-post","status-publish","format-standard","has-post-thumbnail","hentry","category-noticias-no-bom-retiro","has_thumb"],"aioseo_notices":[],"_links":{"self":[{"href":"https:\/\/www.encontrabomretiro.com.br\/sobre\/wp-json\/wp\/v2\/posts\/2516","targetHints":{"allow":["GET"]}}],"collection":[{"href":"https:\/\/www.encontrabomretiro.com.br\/sobre\/wp-json\/wp\/v2\/posts"}],"about":[{"href":"https:\/\/www.encontrabomretiro.com.br\/sobre\/wp-json\/wp\/v2\/types\/post"}],"author":[{"embeddable":true,"href":"https:\/\/www.encontrabomretiro.com.br\/sobre\/wp-json\/wp\/v2\/users\/1"}],"replies":[{"embeddable":true,"href":"https:\/\/www.encontrabomretiro.com.br\/sobre\/wp-json\/wp\/v2\/comments?post=2516"}],"version-history":[{"count":0,"href":"https:\/\/www.encontrabomretiro.com.br\/sobre\/wp-json\/wp\/v2\/posts\/2516\/revisions"}],"wp:featuredmedia":[{"embeddable":true,"href":"https:\/\/www.encontrabomretiro.com.br\/sobre\/wp-json\/wp\/v2\/media\/2515"}],"wp:attachment":[{"href":"https:\/\/www.encontrabomretiro.com.br\/sobre\/wp-json\/wp\/v2\/media?parent=2516"}],"wp:term":[{"taxonomy":"category","embeddable":true,"href":"https:\/\/www.encontrabomretiro.com.br\/sobre\/wp-json\/wp\/v2\/categories?post=2516"},{"taxonomy":"post_tag","embeddable":true,"href":"https:\/\/www.encontrabomretiro.com.br\/sobre\/wp-json\/wp\/v2\/tags?post=2516"}],"curies":[{"name":"wp","href":"https:\/\/api.w.org\/{rel}","templated":true}]}}