{"id":2514,"date":"2026-03-06T09:54:27","date_gmt":"2026-03-06T11:54:27","guid":{"rendered":"https:\/\/www.encontrabomretiro.com.br\/sobre\/espetaculo-quando-anoitece-no-sesc-bom-retiro-celebra-diversidade-e-identidade-negra-para-criancas\/"},"modified":"2026-03-06T09:54:27","modified_gmt":"2026-03-06T11:54:27","slug":"espetaculo-quando-anoitece-no-sesc-bom-retiro-celebra-diversidade-e-identidade-negra-para-criancas","status":"publish","type":"post","link":"https:\/\/www.encontrabomretiro.com.br\/sobre\/espetaculo-quando-anoitece-no-sesc-bom-retiro-celebra-diversidade-e-identidade-negra-para-criancas\/","title":{"rendered":"Espet\u00e1culo \u201cQuando Anoitece\u201d no Sesc Bom Retiro celebra diversidade e identidade negra para crian\u00e7as"},"content":{"rendered":"<div class=\"228b65ae207de3c5c501cfe75875708b\" data-index=\"1\" style=\"float: none; margin:0px;\">\n<!-- Anuncio display - global -->\r\n<ins class=\"adsbygoogle\"\r\n     style=\"display:block\"\r\n     data-ad-client=\"ca-pub-8585364105181520\"\r\n     data-ad-slot=\"8789329856\"\r\n     data-ad-format=\"auto\"\r\n     data-full-width-responsive=\"true\"><\/ins>\r\n<script>\r\n     (adsbygoogle = window.adsbygoogle || []).push({});\r\n<\/script>\n<\/div>\n<h2>O Enredo de \u2018Quando Anoitece\u2019<\/h2>\n<p>A pe\u00e7a infantil <strong>Quando Anoitece<\/strong> apresenta uma narrativa envolvente que aborda quest\u00f5es de identidade e aprecia\u00e7\u00e3o das diferen\u00e7as. A hist\u00f3ria segue Mel\u00e2nia, uma garota negra que, apesar de se divertir com seus amigos, lida com a solid\u00e3o resultante de n\u00e3o se reconhecer na apar\u00eancia deles. Essa problem\u00e1tica \u00e9 ao mesmo tempo sens\u00edvel e educativa, propondo um alinhamento com as experi\u00eancias de muitas crian\u00e7as.<\/p>\n<h2>Dire\u00e7\u00e3o e Dramaturgia: Uma Colabora\u00e7\u00e3o Valiosa<\/h2>\n<p>Com a dire\u00e7\u00e3o de <strong>Fl\u00e1vio Rodrigues<\/strong> e o texto de <strong>Le Conde<\/strong>, a pe\u00e7a \u00e9 um verdadeiro exemplo de colabora\u00e7\u00e3o art\u00edstica. A vis\u00e3o de Rodrigues, que busca imagem e som que ressoem com a audi\u00eancia jovem, se une \u00e0 dramaturgia de Le Conde, que traz uma linguagem acess\u00edvel e po\u00e9tica. A sinergia entre eles cria uma produ\u00e7\u00e3o cativante que dialoga diretamente com as preocupa\u00e7\u00f5es atuais sobre identidade e diversidade.<\/p>\n<h2>Mel\u00e2nia e o Despertar da Consci\u00eancia<\/h2>\n<p>Mel\u00e2nia, a protagonista, representa a luta de muitas crian\u00e7as ao se depararem com quest\u00f5es sobre sua identidade. Em seus momentos de reflex\u00e3o, aparece um personagem m\u00e1gico conhecido como <strong>Pedacinho do C\u00e9u<\/strong>, que realiza o papel de guia, sugerindo questionamentos sobre a autoaceita\u00e7\u00e3o e o amor-pr\u00f3prio. Essa jornada proporciona a Mel\u00e2nia a chance de se ver al\u00e9m das barreiras f\u00edsicas e sociais que a isolam.<\/p>\n<p><img decoding=\"async\" src=\"https:\/\/www.encontrabomretiro.com.br\/sobre\/wp-content\/uploads\/2026\/03\/espetaculo-quando-anoitece-no-sesc-bom-retiro-celebra-diversidade-e-identidade-negra-para-criancas.webp\" alt=\"espet\u00e1culo infantil quando anoitece\" loading=\"lazy\" \/><\/p>\n<h2>A Import\u00e2ncia do Pertencimento<\/h2>\n<p>O espet\u00e1culo destaca a relev\u00e2ncia do sentimento de pertencimento em um contexto social diverso. Ao abordar a negritude e suas nuances, a pe\u00e7a convida o p\u00fablico a refletir sobre suas pr\u00f3prias experi\u00eancias de aceita\u00e7\u00e3o e inclus\u00e3o. O <strong>pertencimento<\/strong> \u00e9 apresentado como um pilar fundamental para o desenvolvimento emocional e social, pois permite que as crian\u00e7as compreendam a import\u00e2ncia de se sentir valorizadas e aceitas.<\/p>\n<h2>A Representatividade na Arte Infantil<\/h2>\n<p>A pe\u00e7a <strong>Quando Anoitece<\/strong> \u00e9 um passo significativo em dire\u00e7\u00e3o \u00e0 <strong>representatividade<\/strong> nas artes c\u00eanicas. Atrav\u00e9s da figura de Mel\u00e2nia, as crian\u00e7as negras encontram uma representa\u00e7\u00e3o que lhes \u00e9 familiar e que lhes oferece um espa\u00e7o seguro na arte. Isso n\u00e3o apenas legitima suas experi\u00eancias, mas tamb\u00e9m educa os espectadores de outras etnias sobre a diversidade e suas complexidades.<\/p>\n<h2>Como a Pe\u00e7a Dialoga com a Diversidade<\/h2>\n<p>O di\u00e1logo sobre diversidade n\u00e3o \u00e9 apenas uma quest\u00e3o est\u00e9tica na pe\u00e7a, mas uma viv\u00eancia real que impacta o cotidiano das crian\u00e7as. A hist\u00f3ria de Mel\u00e2nia e seus dilemas s\u00e3o universais, o que permite que o p\u00fablico se conecte com as situa\u00e7\u00f5es apresentadas. Atrav\u00e9s de uma abordagem l\u00fadica, a pe\u00e7a n\u00e3o s\u00f3 entret\u00e9m, mas tamb\u00e9m provoca reflex\u00e3o e aprendizado.<\/p>\n<h2>Programa\u00e7\u00e3o e Locais das Apresenta\u00e7\u00f5es<\/h2>\n<p>O espet\u00e1culo ser\u00e1 realizado no <strong>Sesc Bom Retiro<\/strong>, com apresenta\u00e7\u00f5es agendadas aos domingos, ao meio-dia, entre 8 de mar\u00e7o e 21 de abril. Essa localiza\u00e7\u00e3o possibilita que um grande n\u00famero de fam\u00edlias tenha acesso \u00e0 arte, refor\u00e7ando o compromisso do Sesc com a cultura acess\u00edvel. O formato da pe\u00e7a \u00e9 ideal para ser consumido por crian\u00e7as e seus respons\u00e1veis, promovendo momentos de intera\u00e7\u00e3o e alegria.<\/p>\n<h2>Cr\u00edtica e Recep\u00e7\u00e3o do P\u00fablico<\/h2>\n<p>A recep\u00e7\u00e3o do p\u00fablico tem sido extremamente positiva, com a cr\u00edtica destacando a relev\u00e2ncia dos temas abordados e a arte envolvente. A capacidade da pe\u00e7a em tocar o p\u00fablico, especialmente crian\u00e7as e adultos que vivenciam quest\u00f5es semelhantes, \u00e9 um dos seus maiores triunfos. A plateia \u00e9 frequentemente convidada a participar, tornando a experi\u00eancia ainda mais rica e interativa.<\/p>\n<h2>O Impacto da Arte na Educa\u00e7\u00e3o<\/h2>\n<p>O impacto de apresenta\u00e7\u00f5es como <strong>Quando Anoitece<\/strong> vai al\u00e9m do entretenimento. A arte desempenha um papel crucial na forma\u00e7\u00e3o da identidade e da consci\u00eancia cr\u00edtica das crian\u00e7as. Ao apresentar discuss\u00f5es sobre pertencimento e aceita\u00e7\u00e3o, a pe\u00e7a auxilia na constru\u00e7\u00e3o de uma sociedade que valoriza a diversidade, desafiando estere\u00f3tipos e preconceitos.<\/p>\n<h2>Ingressos e Informa\u00e7\u00f5es para o Espet\u00e1culo<\/h2>\n<p>Os ingressos para o <strong>Quando Anoitece<\/strong> j\u00e1 est\u00e3o dispon\u00edveis e podem ser adquiridos diretamente no site do Sesc ou no local. \u00c9 uma oportunidade imperd\u00edvel para que fam\u00edlias e crian\u00e7as em geral possam apreciar uma hist\u00f3ria que n\u00e3o apenas entret\u00e9m, mas tamb\u00e9m educa e promove discuss\u00e3o sobre temas essenciais da sociedade contempor\u00e2nea.<\/p>\n\n<div style=\"font-size: 0px; height: 0px; line-height: 0px; margin: 0; padding: 0; clear: both;\"><\/div>","protected":false},"excerpt":{"rendered":"<p>O espet\u00e1culo \u201cQuando Anoitece\u201d destaca a diversidade e valoriza\u00e7\u00e3o da negritude infantil.<\/p>\n","protected":false},"author":1,"featured_media":2513,"comment_status":"open","ping_status":"closed","sticky":false,"template":"","format":"standard","meta":{"footnotes":""},"categories":[6],"tags":[],"class_list":["post-2514","post","type-post","status-publish","format-standard","has-post-thumbnail","hentry","category-noticias-no-bom-retiro","has_thumb"],"aioseo_notices":[],"_links":{"self":[{"href":"https:\/\/www.encontrabomretiro.com.br\/sobre\/wp-json\/wp\/v2\/posts\/2514","targetHints":{"allow":["GET"]}}],"collection":[{"href":"https:\/\/www.encontrabomretiro.com.br\/sobre\/wp-json\/wp\/v2\/posts"}],"about":[{"href":"https:\/\/www.encontrabomretiro.com.br\/sobre\/wp-json\/wp\/v2\/types\/post"}],"author":[{"embeddable":true,"href":"https:\/\/www.encontrabomretiro.com.br\/sobre\/wp-json\/wp\/v2\/users\/1"}],"replies":[{"embeddable":true,"href":"https:\/\/www.encontrabomretiro.com.br\/sobre\/wp-json\/wp\/v2\/comments?post=2514"}],"version-history":[{"count":0,"href":"https:\/\/www.encontrabomretiro.com.br\/sobre\/wp-json\/wp\/v2\/posts\/2514\/revisions"}],"wp:featuredmedia":[{"embeddable":true,"href":"https:\/\/www.encontrabomretiro.com.br\/sobre\/wp-json\/wp\/v2\/media\/2513"}],"wp:attachment":[{"href":"https:\/\/www.encontrabomretiro.com.br\/sobre\/wp-json\/wp\/v2\/media?parent=2514"}],"wp:term":[{"taxonomy":"category","embeddable":true,"href":"https:\/\/www.encontrabomretiro.com.br\/sobre\/wp-json\/wp\/v2\/categories?post=2514"},{"taxonomy":"post_tag","embeddable":true,"href":"https:\/\/www.encontrabomretiro.com.br\/sobre\/wp-json\/wp\/v2\/tags?post=2514"}],"curies":[{"name":"wp","href":"https:\/\/api.w.org\/{rel}","templated":true}]}}