{"id":2510,"date":"2026-03-05T09:56:09","date_gmt":"2026-03-05T11:56:09","guid":{"rendered":"https:\/\/www.encontrabomretiro.com.br\/sobre\/museu-da-lingua-portuguesa-faz-20-anos-com-show-sarau-cinema-gratis-e-programacao-especial-em-sp\/"},"modified":"2026-03-05T09:56:09","modified_gmt":"2026-03-05T11:56:09","slug":"museu-da-lingua-portuguesa-faz-20-anos-com-show-sarau-cinema-gratis-e-programacao-especial-em-sp","status":"publish","type":"post","link":"https:\/\/www.encontrabomretiro.com.br\/sobre\/museu-da-lingua-portuguesa-faz-20-anos-com-show-sarau-cinema-gratis-e-programacao-especial-em-sp\/","title":{"rendered":"Museu da L\u00edngua Portuguesa faz 20 anos com show, sarau, cinema gr\u00e1tis e programa\u00e7\u00e3o especial em SP"},"content":{"rendered":"<div class=\"228b65ae207de3c5c501cfe75875708b\" data-index=\"1\" style=\"float: none; margin:0px;\">\n<!-- Anuncio display - global -->\r\n<ins class=\"adsbygoogle\"\r\n     style=\"display:block\"\r\n     data-ad-client=\"ca-pub-8585364105181520\"\r\n     data-ad-slot=\"8789329856\"\r\n     data-ad-format=\"auto\"\r\n     data-full-width-responsive=\"true\"><\/ins>\r\n<script>\r\n     (adsbygoogle = window.adsbygoogle || []).push({});\r\n<\/script>\n<\/div>\n<h2>Hist\u00f3ria do Museu da L\u00edngua Portuguesa<\/h2>\n<p>Inaugurado em 21 de mar\u00e7o de 2006, o Museu da L\u00edngua Portuguesa est\u00e1 localizado na famosa Esta\u00e7\u00e3o da Luz, em S\u00e3o Paulo. Desde sua abertura, a institui\u00e7\u00e3o tem como miss\u00e3o celebrar e preservar a l\u00edngua portuguesa, um dos maiores patrim\u00f4nios culturais do Brasil. Com um acervo rico e diversificado, que conta a hist\u00f3ria da l\u00edngua e sua evolu\u00e7\u00e3o, o museu j\u00e1 recebeu mais de 5,3 milh\u00f5es de visitantes, tornando-se um espa\u00e7o de refer\u00eancia para todos que desejam aprender mais sobre a riqueza dessa l\u00edngua.<\/p>\n<h2>Programa\u00e7\u00e3o Cultural Imperd\u00edvel<\/h2>\n<p>Para marcar suas duas d\u00e9cadas, o Museu da L\u00edngua Portuguesa preparou uma programa\u00e7\u00e3o especial e diversificada ao longo de mar\u00e7o, que inclui concertos, sarais, exibi\u00e7\u00f5es de cinema, workshops e visitas guiadas. Essas atividades visam envolver o p\u00fablico em uma experi\u00eancia rica e interativa, refor\u00e7ando a import\u00e2ncia da l\u00edngua e da cultura em nossas vidas.<\/p>\n<h2>Oficina de Passinho no Museu<\/h2>\n<p>Um dos destaques da programa\u00e7\u00e3o \u00e9 a oficina de passinho, que ocorrer\u00e1 em parceria com o coletivo NGKS. Essa atividade busca celebrar a dan\u00e7a como uma das formas de express\u00e3o cultural, especialmente ligada aos jovens que se identificam com a cultura urbana. A oficina ser\u00e1 um excelente espa\u00e7o para aprender os movimentos e a hist\u00f3ria do passinho, promovendo a inclus\u00e3o e valoriza\u00e7\u00e3o da cultura popular.<\/p>\n<p><img decoding=\"async\" src=\"https:\/\/www.encontrabomretiro.com.br\/sobre\/wp-content\/uploads\/2026\/03\/museu-da-lingua-portuguesa-faz-20-anos-com-show-sarau-cinema-gratis-e-programacao-especial-em-sp.webp\" alt=\"Museu da L\u00edngua Portuguesa\" loading=\"lazy\" \/><\/p>\n<h2>Exposi\u00e7\u00e3o sobre Funk no Brasil<\/h2>\n<p>A exposi\u00e7\u00e3o tempor\u00e1ria intitulada &#8220;FUNK: Um grito de ousadia e liberdade&#8221; \u00e9 uma das atra\u00e7\u00f5es que n\u00e3o pode ser perdida. Com 473 obras, a mostra, idealizada pelo Museu de Arte do Rio, destaca o funk como um dos principais movimentos culturais do Brasil. Essa exposi\u00e7\u00e3o est\u00e1 em cartaz at\u00e9 agosto e promover\u00e1 reflex\u00f5es sobre a m\u00fasica como forma de resist\u00eancia e express\u00e3o social.<\/p>\n<h2>Sarau na Esta\u00e7\u00e3o da Luz<\/h2>\n<p>No dia 7 de mar\u00e7o, haver\u00e1 um Sarau no Museu, coordenado pela jornalista Roberta Martinelli. Com uma vista incr\u00edvel do centro de S\u00e3o Paulo, o terra\u00e7o do museu servir\u00e1 de palco para performances de artistas renomados como Luna Vitrolira, BUHR e Maria Beraldo. O sarau tamb\u00e9m contar\u00e1 com um microfone aberto, convidando todos a participarem e compartilharem sua voz e poesia, homenageando a criatividade em seu formato mais puro.<\/p>\n<h2>Shows com Artistas Renomados<\/h2>\n<p>O cl\u00edmax das celebra\u00e7\u00f5es ocorrer\u00e1 no dia 21 de mar\u00e7o, com um show gratuito na Pra\u00e7a da L\u00edngua. Artistas como Jos\u00e9 Miguel Wisnik, Tigan\u00e1 Santana, Jo\u00e3o Camarero e Zahy Tentehar se apresentar\u00e3o em uma performance que promete ser memor\u00e1vel. Essa apresenta\u00e7\u00e3o n\u00e3o apenas celebra a m\u00fasica, mas tamb\u00e9m a rica diversidade da cultura brasileira.<\/p>\n<h2>Ingressos e Acessibilidade<\/h2>\n<p>A entrada para o Museu da L\u00edngua Portuguesa varia de R$ 24 (pre\u00e7o integral) a R$ 12 (meia-entrada). \u00c9 importante lembrar que a entrada \u00e9 gratuita aos s\u00e1bados e domingos, tornando mais acess\u00edvel a visita\u00e7\u00e3o para todos. O museu tamb\u00e9m \u00e9 totalmente acess\u00edvel, proporcionando uma experi\u00eancia inclusiva para cadeirantes e visitantes com mobilidade reduzida.<\/p>\n<h2>Visitas Mediadas e Atividades<\/h2>\n<p>O museu oferece visitas mediadas, que s\u00e3o uma excelente oportunidade para grupos e escolas conhecerem mais sobre a hist\u00f3ria da l\u00edngua portuguesa de forma interativa e did\u00e1tica. Essas visitas s\u00e3o conduzidas por educadores qualificados, que garantem uma experi\u00eancia enriquecedora e envolvente, adequada para todas as idades.<\/p>\n<h2>Datas Importantes da Celebra\u00e7\u00e3o<\/h2>\n<p>A celebra\u00e7\u00e3o dos 20 anos do Museu da L\u00edngua Portuguesa acontecer\u00e1 de 05 a 31 de mar\u00e7o de 2026, com uma variedade de eventos planejados para cada dia. \u00c9 um momento especial que convida a todos a descobrir e redescobrir a import\u00e2ncia da l\u00edngua e da cultura portuguesa.<\/p>\n<h2>Como Chegar ao Museu em SP<\/h2>\n<p>O Museu da L\u00edngua Portuguesa est\u00e1 convenientemente localizado na Pra\u00e7a da Luz, 9, Bom Retiro, S\u00e3o Paulo &#8211; SP. Para aqueles que utilizam transporte p\u00fablico, a esta\u00e7\u00e3o de metr\u00f4 mais pr\u00f3xima \u00e9 a Luz, facilitando o acesso ao museu. Al\u00e9m disso, v\u00e1rias linhas de \u00f4nibus passam pela regi\u00e3o, garantindo que todos possam visitar e aproveitar as atividades culturais programadas.<\/p>\n\n<div style=\"font-size: 0px; height: 0px; line-height: 0px; margin: 0; padding: 0; clear: both;\"><\/div>","protected":false},"excerpt":{"rendered":"<p>Museu da L\u00edngua Portuguesa celebra 20 anos com eventos imperd\u00edveis em SP.<\/p>\n","protected":false},"author":1,"featured_media":2509,"comment_status":"open","ping_status":"closed","sticky":false,"template":"","format":"standard","meta":{"footnotes":""},"categories":[6],"tags":[],"class_list":["post-2510","post","type-post","status-publish","format-standard","has-post-thumbnail","hentry","category-noticias-no-bom-retiro","has_thumb"],"aioseo_notices":[],"_links":{"self":[{"href":"https:\/\/www.encontrabomretiro.com.br\/sobre\/wp-json\/wp\/v2\/posts\/2510","targetHints":{"allow":["GET"]}}],"collection":[{"href":"https:\/\/www.encontrabomretiro.com.br\/sobre\/wp-json\/wp\/v2\/posts"}],"about":[{"href":"https:\/\/www.encontrabomretiro.com.br\/sobre\/wp-json\/wp\/v2\/types\/post"}],"author":[{"embeddable":true,"href":"https:\/\/www.encontrabomretiro.com.br\/sobre\/wp-json\/wp\/v2\/users\/1"}],"replies":[{"embeddable":true,"href":"https:\/\/www.encontrabomretiro.com.br\/sobre\/wp-json\/wp\/v2\/comments?post=2510"}],"version-history":[{"count":0,"href":"https:\/\/www.encontrabomretiro.com.br\/sobre\/wp-json\/wp\/v2\/posts\/2510\/revisions"}],"wp:featuredmedia":[{"embeddable":true,"href":"https:\/\/www.encontrabomretiro.com.br\/sobre\/wp-json\/wp\/v2\/media\/2509"}],"wp:attachment":[{"href":"https:\/\/www.encontrabomretiro.com.br\/sobre\/wp-json\/wp\/v2\/media?parent=2510"}],"wp:term":[{"taxonomy":"category","embeddable":true,"href":"https:\/\/www.encontrabomretiro.com.br\/sobre\/wp-json\/wp\/v2\/categories?post=2510"},{"taxonomy":"post_tag","embeddable":true,"href":"https:\/\/www.encontrabomretiro.com.br\/sobre\/wp-json\/wp\/v2\/tags?post=2510"}],"curies":[{"name":"wp","href":"https:\/\/api.w.org\/{rel}","templated":true}]}}