{"id":2508,"date":"2026-03-05T09:55:09","date_gmt":"2026-03-05T11:55:09","guid":{"rendered":"https:\/\/www.encontrabomretiro.com.br\/sobre\/ana-canas-retorna-ao-repertorio-de-rita-lee-em-show-que-gera-turne-pelo-brasil\/"},"modified":"2026-03-05T09:55:09","modified_gmt":"2026-03-05T11:55:09","slug":"ana-canas-retorna-ao-repertorio-de-rita-lee-em-show-que-gera-turne-pelo-brasil","status":"publish","type":"post","link":"https:\/\/www.encontrabomretiro.com.br\/sobre\/ana-canas-retorna-ao-repertorio-de-rita-lee-em-show-que-gera-turne-pelo-brasil\/","title":{"rendered":"Ana Ca\u00f1as retorna ao repert\u00f3rio de Rita Lee em show que gera turn\u00ea pelo Brasil"},"content":{"rendered":"<div class=\"228b65ae207de3c5c501cfe75875708b\" data-index=\"1\" style=\"float: none; margin:0px;\">\n<!-- Anuncio display - global -->\r\n<ins class=\"adsbygoogle\"\r\n     style=\"display:block\"\r\n     data-ad-client=\"ca-pub-8585364105181520\"\r\n     data-ad-slot=\"8789329856\"\r\n     data-ad-format=\"auto\"\r\n     data-full-width-responsive=\"true\"><\/ins>\r\n<script>\r\n     (adsbygoogle = window.adsbygoogle || []).push({});\r\n<\/script>\n<\/div>\n<h2>A Hist\u00f3ria de Ana Ca\u00f1as e Rita Lee<\/h2>\n<p>A hist\u00f3ria de Ana Ca\u00f1as \u00e9 intimamente ligada \u00e0 da ic\u00f4nica cantora Rita Lee, uma das maiores estrelas da m\u00fasica brasileira. Ana, que come\u00e7ou sua carreira a partir de 2006, se destacou por sua voz potente e por suas interpreta\u00e7\u00f5es marcantes, sempre trazendo elementos de diversas influ\u00eancias musicais.<\/p>\n<p>Rita Lee, por sua vez, \u00e9 considerada uma das pioneiras do rock brasileiro. Nascida em 1947, ela fez parte de grupos emblem\u00e1ticos como Os Mutantes e teve uma carreira solo que a consagrou como uma artista multifacetada, reunindo uma legi\u00e3o de f\u00e3s e se tornando um s\u00edmbolo de liberdade e inova\u00e7\u00e3o musical.<\/p>\n<p>Essas duas artistas compartilham muito mais do que apenas a paix\u00e3o pela m\u00fasica; ambas t\u00eam uma conex\u00e3o com o p\u00fablico que transcende gera\u00e7\u00f5es, criando uma ponte entre o passado e o presente da m\u00fasica brasileira.<\/p>\n<p><img decoding=\"async\" src=\"https:\/\/www.encontrabomretiro.com.br\/sobre\/wp-content\/uploads\/2026\/03\/ana-canas-retorna-ao-repertorio-de-rita-lee-em-show-que-gera-turne-pelo-brasil.webp\" alt=\"\" loading=\"lazy\" \/><\/p>\n<h2>O In\u00edcio da Turn\u00ea &#8216;Rita Total&#8217;<\/h2>\n<p>A turn\u00ea &#8216;Rita Total&#8217;, com estreia marcada para mar\u00e7o de 2026, representa um tributo \u00e0 obra de Rita Lee. Ana Ca\u00f1as, que j\u00e1 havia se apresentado em tributos anteriormente, retoma o repert\u00f3rio da artista com uma nova abordagem, celebrando sua m\u00fasica e sua mensagem. Este projeto \u00e9 uma forma emocionante de conectar os f\u00e3s antigos de Rita Lee com novas audi\u00eancias, levando suas can\u00e7\u00f5es cl\u00e1ssicas a palcos em todo o Brasil.<\/p>\n<p>O primeiro show da turn\u00ea ocorrer\u00e1 no Sesc Bom Retiro, em S\u00e3o Paulo, no dia 11 de mar\u00e7o. Esse espet\u00e1culo promete ser um marco, n\u00e3o apenas para Ana Ca\u00f1as, mas tamb\u00e9m para todos que admiravam Rita Lee, reunindo can\u00e7\u00f5es de diferentes fases da carreira de Lee e permitindo que o p\u00fablico atual descubra seu legado musical.<\/p>\n<h2>As M\u00fasicas que Encantar\u00e3o o P\u00fablico<\/h2>\n<p>Durante a turn\u00ea &#8216;Rita Total&#8217;, Ana Ca\u00f1as est\u00e1 se preparando para apresentar um setlist repleto de cl\u00e1ssicos de Rita Lee. Entre as can\u00e7\u00f5es que far\u00e3o parte do repert\u00f3rio est\u00e3o:<\/p>\n<ul>\n<li><strong>&#8220;Balada do Louco&#8221; (1972):<\/strong> Uma can\u00e7\u00e3o que captura a ess\u00eancia do rock psicod\u00e9lico, com letras que falam sobre liberdade e autodescoberta.<\/li>\n<li><strong>&#8220;Esse Tal de Roque Enrow&#8221; (1975):<\/strong> Um verdadeiro hino para os amantes do rock, retratando cr\u00edticas sociais e culturais.<\/li>\n<li><strong>&#8220;Coisas da Vida&#8221; (1976):<\/strong> Uma balada emocional que toca fundo no cora\u00e7\u00e3o dos ouvintes, refletindo sobre as experi\u00eancias da vida.<\/li>\n<li><strong>&#8220;Jardins da Babil\u00f4nia&#8221; (1978):<\/strong> Uma can\u00e7\u00e3o rica em met\u00e1foras, que mistura elementos liter\u00e1rios com uma melodia envolvente.<\/li>\n<li><strong>&#8220;Mania de Voc\u00ea&#8221; (1979):<\/strong> Uma das can\u00e7\u00f5es de amor mais conhecidas de Rita, celebrando a paix\u00e3o e os relacionamentos.<\/li>\n<\/ul>\n<p>Essas m\u00fasicas, entre outras, prometem transportar o p\u00fablico para a \u00e9poca de gl\u00f3rias de Rita Lee, ressoando com as novas gera\u00e7\u00f5es que descobrem sua arte pela primeira vez.<\/p>\n<h2>O Legado de Rita Lee na M\u00fasica Brasileira<\/h2>\n<p>Rita Lee \u00e9 inegavelmente uma for\u00e7a transformadora na m\u00fasica brasileira. Sua contribui\u00e7\u00e3o vai al\u00e9m das cifras de vendagens de discos; ela quebrou barreiras e desafiou normas de g\u00eaneros musicais, influenciando uma infinidade de artistas que vieram depois dela. Rita foi uma voz firme na luta pelos direitos das mulheres e a diversidade na m\u00fasica.<\/p>\n<p>Seu legado inspira n\u00e3o apenas m\u00fasicos, mas tamb\u00e9m f\u00e3s que veem nela um \u00edcone de autenticidade e resist\u00eancia. Com o passar dos anos, suas can\u00e7\u00f5es continuam a ressoar profundamente, mostrando que sua arte \u00e9 atemporal e sempre relevante.<\/p>\n<h2>Ana Ca\u00f1as: A Nova Voz de Rita Lee<\/h2>\n<p>A escolha de Ana Ca\u00f1as para liderar a turn\u00ea em homenagem a Rita Lee n\u00e3o \u00e9 apenas uma coincid\u00eancia. Ela, que tem uma forte identidade art\u00edstica, traz um toque contempor\u00e2neo \u00e0 obra da artista homenageada. Ca\u00f1as se destaca por sua capacidade de mesclar influ\u00eancias e estilos, tornando suas apresenta\u00e7\u00f5es \u00fanicas.<\/p>\n<p>A nova voz de Ana transmite uma rever\u00eancia pela m\u00fasica de Rita, ao mesmo tempo que inova nas interpreta\u00e7\u00f5es. A forma como Ca\u00f1as expressa essas m\u00fasicas pode oferecer aos f\u00e3s de longa data uma nova perspectiva sobre as can\u00e7\u00f5es ic\u00f4nicas, al\u00e9m de atrair novos admiradores que conhecem o trabalho de Rita de maneira diferente.<\/p>\n<h2>Datas e Locais da Turn\u00ea<\/h2>\n<p>A turn\u00ea &#8220;Rita Total&#8221; est\u00e1 programada para ocorrer em v\u00e1rias cidades do Brasil, come\u00e7ando em S\u00e3o Paulo em 11 de mar\u00e7o. Em breve, novas datas e locais ser\u00e3o anunciados, permitindo que os f\u00e3s de diversas regi\u00f5es tenham a chance de conferir o tributo musical. Essa turn\u00ea \u00e9 uma oportunidade n\u00e3o apenas para celebrar a m\u00fasica de Rita Lee, mas tamb\u00e9m para relembrar sua contribui\u00e7\u00e3o ao cen\u00e1rio musical brasileiro.<\/p>\n<h2>A Recep\u00e7\u00e3o da Turn\u00ea pelo P\u00fablico<\/h2>\n<p>As expectativas em torno da turn\u00ea s\u00e3o palp\u00e1veis. Os primeiros shows prometem ser um sucesso estrondoso, baseado no entusiasmo dos f\u00e3s e nas an\u00e1lises positivas do repert\u00f3rio. Muitos j\u00e1 expressaram o desejo de ver as can\u00e7\u00f5es de Rita Lee trazidas \u00e0 vida pela interpreta\u00e7\u00e3o emocionante de Ana Ca\u00f1as.<\/p>\n<p>A_returna da turn\u00ea pode atrair tanto f\u00e3s antigos como novos, o que significa que a apresenta\u00e7\u00e3o n\u00e3o apenas homenageia o passado, mas tamb\u00e9m constr\u00f3i novas tradi\u00e7\u00f5es significativas na cena musical atual.<\/p>\n<h2>Os M\u00fasicos que Acompanham Ana Ca\u00f1as<\/h2>\n<p>Para dar vida a esse projeto, Ana Ca\u00f1as se apresentar\u00e1 acompanhada por uma banda talentosa que promete intensificar a experi\u00eancia sonora. A equipe incluir\u00e1 m\u00fasicos renomados como:<\/p>\n<ul>\n<li><strong>Adelino Costa (bateria):<\/strong> Conhecido por suas performances energ\u00e9ticas e precisas.<\/li>\n<li><strong>Bruno Marcucci (teclados):<\/strong> Um talentoso tecladista que traz arranjos vibrantes e sofisticados \u00e0s m\u00fasicas.<\/li>\n<li><strong>Estevan Sinkovitz (baixo):<\/strong> Com um timing impec\u00e1vel, ele complementa o som da banda com seu baixo envolvente.<\/li>\n<li><strong>Fab\u00e1 Jimenez (guitarra e viol\u00e3o):<\/strong> Um multi-instrumentista que acrescenta rica textura \u00e0 performance.<\/li>\n<li><strong>Vini Nallon (guitarra e viol\u00e3o):<\/strong> Com seu estilo \u00fanico, ele dar\u00e1 um toque especial \u00e0s can\u00e7\u00f5es.<\/li>\n<\/ul>\n<p>Essa equipe promete criar um ambiente sonoro que refletir\u00e1 a ess\u00eancia das m\u00fasicas de Rita Lee, tornando cada apresenta\u00e7\u00e3o uma experi\u00eancia memor\u00e1vel para todos.<\/p>\n<h2>Expectativas para os Pr\u00f3ximos Shows<\/h2>\n<p>As expectativas s\u00e3o altas para cada show da turn\u00ea, com f\u00e3s ansiosos para ouvir a interpreta\u00e7\u00e3o de Ana Ca\u00f1as das m\u00fasicas de Rita Lee. Espera-se que cada apresenta\u00e7\u00e3o crie um ambiente de celebra\u00e7\u00e3o e nostalgia, atraindo tanto os admiradores de Rita quanto os novos ouvintes.<\/p>\n<p>A turn\u00ea n\u00e3o \u00e9 apenas uma homenagem, mas tamb\u00e9m uma excelente oportunidade para a nova gera\u00e7\u00e3o reconhecer e valorizar a contribui\u00e7\u00e3o de Rita para a musicalidade brasileira e seu impacto na sociedade.<\/p>\n<h2>A Import\u00e2ncia de Homenagear \u00edcones Musicais<\/h2>\n<p>Homenagear \u00edcones musicais como Rita Lee \u00e9 fundamental para manter viva a mem\u00f3ria cultural de uma na\u00e7\u00e3o. Essas homenagens n\u00e3o apenas celebram o trabalho dos artistas, mas tamb\u00e9m educam novas gera\u00e7\u00f5es sobre suas contribui\u00e7\u00f5es e influ\u00eancias. Quando artistas como Ana Ca\u00f1as reverenciam seus \u00eddolos, eles ajudam a perpetuar legados que poderiam ser esquecidos com o tempo.<\/p>\n<p>Al\u00e9m disso, tributos musicais t\u00eam o poder de unir os f\u00e3s em torno de uma experi\u00eancia compartilhada, promovendo um senso de comunidade e aprecia\u00e7\u00e3o pela arte que transcende o tempo e o espa\u00e7o.<\/p>\n\n<div style=\"font-size: 0px; height: 0px; line-height: 0px; margin: 0; padding: 0; clear: both;\"><\/div>","protected":false},"excerpt":{"rendered":"<p>Ana Ca\u00f1as homenageia Rita Lee em turn\u00ea emocionante pelo Brasil.<\/p>\n","protected":false},"author":1,"featured_media":2507,"comment_status":"open","ping_status":"closed","sticky":false,"template":"","format":"standard","meta":{"footnotes":""},"categories":[6],"tags":[],"class_list":["post-2508","post","type-post","status-publish","format-standard","has-post-thumbnail","hentry","category-noticias-no-bom-retiro","has_thumb"],"aioseo_notices":[],"_links":{"self":[{"href":"https:\/\/www.encontrabomretiro.com.br\/sobre\/wp-json\/wp\/v2\/posts\/2508","targetHints":{"allow":["GET"]}}],"collection":[{"href":"https:\/\/www.encontrabomretiro.com.br\/sobre\/wp-json\/wp\/v2\/posts"}],"about":[{"href":"https:\/\/www.encontrabomretiro.com.br\/sobre\/wp-json\/wp\/v2\/types\/post"}],"author":[{"embeddable":true,"href":"https:\/\/www.encontrabomretiro.com.br\/sobre\/wp-json\/wp\/v2\/users\/1"}],"replies":[{"embeddable":true,"href":"https:\/\/www.encontrabomretiro.com.br\/sobre\/wp-json\/wp\/v2\/comments?post=2508"}],"version-history":[{"count":0,"href":"https:\/\/www.encontrabomretiro.com.br\/sobre\/wp-json\/wp\/v2\/posts\/2508\/revisions"}],"wp:featuredmedia":[{"embeddable":true,"href":"https:\/\/www.encontrabomretiro.com.br\/sobre\/wp-json\/wp\/v2\/media\/2507"}],"wp:attachment":[{"href":"https:\/\/www.encontrabomretiro.com.br\/sobre\/wp-json\/wp\/v2\/media?parent=2508"}],"wp:term":[{"taxonomy":"category","embeddable":true,"href":"https:\/\/www.encontrabomretiro.com.br\/sobre\/wp-json\/wp\/v2\/categories?post=2508"},{"taxonomy":"post_tag","embeddable":true,"href":"https:\/\/www.encontrabomretiro.com.br\/sobre\/wp-json\/wp\/v2\/tags?post=2508"}],"curies":[{"name":"wp","href":"https:\/\/api.w.org\/{rel}","templated":true}]}}