{"id":2500,"date":"2026-03-03T09:56:09","date_gmt":"2026-03-03T11:56:09","guid":{"rendered":"https:\/\/www.encontrabomretiro.com.br\/sobre\/espetaculo-infantojuvenil-valoriza-a-cultura-negra-com-historia-ludica-nos-palcos-do-sesc-bom-retiro\/"},"modified":"2026-03-03T09:56:09","modified_gmt":"2026-03-03T11:56:09","slug":"espetaculo-infantojuvenil-valoriza-a-cultura-negra-com-historia-ludica-nos-palcos-do-sesc-bom-retiro","status":"publish","type":"post","link":"https:\/\/www.encontrabomretiro.com.br\/sobre\/espetaculo-infantojuvenil-valoriza-a-cultura-negra-com-historia-ludica-nos-palcos-do-sesc-bom-retiro\/","title":{"rendered":"Espet\u00e1culo infantojuvenil valoriza a cultura negra com hist\u00f3ria l\u00fadica nos palcos do Sesc Bom Retiro"},"content":{"rendered":"<div class=\"228b65ae207de3c5c501cfe75875708b\" data-index=\"1\" style=\"float: none; margin:0px;\">\n<!-- Anuncio display - global -->\r\n<ins class=\"adsbygoogle\"\r\n     style=\"display:block\"\r\n     data-ad-client=\"ca-pub-8585364105181520\"\r\n     data-ad-slot=\"8789329856\"\r\n     data-ad-format=\"auto\"\r\n     data-full-width-responsive=\"true\"><\/ins>\r\n<script>\r\n     (adsbygoogle = window.adsbygoogle || []).push({});\r\n<\/script>\n<\/div>\n<h2>O Encontro com a Diversidade na Inf\u00e2ncia<\/h2>\n<p>No espet\u00e1culo intitulado &#8220;Quando Anoitece&#8221;, observa-se uma abordagem sens\u00edvel sobre a diversidade, enfatizando a import\u00e2ncia do respeito e da aceita\u00e7\u00e3o das diferen\u00e7as desde a inf\u00e2ncia. As crian\u00e7as, ao se depararem com narrativas que refletem a pluralidade de formas de ser e de viver, s\u00e3o incentivadas a aceitar a riqueza das experi\u00eancias alheias, promovendo um ambiente de empatia e compreens\u00e3o.<\/p>\n<p>Atrav\u00e9s das viv\u00eancias da personagem principal, Mel\u00e2nia, a montagem promove di\u00e1logos relevantes, que v\u00e3o al\u00e9m do entretenimento. Ela lida com quest\u00f5es que afetam profundamente a forma\u00e7\u00e3o da identidade das crian\u00e7as, tornando-se uma ferramenta educacional poderosa, que ajuda os pequenos a se entenderem como parte de um todo mais abrangente.<\/p>\n<h2>A Import\u00e2ncia da Cultura Negra no Teatro<\/h2>\n<p>&#8220;Quando Anoitece&#8221; n\u00e3o apenas apresenta uma narrativa envolvente, mas tamb\u00e9m dedica sua ess\u00eancia \u00e0 celebra\u00e7\u00e3o da cultura negra. O respeito pelas ra\u00edzes culturais representa uma linha mestra da narrativa, instigando reflex\u00f5es sobre ancestralidade e identidade. Ao integrar elementos da cultura afro-brasileira, o espet\u00e1culo enriquece a forma\u00e7\u00e3o cultural das crian\u00e7as, estabelecendo um espa\u00e7o onde a heran\u00e7a negra \u00e9 celebrada e valorizada.<\/p>\n<p><img decoding=\"async\" src=\"https:\/\/www.encontrabomretiro.com.br\/sobre\/wp-content\/uploads\/2026\/03\/espetaculo-infantojuvenil-valoriza-a-cultura-negra-com-historia-ludica-nos-palcos-do-sesc-bom-retiro.webp\" alt=\"espet\u00e1culo infantojuvenil\" loading=\"lazy\" \/><\/p>\n<p>O espet\u00e1culo se torna, assim, um ve\u00edculo essencial para a dissemina\u00e7\u00e3o e valoriza\u00e7\u00e3o das tradi\u00e7\u00f5es e express\u00f5es culturais negras, contra a marginaliza\u00e7\u00e3o que frequentemente ocorre em outras esferas da sociedade.<\/p>\n<h2>Mel\u00e2nia e Suas Descobertas: Uma Jornada de Identidade<\/h2>\n<p>A personagem Mel\u00e2nia se encontra em uma jornada de autodescoberta, onde come\u00e7a a questionar sua pr\u00f3pria identidade. Este processo de reflex\u00e3o \u00e9 crucial, pois muitas crian\u00e7as, em determinadas fases do desenvolvimento, come\u00e7am a buscar entender quem s\u00e3o e a que pertencem. O encontro de Mel\u00e2nia com Pedacinho do C\u00e9u expressa essa busca por acolhimento e compreens\u00e3o.<\/p>\n<p>Atrav\u00e9s das aventuras que vive, Mel\u00e2nia vivencia experi\u00eancias que a ajudam a ressignificar suas inseguran\u00e7as e a celebrar sua identidade. Essa representa\u00e7\u00e3o \u00e9 vital, pois fornece \u00e0s crian\u00e7as uma representa\u00e7\u00e3o positiva de seus pr\u00f3prios desafios identit\u00e1rios, incentivando-as a abra\u00e7ar quem s\u00e3o com coragem e orgulho.<\/p>\n<h2>Entendendo o Pertencimento Atrav\u00e9s da Arte<\/h2>\n<p>A no\u00e7\u00e3o de pertencimento \u00e9 um tema central na narrativa do espet\u00e1culo. Com Mel\u00e2nia, os jovens espectadores t\u00eam a oportunidade de refletir sobre o que significa se encaixar em um grupo e a import\u00e2ncia de ser aceito pelos outros. Estas tem\u00e1ticas permitem que as crian\u00e7as se conectem a sentimentos universais, promovendo um espa\u00e7o seguro onde podem explorar suas pr\u00f3prias emo\u00e7\u00f5es e experi\u00eancias.<\/p>\n<p>Al\u00e9m disso, o espet\u00e1culo se prop\u00f5e a mostrar que pertencimento n\u00e3o \u00e9 exclusivo, mas sim multifacetado, espalhando a mensagem de que a aceita\u00e7\u00e3o deve ser um valor central em todas as rela\u00e7\u00f5es sociais.<\/p>\n<h2>O Papel do Teatro no Desenvolvimento Infantil<\/h2>\n<p>O teatro exerce uma influ\u00eancia significativa no desenvolvimento infantil. Compreender e experienciar uma hist\u00f3ria no palco estimula a empatia, a criatividade e a capacidade de resolu\u00e7\u00e3o de problemas. Atrav\u00e9s da hist\u00f3ria de Mel\u00e2nia, as crian\u00e7as s\u00e3o desafiadas a pensar criticamente sobre suas pr\u00f3prias intera\u00e7\u00f5es sociais e a representar seus sentimentos.<\/p>\n<p>As experi\u00eancias teatrais tamb\u00e9m ajudam no desenvolvimento da linguagem e das habilidades de comunica\u00e7\u00e3o. Ao se identificar com a personagem, as crian\u00e7as podem explorar sentimentos e pensamentos que muitas vezes n\u00e3o conseguem expressar em palavras, sendo o teatro um espa\u00e7o seguro para tal.<\/p>\n<h2>A Encena\u00e7\u00e3o e Seus Cen\u00e1rios Simb\u00f3licos<\/h2>\n<p>A montagem de &#8220;Quando Anoitece&#8221; utiliza cen\u00e1rios que ajudam a contar a hist\u00f3ria de maneira eficaz, com transi\u00e7\u00f5es do quintal para o quarto de Mel\u00e2nia, refletindo o espa\u00e7o interno da personagem e suas emo\u00e7\u00f5es. Esse aspecto visual \u00e9 essencial, pois estimula a imagina\u00e7\u00e3o das crian\u00e7as e as convida a se envolverem ativamente com a narrativa.<\/p>\n<p>Os cen\u00e1rios, ao serem projetados como espa\u00e7os que alternam entre a familiaridade do lar e o desconhecido, simbolizam a jornada de Mel\u00e2nia na busca por sua identidade, criando uma conex\u00e3o visual que refor\u00e7a os temas centrais da hist\u00f3ria.<\/p>\n<h2>Reflex\u00f5es Sobre Racismo e Autoestima<\/h2>\n<p>Atrav\u00e9s das experi\u00eancias de Mel\u00e2nia e Pedacinho do C\u00e9u, a montagem introduz discuss\u00f5es delicadas sobre racismo e autoestima, abordando como esses temas impactam a autopercep\u00e7\u00e3o das crian\u00e7as. \u00c9 importante que essas quest\u00f5es sejam apresentadas de forma acess\u00edvel, pois os jovens espectadores precisam entender que suas identidades s\u00e3o aceitas e apreciadas.<\/p>\n<p>Os di\u00e1logos e situa\u00e7\u00f5es representam com justi\u00e7a as experi\u00eancias de discrimina\u00e7\u00e3o que muitas crian\u00e7as enfrentam, enquanto tamb\u00e9m fornecem modelos de enfrentamento e resili\u00eancia. \u00c9 uma maneira poderosa de abordar uma educa\u00e7\u00e3o antirracista desde a inf\u00e2ncia, garantindo que as futuras gera\u00e7\u00f5es cres\u00e7am com uma vis\u00e3o diversa e inclusiva do mundo.<\/p>\n<h2>Acessibilidade em Espet\u00e1culos Infantis<\/h2>\n<p>&#8220;Quando Anoitece&#8221; se compromete a ser acess\u00edvel a todos os p\u00fablicos, promovendo apresenta\u00e7\u00f5es com audiodescri\u00e7\u00e3o. Essa iniciativa \u00e9 crucial, uma vez que facilita o acesso \u00e0 cultura para todos os indiv\u00edduos, incluindo aqueles com defici\u00eancias auditivas ou visuais. A acessibilidade deve ser uma prioridade em qualquer espa\u00e7o cultural, pois garante que todas as crian\u00e7as possam desfrutar e se beneficiar das experi\u00eancias teatrais.<\/p>\n<p>As medidas de acessibilidade s\u00e3o um passo fundamental em dire\u00e7\u00e3o a um teatro mais inclusivo, onde todos possam se sentir representados e valorizados.<\/p>\n<h2>Programa\u00e7\u00e3o Especial: Sess\u00f5es Extras e Gratuitas<\/h2>\n<p>Al\u00e9m das apresenta\u00e7\u00f5es regulares, o espet\u00e1culo oferece sess\u00f5es extras gratuitas, promovendo uma experi\u00eancia cultural acess\u00edvel a um p\u00fablico mais amplo. Estas iniciativas s\u00e3o vitais para incentivar a participa\u00e7\u00e3o da comunidade e garantir que crian\u00e7as de diferentes origens tenham a oportunidade de vivenciar a magia do teatro.<\/p>\n<p>A presen\u00e7a de apresenta\u00e7\u00f5es gratuitas contribui para a democratiza\u00e7\u00e3o do acesso \u00e0 cultura, permitindo que mais fam\u00edlias possam desfrutar de atividades enriquecedoras sem a barreira financeira.<\/p>\n<h2>Como o Teatro Pode Transformar Vidas<\/h2>\n<p>O impacto do teatro na vida das crian\u00e7as \u00e9 ineg\u00e1vel. Experi\u00eancias teatrais podem ser uma fonte de inspira\u00e7\u00e3o e mudan\u00e7a, fornecendo espa\u00e7o para que elas explorem suas emo\u00e7\u00f5es e identidades. Atrav\u00e9s de narrativas como a de Mel\u00e2nia, que busca entender sua voz e suas ra\u00edzes, o p\u00fablico jovem \u00e9 incentivado a refletir sobre suas pr\u00f3prias hist\u00f3rias e a encontrar for\u00e7a em suas diferencia\u00e7\u00f5es.<\/p>\n<p>O teatro, portanto, n\u00e3o \u00e9 apenas uma forma de entretenimento, mas um mecanismo transformador que molda o pensamento cr\u00edtico e promove a inclus\u00e3o, empoderando crian\u00e7as a se expressarem e aceitarem suas identidades \u00fanicas.<\/p>\n\n<div style=\"font-size: 0px; height: 0px; line-height: 0px; margin: 0; padding: 0; clear: both;\"><\/div>","protected":false},"excerpt":{"rendered":"<p>Espet\u00e1culo infantojuvenil aborda cultura negra e pertencimento em suas apresenta\u00e7\u00f5es.<\/p>\n","protected":false},"author":1,"featured_media":2499,"comment_status":"open","ping_status":"closed","sticky":false,"template":"","format":"standard","meta":{"footnotes":""},"categories":[6],"tags":[],"class_list":["post-2500","post","type-post","status-publish","format-standard","has-post-thumbnail","hentry","category-noticias-no-bom-retiro","has_thumb"],"aioseo_notices":[],"_links":{"self":[{"href":"https:\/\/www.encontrabomretiro.com.br\/sobre\/wp-json\/wp\/v2\/posts\/2500","targetHints":{"allow":["GET"]}}],"collection":[{"href":"https:\/\/www.encontrabomretiro.com.br\/sobre\/wp-json\/wp\/v2\/posts"}],"about":[{"href":"https:\/\/www.encontrabomretiro.com.br\/sobre\/wp-json\/wp\/v2\/types\/post"}],"author":[{"embeddable":true,"href":"https:\/\/www.encontrabomretiro.com.br\/sobre\/wp-json\/wp\/v2\/users\/1"}],"replies":[{"embeddable":true,"href":"https:\/\/www.encontrabomretiro.com.br\/sobre\/wp-json\/wp\/v2\/comments?post=2500"}],"version-history":[{"count":0,"href":"https:\/\/www.encontrabomretiro.com.br\/sobre\/wp-json\/wp\/v2\/posts\/2500\/revisions"}],"wp:featuredmedia":[{"embeddable":true,"href":"https:\/\/www.encontrabomretiro.com.br\/sobre\/wp-json\/wp\/v2\/media\/2499"}],"wp:attachment":[{"href":"https:\/\/www.encontrabomretiro.com.br\/sobre\/wp-json\/wp\/v2\/media?parent=2500"}],"wp:term":[{"taxonomy":"category","embeddable":true,"href":"https:\/\/www.encontrabomretiro.com.br\/sobre\/wp-json\/wp\/v2\/categories?post=2500"},{"taxonomy":"post_tag","embeddable":true,"href":"https:\/\/www.encontrabomretiro.com.br\/sobre\/wp-json\/wp\/v2\/tags?post=2500"}],"curies":[{"name":"wp","href":"https:\/\/api.w.org\/{rel}","templated":true}]}}