{"id":2496,"date":"2026-03-02T10:00:12","date_gmt":"2026-03-02T12:00:12","guid":{"rendered":"https:\/\/www.encontrabomretiro.com.br\/sobre\/cultsp-pro-oferece-programacao-gratuita-em-fevereiro-no-complexo-cultural-oswald-de-andrade\/"},"modified":"2026-03-02T10:00:12","modified_gmt":"2026-03-02T12:00:12","slug":"cultsp-pro-oferece-programacao-gratuita-em-fevereiro-no-complexo-cultural-oswald-de-andrade","status":"publish","type":"post","link":"https:\/\/www.encontrabomretiro.com.br\/sobre\/cultsp-pro-oferece-programacao-gratuita-em-fevereiro-no-complexo-cultural-oswald-de-andrade\/","title":{"rendered":"CULTSP PRO oferece programa\u00e7\u00e3o gratuita em fevereiro no Complexo Cultural Oswald de Andrade"},"content":{"rendered":"<div class=\"228b65ae207de3c5c501cfe75875708b\" data-index=\"1\" style=\"float: none; margin:0px;\">\n<!-- Anuncio display - global -->\r\n<ins class=\"adsbygoogle\"\r\n     style=\"display:block\"\r\n     data-ad-client=\"ca-pub-8585364105181520\"\r\n     data-ad-slot=\"8789329856\"\r\n     data-ad-format=\"auto\"\r\n     data-full-width-responsive=\"true\"><\/ins>\r\n<script>\r\n     (adsbygoogle = window.adsbygoogle || []).push({});\r\n<\/script>\n<\/div>\n<h2>Programa\u00e7\u00e3o Gratuita do CULTSP PRO no Complexo Cultural Oswald de Andrade<\/h2>\n<p>O <strong>CULTSP PRO<\/strong>, um programa promovido pela <strong>Secretaria da Cultura, Economia e Ind\u00fastria Criativas do Estado de S\u00e3o Paulo<\/strong>, oferece uma variedade de atividades gratuitas no <strong>Complexo Cultural Oswald de Andrade<\/strong>, localizado no bairro do <strong>Bom Retiro<\/strong>, regi\u00e3o central de S\u00e3o Paulo. Durante o m\u00eas de fevereiro, o programa incluir\u00e1 exposi\u00e7\u00f5es, encontros liter\u00e1rios e atividades interativas direcionadas a diferentes p\u00fablicos.<\/p>\n<h2>Exposi\u00e7\u00e3o da Mostra de Cartazes do Pr\u00eamio Design<\/h2>\n<p>A <strong>Mostra de Cartazes do 36\u00ba Pr\u00eamio Design<\/strong> do Museu da Casa Brasileira estar\u00e1 em exibi\u00e7\u00e3o na sala de exposi\u00e7\u00f5es do Complexo. Esta cole\u00e7\u00e3o destaca trabalhos de <strong>18 estados brasileiros<\/strong>, selecionando <strong>37 cartazes<\/strong> que foram cuidadosamente escolhidos pela comiss\u00e3o julgadora. O tema deste ano, <em>\u201cO morar no Brasil hoje\u201d<\/em>, visa explorar as diversidades e complexidades das habita\u00e7\u00f5es brasileiras, refletindo tanto as desigualdades sociais quanto as riquezas culturais que permeiam a sociedade.<\/p>\n<h2>Clube de Leitura &#8211; Prosa &#038; Poesia<\/h2>\n<p>O <strong>Clube de Leitura<\/strong> \u00e9 um espa\u00e7o dedicado ao debate e \u00e0 reflex\u00e3o sobre literatura, com encontros mensais que acontecer\u00e3o no \u00faltimo s\u00e1bado de cada m\u00eas. Neste m\u00eas de fevereiro, a primeira edi\u00e7\u00e3o ocorrer\u00e1 no dia <strong>28<\/strong>, das 13h \u00e0s 16h. Facilitores conhecidos conduzir\u00e3o as discuss\u00f5es, que envolvem obras selecionadas de prosa e poesia, promovendo um espa\u00e7o acess\u00edvel e acolhedor para todos os amantes da literatura.<\/p>\n<p><img decoding=\"async\" src=\"https:\/\/www.encontrabomretiro.com.br\/sobre\/wp-content\/uploads\/2026\/03\/cultsp-pro-oferece-programacao-gratuita-em-fevereiro-no-complexo-cultural-oswald-de-andrade.webp\" alt=\"CULTSP PRO\" loading=\"lazy\" \/><\/p>\n<ul>\n<li>A primeira parte do encontro ser\u00e1 dedicada \u00e0 prosa, com a media\u00e7\u00e3o do escritor <strong>Michael Baleeiro<\/strong>, que analisar\u00e1 a obra <em>Batida s\u00f3<\/em> de <strong>Giovana Madalosso<\/strong>.<\/li>\n<li>Na sequ\u00eancia, haver\u00e1 a parte dedicada \u00e0 poesia, conduzida por <strong>Cec\u00edlia Lara<\/strong> e <strong>Bernardo Ceccantini<\/strong>, que discutir\u00e1 <em>A Teus P\u00e9s<\/em>, de <strong>Ana Cristina Cesar<\/strong>.<\/li>\n<\/ul>\n<h2>Encontros do Dedinho de Prosa<\/h2>\n<p>Os <strong>encontros de Dedinho de Prosa<\/strong> retornam todas as quartas-feiras, come\u00e7ando no dia <strong>4<\/strong> de fevereiro, \u00e0s 14h30. Este projeto \u00e9 conduzido por profissionais de sa\u00fade, como psic\u00f3logos e nutricionistas, que promovem rodas de conversa sobre temas que afetam a comunidade em geral, especialmente o p\u00fablico da terceira idade. Al\u00e9m de discuss\u00f5es, o Dedinho de Prosa envolve atividades manuais e jogos, oferecendo uma experi\u00eancia enriquecedora e inclusiva.<\/p>\n<h2>O Morar no Brasil Hoje<\/h2>\n<p>A exposi\u00e7\u00e3o aborda o conceito de habita\u00e7\u00e3o no Brasil contempor\u00e2neo de forma cr\u00edtica, convidando o p\u00fablico a refletir sobre as diversas formas de viver que comp\u00f5em a realidade brasileira. O cartaz vencedor deste ano foi elaborado por <strong>Sofia de Carvalho Costa e Lima<\/strong>, da Bahia, e atende ao chamamento para que a discuss\u00e3o sobre moradia inclua aspectos sociais, culturais e as particularidades de cada regi\u00e3o do pa\u00eds.<\/p>\n<h2>A Prosa e a Poesia em Debate<\/h2>\n<p>As atividades do Clube de Leitura se prop\u00f5em a desmistificar a literatura, apresentando-a como um espa\u00e7o de troca e di\u00e1logo entre leitores e autores. As obras escolhidas abordam temas universais e cotidianos, permitindo que os participantes se identifiquem e compartilhem suas experi\u00eancias pessoais em rela\u00e7\u00e3o aos textos discutidos.<\/p>\n<h2>Import\u00e2ncia da Cultura na Educa\u00e7\u00e3o<\/h2>\n<p>Atrav\u00e9s do CULTSP PRO, as atividades culturais s\u00e3o consideradas essenciais para o desenvolvimento educacional e social. Elas incentivam n\u00e3o apenas o aprendizado, mas tamb\u00e9m a criatividade e a reflex\u00e3o cr\u00edtica, essenciais no ambiente educacional. A participa\u00e7\u00e3o em atividades culturais contribui para formar cidad\u00e3os mais conscientes e engajados.<\/p>\n<h2>Programas Gratuitos para a Comunidade<\/h2>\n<p>O CULTSP PRO n\u00e3o apenas oferece acesso \u00e0 cultura, mas tamb\u00e9m programas que buscam atender \u00e0s diversas necessidades da popula\u00e7\u00e3o. Atrav\u00e9s de cursos e oficinas, o programa capacita indiv\u00edduos nas \u00e1reas de artes, m\u00fasica e literatura, promovendo a inclus\u00e3o e a diversidade cultural.<\/p>\n<h2>Forma\u00e7\u00e3o em Artes e Cultura Criativa<\/h2>\n<p>O CULTSP PRO se destaca por oferecer uma forma\u00e7\u00e3o abrangente em diversas \u00e1reas, como artes c\u00eanicas, produ\u00e7\u00e3o musical, design e muito mais. Ao longo de suas diversas escolas tem\u00e1ticas, o programa busca ampliar o conhecimento e as habilidades dos participantes, preparando-os para o mercado cultural e criativo. \u00c9 um investimento no potencial humano que pode impactar positivamente na sociedade.<\/p>\n<h2>Atividades para Todas as Idades<\/h2>\n<p>As atividades programadas pelo CULTSP PRO s\u00e3o desenvolvidas para atender um p\u00fablico diverso, incluindo crian\u00e7as, jovens e idosos. O objetivo \u00e9 criar um espa\u00e7o onde todos possam se sentir bem-vindos e valorizados, promovendo um interc\u00e2mbio cultural rico. Nesse ambiente, as pessoas podem conectar-se umas com as outras e com a cultura de maneira significativa.<\/p>\n<h2>Como Participar das Atividades do CULTSP PRO<\/h2>\n<p>Para participar das diversas atividades oferecidas, basta comparecer ao Complexo Cultural Oswald de Andrade durante as programa\u00e7\u00f5es. N\u00e3o h\u00e1 necessidade de inscri\u00e7\u00e3o pr\u00e9via para a maioria das atividades, o que facilita o acesso e garante uma participa\u00e7\u00e3o inclusiva. Fique atento \u00e0 nossa agenda de eventos para aproveitar ao m\u00e1ximo tudo o que o CULTSP PRO tem a oferecer.<\/p>\n\n<div style=\"font-size: 0px; height: 0px; line-height: 0px; margin: 0; padding: 0; clear: both;\"><\/div>","protected":false},"excerpt":{"rendered":"<p>CULTSP PRO traz diversas atividades culturais gratuitas em fevereiro.<\/p>\n","protected":false},"author":1,"featured_media":2495,"comment_status":"open","ping_status":"closed","sticky":false,"template":"","format":"standard","meta":{"footnotes":""},"categories":[6],"tags":[],"class_list":["post-2496","post","type-post","status-publish","format-standard","has-post-thumbnail","hentry","category-noticias-no-bom-retiro","has_thumb"],"aioseo_notices":[],"_links":{"self":[{"href":"https:\/\/www.encontrabomretiro.com.br\/sobre\/wp-json\/wp\/v2\/posts\/2496","targetHints":{"allow":["GET"]}}],"collection":[{"href":"https:\/\/www.encontrabomretiro.com.br\/sobre\/wp-json\/wp\/v2\/posts"}],"about":[{"href":"https:\/\/www.encontrabomretiro.com.br\/sobre\/wp-json\/wp\/v2\/types\/post"}],"author":[{"embeddable":true,"href":"https:\/\/www.encontrabomretiro.com.br\/sobre\/wp-json\/wp\/v2\/users\/1"}],"replies":[{"embeddable":true,"href":"https:\/\/www.encontrabomretiro.com.br\/sobre\/wp-json\/wp\/v2\/comments?post=2496"}],"version-history":[{"count":0,"href":"https:\/\/www.encontrabomretiro.com.br\/sobre\/wp-json\/wp\/v2\/posts\/2496\/revisions"}],"wp:featuredmedia":[{"embeddable":true,"href":"https:\/\/www.encontrabomretiro.com.br\/sobre\/wp-json\/wp\/v2\/media\/2495"}],"wp:attachment":[{"href":"https:\/\/www.encontrabomretiro.com.br\/sobre\/wp-json\/wp\/v2\/media?parent=2496"}],"wp:term":[{"taxonomy":"category","embeddable":true,"href":"https:\/\/www.encontrabomretiro.com.br\/sobre\/wp-json\/wp\/v2\/categories?post=2496"},{"taxonomy":"post_tag","embeddable":true,"href":"https:\/\/www.encontrabomretiro.com.br\/sobre\/wp-json\/wp\/v2\/tags?post=2496"}],"curies":[{"name":"wp","href":"https:\/\/api.w.org\/{rel}","templated":true}]}}