{"id":2492,"date":"2026-03-02T09:54:34","date_gmt":"2026-03-02T11:54:34","guid":{"rendered":"https:\/\/www.encontrabomretiro.com.br\/sobre\/o-centro-que-me-habita\/"},"modified":"2026-03-02T09:54:34","modified_gmt":"2026-03-02T11:54:34","slug":"o-centro-que-me-habita","status":"publish","type":"post","link":"https:\/\/www.encontrabomretiro.com.br\/sobre\/o-centro-que-me-habita\/","title":{"rendered":"O centro que me habita"},"content":{"rendered":"<div class=\"228b65ae207de3c5c501cfe75875708b\" data-index=\"1\" style=\"float: none; margin:0px;\">\n<!-- Anuncio display - global -->\r\n<ins class=\"adsbygoogle\"\r\n     style=\"display:block\"\r\n     data-ad-client=\"ca-pub-8585364105181520\"\r\n     data-ad-slot=\"8789329856\"\r\n     data-ad-format=\"auto\"\r\n     data-full-width-responsive=\"true\"><\/ins>\r\n<script>\r\n     (adsbygoogle = window.adsbygoogle || []).push({});\r\n<\/script>\n<\/div>\n<h2>A Hist\u00f3ria do Bom Retiro e Campos El\u00edseos<\/h2>\n<p>O Bom Retiro e Campos El\u00edseos s\u00e3o bairros centrais na cidade de S\u00e3o Paulo, que possuem uma rica hist\u00f3ria marcada por transforma\u00e7\u00f5es sociais e urbanas significativas ao longo dos anos. Esses locais testemunharam o desenvolvimento da metr\u00f3pole e foram o lar de diversas comunidades que contribu\u00edram para a forma\u00e7\u00e3o cultural da cidade. Desde suas origens como zonas de desenvolvimento industrial at\u00e9 se tornarem centros de migra\u00e7\u00f5es e habita\u00e7\u00e3o, a trajet\u00f3ria desses bairros \u00e9 marcada por fluxos de pessoas que buscaram novas oportunidades e viv\u00eancias.<\/p>\n<h2>Explorando Narrativas Culturais<\/h2>\n<p>O projeto &#8220;O Centro que Me Habita&#8221; se prop\u00f5e a investigar as hist\u00f3rias que permeiam o Bom Retiro e Campos El\u00edseos. Atrav\u00e9s de diferentes express\u00f5es art\u00edsticas como literatura, cinema e arquitetura, as narrativas culturais s\u00e3o exploradas em busca de entender como estas influenciam e refletem a vida dos jovens residentes nos bairros. As hist\u00f3rias, muitas vezes esquecidas, v\u00eam \u00e0 tona, permitindo uma nova aprecia\u00e7\u00e3o do passado e de suas repercuss\u00f5es nas experi\u00eancias contempor\u00e2neas.<\/p>\n<h2>Mem\u00f3rias Afetivas na Cidade<\/h2>\n<p>As mem\u00f3rias afetivas desempenham um papel fundamental na constru\u00e7\u00e3o da identidade dos indiv\u00edduos e coletivos que habitam o Bom Retiro e Campos El\u00edseos. Por meio de conversas, entrevistas e oficinas, os jovens se conectam a essas lembran\u00e7as, que s\u00e3o ancoradas em locais e eventos que marcam suas vidas. Essa ressignifica\u00e7\u00e3o do espa\u00e7o urbano promove um sentido de pertencimento e uma compreens\u00e3o mais profunda da diversidade presente na forma\u00e7\u00e3o dos bairros.<\/p>\n<p><img decoding=\"async\" src=\"https:\/\/www.encontrabomretiro.com.br\/sobre\/wp-content\/uploads\/2026\/03\/o-centro-que-me-habita.webp\" alt=\"centro que me habita\" loading=\"lazy\" \/><\/p>\n<h2>Processos Migrat\u00f3rios e Suas Influ\u00eancias<\/h2>\n<p>Ambos os bairros t\u00eam um forte hist\u00f3rico de imigra\u00e7\u00e3o, com diversos grupos \u00e9tnicos se estabelecendo na regi\u00e3o. Esses processos migrat\u00f3rios moldaram a configura\u00e7\u00e3o social, econ\u00f4mica e cultural do lugar. O projeto busca mapear como essas influ\u00eancias afetam a din\u00e2mica atual dos bairros e contribuem para a multiculturalidade que caracteriza a cidade de S\u00e3o Paulo. As hist\u00f3rias de imigra\u00e7\u00e3o s\u00e3o uma forma poderosa de entender a evolu\u00e7\u00e3o das comunidades e suas lutas, aportes e conquistas.<\/p>\n<h2>A Import\u00e2ncia da Hist\u00f3ria Urbana<\/h2>\n<p>Compreender a hist\u00f3ria urbana de bairros como o Bom Retiro e Campos El\u00edseos \u00e9 crucial para abordar as quest\u00f5es sociais presentes na atualidade. A pesquisa hist\u00f3rica e suas implica\u00e7\u00f5es ajudam a tra\u00e7ar paralelos entre o passado e o presente, proporcionando aos jovens ferramentas para analisar e criticar a realidade em que vivem. Este entendimento \u00e9 vital para engajamento cidad\u00e3 e para a transforma\u00e7\u00e3o social, permitindo que jovens se tornem agentes ativos em suas comunidades.<\/p>\n<h2>Transforma\u00e7\u00f5es Sociais em S\u00e3o Paulo<\/h2>\n<p>As transforma\u00e7\u00f5es sociais em S\u00e3o Paulo s\u00e3o evidentes nas mudan\u00e7as que ocorreram nos bairros ao longo das d\u00e9cadas. Desde a urbaniza\u00e7\u00e3o acelerada at\u00e9 inquieta\u00e7\u00f5es sociais, como a luta por moradia e direitos fundamentais, cada uma dessas mudan\u00e7as reflete a din\u00e2mica de uma metr\u00f3pole em constante evolu\u00e7\u00e3o. O projeto incentiva a discuss\u00e3o sobre essas quest\u00f5es, preparando os jovens para se tornarem protagonistas nas pautas que afetam suas vidas e suas comunidades.<\/p>\n<h2>O Papel do Sesc na Forma\u00e7\u00e3o Cultural<\/h2>\n<p>O Sesc desempenha um papel essencial na forma\u00e7\u00e3o cultural da popula\u00e7\u00e3o, oferecendo espa\u00e7os de aprendizado e di\u00e1logo. A iniciativa &#8220;O Centro que Me Habita&#8221; \u00e9 um exemplo claro de como o Sesc atua como um facilitador de experi\u00eancias que promovem a forma\u00e7\u00e3o de conhecimento e a valoriza\u00e7\u00e3o das identidades locais. Atrav\u00e9s de cursos e atividades pr\u00e1ticas, jovens se envolvem na cria\u00e7\u00e3o de projetos audiovisuais que reafirmam suas hist\u00f3rias e experi\u00eancias.<\/p>\n<h2>Atividades e Cursos para Jovens<\/h2>\n<p>Durante o projeto, diversas atividades ser\u00e3o oferecidas, que v\u00e3o desde oficinas de cinema at\u00e9 discuss\u00f5es em grupo sobre a hist\u00f3ria do Bom Retiro e Campos El\u00edseos. Essas experi\u00eancias s\u00e3o desenhadas para serem inclusivas e acess\u00edveis, permitindo que todos os jovens possam participar e desenvolver suas habilidades criativas. Al\u00e9m disso, o projeto culminar\u00e1 em uma forma\u00e7\u00e3o em audiovisual com o coletivo ONIL\u00c8, ampliando a capacidade de express\u00e3o dos jovens participantes.<\/p>\n<h2>Como Participar do Projeto<\/h2>\n<p>Os interessados em participar do projeto podem se inscrever entre 24 de fevereiro e 5 de mar\u00e7o, atrav\u00e9s do site ou do aplicativo Credencial Sesc SP. \u00c9 uma oportunidade valiosa para os jovens se conectarem com suas ra\u00edzes e se engajarem ativamente na transforma\u00e7\u00e3o de suas realidades. As atividades est\u00e3o programadas para acontecer de 5 de mar\u00e7o a 30 de abril, sempre \u00e0s quintas-feiras, das 18h \u00e0s 20h.<\/p>\n<h2>A Relev\u00e2ncia de Preservar Hist\u00f3rias Locais<\/h2>\n<p>Preservar e compartilhar hist\u00f3rias locais \u00e9 fundamental para a constru\u00e7\u00e3o de um futuro mais justo e igualit\u00e1rio. O projeto &#8220;O Centro que Me Habita&#8221; n\u00e3o apenas valoriza as narrativas individuais e coletivas dos jovens, mas tamb\u00e9m assegura que essas hist\u00f3rias fa\u00e7am parte da mem\u00f3ria cultural de S\u00e3o Paulo. Em um mundo onde muitas narrativas s\u00e3o silenciadas, iniciativas como esta s\u00e3o cruciais para garantir que o passado e o presente se entrelacem, formando uma base s\u00f3lida para um futuro mais inclusivo.<\/p>\n\n<div style=\"font-size: 0px; height: 0px; line-height: 0px; margin: 0; padding: 0; clear: both;\"><\/div>","protected":false},"excerpt":{"rendered":"<p>O centro que me habita revela a rica hist\u00f3ria do Bom Retiro e Campos El\u00edseos.<\/p>\n","protected":false},"author":1,"featured_media":2491,"comment_status":"open","ping_status":"closed","sticky":false,"template":"","format":"standard","meta":{"footnotes":""},"categories":[6],"tags":[],"class_list":["post-2492","post","type-post","status-publish","format-standard","has-post-thumbnail","hentry","category-noticias-no-bom-retiro","has_thumb"],"aioseo_notices":[],"_links":{"self":[{"href":"https:\/\/www.encontrabomretiro.com.br\/sobre\/wp-json\/wp\/v2\/posts\/2492","targetHints":{"allow":["GET"]}}],"collection":[{"href":"https:\/\/www.encontrabomretiro.com.br\/sobre\/wp-json\/wp\/v2\/posts"}],"about":[{"href":"https:\/\/www.encontrabomretiro.com.br\/sobre\/wp-json\/wp\/v2\/types\/post"}],"author":[{"embeddable":true,"href":"https:\/\/www.encontrabomretiro.com.br\/sobre\/wp-json\/wp\/v2\/users\/1"}],"replies":[{"embeddable":true,"href":"https:\/\/www.encontrabomretiro.com.br\/sobre\/wp-json\/wp\/v2\/comments?post=2492"}],"version-history":[{"count":0,"href":"https:\/\/www.encontrabomretiro.com.br\/sobre\/wp-json\/wp\/v2\/posts\/2492\/revisions"}],"wp:featuredmedia":[{"embeddable":true,"href":"https:\/\/www.encontrabomretiro.com.br\/sobre\/wp-json\/wp\/v2\/media\/2491"}],"wp:attachment":[{"href":"https:\/\/www.encontrabomretiro.com.br\/sobre\/wp-json\/wp\/v2\/media?parent=2492"}],"wp:term":[{"taxonomy":"category","embeddable":true,"href":"https:\/\/www.encontrabomretiro.com.br\/sobre\/wp-json\/wp\/v2\/categories?post=2492"},{"taxonomy":"post_tag","embeddable":true,"href":"https:\/\/www.encontrabomretiro.com.br\/sobre\/wp-json\/wp\/v2\/tags?post=2492"}],"curies":[{"name":"wp","href":"https:\/\/api.w.org\/{rel}","templated":true}]}}