{"id":2482,"date":"2026-02-28T09:56:37","date_gmt":"2026-02-28T11:56:37","guid":{"rendered":"https:\/\/www.encontrabomretiro.com.br\/sobre\/roda-de-poemas-semba-de-griottes-com-pocket-show-de-iza-fonse\/"},"modified":"2026-02-28T09:56:37","modified_gmt":"2026-02-28T11:56:37","slug":"roda-de-poemas-semba-de-griottes-com-pocket-show-de-iza-fonse","status":"publish","type":"post","link":"https:\/\/www.encontrabomretiro.com.br\/sobre\/roda-de-poemas-semba-de-griottes-com-pocket-show-de-iza-fonse\/","title":{"rendered":"Roda de Poemas: Semba de Griottes com pocket show de Iza Fonse"},"content":{"rendered":"<div class=\"228b65ae207de3c5c501cfe75875708b\" data-index=\"1\" style=\"float: none; margin:0px;\">\n<!-- Anuncio display - global -->\r\n<ins class=\"adsbygoogle\"\r\n     style=\"display:block\"\r\n     data-ad-client=\"ca-pub-8585364105181520\"\r\n     data-ad-slot=\"8789329856\"\r\n     data-ad-format=\"auto\"\r\n     data-full-width-responsive=\"true\"><\/ins>\r\n<script>\r\n     (adsbygoogle = window.adsbygoogle || []).push({});\r\n<\/script>\n<\/div>\n<h2>O Encontro de Poesia e M\u00fasica<\/h2>\n<p>A <strong>Roda de Poemas: Semba de Griottes<\/strong> \u00e9 um evento que combina a arte da poesia com ritmos musicais, criando um espa\u00e7o de reflex\u00e3o e celebra\u00e7\u00e3o da cultura e identidade. Este encontro busca a express\u00e3o liter\u00e1ria e musical como uma forma de resist\u00eancia e inova\u00e7\u00e3o cultural. Em um ambiente acolhedor, o p\u00fablico \u00e9 convidado a se conectar n\u00e3o apenas com os m\u00fasicos e poetas, mas tamb\u00e9m entre si, promovendo um intercambio de emo\u00e7\u00f5es e saberes.<\/p>\n<h2>A Import\u00e2ncia da Ancestralidade<\/h2>\n<p>A ancestralidade tem um papel central nesta Roda de Poemas, trazendo \u00e0 tona a import\u00e2ncia das ra\u00edzes culturais e espirituais dos participantes. Cada verso e cada nota musical carregam a hist\u00f3ria de um povo que, atrav\u00e9s da arte, busca resgatar e honrar suas mem\u00f3rias e tradi\u00e7\u00f5es. Este evento torna-se um espa\u00e7o de valoriza\u00e7\u00e3o da heran\u00e7a africana e ind\u00edgena, evidenciando suas influ\u00eancias na cultura contempor\u00e2nea.<\/p>\n<h2>Rodas de Poemas: Hist\u00f3ria e Tradi\u00e7\u00e3o<\/h2>\n<p>As rodas de poemas t\u00eam suas origens em pr\u00e1ticas coletivas de declama\u00e7\u00e3o e artisticidade, que v\u00eam sendo preservadas e transformadas ao longo dos anos. Inspiradas nos encontros idealizados pelo <strong>Quilombhoje Literatura<\/strong> na d\u00e9cada de 1980, essas rodas permitem que as vozes negras e ind\u00edgenas sejam ouvidas e respeitadas, reafirmando sua relev\u00e2ncia e for\u00e7a na sociedade moderna. O ato de recitar poemas em grupo se transforma em uma celebra\u00e7\u00e3o de comunidade e pertencimento.<\/p>\n<p><img decoding=\"async\" src=\"https:\/\/www.encontrabomretiro.com.br\/sobre\/wp-content\/uploads\/2026\/02\/roda-de-poemas-semba-de-griottes-com-pocket-show-de-iza-fonse.webp\" alt=\"Roda de Poemas: Semba de Griottes\" loading=\"lazy\" \/><\/p>\n<h2>Iza Fonse: A Artista da Ancestralidade<\/h2>\n<p><strong>Iza Fonse<\/strong>, cantora, compositora e escritora, se destaca como uma das principais vozes que permeiam o evento. Sua m\u00fasica \u00e9 impregnada de rever\u00eancia \u00e0s tradi\u00e7\u00f5es africanas, utilizando toques que evocam espiritualidade e cultura. A participa\u00e7\u00e3o de Iza n\u00e3o \u00e9 apenas um show, mas uma introdu\u00e7\u00e3o \u00e0 experi\u00eancia coletiva que se desenvolver\u00e1 durante a Roda de Poemas, abrindo caminho para uma troca rica de conhecimento e sensa\u00e7\u00f5es.<\/p>\n<h2>Participa\u00e7\u00e3o Especial de Araju Ara Poty<\/h2>\n<p>A Roda de Poemas conta com a presen\u00e7a especial de <strong>Araju Ara Poty<\/strong>, uma instrumentista que traz um toque \u00fanico e essencial ao encontro. A contribui\u00e7\u00e3o dela n\u00e3o se limita simplesmente a tocar; ela se integra ao ambiente emocional e cultural, criando uma sintonia perfeita com os poetas e com o p\u00fablico. A uni\u00e3o das suas percuss\u00f5es profundas e o canto de Iza Fonse transforma o evento em uma experi\u00eancia multissensorial.<\/p>\n<h2>Celebrando a Oralidade e a Resist\u00eancia<\/h2>\n<p>A oralidade est\u00e1 no centro desta Roda de Poemas, destacando a capacidade de contar hist\u00f3rias e transmitir saberes de gera\u00e7\u00e3o em gera\u00e7\u00e3o. O encontro se torna, assim, um espa\u00e7o de resist\u00eancia cultural, onde as vozes que frequentemente permanecem em segundo plano reclamam seu lugar de destaque. Neste ambiente acolhedor, os participantes s\u00e3o incentivados a compartilhar suas experi\u00eancias e hist\u00f3rias, criando uma verdadeira tape\u00e7aria de narrativas pessoais e coletivas.<\/p>\n<h2>Poetas Negras e Ind\u00edgenas em Foco<\/h2>\n<p>A inclus\u00e3o de poetas negras e ind\u00edgenas neste evento \u00e9 crucial para ampliar a diversidade de vozes e experi\u00eancias. Convidadas como <strong>J\u00f4 Freitas<\/strong>, <strong>Jana\u00fa<\/strong>, <strong>Jamille Anahata<\/strong> e <strong>Jana\u00edna<\/strong> trazem suas perspectivas \u00fanicas e vis\u00f5es de mundo, que s\u00e3o celebradas durante a Roda. Cada uma delas se conecta com seu passado e com a hist\u00f3ria de seu povo, enriquecendo o di\u00e1logo com suas poesias, que ecoam quest\u00f5es de identidade, resist\u00eancia e busca por justi\u00e7a.<\/p>\n<h2>Ritmos e Mem\u00f3rias na Roda<\/h2>\n<p>Os ritmos apresentados durante a Roda de Poemas n\u00e3o s\u00e3o apenas sonoros, mas tamb\u00e9m s\u00e3o mem\u00f3rias vivas que nos conectam \u00e0s nossas tradi\u00e7\u00f5es. As batidas dos tambores e as melodias que flutuam pelo ar ajudam a criar uma atmosfera de uni\u00e3o e coletividade. O p\u00fablico se torna coautor dessa experi\u00eancia, onde a m\u00fasica e a poesia se entrela\u00e7am, refor\u00e7ando a ideia de que cada um tem uma contribui\u00e7\u00e3o valiosa a oferecer no espa\u00e7o coletivo.<\/p>\n<h2>O Pocket Show de Iza Fonse<\/h2>\n<p>O pocket show de <strong>Iza Fonse<\/strong> d\u00e1 in\u00edcio ao evento de forma vibrante, estabelecendo um tom de espiritualidade e celebra\u00e7\u00e3o. Com suas can\u00e7\u00f5es que reverberam as tradi\u00e7\u00f5es afro-brasileiras, Iza oferece uma performance emocionante que conecta os presentes com as suas emo\u00e7\u00f5es e heran\u00e7as. As instrumentistas, como <strong>Natasha Alves<\/strong> e <strong>Vanessa Cruz<\/strong>, que a acompanham, proporcionam uma sinergia impressionante que eleva a experi\u00eancia de todos ali presentes.<\/p>\n<h2>Uma Experi\u00eancia Coletiva de Encantamento<\/h2>\n<p>A <strong>Roda de Poemas: Semba de Griottes<\/strong> \u00e9 mais do que um evento; \u00e9 uma celebra\u00e7\u00e3o da vida, da cultura e do poder da palavra. O formato interativo acolhe a participa\u00e7\u00e3o do p\u00fablico, estimulando um di\u00e1logo enriquecedor entre as diferentes gera\u00e7\u00f5es e realidades. Ao final, cada participante se sente parte de uma comunidade maior, refor\u00e7ando o impacto duradouro da oralidade e da resist\u00eancia cultural.<\/p>\n\n<div style=\"font-size: 0px; height: 0px; line-height: 0px; margin: 0; padding: 0; clear: both;\"><\/div>","protected":false},"excerpt":{"rendered":"<p>A Roda de Poemas: Semba de Griottes apresenta uma experi\u00eancia \u00fanica de poesia e m\u00fasica.<\/p>\n","protected":false},"author":1,"featured_media":2481,"comment_status":"open","ping_status":"closed","sticky":false,"template":"","format":"standard","meta":{"footnotes":""},"categories":[6],"tags":[],"class_list":["post-2482","post","type-post","status-publish","format-standard","has-post-thumbnail","hentry","category-noticias-no-bom-retiro","has_thumb"],"aioseo_notices":[],"aioseo_head":"\n\t\t<!-- All in One SEO 5.0.0.1 - aioseo.com -->\n\t<meta name=\"description\" content=\"A Roda de Poemas: Semba de Griottes apresenta uma experi\u00eancia \u00fanica de poesia e m\u00fasica.\" \/>\n\t<meta name=\"robots\" content=\"max-image-preview:large\" \/>\n\t<meta name=\"author\" content=\"Encontra Bom Retiro\"\/>\n\t<link rel=\"canonical\" href=\"https:\/\/www.encontrabomretiro.com.br\/sobre\/roda-de-poemas-semba-de-griottes-com-pocket-show-de-iza-fonse\/\" \/>\n\t<meta name=\"generator\" content=\"All in One SEO (AIOSEO) 5.0.0.1\" \/>\n\t\t<meta property=\"og:locale\" content=\"pt_BR\" \/>\n\t\t<meta property=\"og:site_name\" content=\"Encontra Bom Retiro | Not\u00edcias, eventos, informa\u00e7\u00f5es e dicas no bairro do Bom Retiro e regi\u00e3o.\" \/>\n\t\t<meta property=\"og:type\" content=\"article\" \/>\n\t\t<meta property=\"og:title\" content=\"Roda de Poemas: Semba de Griottes com pocket show de Iza Fonse | Encontra Bom Retiro\" \/>\n\t\t<meta property=\"og:description\" content=\"A Roda de Poemas: Semba de Griottes apresenta uma experi\u00eancia \u00fanica de poesia e m\u00fasica.\" \/>\n\t\t<meta property=\"og:url\" content=\"https:\/\/www.encontrabomretiro.com.br\/sobre\/roda-de-poemas-semba-de-griottes-com-pocket-show-de-iza-fonse\/\" \/>\n\t\t<meta property=\"article:published_time\" content=\"2026-02-28T11:56:37+00:00\" \/>\n\t\t<meta property=\"article:modified_time\" content=\"2026-02-28T11:56:37+00:00\" \/>\n\t\t<meta name=\"twitter:card\" content=\"summary_large_image\" \/>\n\t\t<meta name=\"twitter:title\" content=\"Roda de Poemas: Semba de Griottes com pocket show de Iza Fonse | Encontra Bom Retiro\" \/>\n\t\t<meta name=\"twitter:description\" content=\"A Roda de Poemas: Semba de Griottes apresenta uma experi\u00eancia \u00fanica de poesia e m\u00fasica.\" \/>\n\t\t<script type=\"application\/ld+json\" class=\"aioseo-schema\">\n\t\t\t{\"@context\":\"https:\\\/\\\/schema.org\",\"@graph\":[{\"@type\":\"Article\",\"@id\":\"https:\\\/\\\/www.encontrabomretiro.com.br\\\/sobre\\\/roda-de-poemas-semba-de-griottes-com-pocket-show-de-iza-fonse\\\/#article\",\"name\":\"Roda de Poemas: Semba de Griottes com pocket show de Iza Fonse | Encontra Bom Retiro\",\"headline\":\"Roda de Poemas: Semba de Griottes com pocket show de Iza Fonse\",\"author\":{\"@id\":\"https:\\\/\\\/www.encontrabomretiro.com.br\\\/sobre\\\/author\\\/ebomretiro\\\/#author\"},\"publisher\":{\"@id\":\"https:\\\/\\\/www.encontrabomretiro.com.br\\\/sobre\\\/#organization\"},\"image\":{\"@type\":\"ImageObject\",\"url\":\"https:\\\/\\\/www.encontrabomretiro.com.br\\\/sobre\\\/wp-content\\\/uploads\\\/2026\\\/02\\\/roda-de-poemas-semba-de-griottes-com-pocket-show-de-iza-fonse.webp\",\"width\":280,\"height\":280,\"caption\":\"Roda de Poemas: Semba de Griottes\"},\"datePublished\":\"2026-02-28T09:56:37-02:00\",\"dateModified\":\"2026-02-28T09:56:37-02:00\",\"inLanguage\":\"pt-BR\",\"mainEntityOfPage\":{\"@id\":\"https:\\\/\\\/www.encontrabomretiro.com.br\\\/sobre\\\/roda-de-poemas-semba-de-griottes-com-pocket-show-de-iza-fonse\\\/#webpage\"},\"isPartOf\":{\"@id\":\"https:\\\/\\\/www.encontrabomretiro.com.br\\\/sobre\\\/roda-de-poemas-semba-de-griottes-com-pocket-show-de-iza-fonse\\\/#webpage\"},\"articleSection\":\"Not\\u00edcias Bom Retiro\"},{\"@type\":\"BreadcrumbList\",\"@id\":\"https:\\\/\\\/www.encontrabomretiro.com.br\\\/sobre\\\/roda-de-poemas-semba-de-griottes-com-pocket-show-de-iza-fonse\\\/#breadcrumblist\",\"itemListElement\":[{\"@type\":\"ListItem\",\"@id\":\"https:\\\/\\\/www.encontrabomretiro.com.br\\\/sobre#listItem\",\"position\":1,\"name\":\"Dom\\u00e9stica\",\"item\":\"https:\\\/\\\/www.encontrabomretiro.com.br\\\/sobre\",\"nextItem\":{\"@type\":\"ListItem\",\"@id\":\"https:\\\/\\\/www.encontrabomretiro.com.br\\\/sobre\\\/noticias-no-bom-retiro\\\/#listItem\",\"name\":\"Not\\u00edcias Bom Retiro\"}},{\"@type\":\"ListItem\",\"@id\":\"https:\\\/\\\/www.encontrabomretiro.com.br\\\/sobre\\\/noticias-no-bom-retiro\\\/#listItem\",\"position\":2,\"name\":\"Not\\u00edcias Bom Retiro\",\"item\":\"https:\\\/\\\/www.encontrabomretiro.com.br\\\/sobre\\\/noticias-no-bom-retiro\\\/\",\"nextItem\":{\"@type\":\"ListItem\",\"@id\":\"https:\\\/\\\/www.encontrabomretiro.com.br\\\/sobre\\\/roda-de-poemas-semba-de-griottes-com-pocket-show-de-iza-fonse\\\/#listItem\",\"name\":\"Roda de Poemas: Semba de Griottes com pocket show de Iza Fonse\"},\"previousItem\":{\"@type\":\"ListItem\",\"@id\":\"https:\\\/\\\/www.encontrabomretiro.com.br\\\/sobre#listItem\",\"name\":\"Dom\\u00e9stica\"}},{\"@type\":\"ListItem\",\"@id\":\"https:\\\/\\\/www.encontrabomretiro.com.br\\\/sobre\\\/roda-de-poemas-semba-de-griottes-com-pocket-show-de-iza-fonse\\\/#listItem\",\"position\":3,\"name\":\"Roda de Poemas: Semba de Griottes com pocket show de Iza Fonse\",\"previousItem\":{\"@type\":\"ListItem\",\"@id\":\"https:\\\/\\\/www.encontrabomretiro.com.br\\\/sobre\\\/noticias-no-bom-retiro\\\/#listItem\",\"name\":\"Not\\u00edcias Bom Retiro\"}}]},{\"@type\":\"Organization\",\"@id\":\"https:\\\/\\\/www.encontrabomretiro.com.br\\\/sobre\\\/#organization\",\"name\":\"Encontra Bom Retiro\",\"description\":\"Not\\u00edcias, eventos, informa\\u00e7\\u00f5es e dicas no bairro do Bom Retiro e regi\\u00e3o.\",\"url\":\"https:\\\/\\\/www.encontrabomretiro.com.br\\\/sobre\\\/\"},{\"@type\":\"Person\",\"@id\":\"https:\\\/\\\/www.encontrabomretiro.com.br\\\/sobre\\\/author\\\/ebomretiro\\\/#author\",\"url\":\"https:\\\/\\\/www.encontrabomretiro.com.br\\\/sobre\\\/author\\\/ebomretiro\\\/\",\"name\":\"Encontra Bom Retiro\",\"image\":{\"@type\":\"ImageObject\",\"@id\":\"https:\\\/\\\/www.encontrabomretiro.com.br\\\/sobre\\\/roda-de-poemas-semba-de-griottes-com-pocket-show-de-iza-fonse\\\/#authorImage\",\"url\":\"https:\\\/\\\/secure.gravatar.com\\\/avatar\\\/507340682b8270222e1f208e23198b6ae7e2c6a1033ae84e99bc6bce4f82a387?s=96&d=mm&r=g\",\"width\":96,\"height\":96,\"caption\":\"Encontra Bom Retiro\"}},{\"@type\":\"WebPage\",\"@id\":\"https:\\\/\\\/www.encontrabomretiro.com.br\\\/sobre\\\/roda-de-poemas-semba-de-griottes-com-pocket-show-de-iza-fonse\\\/#webpage\",\"url\":\"https:\\\/\\\/www.encontrabomretiro.com.br\\\/sobre\\\/roda-de-poemas-semba-de-griottes-com-pocket-show-de-iza-fonse\\\/\",\"name\":\"Roda de Poemas: Semba de Griottes com pocket show de Iza Fonse | Encontra Bom Retiro\",\"description\":\"A Roda de Poemas: Semba de Griottes apresenta uma experi\\u00eancia \\u00fanica de poesia e m\\u00fasica.\",\"inLanguage\":\"pt-BR\",\"isPartOf\":{\"@id\":\"https:\\\/\\\/www.encontrabomretiro.com.br\\\/sobre\\\/#website\"},\"breadcrumb\":{\"@id\":\"https:\\\/\\\/www.encontrabomretiro.com.br\\\/sobre\\\/roda-de-poemas-semba-de-griottes-com-pocket-show-de-iza-fonse\\\/#breadcrumblist\"},\"author\":{\"@id\":\"https:\\\/\\\/www.encontrabomretiro.com.br\\\/sobre\\\/author\\\/ebomretiro\\\/#author\"},\"creator\":{\"@id\":\"https:\\\/\\\/www.encontrabomretiro.com.br\\\/sobre\\\/author\\\/ebomretiro\\\/#author\"},\"image\":{\"@type\":\"ImageObject\",\"url\":\"https:\\\/\\\/www.encontrabomretiro.com.br\\\/sobre\\\/wp-content\\\/uploads\\\/2026\\\/02\\\/roda-de-poemas-semba-de-griottes-com-pocket-show-de-iza-fonse.webp\",\"@id\":\"https:\\\/\\\/www.encontrabomretiro.com.br\\\/sobre\\\/roda-de-poemas-semba-de-griottes-com-pocket-show-de-iza-fonse\\\/#mainImage\",\"width\":280,\"height\":280,\"caption\":\"Roda de Poemas: Semba de Griottes\"},\"primaryImageOfPage\":{\"@id\":\"https:\\\/\\\/www.encontrabomretiro.com.br\\\/sobre\\\/roda-de-poemas-semba-de-griottes-com-pocket-show-de-iza-fonse\\\/#mainImage\"},\"datePublished\":\"2026-02-28T09:56:37-02:00\",\"dateModified\":\"2026-02-28T09:56:37-02:00\"},{\"@type\":\"WebSite\",\"@id\":\"https:\\\/\\\/www.encontrabomretiro.com.br\\\/sobre\\\/#website\",\"url\":\"https:\\\/\\\/www.encontrabomretiro.com.br\\\/sobre\\\/\",\"name\":\"Encontra Bom Retiro\",\"description\":\"Not\\u00edcias, eventos, informa\\u00e7\\u00f5es e dicas no bairro do Bom Retiro e regi\\u00e3o.\",\"inLanguage\":\"pt-BR\",\"publisher\":{\"@id\":\"https:\\\/\\\/www.encontrabomretiro.com.br\\\/sobre\\\/#organization\"}}]}\n\t\t<\/script>\n\t\t<!-- All in One SEO -->\n\n","aioseo_head_json":{"title":"Roda de Poemas: Semba de Griottes com pocket show de Iza Fonse | Encontra Bom Retiro","description":"A Roda de Poemas: Semba de Griottes apresenta uma experi\u00eancia \u00fanica de poesia e m\u00fasica.","canonical_url":"https:\/\/www.encontrabomretiro.com.br\/sobre\/roda-de-poemas-semba-de-griottes-com-pocket-show-de-iza-fonse\/","robots":"max-image-preview:large","keywords":"","webmasterTools":{"miscellaneous":""},"schema":{"@context":"https:\/\/schema.org","@graph":[{"@type":"Article","@id":"https:\/\/www.encontrabomretiro.com.br\/sobre\/roda-de-poemas-semba-de-griottes-com-pocket-show-de-iza-fonse\/#article","name":"Roda de Poemas: Semba de Griottes com pocket show de Iza Fonse | Encontra Bom Retiro","headline":"Roda de Poemas: Semba de Griottes com pocket show de Iza Fonse","author":{"@id":"https:\/\/www.encontrabomretiro.com.br\/sobre\/author\/ebomretiro\/#author"},"publisher":{"@id":"https:\/\/www.encontrabomretiro.com.br\/sobre\/#organization"},"image":{"@type":"ImageObject","url":"https:\/\/www.encontrabomretiro.com.br\/sobre\/wp-content\/uploads\/2026\/02\/roda-de-poemas-semba-de-griottes-com-pocket-show-de-iza-fonse.webp","width":280,"height":280,"caption":"Roda de Poemas: Semba de Griottes"},"datePublished":"2026-02-28T09:56:37-02:00","dateModified":"2026-02-28T09:56:37-02:00","inLanguage":"pt-BR","mainEntityOfPage":{"@id":"https:\/\/www.encontrabomretiro.com.br\/sobre\/roda-de-poemas-semba-de-griottes-com-pocket-show-de-iza-fonse\/#webpage"},"isPartOf":{"@id":"https:\/\/www.encontrabomretiro.com.br\/sobre\/roda-de-poemas-semba-de-griottes-com-pocket-show-de-iza-fonse\/#webpage"},"articleSection":"Not\u00edcias Bom Retiro"},{"@type":"BreadcrumbList","@id":"https:\/\/www.encontrabomretiro.com.br\/sobre\/roda-de-poemas-semba-de-griottes-com-pocket-show-de-iza-fonse\/#breadcrumblist","itemListElement":[{"@type":"ListItem","@id":"https:\/\/www.encontrabomretiro.com.br\/sobre#listItem","position":1,"name":"Dom\u00e9stica","item":"https:\/\/www.encontrabomretiro.com.br\/sobre","nextItem":{"@type":"ListItem","@id":"https:\/\/www.encontrabomretiro.com.br\/sobre\/noticias-no-bom-retiro\/#listItem","name":"Not\u00edcias Bom Retiro"}},{"@type":"ListItem","@id":"https:\/\/www.encontrabomretiro.com.br\/sobre\/noticias-no-bom-retiro\/#listItem","position":2,"name":"Not\u00edcias Bom Retiro","item":"https:\/\/www.encontrabomretiro.com.br\/sobre\/noticias-no-bom-retiro\/","nextItem":{"@type":"ListItem","@id":"https:\/\/www.encontrabomretiro.com.br\/sobre\/roda-de-poemas-semba-de-griottes-com-pocket-show-de-iza-fonse\/#listItem","name":"Roda de Poemas: Semba de Griottes com pocket show de Iza Fonse"},"previousItem":{"@type":"ListItem","@id":"https:\/\/www.encontrabomretiro.com.br\/sobre#listItem","name":"Dom\u00e9stica"}},{"@type":"ListItem","@id":"https:\/\/www.encontrabomretiro.com.br\/sobre\/roda-de-poemas-semba-de-griottes-com-pocket-show-de-iza-fonse\/#listItem","position":3,"name":"Roda de Poemas: Semba de Griottes com pocket show de Iza Fonse","previousItem":{"@type":"ListItem","@id":"https:\/\/www.encontrabomretiro.com.br\/sobre\/noticias-no-bom-retiro\/#listItem","name":"Not\u00edcias Bom Retiro"}}]},{"@type":"Organization","@id":"https:\/\/www.encontrabomretiro.com.br\/sobre\/#organization","name":"Encontra Bom Retiro","description":"Not\u00edcias, eventos, informa\u00e7\u00f5es e dicas no bairro do Bom Retiro e regi\u00e3o.","url":"https:\/\/www.encontrabomretiro.com.br\/sobre\/"},{"@type":"Person","@id":"https:\/\/www.encontrabomretiro.com.br\/sobre\/author\/ebomretiro\/#author","url":"https:\/\/www.encontrabomretiro.com.br\/sobre\/author\/ebomretiro\/","name":"Encontra Bom Retiro","image":{"@type":"ImageObject","@id":"https:\/\/www.encontrabomretiro.com.br\/sobre\/roda-de-poemas-semba-de-griottes-com-pocket-show-de-iza-fonse\/#authorImage","url":"https:\/\/secure.gravatar.com\/avatar\/507340682b8270222e1f208e23198b6ae7e2c6a1033ae84e99bc6bce4f82a387?s=96&d=mm&r=g","width":96,"height":96,"caption":"Encontra Bom Retiro"}},{"@type":"WebPage","@id":"https:\/\/www.encontrabomretiro.com.br\/sobre\/roda-de-poemas-semba-de-griottes-com-pocket-show-de-iza-fonse\/#webpage","url":"https:\/\/www.encontrabomretiro.com.br\/sobre\/roda-de-poemas-semba-de-griottes-com-pocket-show-de-iza-fonse\/","name":"Roda de Poemas: Semba de Griottes com pocket show de Iza Fonse | Encontra Bom Retiro","description":"A Roda de Poemas: Semba de Griottes apresenta uma experi\u00eancia \u00fanica de poesia e m\u00fasica.","inLanguage":"pt-BR","isPartOf":{"@id":"https:\/\/www.encontrabomretiro.com.br\/sobre\/#website"},"breadcrumb":{"@id":"https:\/\/www.encontrabomretiro.com.br\/sobre\/roda-de-poemas-semba-de-griottes-com-pocket-show-de-iza-fonse\/#breadcrumblist"},"author":{"@id":"https:\/\/www.encontrabomretiro.com.br\/sobre\/author\/ebomretiro\/#author"},"creator":{"@id":"https:\/\/www.encontrabomretiro.com.br\/sobre\/author\/ebomretiro\/#author"},"image":{"@type":"ImageObject","url":"https:\/\/www.encontrabomretiro.com.br\/sobre\/wp-content\/uploads\/2026\/02\/roda-de-poemas-semba-de-griottes-com-pocket-show-de-iza-fonse.webp","@id":"https:\/\/www.encontrabomretiro.com.br\/sobre\/roda-de-poemas-semba-de-griottes-com-pocket-show-de-iza-fonse\/#mainImage","width":280,"height":280,"caption":"Roda de Poemas: Semba de Griottes"},"primaryImageOfPage":{"@id":"https:\/\/www.encontrabomretiro.com.br\/sobre\/roda-de-poemas-semba-de-griottes-com-pocket-show-de-iza-fonse\/#mainImage"},"datePublished":"2026-02-28T09:56:37-02:00","dateModified":"2026-02-28T09:56:37-02:00"},{"@type":"WebSite","@id":"https:\/\/www.encontrabomretiro.com.br\/sobre\/#website","url":"https:\/\/www.encontrabomretiro.com.br\/sobre\/","name":"Encontra Bom Retiro","description":"Not\u00edcias, eventos, informa\u00e7\u00f5es e dicas no bairro do Bom Retiro e regi\u00e3o.","inLanguage":"pt-BR","publisher":{"@id":"https:\/\/www.encontrabomretiro.com.br\/sobre\/#organization"}}]},"og:locale":"pt_BR","og:site_name":"Encontra Bom Retiro | Not\u00edcias, eventos, informa\u00e7\u00f5es e dicas no bairro do Bom Retiro e regi\u00e3o.","og:type":"article","og:title":"Roda de Poemas: Semba de Griottes com pocket show de Iza Fonse | Encontra Bom Retiro","og:description":"A Roda de Poemas: Semba de Griottes apresenta uma experi\u00eancia \u00fanica de poesia e m\u00fasica.","og:url":"https:\/\/www.encontrabomretiro.com.br\/sobre\/roda-de-poemas-semba-de-griottes-com-pocket-show-de-iza-fonse\/","article:published_time":"2026-02-28T11:56:37+00:00","article:modified_time":"2026-02-28T11:56:37+00:00","twitter:card":"summary_large_image","twitter:title":"Roda de Poemas: Semba de Griottes com pocket show de Iza Fonse | Encontra Bom Retiro","twitter:description":"A Roda de Poemas: Semba de Griottes apresenta uma experi\u00eancia \u00fanica de poesia e m\u00fasica."},"aioseo_meta_data":{"post_id":"2482","title":null,"description":null,"keywords":null,"keyphrases":null,"primary_term":null,"canonical_url":null,"og_title":null,"og_description":null,"og_object_type":"default","og_image_type":"default","og_image_url":null,"og_image_width":null,"og_image_height":null,"og_image_custom_url":null,"og_image_custom_fields":null,"og_video":null,"og_custom_url":null,"og_article_section":null,"og_article_tags":null,"twitter_use_og":false,"twitter_card":"default","twitter_image_type":"default","twitter_image_url":null,"twitter_image_custom_url":null,"twitter_image_custom_fields":null,"twitter_title":null,"twitter_description":null,"schema":{"blockGraphs":[],"customGraphs":[],"default":{"data":{"Article":[],"Course":[],"Dataset":[],"FAQPage":[],"Movie":[],"Person":[],"Product":[],"ProductReview":[],"Car":[],"Recipe":[],"Service":[],"SoftwareApplication":[],"WebPage":[]},"graphName":"Article","isEnabled":true},"graphs":[]},"schema_type":"default","schema_type_options":null,"pillar_content":false,"robots_default":true,"robots_noindex":false,"robots_noarchive":false,"robots_nosnippet":false,"robots_nofollow":false,"robots_noimageindex":false,"robots_noodp":false,"robots_notranslate":false,"robots_max_snippet":null,"robots_max_videopreview":null,"robots_max_imagepreview":"large","priority":null,"frequency":null,"local_seo":null,"breadcrumb_settings":null,"limit_modified_date":false,"ai":null,"created":"2026-02-28 11:56:40","updated":"2026-02-28 12:04:04","focus_keyword":null,"additional_keywords":null,"truseo_locale":null,"seo_analyzer_scan_date":null},"aioseo_breadcrumb":"<div class=\"aioseo-breadcrumbs\"><span class=\"aioseo-breadcrumb\">\n\t\t\t<a href=\"https:\/\/www.encontrabomretiro.com.br\/sobre\" title=\"Dom\u00e9stica\">Dom\u00e9stica<\/a>\n\t\t<\/span><span class=\"aioseo-breadcrumb-separator\">&raquo;<\/span><span class=\"aioseo-breadcrumb\">\n\t\t\t<a href=\"https:\/\/www.encontrabomretiro.com.br\/sobre\/noticias-no-bom-retiro\/\" title=\"Not\u00edcias Bom Retiro\">Not\u00edcias Bom Retiro<\/a>\n\t\t<\/span><span class=\"aioseo-breadcrumb-separator\">&raquo;<\/span><span class=\"aioseo-breadcrumb\">\n\t\t\tRoda de Poemas: Semba de Griottes com pocket show de Iza Fonse\n\t\t<\/span><\/div>","aioseo_breadcrumb_json":[{"label":"Dom\u00e9stica","link":"https:\/\/www.encontrabomretiro.com.br\/sobre"},{"label":"Not\u00edcias Bom Retiro","link":"https:\/\/www.encontrabomretiro.com.br\/sobre\/noticias-no-bom-retiro\/"},{"label":"Roda de Poemas: Semba de Griottes com pocket show de Iza Fonse","link":"https:\/\/www.encontrabomretiro.com.br\/sobre\/roda-de-poemas-semba-de-griottes-com-pocket-show-de-iza-fonse\/"}],"_links":{"self":[{"href":"https:\/\/www.encontrabomretiro.com.br\/sobre\/wp-json\/wp\/v2\/posts\/2482","targetHints":{"allow":["GET"]}}],"collection":[{"href":"https:\/\/www.encontrabomretiro.com.br\/sobre\/wp-json\/wp\/v2\/posts"}],"about":[{"href":"https:\/\/www.encontrabomretiro.com.br\/sobre\/wp-json\/wp\/v2\/types\/post"}],"author":[{"embeddable":true,"href":"https:\/\/www.encontrabomretiro.com.br\/sobre\/wp-json\/wp\/v2\/users\/1"}],"replies":[{"embeddable":true,"href":"https:\/\/www.encontrabomretiro.com.br\/sobre\/wp-json\/wp\/v2\/comments?post=2482"}],"version-history":[{"count":0,"href":"https:\/\/www.encontrabomretiro.com.br\/sobre\/wp-json\/wp\/v2\/posts\/2482\/revisions"}],"wp:featuredmedia":[{"embeddable":true,"href":"https:\/\/www.encontrabomretiro.com.br\/sobre\/wp-json\/wp\/v2\/media\/2481"}],"wp:attachment":[{"href":"https:\/\/www.encontrabomretiro.com.br\/sobre\/wp-json\/wp\/v2\/media?parent=2482"}],"wp:term":[{"taxonomy":"category","embeddable":true,"href":"https:\/\/www.encontrabomretiro.com.br\/sobre\/wp-json\/wp\/v2\/categories?post=2482"},{"taxonomy":"post_tag","embeddable":true,"href":"https:\/\/www.encontrabomretiro.com.br\/sobre\/wp-json\/wp\/v2\/tags?post=2482"}],"curies":[{"name":"wp","href":"https:\/\/api.w.org\/{rel}","templated":true}]}}