{"id":2480,"date":"2026-02-28T09:54:53","date_gmt":"2026-02-28T11:54:53","guid":{"rendered":"https:\/\/www.encontrabomretiro.com.br\/sobre\/eu-nunca-vou-construir-uma-musica-com-base-numa-formula-diz-cantora-rachel-reis\/"},"modified":"2026-02-28T09:54:53","modified_gmt":"2026-02-28T11:54:53","slug":"eu-nunca-vou-construir-uma-musica-com-base-numa-formula-diz-cantora-rachel-reis","status":"publish","type":"post","link":"https:\/\/www.encontrabomretiro.com.br\/sobre\/eu-nunca-vou-construir-uma-musica-com-base-numa-formula-diz-cantora-rachel-reis\/","title":{"rendered":"\u2018Eu nunca vou construir uma m\u00fasica com base numa f\u00f3rmula\u2019, diz cantora Rachel Reis"},"content":{"rendered":"<div class=\"228b65ae207de3c5c501cfe75875708b\" data-index=\"1\" style=\"float: none; margin:0px;\">\n<!-- Anuncio display - global -->\r\n<ins class=\"adsbygoogle\"\r\n     style=\"display:block\"\r\n     data-ad-client=\"ca-pub-8585364105181520\"\r\n     data-ad-slot=\"8789329856\"\r\n     data-ad-format=\"auto\"\r\n     data-full-width-responsive=\"true\"><\/ins>\r\n<script>\r\n     (adsbygoogle = window.adsbygoogle || []).push({});\r\n<\/script>\n<\/div>\n<h2>A Experi\u00eancia de Rachel no Sesc Bom Retiro<\/h2>\n<p>No final de semana dos dias 27 e 28 de fevereiro, a cantora e compositora <strong>Rachel Reis<\/strong> se apresentar\u00e1 no <strong>Sesc Bom Retiro<\/strong>, localizado em S\u00e3o Paulo, com seu show ac\u00fastico intitulado <em>Sereiona<\/em>. Essa apresenta\u00e7\u00e3o \u00e9 uma oportunidade de conex\u00e3o mais profunda entre a artista e seu p\u00fablico, oferecendo uma nova interpreta\u00e7\u00e3o de suas m\u00fasicas. O show \u00e9 concebido para incluir grandes sucessos de sua carreira, todos reinterpretados de maneira ac\u00fastica, proporcionando uma nova camada de emo\u00e7\u00e3o e autenticidade.<\/p>\n<h2>M\u00fasica Acess\u00edvel: O Que Isso Significa?<\/h2>\n<p>A acessibilidade cultural \u00e9 um aspecto vital para Rachel. Em suas palavras, a ideia \u00e9 garantir que todos possam desfrutar do que a m\u00fasica tem a oferecer. Ela v\u00ea no Sesc uma plataforma que n\u00e3o apenas promove a arte, mas tamb\u00e9m a torna acess\u00edvel ao p\u00fablico em geral. Isso \u00e9 evidente em seu desejo de que mais pessoas possam vivenciar seus shows, apesar das limita\u00e7\u00f5es de espa\u00e7o e ingressos. Rachel enfatiza que, mesmo com a demanda crescente, o importante \u00e9 que o p\u00fablico se sinta acolhido e inclu\u00eddo no mundo da m\u00fasica.<\/p>\n<h2>O Impacto da Fala Aut\u00eantica na M\u00fasica<\/h2>\n<p>Rachel Reis destaca que sua abordagem \u00e0 m\u00fasica sempre se baseou na autenticidade e na express\u00e3o pessoal. Ao evitar f\u00f3rmulas pr\u00e9-estabelecidas para compor, ela cria um trabalho que se sustenta na experi\u00eancia and sentiment, oferecendo ao p\u00fablico uma conex\u00e3o genu\u00edna. <strong>&#8220;Eu nunca vou construir uma m\u00fasica com base numa f\u00f3rmula&#8221;<\/strong>, afirma a artista, ressaltando sua prefer\u00eancia pela originalidade sobre a repetitividade que muitas vezes permeia a ind\u00fastria musical.<\/p>\n<p><img decoding=\"async\" src=\"https:\/\/www.encontrabomretiro.com.br\/sobre\/wp-content\/uploads\/2026\/02\/eu-nunca-vou-construir-uma-musica-com-base-numa-formula-diz-cantora-rachel-reis.webp\" alt=\"Rachel Reis\" loading=\"lazy\" \/><\/p>\n<h2>Como a Bahia Influencia a M\u00fasica de Rachel<\/h2>\n<p>Nascida em <strong>Feira de Santana<\/strong>, na Bahia, Rachel \u00e9 um reflexo das diversas influ\u00eancias musicais que sua terra natal oferece. Apesar de suas ra\u00edzes baianas, a cantora argumenta que sua m\u00fasica n\u00e3o deve ser rotulada como restrita a uma regi\u00e3o. <strong>&#8220;Minha m\u00fasica se conecta com o Brasil inteiro, apesar da minha raiz ser baiana&#8221;<\/strong>, explica. Essa vis\u00e3o abrangente de sua arte revela o desejo de se conectar com audi\u00eancias de diversas origens, mostrando que sua m\u00fasica transcende barreiras geogr\u00e1ficas.<\/p>\n<h2>A Conex\u00e3o Pessoal com os F\u00e3s na M\u00fasica<\/h2>\n<p>Rachel expressa sua busca por uma conex\u00e3o mais \u00edntima com seus f\u00e3s. O formato ac\u00fastico de seu show \u00e9 um convite para que o p\u00fablico tenha uma experi\u00eancia mais pr\u00f3ximo da artista. Durante suas apresenta\u00e7\u00f5es, Rachel compartilha hist\u00f3rias e experi\u00eancias que enriquecem a narrativa de suas m\u00fasicas. Essa intera\u00e7\u00e3o direta n\u00e3o apenas aproxima a cantora de seu p\u00fablico, mas tamb\u00e9m permite que os f\u00e3s se sintam parte de sua jornada musical.<\/p>\n<h2>A Ind\u00fastria Musical e a Press\u00e3o por F\u00f3rmulas<\/h2>\n<p>Na conversa, Rachel aborda as expectativas que o mercado musical imp\u00f5e sobre os artistas, principalmente a necessidade de criar sucessos repetitivos que agradem a um p\u00fablico amplo. Ela desafia essa no\u00e7\u00e3o e afirma que prioriza sua liberdade criativa. De acordo com Rachel, a press\u00e3o para lan\u00e7ar um novo hit n\u00e3o deve comprometer a integridade art\u00edstica. <strong>&#8220;Eu n\u00e3o tenho essa press\u00e3o de querer repetir o que funcionou j\u00e1 antes&#8221;<\/strong>, enfatiza, garantindo que seu processo criativo permanece inalterado.<\/p>\n<h2>A Evolu\u00e7\u00e3o de Rachel Reis ao Longo dos Anos<\/h2>\n<p>A carreira de Rachel Reis tem sido uma jornada de evolu\u00e7\u00e3o constante. Sua inscri\u00e7\u00e3o no <strong>Grammy Latino<\/strong> em 2023, por seu \u00e1lbum <em>Meu Esquema<\/em>, e a indica\u00e7\u00e3o em 2025 por <em>Divina Casca<\/em>, mostram seu crescimento e aceita\u00e7\u00e3o no cen\u00e1rio musical. Ambas as nomea\u00e7\u00f5es destacam seu talento e as hist\u00f3rias que suas m\u00fasicas contam, refletindo diferentes camadas de sua trajet\u00f3ria art\u00edstica.<\/p>\n<h2>Como a M\u00fasica Pode Ser Transformadora<\/h2>\n<p>Rachel acredita fortemente no poder transformador da m\u00fasica. Para ela, cada can\u00e7\u00e3o \u00e9 uma oportunidade de tocar vidas e proporcionar emo\u00e7\u00f5es. Ao conectar-se com o p\u00fablico em suas performances, a artista busca provocar reflex\u00f5es e sentimentos que v\u00e3o al\u00e9m do entretenimento, abrindo espa\u00e7o para di\u00e1logos sobre experi\u00eancias humanas universais.<\/p>\n<h2>O Que Esperar do Show \u2018Sereiona\u2019<\/h2>\n<p>Os shows ac\u00fasticos de Rachel Reis prometem ser experi\u00eancias inovadoras e imersivas. Com a reinterpreta\u00e7\u00e3o de suas m\u00fasicas, a artista espera n\u00e3o apenas entreter, mas tamb\u00e9m criar um ambiente onde os espectadores possam se sentir \u00e0 vontade para interagir, questionar e se conectar mais profundamente com sua m\u00fasica e ideias.<\/p>\n<h2>A Import\u00e2ncia da Autenticidade na M\u00fasica<\/h2>\n<p>Para Rachel, a autenticidade n\u00e3o \u00e9 apenas um princ\u00edpio; \u00e9 o cora\u00e7\u00e3o da sua m\u00fasica. Em um cen\u00e1rio musical muitas vezes marcado pela produ\u00e7\u00e3o em massa e f\u00f3rmulas seguras, a artista se destaca por sua determina\u00e7\u00e3o de manter a originalidade e a express\u00e3o pessoal em suas composi\u00e7\u00f5es. Ao convidar seu p\u00fablico a experimentar e viver a m\u00fasica de uma forma mais genu\u00edna, Rachel Reis n\u00e3o apenas constr\u00f3i uma carreira, mas tamb\u00e9m uma comunidade acolhedora e vibrante em torno de sua arte.<\/p>\n\n<div style=\"font-size: 0px; height: 0px; line-height: 0px; margin: 0; padding: 0; clear: both;\"><\/div>","protected":false},"excerpt":{"rendered":"<p>Rachel Reis fala sobre a m\u00fasica sem f\u00f3rmulas em seu novo show.<\/p>\n","protected":false},"author":1,"featured_media":2479,"comment_status":"open","ping_status":"closed","sticky":false,"template":"","format":"standard","meta":{"footnotes":""},"categories":[6],"tags":[],"class_list":["post-2480","post","type-post","status-publish","format-standard","has-post-thumbnail","hentry","category-noticias-no-bom-retiro","has_thumb"],"aioseo_notices":[],"aioseo_head":"\n\t\t<!-- All in One SEO 5.0.0.1 - aioseo.com -->\n\t<meta name=\"description\" content=\"Rachel Reis fala sobre a m\u00fasica sem f\u00f3rmulas em seu novo show.\" \/>\n\t<meta name=\"robots\" content=\"max-image-preview:large\" \/>\n\t<meta name=\"author\" content=\"Encontra Bom Retiro\"\/>\n\t<link rel=\"canonical\" href=\"https:\/\/www.encontrabomretiro.com.br\/sobre\/eu-nunca-vou-construir-uma-musica-com-base-numa-formula-diz-cantora-rachel-reis\/\" \/>\n\t<meta name=\"generator\" content=\"All in One SEO (AIOSEO) 5.0.0.1\" \/>\n\t\t<meta property=\"og:locale\" content=\"pt_BR\" \/>\n\t\t<meta property=\"og:site_name\" content=\"Encontra Bom Retiro | Not\u00edcias, eventos, informa\u00e7\u00f5es e dicas no bairro do Bom Retiro e regi\u00e3o.\" \/>\n\t\t<meta property=\"og:type\" content=\"article\" \/>\n\t\t<meta property=\"og:title\" content=\"\u2018Eu nunca vou construir uma m\u00fasica com base numa f\u00f3rmula\u2019, diz cantora Rachel Reis | Encontra Bom Retiro\" \/>\n\t\t<meta property=\"og:description\" content=\"Rachel Reis fala sobre a m\u00fasica sem f\u00f3rmulas em seu novo show.\" \/>\n\t\t<meta property=\"og:url\" content=\"https:\/\/www.encontrabomretiro.com.br\/sobre\/eu-nunca-vou-construir-uma-musica-com-base-numa-formula-diz-cantora-rachel-reis\/\" \/>\n\t\t<meta property=\"article:published_time\" content=\"2026-02-28T11:54:53+00:00\" \/>\n\t\t<meta property=\"article:modified_time\" content=\"2026-02-28T11:54:53+00:00\" \/>\n\t\t<meta name=\"twitter:card\" content=\"summary_large_image\" \/>\n\t\t<meta name=\"twitter:title\" content=\"\u2018Eu nunca vou construir uma m\u00fasica com base numa f\u00f3rmula\u2019, diz cantora Rachel Reis | Encontra Bom Retiro\" \/>\n\t\t<meta name=\"twitter:description\" content=\"Rachel Reis fala sobre a m\u00fasica sem f\u00f3rmulas em seu novo show.\" \/>\n\t\t<script type=\"application\/ld+json\" class=\"aioseo-schema\">\n\t\t\t{\"@context\":\"https:\\\/\\\/schema.org\",\"@graph\":[{\"@type\":\"Article\",\"@id\":\"https:\\\/\\\/www.encontrabomretiro.com.br\\\/sobre\\\/eu-nunca-vou-construir-uma-musica-com-base-numa-formula-diz-cantora-rachel-reis\\\/#article\",\"name\":\"\\u2018Eu nunca vou construir uma m\\u00fasica com base numa f\\u00f3rmula\\u2019, diz cantora Rachel Reis | Encontra Bom Retiro\",\"headline\":\"\\u2018Eu nunca vou construir uma m\\u00fasica com base numa f\\u00f3rmula\\u2019, diz cantora Rachel Reis\",\"author\":{\"@id\":\"https:\\\/\\\/www.encontrabomretiro.com.br\\\/sobre\\\/author\\\/ebomretiro\\\/#author\"},\"publisher\":{\"@id\":\"https:\\\/\\\/www.encontrabomretiro.com.br\\\/sobre\\\/#organization\"},\"image\":{\"@type\":\"ImageObject\",\"url\":\"https:\\\/\\\/www.encontrabomretiro.com.br\\\/sobre\\\/wp-content\\\/uploads\\\/2026\\\/02\\\/eu-nunca-vou-construir-uma-musica-com-base-numa-formula-diz-cantora-rachel-reis.webp\",\"width\":280,\"height\":280,\"caption\":\"Rachel Reis\"},\"datePublished\":\"2026-02-28T09:54:53-02:00\",\"dateModified\":\"2026-02-28T09:54:53-02:00\",\"inLanguage\":\"pt-BR\",\"mainEntityOfPage\":{\"@id\":\"https:\\\/\\\/www.encontrabomretiro.com.br\\\/sobre\\\/eu-nunca-vou-construir-uma-musica-com-base-numa-formula-diz-cantora-rachel-reis\\\/#webpage\"},\"isPartOf\":{\"@id\":\"https:\\\/\\\/www.encontrabomretiro.com.br\\\/sobre\\\/eu-nunca-vou-construir-uma-musica-com-base-numa-formula-diz-cantora-rachel-reis\\\/#webpage\"},\"articleSection\":\"Not\\u00edcias Bom Retiro\"},{\"@type\":\"BreadcrumbList\",\"@id\":\"https:\\\/\\\/www.encontrabomretiro.com.br\\\/sobre\\\/eu-nunca-vou-construir-uma-musica-com-base-numa-formula-diz-cantora-rachel-reis\\\/#breadcrumblist\",\"itemListElement\":[{\"@type\":\"ListItem\",\"@id\":\"https:\\\/\\\/www.encontrabomretiro.com.br\\\/sobre#listItem\",\"position\":1,\"name\":\"Dom\\u00e9stica\",\"item\":\"https:\\\/\\\/www.encontrabomretiro.com.br\\\/sobre\",\"nextItem\":{\"@type\":\"ListItem\",\"@id\":\"https:\\\/\\\/www.encontrabomretiro.com.br\\\/sobre\\\/noticias-no-bom-retiro\\\/#listItem\",\"name\":\"Not\\u00edcias Bom Retiro\"}},{\"@type\":\"ListItem\",\"@id\":\"https:\\\/\\\/www.encontrabomretiro.com.br\\\/sobre\\\/noticias-no-bom-retiro\\\/#listItem\",\"position\":2,\"name\":\"Not\\u00edcias Bom Retiro\",\"item\":\"https:\\\/\\\/www.encontrabomretiro.com.br\\\/sobre\\\/noticias-no-bom-retiro\\\/\",\"nextItem\":{\"@type\":\"ListItem\",\"@id\":\"https:\\\/\\\/www.encontrabomretiro.com.br\\\/sobre\\\/eu-nunca-vou-construir-uma-musica-com-base-numa-formula-diz-cantora-rachel-reis\\\/#listItem\",\"name\":\"\\u2018Eu nunca vou construir uma m\\u00fasica com base numa f\\u00f3rmula\\u2019, diz cantora Rachel Reis\"},\"previousItem\":{\"@type\":\"ListItem\",\"@id\":\"https:\\\/\\\/www.encontrabomretiro.com.br\\\/sobre#listItem\",\"name\":\"Dom\\u00e9stica\"}},{\"@type\":\"ListItem\",\"@id\":\"https:\\\/\\\/www.encontrabomretiro.com.br\\\/sobre\\\/eu-nunca-vou-construir-uma-musica-com-base-numa-formula-diz-cantora-rachel-reis\\\/#listItem\",\"position\":3,\"name\":\"\\u2018Eu nunca vou construir uma m\\u00fasica com base numa f\\u00f3rmula\\u2019, diz cantora Rachel Reis\",\"previousItem\":{\"@type\":\"ListItem\",\"@id\":\"https:\\\/\\\/www.encontrabomretiro.com.br\\\/sobre\\\/noticias-no-bom-retiro\\\/#listItem\",\"name\":\"Not\\u00edcias Bom Retiro\"}}]},{\"@type\":\"Organization\",\"@id\":\"https:\\\/\\\/www.encontrabomretiro.com.br\\\/sobre\\\/#organization\",\"name\":\"Encontra Bom Retiro\",\"description\":\"Not\\u00edcias, eventos, informa\\u00e7\\u00f5es e dicas no bairro do Bom Retiro e regi\\u00e3o.\",\"url\":\"https:\\\/\\\/www.encontrabomretiro.com.br\\\/sobre\\\/\"},{\"@type\":\"Person\",\"@id\":\"https:\\\/\\\/www.encontrabomretiro.com.br\\\/sobre\\\/author\\\/ebomretiro\\\/#author\",\"url\":\"https:\\\/\\\/www.encontrabomretiro.com.br\\\/sobre\\\/author\\\/ebomretiro\\\/\",\"name\":\"Encontra Bom Retiro\",\"image\":{\"@type\":\"ImageObject\",\"@id\":\"https:\\\/\\\/www.encontrabomretiro.com.br\\\/sobre\\\/eu-nunca-vou-construir-uma-musica-com-base-numa-formula-diz-cantora-rachel-reis\\\/#authorImage\",\"url\":\"https:\\\/\\\/secure.gravatar.com\\\/avatar\\\/507340682b8270222e1f208e23198b6ae7e2c6a1033ae84e99bc6bce4f82a387?s=96&d=mm&r=g\",\"width\":96,\"height\":96,\"caption\":\"Encontra Bom Retiro\"}},{\"@type\":\"WebPage\",\"@id\":\"https:\\\/\\\/www.encontrabomretiro.com.br\\\/sobre\\\/eu-nunca-vou-construir-uma-musica-com-base-numa-formula-diz-cantora-rachel-reis\\\/#webpage\",\"url\":\"https:\\\/\\\/www.encontrabomretiro.com.br\\\/sobre\\\/eu-nunca-vou-construir-uma-musica-com-base-numa-formula-diz-cantora-rachel-reis\\\/\",\"name\":\"\\u2018Eu nunca vou construir uma m\\u00fasica com base numa f\\u00f3rmula\\u2019, diz cantora Rachel Reis | Encontra Bom Retiro\",\"description\":\"Rachel Reis fala sobre a m\\u00fasica sem f\\u00f3rmulas em seu novo show.\",\"inLanguage\":\"pt-BR\",\"isPartOf\":{\"@id\":\"https:\\\/\\\/www.encontrabomretiro.com.br\\\/sobre\\\/#website\"},\"breadcrumb\":{\"@id\":\"https:\\\/\\\/www.encontrabomretiro.com.br\\\/sobre\\\/eu-nunca-vou-construir-uma-musica-com-base-numa-formula-diz-cantora-rachel-reis\\\/#breadcrumblist\"},\"author\":{\"@id\":\"https:\\\/\\\/www.encontrabomretiro.com.br\\\/sobre\\\/author\\\/ebomretiro\\\/#author\"},\"creator\":{\"@id\":\"https:\\\/\\\/www.encontrabomretiro.com.br\\\/sobre\\\/author\\\/ebomretiro\\\/#author\"},\"image\":{\"@type\":\"ImageObject\",\"url\":\"https:\\\/\\\/www.encontrabomretiro.com.br\\\/sobre\\\/wp-content\\\/uploads\\\/2026\\\/02\\\/eu-nunca-vou-construir-uma-musica-com-base-numa-formula-diz-cantora-rachel-reis.webp\",\"@id\":\"https:\\\/\\\/www.encontrabomretiro.com.br\\\/sobre\\\/eu-nunca-vou-construir-uma-musica-com-base-numa-formula-diz-cantora-rachel-reis\\\/#mainImage\",\"width\":280,\"height\":280,\"caption\":\"Rachel Reis\"},\"primaryImageOfPage\":{\"@id\":\"https:\\\/\\\/www.encontrabomretiro.com.br\\\/sobre\\\/eu-nunca-vou-construir-uma-musica-com-base-numa-formula-diz-cantora-rachel-reis\\\/#mainImage\"},\"datePublished\":\"2026-02-28T09:54:53-02:00\",\"dateModified\":\"2026-02-28T09:54:53-02:00\"},{\"@type\":\"WebSite\",\"@id\":\"https:\\\/\\\/www.encontrabomretiro.com.br\\\/sobre\\\/#website\",\"url\":\"https:\\\/\\\/www.encontrabomretiro.com.br\\\/sobre\\\/\",\"name\":\"Encontra Bom Retiro\",\"description\":\"Not\\u00edcias, eventos, informa\\u00e7\\u00f5es e dicas no bairro do Bom Retiro e regi\\u00e3o.\",\"inLanguage\":\"pt-BR\",\"publisher\":{\"@id\":\"https:\\\/\\\/www.encontrabomretiro.com.br\\\/sobre\\\/#organization\"}}]}\n\t\t<\/script>\n\t\t<!-- All in One SEO -->\n\n","aioseo_head_json":{"title":"\u2018Eu nunca vou construir uma m\u00fasica com base numa f\u00f3rmula\u2019, diz cantora Rachel Reis | Encontra Bom Retiro","description":"Rachel Reis fala sobre a m\u00fasica sem f\u00f3rmulas em seu novo show.","canonical_url":"https:\/\/www.encontrabomretiro.com.br\/sobre\/eu-nunca-vou-construir-uma-musica-com-base-numa-formula-diz-cantora-rachel-reis\/","robots":"max-image-preview:large","keywords":"","webmasterTools":{"miscellaneous":""},"schema":{"@context":"https:\/\/schema.org","@graph":[{"@type":"Article","@id":"https:\/\/www.encontrabomretiro.com.br\/sobre\/eu-nunca-vou-construir-uma-musica-com-base-numa-formula-diz-cantora-rachel-reis\/#article","name":"\u2018Eu nunca vou construir uma m\u00fasica com base numa f\u00f3rmula\u2019, diz cantora Rachel Reis | Encontra Bom Retiro","headline":"\u2018Eu nunca vou construir uma m\u00fasica com base numa f\u00f3rmula\u2019, diz cantora Rachel Reis","author":{"@id":"https:\/\/www.encontrabomretiro.com.br\/sobre\/author\/ebomretiro\/#author"},"publisher":{"@id":"https:\/\/www.encontrabomretiro.com.br\/sobre\/#organization"},"image":{"@type":"ImageObject","url":"https:\/\/www.encontrabomretiro.com.br\/sobre\/wp-content\/uploads\/2026\/02\/eu-nunca-vou-construir-uma-musica-com-base-numa-formula-diz-cantora-rachel-reis.webp","width":280,"height":280,"caption":"Rachel Reis"},"datePublished":"2026-02-28T09:54:53-02:00","dateModified":"2026-02-28T09:54:53-02:00","inLanguage":"pt-BR","mainEntityOfPage":{"@id":"https:\/\/www.encontrabomretiro.com.br\/sobre\/eu-nunca-vou-construir-uma-musica-com-base-numa-formula-diz-cantora-rachel-reis\/#webpage"},"isPartOf":{"@id":"https:\/\/www.encontrabomretiro.com.br\/sobre\/eu-nunca-vou-construir-uma-musica-com-base-numa-formula-diz-cantora-rachel-reis\/#webpage"},"articleSection":"Not\u00edcias Bom Retiro"},{"@type":"BreadcrumbList","@id":"https:\/\/www.encontrabomretiro.com.br\/sobre\/eu-nunca-vou-construir-uma-musica-com-base-numa-formula-diz-cantora-rachel-reis\/#breadcrumblist","itemListElement":[{"@type":"ListItem","@id":"https:\/\/www.encontrabomretiro.com.br\/sobre#listItem","position":1,"name":"Dom\u00e9stica","item":"https:\/\/www.encontrabomretiro.com.br\/sobre","nextItem":{"@type":"ListItem","@id":"https:\/\/www.encontrabomretiro.com.br\/sobre\/noticias-no-bom-retiro\/#listItem","name":"Not\u00edcias Bom Retiro"}},{"@type":"ListItem","@id":"https:\/\/www.encontrabomretiro.com.br\/sobre\/noticias-no-bom-retiro\/#listItem","position":2,"name":"Not\u00edcias Bom Retiro","item":"https:\/\/www.encontrabomretiro.com.br\/sobre\/noticias-no-bom-retiro\/","nextItem":{"@type":"ListItem","@id":"https:\/\/www.encontrabomretiro.com.br\/sobre\/eu-nunca-vou-construir-uma-musica-com-base-numa-formula-diz-cantora-rachel-reis\/#listItem","name":"\u2018Eu nunca vou construir uma m\u00fasica com base numa f\u00f3rmula\u2019, diz cantora Rachel Reis"},"previousItem":{"@type":"ListItem","@id":"https:\/\/www.encontrabomretiro.com.br\/sobre#listItem","name":"Dom\u00e9stica"}},{"@type":"ListItem","@id":"https:\/\/www.encontrabomretiro.com.br\/sobre\/eu-nunca-vou-construir-uma-musica-com-base-numa-formula-diz-cantora-rachel-reis\/#listItem","position":3,"name":"\u2018Eu nunca vou construir uma m\u00fasica com base numa f\u00f3rmula\u2019, diz cantora Rachel Reis","previousItem":{"@type":"ListItem","@id":"https:\/\/www.encontrabomretiro.com.br\/sobre\/noticias-no-bom-retiro\/#listItem","name":"Not\u00edcias Bom Retiro"}}]},{"@type":"Organization","@id":"https:\/\/www.encontrabomretiro.com.br\/sobre\/#organization","name":"Encontra Bom Retiro","description":"Not\u00edcias, eventos, informa\u00e7\u00f5es e dicas no bairro do Bom Retiro e regi\u00e3o.","url":"https:\/\/www.encontrabomretiro.com.br\/sobre\/"},{"@type":"Person","@id":"https:\/\/www.encontrabomretiro.com.br\/sobre\/author\/ebomretiro\/#author","url":"https:\/\/www.encontrabomretiro.com.br\/sobre\/author\/ebomretiro\/","name":"Encontra Bom Retiro","image":{"@type":"ImageObject","@id":"https:\/\/www.encontrabomretiro.com.br\/sobre\/eu-nunca-vou-construir-uma-musica-com-base-numa-formula-diz-cantora-rachel-reis\/#authorImage","url":"https:\/\/secure.gravatar.com\/avatar\/507340682b8270222e1f208e23198b6ae7e2c6a1033ae84e99bc6bce4f82a387?s=96&d=mm&r=g","width":96,"height":96,"caption":"Encontra Bom Retiro"}},{"@type":"WebPage","@id":"https:\/\/www.encontrabomretiro.com.br\/sobre\/eu-nunca-vou-construir-uma-musica-com-base-numa-formula-diz-cantora-rachel-reis\/#webpage","url":"https:\/\/www.encontrabomretiro.com.br\/sobre\/eu-nunca-vou-construir-uma-musica-com-base-numa-formula-diz-cantora-rachel-reis\/","name":"\u2018Eu nunca vou construir uma m\u00fasica com base numa f\u00f3rmula\u2019, diz cantora Rachel Reis | Encontra Bom Retiro","description":"Rachel Reis fala sobre a m\u00fasica sem f\u00f3rmulas em seu novo show.","inLanguage":"pt-BR","isPartOf":{"@id":"https:\/\/www.encontrabomretiro.com.br\/sobre\/#website"},"breadcrumb":{"@id":"https:\/\/www.encontrabomretiro.com.br\/sobre\/eu-nunca-vou-construir-uma-musica-com-base-numa-formula-diz-cantora-rachel-reis\/#breadcrumblist"},"author":{"@id":"https:\/\/www.encontrabomretiro.com.br\/sobre\/author\/ebomretiro\/#author"},"creator":{"@id":"https:\/\/www.encontrabomretiro.com.br\/sobre\/author\/ebomretiro\/#author"},"image":{"@type":"ImageObject","url":"https:\/\/www.encontrabomretiro.com.br\/sobre\/wp-content\/uploads\/2026\/02\/eu-nunca-vou-construir-uma-musica-com-base-numa-formula-diz-cantora-rachel-reis.webp","@id":"https:\/\/www.encontrabomretiro.com.br\/sobre\/eu-nunca-vou-construir-uma-musica-com-base-numa-formula-diz-cantora-rachel-reis\/#mainImage","width":280,"height":280,"caption":"Rachel Reis"},"primaryImageOfPage":{"@id":"https:\/\/www.encontrabomretiro.com.br\/sobre\/eu-nunca-vou-construir-uma-musica-com-base-numa-formula-diz-cantora-rachel-reis\/#mainImage"},"datePublished":"2026-02-28T09:54:53-02:00","dateModified":"2026-02-28T09:54:53-02:00"},{"@type":"WebSite","@id":"https:\/\/www.encontrabomretiro.com.br\/sobre\/#website","url":"https:\/\/www.encontrabomretiro.com.br\/sobre\/","name":"Encontra Bom Retiro","description":"Not\u00edcias, eventos, informa\u00e7\u00f5es e dicas no bairro do Bom Retiro e regi\u00e3o.","inLanguage":"pt-BR","publisher":{"@id":"https:\/\/www.encontrabomretiro.com.br\/sobre\/#organization"}}]},"og:locale":"pt_BR","og:site_name":"Encontra Bom Retiro | Not\u00edcias, eventos, informa\u00e7\u00f5es e dicas no bairro do Bom Retiro e regi\u00e3o.","og:type":"article","og:title":"\u2018Eu nunca vou construir uma m\u00fasica com base numa f\u00f3rmula\u2019, diz cantora Rachel Reis | Encontra Bom Retiro","og:description":"Rachel Reis fala sobre a m\u00fasica sem f\u00f3rmulas em seu novo show.","og:url":"https:\/\/www.encontrabomretiro.com.br\/sobre\/eu-nunca-vou-construir-uma-musica-com-base-numa-formula-diz-cantora-rachel-reis\/","article:published_time":"2026-02-28T11:54:53+00:00","article:modified_time":"2026-02-28T11:54:53+00:00","twitter:card":"summary_large_image","twitter:title":"\u2018Eu nunca vou construir uma m\u00fasica com base numa f\u00f3rmula\u2019, diz cantora Rachel Reis | Encontra Bom Retiro","twitter:description":"Rachel Reis fala sobre a m\u00fasica sem f\u00f3rmulas em seu novo show."},"aioseo_meta_data":{"post_id":"2480","title":null,"description":null,"keywords":null,"keyphrases":null,"primary_term":null,"canonical_url":null,"og_title":null,"og_description":null,"og_object_type":"default","og_image_type":"default","og_image_url":null,"og_image_width":null,"og_image_height":null,"og_image_custom_url":null,"og_image_custom_fields":null,"og_video":null,"og_custom_url":null,"og_article_section":null,"og_article_tags":null,"twitter_use_og":false,"twitter_card":"default","twitter_image_type":"default","twitter_image_url":null,"twitter_image_custom_url":null,"twitter_image_custom_fields":null,"twitter_title":null,"twitter_description":null,"schema":{"blockGraphs":[],"customGraphs":[],"default":{"data":{"Article":[],"Course":[],"Dataset":[],"FAQPage":[],"Movie":[],"Person":[],"Product":[],"ProductReview":[],"Car":[],"Recipe":[],"Service":[],"SoftwareApplication":[],"WebPage":[]},"graphName":"Article","isEnabled":true},"graphs":[]},"schema_type":"default","schema_type_options":null,"pillar_content":false,"robots_default":true,"robots_noindex":false,"robots_noarchive":false,"robots_nosnippet":false,"robots_nofollow":false,"robots_noimageindex":false,"robots_noodp":false,"robots_notranslate":false,"robots_max_snippet":null,"robots_max_videopreview":null,"robots_max_imagepreview":"large","priority":null,"frequency":null,"local_seo":null,"breadcrumb_settings":null,"limit_modified_date":false,"ai":null,"created":"2026-02-28 11:54:57","updated":"2026-02-28 12:04:04","focus_keyword":null,"additional_keywords":null,"truseo_locale":null,"seo_analyzer_scan_date":null},"aioseo_breadcrumb":"<div class=\"aioseo-breadcrumbs\"><span class=\"aioseo-breadcrumb\">\n\t\t\t<a href=\"https:\/\/www.encontrabomretiro.com.br\/sobre\" title=\"Dom\u00e9stica\">Dom\u00e9stica<\/a>\n\t\t<\/span><span class=\"aioseo-breadcrumb-separator\">&raquo;<\/span><span class=\"aioseo-breadcrumb\">\n\t\t\t<a href=\"https:\/\/www.encontrabomretiro.com.br\/sobre\/noticias-no-bom-retiro\/\" title=\"Not\u00edcias Bom Retiro\">Not\u00edcias Bom Retiro<\/a>\n\t\t<\/span><span class=\"aioseo-breadcrumb-separator\">&raquo;<\/span><span class=\"aioseo-breadcrumb\">\n\t\t\t\u2018Eu nunca vou construir uma m\u00fasica com base numa f\u00f3rmula\u2019, diz cantora Rachel Reis\n\t\t<\/span><\/div>","aioseo_breadcrumb_json":[{"label":"Dom\u00e9stica","link":"https:\/\/www.encontrabomretiro.com.br\/sobre"},{"label":"Not\u00edcias Bom Retiro","link":"https:\/\/www.encontrabomretiro.com.br\/sobre\/noticias-no-bom-retiro\/"},{"label":"\u2018Eu nunca vou construir uma m\u00fasica com base numa f\u00f3rmula\u2019, diz cantora Rachel Reis","link":"https:\/\/www.encontrabomretiro.com.br\/sobre\/eu-nunca-vou-construir-uma-musica-com-base-numa-formula-diz-cantora-rachel-reis\/"}],"_links":{"self":[{"href":"https:\/\/www.encontrabomretiro.com.br\/sobre\/wp-json\/wp\/v2\/posts\/2480","targetHints":{"allow":["GET"]}}],"collection":[{"href":"https:\/\/www.encontrabomretiro.com.br\/sobre\/wp-json\/wp\/v2\/posts"}],"about":[{"href":"https:\/\/www.encontrabomretiro.com.br\/sobre\/wp-json\/wp\/v2\/types\/post"}],"author":[{"embeddable":true,"href":"https:\/\/www.encontrabomretiro.com.br\/sobre\/wp-json\/wp\/v2\/users\/1"}],"replies":[{"embeddable":true,"href":"https:\/\/www.encontrabomretiro.com.br\/sobre\/wp-json\/wp\/v2\/comments?post=2480"}],"version-history":[{"count":0,"href":"https:\/\/www.encontrabomretiro.com.br\/sobre\/wp-json\/wp\/v2\/posts\/2480\/revisions"}],"wp:featuredmedia":[{"embeddable":true,"href":"https:\/\/www.encontrabomretiro.com.br\/sobre\/wp-json\/wp\/v2\/media\/2479"}],"wp:attachment":[{"href":"https:\/\/www.encontrabomretiro.com.br\/sobre\/wp-json\/wp\/v2\/media?parent=2480"}],"wp:term":[{"taxonomy":"category","embeddable":true,"href":"https:\/\/www.encontrabomretiro.com.br\/sobre\/wp-json\/wp\/v2\/categories?post=2480"},{"taxonomy":"post_tag","embeddable":true,"href":"https:\/\/www.encontrabomretiro.com.br\/sobre\/wp-json\/wp\/v2\/tags?post=2480"}],"curies":[{"name":"wp","href":"https:\/\/api.w.org\/{rel}","templated":true}]}}