{"id":2478,"date":"2026-02-27T09:55:29","date_gmt":"2026-02-27T11:55:29","guid":{"rendered":"https:\/\/www.encontrabomretiro.com.br\/sobre\/mocidade-alegre-e-a-campea-do-carnaval-de-sao-paulo\/"},"modified":"2026-02-27T09:55:29","modified_gmt":"2026-02-27T11:55:29","slug":"mocidade-alegre-e-a-campea-do-carnaval-de-sao-paulo","status":"publish","type":"post","link":"https:\/\/www.encontrabomretiro.com.br\/sobre\/mocidade-alegre-e-a-campea-do-carnaval-de-sao-paulo\/","title":{"rendered":"Mocidade Alegre \u00e9 a campe\u00e3 do carnaval de S\u00e3o Paulo"},"content":{"rendered":"<div class=\"228b65ae207de3c5c501cfe75875708b\" data-index=\"1\" style=\"float: none; margin:0px;\">\n<!-- Anuncio display - global -->\r\n<ins class=\"adsbygoogle\"\r\n     style=\"display:block\"\r\n     data-ad-client=\"ca-pub-8585364105181520\"\r\n     data-ad-slot=\"8789329856\"\r\n     data-ad-format=\"auto\"\r\n     data-full-width-responsive=\"true\"><\/ins>\r\n<script>\r\n     (adsbygoogle = window.adsbygoogle || []).push({});\r\n<\/script>\n<\/div>\n<h2>A Hist\u00f3ria da Mocidade Alegre<\/h2>\n<p>A Mocidade Alegre, uma das mais tradicionais escolas de samba de S\u00e3o Paulo, foi fundada em 1967 e rapidamente se destacou por sua alegria e irrever\u00eancia no carnaval. Com sede no bairro da Casa Verde, essa agremia\u00e7\u00e3o \u00e9 sin\u00f4nimo de inova\u00e7\u00e3o e criatividade nos desfiles. Desde o in\u00edcio, a escola buscou promover uma rica representa\u00e7\u00e3o cultural, e ao longo dos anos tem se esfor\u00e7ado para trazer temas que ressoam com a diversidade e a riqueza da cultura brasileira.<\/p>\n<h2>O Enredo e Sua Import\u00e2ncia Cultural<\/h2>\n<p>Em 2026, a Mocidade Alegre apresentou o enredo &#8220;Malunga L\u00e9a &#8211; Paps\u00f3dia de uma Deusa Negra&#8221;, uma homenagem \u00e0 trajet\u00f3ria da atriz L\u00e9a Garcia, que ficou famosa por sua atua\u00e7\u00e3o no ic\u00f4nico filme &#8220;Orfeu Negro&#8221; de 1957. Este enredo n\u00e3o apenas celebrou a vida de L\u00e9a Garcia, mas tamb\u00e9m trouxe \u00e0 tona quest\u00f5es importantes sobre a representatividade negra na m\u00eddia e no cinema brasileiro. A escolha do tema enfatiza a luta por reconhecimento e igualdade, promovendo um di\u00e1logo sobre a import\u00e2ncia das vozes e hist\u00f3rias de afrodescendentes na sociedade. O desfile foi uma fus\u00e3o de arte e conscientiza\u00e7\u00e3o social, algo que a Mocidade Alegre sempre buscou implementar em suas apresenta\u00e7\u00f5es.<\/p>\n<h2>An\u00e1lise Detalhada da Apura\u00e7\u00e3o dos Votos<\/h2>\n<p>A apura\u00e7\u00e3o dos votos \u00e9 um momento de grande tens\u00e3o e expectativa no carnaval paulista. Em 2026, a Mocidade Alegre obteve um total de 269,7 pontos, garantindo assim seu 13\u00ba t\u00edtulo de campe\u00e3 do carnaval. A competi\u00e7\u00e3o foi acirrada, especialmente contra a Gavi\u00f5es da Fiel, que ao desfilar com o tema &#8220;Vozes Ancestrais para um Novo Amanh\u00e3&#8221;, tamb\u00e9m trouxe uma reflex\u00e3o importante sobre as florestas e a cultura ind\u00edgena. A avalia\u00e7\u00e3o e apura\u00e7\u00e3o dos votos s\u00e3o realizadas por jurados que atribuem notas em diferentes quesitos como harmonia, evolu\u00e7\u00e3o, e execu\u00e7\u00e3o, cada um dos quais pode ser decisivo para a classifica\u00e7\u00e3o final das escolas de samba. A diferen\u00e7a de um d\u00e9cimo entre as escolas mostra como cada detalhe conta na competi\u00e7\u00e3o.<\/p>\n<p><img decoding=\"async\" src=\"https:\/\/www.encontrabomretiro.com.br\/sobre\/wp-content\/uploads\/2026\/02\/mocidade-alegre-e-a-campea-do-carnaval-de-sao-paulo.webp\" alt=\"Mocidade Alegre\" loading=\"lazy\" \/><\/p>\n<h2>Os Destaques do Desfile de 2026<\/h2>\n<p>No desfile de 2026, v\u00e1rios aspectos se destacaram. O uso de figurinos vibrantes e a coreografia ensaiada com precis\u00e3o foram elementos que impressionaram tanto o p\u00fablico quanto os jurados. Al\u00e9m disso, a bateria da Mocidade Alegre, conhecida pela sua energia contagiante, trouxe um ritmo envolvente que conseguiu cativar todos presentes no Samb\u00f3dromo do Anhembi. Gravetes de som e requebros perfeitamente sincronizados ajudaram a levar a emo\u00e7\u00e3o ao p\u00fablico. Os destaques individuais tamb\u00e9m brilharam, representando a cultura afro-brasileira com dan\u00e7a, m\u00fasica e uma potente demonstra\u00e7\u00e3o de talento.<\/p>\n<h2>Comparativo com Outras Escolas de Samba<\/h2>\n<p>O carnaval de S\u00e3o Paulo \u00e9 palco para diversas escolas que variam em estilo e estrat\u00e9gia de desfile. A Mocidade Alegre, ao longo dos anos, tem se destacado por sua habilidade em contar hist\u00f3rias de forma impactante, muitas vezes superando concorrentes tradicionais como a Vai-Vai e a Gavi\u00f5es da Fiel. Em 2026, enquanto a Mocidade Alegre ascendia ao topo, a Gavi\u00f5es mostrou grande desempenho, ficando em segundo lugar &#8211; uma rela\u00e7\u00e3o competitiva que novamente destacou o n\u00edvel de profissionalismo e criatividade que s\u00e3o a marca registrada do carnaval paulista. Outras escolas, como a \u00c1guia de Ouro e a Rosas de Ouro, enfrentaram dificuldades este ano, resultando em seu rebaixamento, o que contribui para a din\u00e2mica intensa da competi\u00e7\u00e3o.<\/p>\n<h2>Rea\u00e7\u00f5es do P\u00fablico e da Cr\u00edtica<\/h2>\n<p>A vit\u00f3ria da Mocidade Alegre gerou uma onda de celebra\u00e7\u00e3o entre seus membros e os torcedores. A rea\u00e7\u00e3o das redes sociais foi imediata, com mensagens de congratula\u00e7\u00f5es e reconhecimento pela interpreta\u00e7\u00e3o do enredo e qualidade do desfile. A cr\u00edtica, por outro lado, elogiou a flexibilidade e inova\u00e7\u00e3o da escola ao abordar temas contempor\u00e2neos e relevantes. Entidades culturais e artistas expressaram suas opini\u00f5es, ressaltando a import\u00e2ncia de dar palco \u00e0s vozes marginalizadas da sociedade atrav\u00e9s do carnaval. Essa intersec\u00e7\u00e3o entre arte, cultura e ativismo social \u00e9 uma marca que reverbera fortemente na ethos da Mocidade Alegre.<\/p>\n<h2>Impactos do T\u00edtulo para a Comunidade<\/h2>\n<p>Conquistar o t\u00edtulo de campe\u00e3 do carnaval \u00e9 um feito que vai al\u00e9m da festa; ele representa orgulho e uma grande vit\u00f3ria para a comunidade local. Para a Mocidade Alegre, este t\u00edtulo significa a continuidade de seu legado e incentivo para jovens artistas e talentos que vislumbram no samba uma forma de express\u00e3o e identidade. O impacto social \u00e9 significativo, j\u00e1 que a escola frequentemente trabalha com projetos sociais que envolvem a juventude e promovem o acesso \u00e0 cultura. Ao vencer, a Mocidade n\u00e3o apenas refor\u00e7a sua posi\u00e7\u00e3o no cen\u00e1rio cultural, mas tamb\u00e9m solidifica sua atua\u00e7\u00e3o comunit\u00e1ria, inspirando novas gera\u00e7\u00f5es a se envolverem na arte do samba.<\/p>\n<h2>As Tradi\u00e7\u00f5es do Carnaval de S\u00e3o Paulo<\/h2>\n<p>O carnaval de S\u00e3o Paulo \u00e9 uma celebra\u00e7\u00e3o rica em tradi\u00e7\u00f5es que abrange uma combina\u00e7\u00e3o de hist\u00f3ria e express\u00e3o cultural. Com ra\u00edzes que se aprofundam na cultura africana e nas festas de rua da cidade, a escola de samba tornou-se um s\u00edmbolo da festa carnavalesca. As tradi\u00e7\u00f5es incluem a presen\u00e7a de alas diferentes, a participa\u00e7\u00e3o de passistas e a bateria como elemento central. A Mocidade Alegre, como outras escolas, honra essas tradi\u00e7\u00f5es enquanto inova constantemente em suas apresenta\u00e7\u00f5es, criando um equil\u00edbrio entre o passado e o presente, e destacando a evolu\u00e7\u00e3o do samba como cultura viva.<\/p>\n<h2>Preparativos para o Pr\u00f3ximo Carnaval<\/h2>\n<p>Ap\u00f3s a vit\u00f3ria, os preparativos para o pr\u00f3ximo carnaval j\u00e1 est\u00e3o em andamento. A Mocidade Alegre come\u00e7ar\u00e1 a trabalhar no enredo do pr\u00f3ximo ano, buscando inspira\u00e7\u00e3o em novos temas que possam reverberar com seu p\u00fablico e promover uma nova mensagem. As reuni\u00f5es de planning est\u00e3o sendo realizadas com os criadores do enredo e artistas para esbo\u00e7ar as primeiras ideias. O esp\u00edrito da escola \u00e9 criativo e colaborativo, refletindo a paix\u00e3o pelo samba e o compromisso com a comunidade.<\/p>\n<h2>O Papel das Redes Sociais na Cobertura do Evento<\/h2>\n<p>As redes sociais desempenham um papel crucial na promo\u00e7\u00e3o e cobertura do carnaval. Desde a intera\u00e7\u00e3o com os f\u00e3s at\u00e9 a divulga\u00e7\u00e3o dos ensaios e, claro, a transmiss\u00e3o ao vivo dos desfiles, plataformas como Instagram e Twitter se tornaram vitais para a dissemina\u00e7\u00e3o de informa\u00e7\u00e3o e engajamento. A Mocidade Alegre utiliza essas ferramentas n\u00e3o apenas para promover seu trabalho, mas tamb\u00e9m para construir um sentimento de comunidade entre os torcedores. Os coment\u00e1rios, fotos e v\u00eddeos compartilhados pelo p\u00fablico se transformam em um componente essencial das mem\u00f3rias do carnaval, fazendo com que a celebra\u00e7\u00e3o se estenda muito al\u00e9m dos limites do Samb\u00f3dromo.<\/p>\n\n<div style=\"font-size: 0px; height: 0px; line-height: 0px; margin: 0; padding: 0; clear: both;\"><\/div>","protected":false},"excerpt":{"rendered":"<p>Mocidade Alegre conquista o 13\u00ba t\u00edtulo no Carnaval de S\u00e3o Paulo. Confira a trajet\u00f3ria!<\/p>\n","protected":false},"author":1,"featured_media":2477,"comment_status":"open","ping_status":"closed","sticky":false,"template":"","format":"standard","meta":{"footnotes":""},"categories":[6],"tags":[],"class_list":["post-2478","post","type-post","status-publish","format-standard","has-post-thumbnail","hentry","category-noticias-no-bom-retiro","has_thumb"],"aioseo_notices":[],"_links":{"self":[{"href":"https:\/\/www.encontrabomretiro.com.br\/sobre\/wp-json\/wp\/v2\/posts\/2478","targetHints":{"allow":["GET"]}}],"collection":[{"href":"https:\/\/www.encontrabomretiro.com.br\/sobre\/wp-json\/wp\/v2\/posts"}],"about":[{"href":"https:\/\/www.encontrabomretiro.com.br\/sobre\/wp-json\/wp\/v2\/types\/post"}],"author":[{"embeddable":true,"href":"https:\/\/www.encontrabomretiro.com.br\/sobre\/wp-json\/wp\/v2\/users\/1"}],"replies":[{"embeddable":true,"href":"https:\/\/www.encontrabomretiro.com.br\/sobre\/wp-json\/wp\/v2\/comments?post=2478"}],"version-history":[{"count":0,"href":"https:\/\/www.encontrabomretiro.com.br\/sobre\/wp-json\/wp\/v2\/posts\/2478\/revisions"}],"wp:featuredmedia":[{"embeddable":true,"href":"https:\/\/www.encontrabomretiro.com.br\/sobre\/wp-json\/wp\/v2\/media\/2477"}],"wp:attachment":[{"href":"https:\/\/www.encontrabomretiro.com.br\/sobre\/wp-json\/wp\/v2\/media?parent=2478"}],"wp:term":[{"taxonomy":"category","embeddable":true,"href":"https:\/\/www.encontrabomretiro.com.br\/sobre\/wp-json\/wp\/v2\/categories?post=2478"},{"taxonomy":"post_tag","embeddable":true,"href":"https:\/\/www.encontrabomretiro.com.br\/sobre\/wp-json\/wp\/v2\/tags?post=2478"}],"curies":[{"name":"wp","href":"https:\/\/api.w.org\/{rel}","templated":true}]}}