{"id":2476,"date":"2026-02-27T09:53:59","date_gmt":"2026-02-27T11:53:59","guid":{"rendered":"https:\/\/www.encontrabomretiro.com.br\/sobre\/o-governo-tem-que-estar-onde-o-povo-esta-diz-afif-sobre-novo-centro-administrativo-estadual\/"},"modified":"2026-02-27T09:53:59","modified_gmt":"2026-02-27T11:53:59","slug":"o-governo-tem-que-estar-onde-o-povo-esta-diz-afif-sobre-novo-centro-administrativo-estadual","status":"publish","type":"post","link":"https:\/\/www.encontrabomretiro.com.br\/sobre\/o-governo-tem-que-estar-onde-o-povo-esta-diz-afif-sobre-novo-centro-administrativo-estadual\/","title":{"rendered":"\u2018O governo tem que estar onde o povo est\u00e1\u2019, diz Afif sobre novo Centro Administrativo Estadual"},"content":{"rendered":"<div class=\"228b65ae207de3c5c501cfe75875708b\" data-index=\"1\" style=\"float: none; margin:0px;\">\n<!-- Anuncio display - global -->\r\n<ins class=\"adsbygoogle\"\r\n     style=\"display:block\"\r\n     data-ad-client=\"ca-pub-8585364105181520\"\r\n     data-ad-slot=\"8789329856\"\r\n     data-ad-format=\"auto\"\r\n     data-full-width-responsive=\"true\"><\/ins>\r\n<script>\r\n     (adsbygoogle = window.adsbygoogle || []).push({});\r\n<\/script>\n<\/div>\n<h2>O conceito do novo Centro Administrativo<\/h2>\n<p>O Novo Centro Administrativo \u00e9 um projeto ambicioso que visa consolidar as diversas secretarias do governo estadual em um \u00fanico complexo. Este espa\u00e7o ser\u00e1 destinado \u00e0 unifica\u00e7\u00e3o de 28 secretarias que, atualmente, est\u00e3o distribu\u00eddas em 40 pr\u00e9dios distintos. A localiza\u00e7\u00e3o escolhida para este novo centro \u00e9 na regi\u00e3o dos <strong>Campos El\u00edseos<\/strong>, em S\u00e3o Paulo, onde est\u00e3o projetados sete edif\u00edcios e dez torres, todos desenvolvidos atrav\u00e9s de uma Parceria P\u00fablico-Privada no valor aproximado de R$ 6 bilh\u00f5es.<\/p>\n<h2>Mudan\u00e7as no panorama urbano de S\u00e3o Paulo<\/h2>\n<p>Com a implementa\u00e7\u00e3o do novo Centro Administrativo, as mudan\u00e7as na paisagem urbana de S\u00e3o Paulo s\u00e3o inevit\u00e1veis. Edif\u00edcios hist\u00f3ricos que atualmente abrigam secretarias poder\u00e3o ser transferidos para a iniciativa privada, o que n\u00e3o apenas modifica a atmosfera da \u00e1rea, mas tamb\u00e9m pode ajudar a revitalizar uma regi\u00e3o que enfrenta desafios como o abandono e a desocupa\u00e7\u00e3o.<\/p>\n<h2>Vantagens da centraliza\u00e7\u00e3o das secretarias<\/h2>\n<p>A centraliza\u00e7\u00e3o das secretarias em um \u00fanica localiza\u00e7\u00e3o oferece v\u00e1rias vantagens. Primeiramente, a unifica\u00e7\u00e3o reduz os custos operacionais e melhora a efici\u00eancia administrativa, possibilitando um melhor atendimento ao p\u00fablico. Al\u00e9m disso, a concentra\u00e7\u00e3o em um espa\u00e7o vai facilitar a intera\u00e7\u00e3o entre as diferentes pastas e promover uma gest\u00e3o mais integrada e \u00e1gil, que \u00e9 essencial para atender \u00e0s demandas da popula\u00e7\u00e3o de maneira eficaz.<\/p>\n<p><img decoding=\"async\" src=\"https:\/\/www.encontrabomretiro.com.br\/sobre\/wp-content\/uploads\/2026\/02\/o-governo-tem-que-estar-onde-o-povo-esta-diz-afif-sobre-novo-centro-administrativo-estadual.webp\" alt=\"novo Centro Administrativo Estadual\" loading=\"lazy\" \/><\/p>\n<h2>Desafios enfrentados at\u00e9 o leil\u00e3o<\/h2>\n<p>O processo at\u00e9 o leil\u00e3o do Novo Centro Administrativo n\u00e3o foi simples e enfrentou diversos desafios. O leil\u00e3o teve que ser adiado duas vezes a pedido das empresas interessadas, refletindo a complexidade do projeto e a necessidade de envolver parceiros de forte capacidade t\u00e9cnica e financeira. Os cons\u00f3rcios que ir\u00e3o participar do leil\u00e3o incluem o <strong>Cons\u00f3rcio Acciona-Construcap<\/strong> e o <strong>Cons\u00f3rcio MEZ-RZK Novo Centro<\/strong>, que formou uma equipe diversificada incluindo empresas como Zetta infraestrutura e M4 Investimentos.<\/p>\n<h2>Impactos na mobilidade urbana<\/h2>\n<p>Um dos pontos cruciais sobre a nova localiza\u00e7\u00e3o do Centro Administrativo \u00e9 o impacto na mobilidade urbana. O secret\u00e1rio especial de Projetos Estrat\u00e9gicos de S\u00e3o Paulo, <strong>Guilherme Afif Domingos<\/strong>, afirma que a regi\u00e3o escolhida \u00e9 uma das mais bem conectadas por transporte p\u00fablico. Al\u00e9m disso, a proposta n\u00e3o contempla estacionamentos excessivos, pois a expectativa \u00e9 que a maioria dos servidores acabe residindo nas proximidades, reduzindo a depend\u00eancia do carro.<\/p>\n<h2>Participa\u00e7\u00e3o da iniciativa privada no projeto<\/h2>\n<p>A participa\u00e7\u00e3o da iniciativa privada \u00e9 fundamental para a realiza\u00e7\u00e3o do projeto do Novo Centro Administrativo. A Parceria P\u00fablico-Privada permite que recursos e expertise do setor privado sejam incorporados ao planejamento e \u00e0 constru\u00e7\u00e3o do complexo, garantindo que o espa\u00e7o atenda \u00e0s necessidades tanto do governo quanto da popula\u00e7\u00e3o geral.<\/p>\n<h2>A import\u00e2ncia do acesso p\u00fablico<\/h2>\n<p>Um aspecto central do projeto \u00e9 garantir que as instala\u00e7\u00f5es sejam acess\u00edveis ao p\u00fablico. O planejamento inclui a cria\u00e7\u00e3o de lojas e espa\u00e7os abertos ao p\u00fablico no t\u00e9rreo dos edif\u00edcios, o que visa fomentar um ambiente de intera\u00e7\u00e3o e dinamismo na regi\u00e3o, contrapondo-se \u00e0 tend\u00eancia dos pr\u00e9dios modernos que normalmente s\u00e3o cercados e inacess\u00edveis.<\/p>\n<h2>Hist\u00f3rico das sedes administrativas<\/h2>\n<p>Historicamente, as sedes administrativas do governo estadual t\u00eam se aliado a quest\u00f5es de seguran\u00e7a e acessibilidade. O projeto do Novo Centro Administrativo tamb\u00e9m dialoga com essa hist\u00f3ria, buscando revitalizar edif\u00edcios emblem\u00e1ticos como o <strong>Hotel Esplanada<\/strong> e o antigo <strong>Cine Marrocos<\/strong>, que foram \u00edcones da cultura e do lazer paulistano.<\/p>\n<h2>A revitaliza\u00e7\u00e3o da regi\u00e3o central<\/h2>\n<p>A proposta do Novo Centro Administrativo est\u00e1 inserida em um contexto mais amplo de revitaliza\u00e7\u00e3o do centro da capital. As iniciativas para desmobilizar \u00e1reas problem\u00e1ticas como a Cracol\u00e2ndia figuram entre as mudan\u00e7as necess\u00e1rias \u00e0 requalifica\u00e7\u00e3o dessa regi\u00e3o, promovendo um ambiente de maior seguran\u00e7a e bem-estar para a popula\u00e7\u00e3o.<\/p>\n<h2>Expectativas para a popula\u00e7\u00e3o<\/h2>\n<p>A expectativa \u00e9 que a nova sede administrativa n\u00e3o apenas centralize as opera\u00e7\u00f5es do governo, mas tamb\u00e9m ative a economia local, gere empregos e contribua para um ambiente urbano mais vivo e acess\u00edvel. O projeto \u00e9 visto como uma oportunidade para transformar a rela\u00e7\u00e3o entre o governo e a sociedade, trazendo os servi\u00e7os administrativos mais perto do cidad\u00e3o.<\/p>\n\n<div style=\"font-size: 0px; height: 0px; line-height: 0px; margin: 0; padding: 0; clear: both;\"><\/div>","protected":false},"excerpt":{"rendered":"<p>O novo Centro Administrativo Estadual promete revolucionar a gest\u00e3o p\u00fablica em S\u00e3o Paulo.<\/p>\n","protected":false},"author":1,"featured_media":2475,"comment_status":"open","ping_status":"closed","sticky":false,"template":"","format":"standard","meta":{"footnotes":""},"categories":[6],"tags":[],"class_list":["post-2476","post","type-post","status-publish","format-standard","has-post-thumbnail","hentry","category-noticias-no-bom-retiro","has_thumb"],"aioseo_notices":[],"_links":{"self":[{"href":"https:\/\/www.encontrabomretiro.com.br\/sobre\/wp-json\/wp\/v2\/posts\/2476","targetHints":{"allow":["GET"]}}],"collection":[{"href":"https:\/\/www.encontrabomretiro.com.br\/sobre\/wp-json\/wp\/v2\/posts"}],"about":[{"href":"https:\/\/www.encontrabomretiro.com.br\/sobre\/wp-json\/wp\/v2\/types\/post"}],"author":[{"embeddable":true,"href":"https:\/\/www.encontrabomretiro.com.br\/sobre\/wp-json\/wp\/v2\/users\/1"}],"replies":[{"embeddable":true,"href":"https:\/\/www.encontrabomretiro.com.br\/sobre\/wp-json\/wp\/v2\/comments?post=2476"}],"version-history":[{"count":0,"href":"https:\/\/www.encontrabomretiro.com.br\/sobre\/wp-json\/wp\/v2\/posts\/2476\/revisions"}],"wp:featuredmedia":[{"embeddable":true,"href":"https:\/\/www.encontrabomretiro.com.br\/sobre\/wp-json\/wp\/v2\/media\/2475"}],"wp:attachment":[{"href":"https:\/\/www.encontrabomretiro.com.br\/sobre\/wp-json\/wp\/v2\/media?parent=2476"}],"wp:term":[{"taxonomy":"category","embeddable":true,"href":"https:\/\/www.encontrabomretiro.com.br\/sobre\/wp-json\/wp\/v2\/categories?post=2476"},{"taxonomy":"post_tag","embeddable":true,"href":"https:\/\/www.encontrabomretiro.com.br\/sobre\/wp-json\/wp\/v2\/tags?post=2476"}],"curies":[{"name":"wp","href":"https:\/\/api.w.org\/{rel}","templated":true}]}}