{"id":2474,"date":"2026-02-26T09:56:28","date_gmt":"2026-02-26T11:56:28","guid":{"rendered":"https:\/\/www.encontrabomretiro.com.br\/sobre\/autor-frances-edouard-louis-estrela-abertura-da-mitsp-em-sao-paulo\/"},"modified":"2026-02-26T09:56:28","modified_gmt":"2026-02-26T11:56:28","slug":"autor-frances-edouard-louis-estrela-abertura-da-mitsp-em-sao-paulo","status":"publish","type":"post","link":"https:\/\/www.encontrabomretiro.com.br\/sobre\/autor-frances-edouard-louis-estrela-abertura-da-mitsp-em-sao-paulo\/","title":{"rendered":"Autor franc\u00eas \u00c9douard Louis estrela abertura da MITsp em S\u00e3o Paulo"},"content":{"rendered":"<div class=\"228b65ae207de3c5c501cfe75875708b\" data-index=\"1\" style=\"float: none; margin:0px;\">\n<!-- Anuncio display - global -->\r\n<ins class=\"adsbygoogle\"\r\n     style=\"display:block\"\r\n     data-ad-client=\"ca-pub-8585364105181520\"\r\n     data-ad-slot=\"8789329856\"\r\n     data-ad-format=\"auto\"\r\n     data-full-width-responsive=\"true\"><\/ins>\r\n<script>\r\n     (adsbygoogle = window.adsbygoogle || []).push({});\r\n<\/script>\n<\/div>\n<h2>O que esperar da 11\u00aa MITsp<\/h2>\n<p>A 11\u00aa edi\u00e7\u00e3o da Mostra Internacional de Teatro de S\u00e3o Paulo (MITsp) promete uma programa\u00e7\u00e3o rica e diversificada. O festival ocorrer\u00e1 entre os dias 6 e 15 de mar\u00e7o e contar\u00e1 com mais de 20 produ\u00e7\u00f5es teatrais, tanto nacionais quanto internacionais. Este evento \u00e9 uma vitrine para o que h\u00e1 de mais interessante e inovador nas artes c\u00eanicas atuais, apresentando obras que v\u00e3o desde cl\u00e1ssicos contempor\u00e2neos a estreias ousadas. O foco dessa edi\u00e7\u00e3o \u00e9 oferecer uma experi\u00eancia teatral que dialogue com quest\u00f5es sociais relevantes, al\u00e9m de envolver o p\u00fablico em experi\u00eancias c\u00eanicas \u00fanicas.<\/p>\n<h2>\u00c9douard Louis em S\u00e3o Paulo<\/h2>\n<p>Um dos grandes destaques do festival ser\u00e1 a apresenta\u00e7\u00e3o das obras do renomado autor franc\u00eas **\u00c9douard Louis**. O autor \u00e9 conhecido por sua abordagem incisiva e provocativa sobre quest\u00f5es sociais e identidades. Durante a MITsp, Louis apresentar\u00e1 adapta\u00e7\u00f5es de suas obras, que t\u00eam sido aclamadas pela cr\u00edtica internacional. Com seu estilo aut\u00eantico e envolvente, ele promete cativar a audi\u00eancia e promover reflex\u00f5es profundas.<\/p>\n<h2>Produ\u00e7\u00f5es internacionais em destaque<\/h2>\n<p>A programa\u00e7\u00e3o deste ano destaca tamb\u00e9m produ\u00e7\u00f5es de diversos pa\u00edses, incluindo o Congo e o Canad\u00e1. Por exemplo, o dramaturgo congol\u00eas **Dieudonn\u00e9 Niangouna** trar\u00e1 sua vis\u00e3o \u00fanica do teatro pol\u00edtico, enquanto o espet\u00e1culo canadense &#8220;Vigiada e Punida&#8221; traz \u00e0 tona quest\u00f5es sobre liberdade de express\u00e3o. Essas obras oferecem uma rica diversidade de perspectivas e narrativas que desafiam e inspiram o p\u00fablico a repensar o papel do teatro na sociedade contempor\u00e2nea.<\/p>\n<p><img decoding=\"async\" src=\"https:\/\/www.encontrabomretiro.com.br\/sobre\/wp-content\/uploads\/2026\/02\/autor-frances-edouard-louis-estrela-abertura-da-mitsp-em-sao-paulo.webp\" alt=\"MITsp\" loading=\"lazy\" \/><\/p>\n<h2>Venda de ingressos come\u00e7a dia 12<\/h2>\n<p>A venda de ingressos para a MITsp ter\u00e1 in\u00edcio no dia 12 de fevereiro. Os interessados em assistir \u00e0s performances devem ficar atentos, pois a procura promete ser intensa, dada a qualidade das produ\u00e7\u00f5es apresentadas. \u00c9 aconselh\u00e1vel que os espectadores garantam seus ingressos o quanto antes para n\u00e3o perder a chance de ver artistas e produ\u00e7\u00f5es de renome mundial.<\/p>\n<h2>Abertura com &#8216;Hist\u00f3ria da Viol\u00eancia&#8217;<\/h2>\n<p>A abertura oficial do festival ficar\u00e1 a cargo da pe\u00e7a &#8220;Hist\u00f3ria da Viol\u00eancia&#8221;, uma adapta\u00e7\u00e3o da obra hom\u00f4nima de \u00c9douard Louis. Este espet\u00e1culo, que j\u00e1 conquistou diversos pr\u00eamios internacionais, ser\u00e1 dirigido por **Thomas Ostermeier**, um dos diretores mais influentes da atualidade, conhecido por seu trabalho inovador e provocador. A pe\u00e7a aborda temas como viol\u00eancia e opress\u00e3o, refletindo sobre a condi\u00e7\u00e3o humana de maneira intensa.<\/p>\n<h2>Foco em performance negra e afro-ind\u00edgena<\/h2>\n<p>A MITsp deste ano traz, pela primeira vez, um foco espec\u00edfico em performances negras e afro-ind\u00edgenas. Esse destaque representa um passo significativo para a valoriza\u00e7\u00e3o das vozes e experi\u00eancias que muitas vezes s\u00e3o marginalizadas. O festival busca promover a diversidade cultural e destacar artistas que representam essas importantes narrativas na sociedade brasileira.<\/p>\n<h2>Artistas do Centro-Oeste na programa\u00e7\u00e3o<\/h2>\n<p>Al\u00e9m das produ\u00e7\u00f5es internacionais e dos temas sociais, o festival ter\u00e1 um espa\u00e7o especial dedicado aos artistas do Centro-Oeste do Brasil. Este eixo pretende dar visibilidade a grupos e indiv\u00edduos dessa regi\u00e3o, trazendo suas hist\u00f3rias e express\u00f5es art\u00edsticas para o palco. Essa inclus\u00e3o enriquece a programa\u00e7\u00e3o e amplia o di\u00e1logo entre diferentes culturas e realidades.<\/p>\n<h2>Dire\u00e7\u00e3o de Thomas Ostermeier<\/h2>\n<p>**Thomas Ostermeier**, como mencionado anteriormente, ser\u00e1 um dos diretores em destaque. Seu estilo inovador e sua capacidade de trazer novas perspectivas a cl\u00e1ssicos e contempor\u00e2neos tornam suas produ\u00e7\u00f5es uma obriga\u00e7\u00e3o para qualquer amante do teatro. Ostermeier traz um olhar cr\u00edtico e desafiador \u00e0s suas obras, estimulando a reflex\u00e3o e o debate entre o p\u00fablico.<\/p>\n<h2>Espet\u00e1culos imperd\u00edveis a n\u00e3o perder<\/h2>\n<p>Entre os espet\u00e1culos mais aguardados, destacam-se &#8220;Quem Matou Meu Pai&#8221;, tamb\u00e9m de \u00c9douard Louis, onde o autor tem participa\u00e7\u00e3o em cena, e &#8220;Do Lado de C\u00e1&#8221;, do dramaturgo congol\u00eas **Dieudonn\u00e9 Niangouna**. Estas produ\u00e7\u00f5es, juntamente com outras do festival, prometem proporcionar experi\u00eancias impactantes e emocionantes, que ficar\u00e3o na mem\u00f3ria dos espectadores.<\/p>\n<h2>Como se preparar para o festival<\/h2>\n<p>Para aproveitar ao m\u00e1ximo a 11\u00aa MITsp, \u00e9 recomendado que os interessados pesquisem sobre as produ\u00e7\u00f5es e artistas que estar\u00e3o se apresentando. Um planejamento pr\u00e9vio dos dias e hor\u00e1rios das pe\u00e7as permite que o p\u00fablico vivencie v\u00e1rias experi\u00eancias teatrais. Adicionalmente, \u00e9 interessante se conectar com outros espectadores e participar de discuss\u00f5es sobre as tem\u00e1ticas apresentadas nas obras. O festival n\u00e3o \u00e9 apenas um espa\u00e7o de entretenimento, mas tamb\u00e9m um local de troca cultural e reflex\u00e3o cr\u00edtica.<\/p>\n<h2>Confira os espet\u00e1culos desta edi\u00e7\u00e3o<\/h2>\n<p><strong>Eixo \u2014 Mostra de Espet\u00e1culos<\/strong><\/p>\n<ul>\n<li><strong>A Carta [La Lettre]<\/strong><br \/>Pa\u00eds: Su\u00ed\u00e7a<br \/>Datas: 07, 08 e 09 de mar\u00e7o<br \/>Local: Sesi SP<br \/>Cria\u00e7\u00e3o\/Dire\u00e7\u00e3o: Milo Rau<\/li>\n<li><strong>Do Lado de C\u00e1 [De ce c\u00f4t\u00e9]<\/strong><br \/>Pa\u00eds: Rep\u00fablica do Congo<br \/>Datas: 13, 14 e 15 de mar\u00e7o<br \/>Local: Sesc Vila Mariana<br \/>Cria\u00e7\u00e3o\/Dire\u00e7\u00e3o: Dieudonn\u00e9 Niangouna<\/li>\n<li><strong>Hist\u00f3ria da Viol\u00eancia [Im Herzen der Gewalt]<\/strong><br \/>Pa\u00eds: Alemanha\/Fran\u00e7a<br \/>Datas: 06 (abertura), 07 e 08 de mar\u00e7o<br \/>Local: Teatro Liberdade<br \/>Texto: \u00c9douard Louis<br \/>Dire\u00e7\u00e3o: Thomas Ostermeier<\/li>\n<li><strong>Quem Matou Meu Pai [Qui a Tu\u00e9 Mon P\u00e8re]<\/strong><br \/>Pa\u00eds: Alemanha\/Fran\u00e7a<br \/>Datas: 11, 12 e 13 de mar\u00e7o<br \/>Local: Sesc Pinheiros<br \/>Texto e Atua\u00e7\u00e3o: \u00c9douard Louis<br \/>Dire\u00e7\u00e3o: Thomas Ostermeier<\/li>\n<li><strong>Vigiada e Punida [Surveill\u00e9e et Punie]<\/strong><br \/>Pa\u00eds: Canad\u00e1<br \/>Datas: 13, 14 e 15 de mar\u00e7o<br \/>Local: Sesi SP<br \/>Cria\u00e7\u00e3o: Safia Nolin e Philippe Cyr<\/li>\n<\/ul>\n<p>*N\u00e3o perca a oportunidade de vivenciar a arte teatral em sua forma mais vibrante e instigante na 11\u00aa MITsp!*<\/p>\n<h2>Servi\u00e7o<\/h2>\n<p>MITsp \u2013 Mostra Internacional de Teatro de S\u00e3o Paulo \u2013 11\u00aa Edi\u00e7\u00e3o<br \/>Data: 06 a 15 de mar\u00e7o de 2026<br \/>Locais: CCSP \u2013 Centro Cultural S\u00e3o Paulo, Casa do Povo, Espa\u00e7o Sobrevento, iBT \u2013 Instituto Brasileiro de Teatro, Ita\u00fa Cultural, e outros teatros na cidade.<\/p>\n\n<div style=\"font-size: 0px; height: 0px; line-height: 0px; margin: 0; padding: 0; clear: both;\"><\/div>","protected":false},"excerpt":{"rendered":"<p>\u00c9douard Louis estrela a abertura da MITsp, um festival emocionante e diversificado em S\u00e3o Paulo.<\/p>\n","protected":false},"author":1,"featured_media":2473,"comment_status":"open","ping_status":"closed","sticky":false,"template":"","format":"standard","meta":{"footnotes":""},"categories":[6],"tags":[],"class_list":["post-2474","post","type-post","status-publish","format-standard","has-post-thumbnail","hentry","category-noticias-no-bom-retiro","has_thumb"],"aioseo_notices":[],"_links":{"self":[{"href":"https:\/\/www.encontrabomretiro.com.br\/sobre\/wp-json\/wp\/v2\/posts\/2474","targetHints":{"allow":["GET"]}}],"collection":[{"href":"https:\/\/www.encontrabomretiro.com.br\/sobre\/wp-json\/wp\/v2\/posts"}],"about":[{"href":"https:\/\/www.encontrabomretiro.com.br\/sobre\/wp-json\/wp\/v2\/types\/post"}],"author":[{"embeddable":true,"href":"https:\/\/www.encontrabomretiro.com.br\/sobre\/wp-json\/wp\/v2\/users\/1"}],"replies":[{"embeddable":true,"href":"https:\/\/www.encontrabomretiro.com.br\/sobre\/wp-json\/wp\/v2\/comments?post=2474"}],"version-history":[{"count":0,"href":"https:\/\/www.encontrabomretiro.com.br\/sobre\/wp-json\/wp\/v2\/posts\/2474\/revisions"}],"wp:featuredmedia":[{"embeddable":true,"href":"https:\/\/www.encontrabomretiro.com.br\/sobre\/wp-json\/wp\/v2\/media\/2473"}],"wp:attachment":[{"href":"https:\/\/www.encontrabomretiro.com.br\/sobre\/wp-json\/wp\/v2\/media?parent=2474"}],"wp:term":[{"taxonomy":"category","embeddable":true,"href":"https:\/\/www.encontrabomretiro.com.br\/sobre\/wp-json\/wp\/v2\/categories?post=2474"},{"taxonomy":"post_tag","embeddable":true,"href":"https:\/\/www.encontrabomretiro.com.br\/sobre\/wp-json\/wp\/v2\/tags?post=2474"}],"curies":[{"name":"wp","href":"https:\/\/api.w.org\/{rel}","templated":true}]}}