{"id":2464,"date":"2026-02-24T09:44:43","date_gmt":"2026-02-24T11:44:43","guid":{"rendered":"https:\/\/www.encontrabomretiro.com.br\/sobre\/catto-faz-show-no-rio-de-janeiro-e-em-sao-paulo-leia-entrevista-com-a-artista\/"},"modified":"2026-02-24T09:44:43","modified_gmt":"2026-02-24T11:44:43","slug":"catto-faz-show-no-rio-de-janeiro-e-em-sao-paulo-leia-entrevista-com-a-artista","status":"publish","type":"post","link":"https:\/\/www.encontrabomretiro.com.br\/sobre\/catto-faz-show-no-rio-de-janeiro-e-em-sao-paulo-leia-entrevista-com-a-artista\/","title":{"rendered":"Catto faz show no Rio de Janeiro e em S\u00e3o Paulo; leia entrevista com a artista"},"content":{"rendered":"<div class=\"228b65ae207de3c5c501cfe75875708b\" data-index=\"1\" style=\"float: none; margin:0px;\">\n<!-- Anuncio display - global -->\r\n<ins class=\"adsbygoogle\"\r\n     style=\"display:block\"\r\n     data-ad-client=\"ca-pub-8585364105181520\"\r\n     data-ad-slot=\"8789329856\"\r\n     data-ad-format=\"auto\"\r\n     data-full-width-responsive=\"true\"><\/ins>\r\n<script>\r\n     (adsbygoogle = window.adsbygoogle || []).push({});\r\n<\/script>\n<\/div>\n<h2>Agenda de Shows da Catto<\/h2>\n<p>Na quinta-feira, 28 de janeiro de 2026, <strong>Catto<\/strong> ir\u00e1 se apresentar no Rio de Janeiro, no <strong>Teatro Riachuelo<\/strong>, dando in\u00edcio a sua nova turn\u00ea, intitulada <em>Caminhos Selvagens<\/em>. Em seguida, a artista seguir\u00e1 para S\u00e3o Paulo, onde realizar\u00e1 tr\u00eas shows no <strong>Sesc Bom Retiro<\/strong>. Os f\u00e3s podem conferir e adquirir seus ingressos logo abaixo.<\/p>\n<p>Com um repert\u00f3rio que destaca seu \u00e1lbum hom\u00f4nimo lan\u00e7ado em 2025, o show promete ser uma experi\u00eancia intensa, repleta de emo\u00e7\u00e3o e musicalidade.<\/p>\n<h2>Entrevista Exclusiva com a Artista<\/h2>\n<p>Nesta entrevista, Catto compartilha suas inspira\u00e7\u00f5es e a jornada que a levou a compor seu novo \u00e1lbum <em>Caminhos Selvagens<\/em>. Ap\u00f3s sete longos anos desde suas primeiras grava\u00e7\u00f5es, Catto destaca a necessidade de expressar suas emo\u00e7\u00f5es mais profundas. O disco \u00e9 uma mistura de temas sobre perdas e transforma\u00e7\u00f5es, mas tamb\u00e9m celebra encontros e experi\u00eancias vividas na sua trajet\u00f3ria art\u00edstica.<\/p>\n<p><img decoding=\"async\" src=\"https:\/\/www.encontrabomretiro.com.br\/sobre\/wp-content\/uploads\/2026\/02\/catto-faz-show-no-rio-de-janeiro-e-em-sao-paulo-leia-entrevista-com-a-artista.webp\" alt=\"Catto\" loading=\"lazy\" \/><\/p>\n<p>Catto reflete sobre como a m\u00fasica pode ser um espelho de suas viv\u00eancias, ressaltando as dores e alegrias que acompanham ser quem ela \u00e9. O \u00e1lbum oferece uma nova perspectiva da artista, tocando em quest\u00f5es que envolvem sua identidade e seus desafios pessoais.<\/p>\n<h2>A Influ\u00eancia do Novo \u00c1lbum<\/h2>\n<p><strong>Caminhos Selvagens<\/strong> traz influ\u00eancias do grunge feminino, com Catto mencionando artistas como <strong>PJ Harvey<\/strong>, <strong>Fiona Apple<\/strong> e a banda <strong>Hole<\/strong> como refer\u00eancias em seu trabalho. Essas inspira\u00e7\u00f5es permeiam as composi\u00e7\u00f5es, criando texturas sonoras que evocam a ess\u00eancia dos anos 90, misturando-as com sua pr\u00f3pria identidade.<\/p>\n<p>O \u00e1lbum \u00e9 um convite a revisitar as mem\u00f3rias e as emo\u00e7\u00f5es atrav\u00e9s de sonoridades ricas, que flutuam entre guitarras distorcidas, atmosf\u00e9ricas e arranjos orquestrais, revelando um lado mais cru e intenso da artista.<\/p>\n<h2>Caminhos Selvagens: O Que Esperar<\/h2>\n<p>O disco come\u00e7a com a poderosa can\u00e7\u00e3o &#8220;N\u00e3o Aprendi a Perdoar&#8221;, que define um tom de maturidade e descontentamento. A obra segue com as faixas &#8220;Te Amo&#8221;, que transporta o ouvinte para uma jornada emocional complexa, e &#8220;Solid\u00e3o \u00e9 uma Festa&#8221;, onde formas de vulnerabilidade encontram for\u00e7a nas guitarras intensas.<\/p>\n<p>A faixa-t\u00edtulo, um poema-manifesto, narra a transi\u00e7\u00e3o de g\u00eanero de Catto, abordando os desafios que existem nas interse\u00e7\u00f5es entre identidade e express\u00e3o art\u00edstica. A m\u00fasica &#8220;Madrigal&#8221; reflete sobre os prazeres do amor e da sensualidade, enquanto &#8220;Leite Derramado&#8221; encerra o disco com um tom introspectivo e ir\u00f4nico, contemplando o fim e um novo come\u00e7o.<\/p>\n<h2>Catto e Sua Jornada Musical<\/h2>\n<p>Com <em>Caminhos Selvagens<\/em>, Catto soma oito \u00e1lbuns em sua carreira, marcando um legado significativo na cena musical. Passando por temas diversos, sua discografia reflete um crescimento e um amadurecimento pessoal e art\u00edstico, cada trabalho trazendo \u00e0 tona diferentes facetas de sua identidade.<\/p>\n<p>A turn\u00ea, acompanhada por uma banda que inclui amigos de longa data, promete estreitar a conex\u00e3o entre Catto e seu p\u00fablico, com performances que v\u00e3o al\u00e9m do mero entretenimento, sendo experi\u00eancias emocionais e reveladoras.<\/p>\n<h2>Momentos Incr\u00edveis na Turn\u00ea<\/h2>\n<p>Durante a turn\u00ea, Catto n\u00e3o apenas performa suas m\u00fasicas, mas tamb\u00e9m se conecta com seu p\u00fablico de maneiras \u00fanicas. Cada show oferece momentos impag\u00e1veis, onde a energia do p\u00fablico se funde com a intensidade da artista no palco. \u00c9 um espa\u00e7o seguro para a liberdade de express\u00e3o e aceita\u00e7\u00e3o.<\/p>\n<p>A intera\u00e7\u00e3o entre Catto e seus f\u00e3s cria mem\u00f3rias valiosas e reafirma a import\u00e2ncia da m\u00fasica como ferramenta de transforma\u00e7\u00e3o pessoal e social.<\/p>\n<h2>Explorando a M\u00fasica de Catto<\/h2>\n<p>A m\u00fasica \u00e9 um reflexo da vida de Catto, e em <em>Caminhos Selvagens<\/em>, ela explora as nuances que a fazem \u00fanica. As letras, escritas com sinceridade e honestidade, revelam os altos e baixos de sua jornada. O som \u00e9 despretensioso, mas cheio de pot\u00eancia, com arranjos que desafiam as expectativas.<\/p>\n<p>Os f\u00e3s que conhecem a trajet\u00f3ria da artista saber\u00e3o reconhecer a evolu\u00e7\u00e3o presente nas novas composi\u00e7\u00f5es, que, em sua ess\u00eancia, continuam a explorar a complexidade das experi\u00eancias humanas.<\/p>\n<h2>Desabafos e Confiss\u00f5es<\/h2>\n<p>Catto n\u00e3o hesita em discutir as dificuldades que encontrou ao longo do caminho, trazendo \u00e0 tona a responsabilidade que sente como artista e figura p\u00fablica. Sua coragem em compartilhar hist\u00f3rias pessoais torna sua m\u00fasica ainda mais poderosa e ressonante.<\/p>\n<p>Ela fala abertamente sobre sua luta para se afirmar em um mundo que muitas vezes marginaliza vozes como a dela, destacando a import\u00e2ncia de dar visibilidade a quest\u00f5es de g\u00eanero e identidade.<\/p>\n<h2>Por Dentro do Processo Criativo<\/h2>\n<p>O processo de cria\u00e7\u00e3o de <em>Caminhos Selvagens<\/em> foi uma jornada de redescoberta. Catto foi capaz de mergulhar nas suas emo\u00e7\u00f5es, escrevendo e gravando suas can\u00e7\u00f5es de forma visceral e \u00edntima. Explora\u00e7\u00f5es com timbres e sonoridades foram fundamentais para criar o ambiente perfeito para suas letras.<\/p>\n<p>As grava\u00e7\u00f5es foram feitas em um ambiente acolhedor, permitindo que a artista se sentisse livre para experimentar e se expressar genuinamente. Esse esp\u00edrito de colabora\u00e7\u00e3o e confian\u00e7a com seus m\u00fasicos resultou em um \u00e1lbum aut\u00eantico e en\u00e9rgico.<\/p>\n<h2>O Impacto de Catto na M\u00fasica Brasileira<\/h2>\n<p>Catto representa uma voz forte dentro da m\u00fasica brasileira contempor\u00e2nea, influenciando n\u00e3o apenas sua gera\u00e7\u00e3o, mas tamb\u00e9m as que vir\u00e3o. Seu trabalho alia experi\u00eancias pessoais a uma est\u00e9tica musical que cativa e envolve os ouvintes.<\/p>\n<p>A busca por autenticidade em sua arte e seu compromisso com a verdade s\u00e3o inspiradores, mostrando que \u00e9 poss\u00edvel ser verdadeiro em um mundo que muitas vezes exige conformidade.<\/p>\n\n<div style=\"font-size: 0px; height: 0px; line-height: 0px; margin: 0; padding: 0; clear: both;\"><\/div>","protected":false},"excerpt":{"rendered":"<p>Catto leva sua m\u00fasica ao Rio de Janeiro e S\u00e3o Paulo, confira a entrevista!<\/p>\n","protected":false},"author":1,"featured_media":2463,"comment_status":"open","ping_status":"closed","sticky":false,"template":"","format":"standard","meta":{"footnotes":""},"categories":[6],"tags":[],"class_list":["post-2464","post","type-post","status-publish","format-standard","has-post-thumbnail","hentry","category-noticias-no-bom-retiro","has_thumb"],"aioseo_notices":[],"aioseo_head":"\n\t\t<!-- All in One SEO 5.0.0.1 - aioseo.com -->\n\t<meta name=\"description\" content=\"Catto leva sua m\u00fasica ao Rio de Janeiro e S\u00e3o Paulo, confira a entrevista!\" \/>\n\t<meta name=\"robots\" content=\"max-image-preview:large\" \/>\n\t<meta name=\"author\" content=\"Encontra Bom Retiro\"\/>\n\t<link rel=\"canonical\" href=\"https:\/\/www.encontrabomretiro.com.br\/sobre\/catto-faz-show-no-rio-de-janeiro-e-em-sao-paulo-leia-entrevista-com-a-artista\/\" \/>\n\t<meta name=\"generator\" content=\"All in One SEO (AIOSEO) 5.0.0.1\" \/>\n\t\t<meta property=\"og:locale\" content=\"pt_BR\" \/>\n\t\t<meta property=\"og:site_name\" content=\"Encontra Bom Retiro | Not\u00edcias, eventos, informa\u00e7\u00f5es e dicas no bairro do Bom Retiro e regi\u00e3o.\" \/>\n\t\t<meta property=\"og:type\" content=\"article\" \/>\n\t\t<meta property=\"og:title\" content=\"Catto faz show no Rio de Janeiro e em S\u00e3o Paulo; leia entrevista com a artista | Encontra Bom Retiro\" \/>\n\t\t<meta property=\"og:description\" content=\"Catto leva sua m\u00fasica ao Rio de Janeiro e S\u00e3o Paulo, confira a entrevista!\" \/>\n\t\t<meta property=\"og:url\" content=\"https:\/\/www.encontrabomretiro.com.br\/sobre\/catto-faz-show-no-rio-de-janeiro-e-em-sao-paulo-leia-entrevista-com-a-artista\/\" \/>\n\t\t<meta property=\"article:published_time\" content=\"2026-02-24T11:44:43+00:00\" \/>\n\t\t<meta property=\"article:modified_time\" content=\"2026-02-24T11:44:43+00:00\" \/>\n\t\t<meta name=\"twitter:card\" content=\"summary_large_image\" \/>\n\t\t<meta name=\"twitter:title\" content=\"Catto faz show no Rio de Janeiro e em S\u00e3o Paulo; leia entrevista com a artista | Encontra Bom Retiro\" \/>\n\t\t<meta name=\"twitter:description\" content=\"Catto leva sua m\u00fasica ao Rio de Janeiro e S\u00e3o Paulo, confira a entrevista!\" \/>\n\t\t<script type=\"application\/ld+json\" class=\"aioseo-schema\">\n\t\t\t{\"@context\":\"https:\\\/\\\/schema.org\",\"@graph\":[{\"@type\":\"Article\",\"@id\":\"https:\\\/\\\/www.encontrabomretiro.com.br\\\/sobre\\\/catto-faz-show-no-rio-de-janeiro-e-em-sao-paulo-leia-entrevista-com-a-artista\\\/#article\",\"name\":\"Catto faz show no Rio de Janeiro e em S\\u00e3o Paulo; leia entrevista com a artista | Encontra Bom Retiro\",\"headline\":\"Catto faz show no Rio de Janeiro e em S\\u00e3o Paulo; leia entrevista com a artista\",\"author\":{\"@id\":\"https:\\\/\\\/www.encontrabomretiro.com.br\\\/sobre\\\/author\\\/ebomretiro\\\/#author\"},\"publisher\":{\"@id\":\"https:\\\/\\\/www.encontrabomretiro.com.br\\\/sobre\\\/#organization\"},\"image\":{\"@type\":\"ImageObject\",\"url\":\"https:\\\/\\\/www.encontrabomretiro.com.br\\\/sobre\\\/wp-content\\\/uploads\\\/2026\\\/02\\\/catto-faz-show-no-rio-de-janeiro-e-em-sao-paulo-leia-entrevista-com-a-artista.webp\",\"width\":280,\"height\":280,\"caption\":\"Catto\"},\"datePublished\":\"2026-02-24T09:44:43-02:00\",\"dateModified\":\"2026-02-24T09:44:43-02:00\",\"inLanguage\":\"pt-BR\",\"mainEntityOfPage\":{\"@id\":\"https:\\\/\\\/www.encontrabomretiro.com.br\\\/sobre\\\/catto-faz-show-no-rio-de-janeiro-e-em-sao-paulo-leia-entrevista-com-a-artista\\\/#webpage\"},\"isPartOf\":{\"@id\":\"https:\\\/\\\/www.encontrabomretiro.com.br\\\/sobre\\\/catto-faz-show-no-rio-de-janeiro-e-em-sao-paulo-leia-entrevista-com-a-artista\\\/#webpage\"},\"articleSection\":\"Not\\u00edcias Bom Retiro\"},{\"@type\":\"BreadcrumbList\",\"@id\":\"https:\\\/\\\/www.encontrabomretiro.com.br\\\/sobre\\\/catto-faz-show-no-rio-de-janeiro-e-em-sao-paulo-leia-entrevista-com-a-artista\\\/#breadcrumblist\",\"itemListElement\":[{\"@type\":\"ListItem\",\"@id\":\"https:\\\/\\\/www.encontrabomretiro.com.br\\\/sobre#listItem\",\"position\":1,\"name\":\"Dom\\u00e9stica\",\"item\":\"https:\\\/\\\/www.encontrabomretiro.com.br\\\/sobre\",\"nextItem\":{\"@type\":\"ListItem\",\"@id\":\"https:\\\/\\\/www.encontrabomretiro.com.br\\\/sobre\\\/noticias-no-bom-retiro\\\/#listItem\",\"name\":\"Not\\u00edcias Bom Retiro\"}},{\"@type\":\"ListItem\",\"@id\":\"https:\\\/\\\/www.encontrabomretiro.com.br\\\/sobre\\\/noticias-no-bom-retiro\\\/#listItem\",\"position\":2,\"name\":\"Not\\u00edcias Bom Retiro\",\"item\":\"https:\\\/\\\/www.encontrabomretiro.com.br\\\/sobre\\\/noticias-no-bom-retiro\\\/\",\"nextItem\":{\"@type\":\"ListItem\",\"@id\":\"https:\\\/\\\/www.encontrabomretiro.com.br\\\/sobre\\\/catto-faz-show-no-rio-de-janeiro-e-em-sao-paulo-leia-entrevista-com-a-artista\\\/#listItem\",\"name\":\"Catto faz show no Rio de Janeiro e em S\\u00e3o Paulo; leia entrevista com a artista\"},\"previousItem\":{\"@type\":\"ListItem\",\"@id\":\"https:\\\/\\\/www.encontrabomretiro.com.br\\\/sobre#listItem\",\"name\":\"Dom\\u00e9stica\"}},{\"@type\":\"ListItem\",\"@id\":\"https:\\\/\\\/www.encontrabomretiro.com.br\\\/sobre\\\/catto-faz-show-no-rio-de-janeiro-e-em-sao-paulo-leia-entrevista-com-a-artista\\\/#listItem\",\"position\":3,\"name\":\"Catto faz show no Rio de Janeiro e em S\\u00e3o Paulo; leia entrevista com a artista\",\"previousItem\":{\"@type\":\"ListItem\",\"@id\":\"https:\\\/\\\/www.encontrabomretiro.com.br\\\/sobre\\\/noticias-no-bom-retiro\\\/#listItem\",\"name\":\"Not\\u00edcias Bom Retiro\"}}]},{\"@type\":\"Organization\",\"@id\":\"https:\\\/\\\/www.encontrabomretiro.com.br\\\/sobre\\\/#organization\",\"name\":\"Encontra Bom Retiro\",\"description\":\"Not\\u00edcias, eventos, informa\\u00e7\\u00f5es e dicas no bairro do Bom Retiro e regi\\u00e3o.\",\"url\":\"https:\\\/\\\/www.encontrabomretiro.com.br\\\/sobre\\\/\"},{\"@type\":\"Person\",\"@id\":\"https:\\\/\\\/www.encontrabomretiro.com.br\\\/sobre\\\/author\\\/ebomretiro\\\/#author\",\"url\":\"https:\\\/\\\/www.encontrabomretiro.com.br\\\/sobre\\\/author\\\/ebomretiro\\\/\",\"name\":\"Encontra Bom Retiro\",\"image\":{\"@type\":\"ImageObject\",\"@id\":\"https:\\\/\\\/www.encontrabomretiro.com.br\\\/sobre\\\/catto-faz-show-no-rio-de-janeiro-e-em-sao-paulo-leia-entrevista-com-a-artista\\\/#authorImage\",\"url\":\"https:\\\/\\\/secure.gravatar.com\\\/avatar\\\/507340682b8270222e1f208e23198b6ae7e2c6a1033ae84e99bc6bce4f82a387?s=96&d=mm&r=g\",\"width\":96,\"height\":96,\"caption\":\"Encontra Bom Retiro\"}},{\"@type\":\"WebPage\",\"@id\":\"https:\\\/\\\/www.encontrabomretiro.com.br\\\/sobre\\\/catto-faz-show-no-rio-de-janeiro-e-em-sao-paulo-leia-entrevista-com-a-artista\\\/#webpage\",\"url\":\"https:\\\/\\\/www.encontrabomretiro.com.br\\\/sobre\\\/catto-faz-show-no-rio-de-janeiro-e-em-sao-paulo-leia-entrevista-com-a-artista\\\/\",\"name\":\"Catto faz show no Rio de Janeiro e em S\\u00e3o Paulo; leia entrevista com a artista | Encontra Bom Retiro\",\"description\":\"Catto leva sua m\\u00fasica ao Rio de Janeiro e S\\u00e3o Paulo, confira a entrevista!\",\"inLanguage\":\"pt-BR\",\"isPartOf\":{\"@id\":\"https:\\\/\\\/www.encontrabomretiro.com.br\\\/sobre\\\/#website\"},\"breadcrumb\":{\"@id\":\"https:\\\/\\\/www.encontrabomretiro.com.br\\\/sobre\\\/catto-faz-show-no-rio-de-janeiro-e-em-sao-paulo-leia-entrevista-com-a-artista\\\/#breadcrumblist\"},\"author\":{\"@id\":\"https:\\\/\\\/www.encontrabomretiro.com.br\\\/sobre\\\/author\\\/ebomretiro\\\/#author\"},\"creator\":{\"@id\":\"https:\\\/\\\/www.encontrabomretiro.com.br\\\/sobre\\\/author\\\/ebomretiro\\\/#author\"},\"image\":{\"@type\":\"ImageObject\",\"url\":\"https:\\\/\\\/www.encontrabomretiro.com.br\\\/sobre\\\/wp-content\\\/uploads\\\/2026\\\/02\\\/catto-faz-show-no-rio-de-janeiro-e-em-sao-paulo-leia-entrevista-com-a-artista.webp\",\"@id\":\"https:\\\/\\\/www.encontrabomretiro.com.br\\\/sobre\\\/catto-faz-show-no-rio-de-janeiro-e-em-sao-paulo-leia-entrevista-com-a-artista\\\/#mainImage\",\"width\":280,\"height\":280,\"caption\":\"Catto\"},\"primaryImageOfPage\":{\"@id\":\"https:\\\/\\\/www.encontrabomretiro.com.br\\\/sobre\\\/catto-faz-show-no-rio-de-janeiro-e-em-sao-paulo-leia-entrevista-com-a-artista\\\/#mainImage\"},\"datePublished\":\"2026-02-24T09:44:43-02:00\",\"dateModified\":\"2026-02-24T09:44:43-02:00\"},{\"@type\":\"WebSite\",\"@id\":\"https:\\\/\\\/www.encontrabomretiro.com.br\\\/sobre\\\/#website\",\"url\":\"https:\\\/\\\/www.encontrabomretiro.com.br\\\/sobre\\\/\",\"name\":\"Encontra Bom Retiro\",\"description\":\"Not\\u00edcias, eventos, informa\\u00e7\\u00f5es e dicas no bairro do Bom Retiro e regi\\u00e3o.\",\"inLanguage\":\"pt-BR\",\"publisher\":{\"@id\":\"https:\\\/\\\/www.encontrabomretiro.com.br\\\/sobre\\\/#organization\"}}]}\n\t\t<\/script>\n\t\t<!-- All in One SEO -->\n\n","aioseo_head_json":{"title":"Catto faz show no Rio de Janeiro e em S\u00e3o Paulo; leia entrevista com a artista | Encontra Bom Retiro","description":"Catto leva sua m\u00fasica ao Rio de Janeiro e S\u00e3o Paulo, confira a entrevista!","canonical_url":"https:\/\/www.encontrabomretiro.com.br\/sobre\/catto-faz-show-no-rio-de-janeiro-e-em-sao-paulo-leia-entrevista-com-a-artista\/","robots":"max-image-preview:large","keywords":"","webmasterTools":{"miscellaneous":""},"schema":{"@context":"https:\/\/schema.org","@graph":[{"@type":"Article","@id":"https:\/\/www.encontrabomretiro.com.br\/sobre\/catto-faz-show-no-rio-de-janeiro-e-em-sao-paulo-leia-entrevista-com-a-artista\/#article","name":"Catto faz show no Rio de Janeiro e em S\u00e3o Paulo; leia entrevista com a artista | Encontra Bom Retiro","headline":"Catto faz show no Rio de Janeiro e em S\u00e3o Paulo; leia entrevista com a artista","author":{"@id":"https:\/\/www.encontrabomretiro.com.br\/sobre\/author\/ebomretiro\/#author"},"publisher":{"@id":"https:\/\/www.encontrabomretiro.com.br\/sobre\/#organization"},"image":{"@type":"ImageObject","url":"https:\/\/www.encontrabomretiro.com.br\/sobre\/wp-content\/uploads\/2026\/02\/catto-faz-show-no-rio-de-janeiro-e-em-sao-paulo-leia-entrevista-com-a-artista.webp","width":280,"height":280,"caption":"Catto"},"datePublished":"2026-02-24T09:44:43-02:00","dateModified":"2026-02-24T09:44:43-02:00","inLanguage":"pt-BR","mainEntityOfPage":{"@id":"https:\/\/www.encontrabomretiro.com.br\/sobre\/catto-faz-show-no-rio-de-janeiro-e-em-sao-paulo-leia-entrevista-com-a-artista\/#webpage"},"isPartOf":{"@id":"https:\/\/www.encontrabomretiro.com.br\/sobre\/catto-faz-show-no-rio-de-janeiro-e-em-sao-paulo-leia-entrevista-com-a-artista\/#webpage"},"articleSection":"Not\u00edcias Bom Retiro"},{"@type":"BreadcrumbList","@id":"https:\/\/www.encontrabomretiro.com.br\/sobre\/catto-faz-show-no-rio-de-janeiro-e-em-sao-paulo-leia-entrevista-com-a-artista\/#breadcrumblist","itemListElement":[{"@type":"ListItem","@id":"https:\/\/www.encontrabomretiro.com.br\/sobre#listItem","position":1,"name":"Dom\u00e9stica","item":"https:\/\/www.encontrabomretiro.com.br\/sobre","nextItem":{"@type":"ListItem","@id":"https:\/\/www.encontrabomretiro.com.br\/sobre\/noticias-no-bom-retiro\/#listItem","name":"Not\u00edcias Bom Retiro"}},{"@type":"ListItem","@id":"https:\/\/www.encontrabomretiro.com.br\/sobre\/noticias-no-bom-retiro\/#listItem","position":2,"name":"Not\u00edcias Bom Retiro","item":"https:\/\/www.encontrabomretiro.com.br\/sobre\/noticias-no-bom-retiro\/","nextItem":{"@type":"ListItem","@id":"https:\/\/www.encontrabomretiro.com.br\/sobre\/catto-faz-show-no-rio-de-janeiro-e-em-sao-paulo-leia-entrevista-com-a-artista\/#listItem","name":"Catto faz show no Rio de Janeiro e em S\u00e3o Paulo; leia entrevista com a artista"},"previousItem":{"@type":"ListItem","@id":"https:\/\/www.encontrabomretiro.com.br\/sobre#listItem","name":"Dom\u00e9stica"}},{"@type":"ListItem","@id":"https:\/\/www.encontrabomretiro.com.br\/sobre\/catto-faz-show-no-rio-de-janeiro-e-em-sao-paulo-leia-entrevista-com-a-artista\/#listItem","position":3,"name":"Catto faz show no Rio de Janeiro e em S\u00e3o Paulo; leia entrevista com a artista","previousItem":{"@type":"ListItem","@id":"https:\/\/www.encontrabomretiro.com.br\/sobre\/noticias-no-bom-retiro\/#listItem","name":"Not\u00edcias Bom Retiro"}}]},{"@type":"Organization","@id":"https:\/\/www.encontrabomretiro.com.br\/sobre\/#organization","name":"Encontra Bom Retiro","description":"Not\u00edcias, eventos, informa\u00e7\u00f5es e dicas no bairro do Bom Retiro e regi\u00e3o.","url":"https:\/\/www.encontrabomretiro.com.br\/sobre\/"},{"@type":"Person","@id":"https:\/\/www.encontrabomretiro.com.br\/sobre\/author\/ebomretiro\/#author","url":"https:\/\/www.encontrabomretiro.com.br\/sobre\/author\/ebomretiro\/","name":"Encontra Bom Retiro","image":{"@type":"ImageObject","@id":"https:\/\/www.encontrabomretiro.com.br\/sobre\/catto-faz-show-no-rio-de-janeiro-e-em-sao-paulo-leia-entrevista-com-a-artista\/#authorImage","url":"https:\/\/secure.gravatar.com\/avatar\/507340682b8270222e1f208e23198b6ae7e2c6a1033ae84e99bc6bce4f82a387?s=96&d=mm&r=g","width":96,"height":96,"caption":"Encontra Bom Retiro"}},{"@type":"WebPage","@id":"https:\/\/www.encontrabomretiro.com.br\/sobre\/catto-faz-show-no-rio-de-janeiro-e-em-sao-paulo-leia-entrevista-com-a-artista\/#webpage","url":"https:\/\/www.encontrabomretiro.com.br\/sobre\/catto-faz-show-no-rio-de-janeiro-e-em-sao-paulo-leia-entrevista-com-a-artista\/","name":"Catto faz show no Rio de Janeiro e em S\u00e3o Paulo; leia entrevista com a artista | Encontra Bom Retiro","description":"Catto leva sua m\u00fasica ao Rio de Janeiro e S\u00e3o Paulo, confira a entrevista!","inLanguage":"pt-BR","isPartOf":{"@id":"https:\/\/www.encontrabomretiro.com.br\/sobre\/#website"},"breadcrumb":{"@id":"https:\/\/www.encontrabomretiro.com.br\/sobre\/catto-faz-show-no-rio-de-janeiro-e-em-sao-paulo-leia-entrevista-com-a-artista\/#breadcrumblist"},"author":{"@id":"https:\/\/www.encontrabomretiro.com.br\/sobre\/author\/ebomretiro\/#author"},"creator":{"@id":"https:\/\/www.encontrabomretiro.com.br\/sobre\/author\/ebomretiro\/#author"},"image":{"@type":"ImageObject","url":"https:\/\/www.encontrabomretiro.com.br\/sobre\/wp-content\/uploads\/2026\/02\/catto-faz-show-no-rio-de-janeiro-e-em-sao-paulo-leia-entrevista-com-a-artista.webp","@id":"https:\/\/www.encontrabomretiro.com.br\/sobre\/catto-faz-show-no-rio-de-janeiro-e-em-sao-paulo-leia-entrevista-com-a-artista\/#mainImage","width":280,"height":280,"caption":"Catto"},"primaryImageOfPage":{"@id":"https:\/\/www.encontrabomretiro.com.br\/sobre\/catto-faz-show-no-rio-de-janeiro-e-em-sao-paulo-leia-entrevista-com-a-artista\/#mainImage"},"datePublished":"2026-02-24T09:44:43-02:00","dateModified":"2026-02-24T09:44:43-02:00"},{"@type":"WebSite","@id":"https:\/\/www.encontrabomretiro.com.br\/sobre\/#website","url":"https:\/\/www.encontrabomretiro.com.br\/sobre\/","name":"Encontra Bom Retiro","description":"Not\u00edcias, eventos, informa\u00e7\u00f5es e dicas no bairro do Bom Retiro e regi\u00e3o.","inLanguage":"pt-BR","publisher":{"@id":"https:\/\/www.encontrabomretiro.com.br\/sobre\/#organization"}}]},"og:locale":"pt_BR","og:site_name":"Encontra Bom Retiro | Not\u00edcias, eventos, informa\u00e7\u00f5es e dicas no bairro do Bom Retiro e regi\u00e3o.","og:type":"article","og:title":"Catto faz show no Rio de Janeiro e em S\u00e3o Paulo; leia entrevista com a artista | Encontra Bom Retiro","og:description":"Catto leva sua m\u00fasica ao Rio de Janeiro e S\u00e3o Paulo, confira a entrevista!","og:url":"https:\/\/www.encontrabomretiro.com.br\/sobre\/catto-faz-show-no-rio-de-janeiro-e-em-sao-paulo-leia-entrevista-com-a-artista\/","article:published_time":"2026-02-24T11:44:43+00:00","article:modified_time":"2026-02-24T11:44:43+00:00","twitter:card":"summary_large_image","twitter:title":"Catto faz show no Rio de Janeiro e em S\u00e3o Paulo; leia entrevista com a artista | Encontra Bom Retiro","twitter:description":"Catto leva sua m\u00fasica ao Rio de Janeiro e S\u00e3o Paulo, confira a entrevista!"},"aioseo_meta_data":{"post_id":"2464","title":null,"description":null,"keywords":null,"keyphrases":null,"primary_term":null,"canonical_url":null,"og_title":null,"og_description":null,"og_object_type":"default","og_image_type":"default","og_image_url":null,"og_image_width":null,"og_image_height":null,"og_image_custom_url":null,"og_image_custom_fields":null,"og_video":null,"og_custom_url":null,"og_article_section":null,"og_article_tags":null,"twitter_use_og":false,"twitter_card":"default","twitter_image_type":"default","twitter_image_url":null,"twitter_image_custom_url":null,"twitter_image_custom_fields":null,"twitter_title":null,"twitter_description":null,"schema":{"blockGraphs":[],"customGraphs":[],"default":{"data":{"Article":[],"Course":[],"Dataset":[],"FAQPage":[],"Movie":[],"Person":[],"Product":[],"ProductReview":[],"Car":[],"Recipe":[],"Service":[],"SoftwareApplication":[],"WebPage":[]},"graphName":"Article","isEnabled":true},"graphs":[]},"schema_type":"default","schema_type_options":null,"pillar_content":false,"robots_default":true,"robots_noindex":false,"robots_noarchive":false,"robots_nosnippet":false,"robots_nofollow":false,"robots_noimageindex":false,"robots_noodp":false,"robots_notranslate":false,"robots_max_snippet":null,"robots_max_videopreview":null,"robots_max_imagepreview":"large","priority":null,"frequency":null,"local_seo":null,"breadcrumb_settings":null,"limit_modified_date":false,"ai":null,"created":"2026-02-24 11:44:46","updated":"2026-02-24 11:55:28","focus_keyword":null,"additional_keywords":null,"truseo_locale":null,"seo_analyzer_scan_date":null},"aioseo_breadcrumb":"<div class=\"aioseo-breadcrumbs\"><span class=\"aioseo-breadcrumb\">\n\t\t\t<a href=\"https:\/\/www.encontrabomretiro.com.br\/sobre\" title=\"Dom\u00e9stica\">Dom\u00e9stica<\/a>\n\t\t<\/span><span class=\"aioseo-breadcrumb-separator\">&raquo;<\/span><span class=\"aioseo-breadcrumb\">\n\t\t\t<a href=\"https:\/\/www.encontrabomretiro.com.br\/sobre\/noticias-no-bom-retiro\/\" title=\"Not\u00edcias Bom Retiro\">Not\u00edcias Bom Retiro<\/a>\n\t\t<\/span><span class=\"aioseo-breadcrumb-separator\">&raquo;<\/span><span class=\"aioseo-breadcrumb\">\n\t\t\tCatto faz show no Rio de Janeiro e em S\u00e3o Paulo; leia entrevista com a artista\n\t\t<\/span><\/div>","aioseo_breadcrumb_json":[{"label":"Dom\u00e9stica","link":"https:\/\/www.encontrabomretiro.com.br\/sobre"},{"label":"Not\u00edcias Bom Retiro","link":"https:\/\/www.encontrabomretiro.com.br\/sobre\/noticias-no-bom-retiro\/"},{"label":"Catto faz show no Rio de Janeiro e em S\u00e3o Paulo; leia entrevista com a artista","link":"https:\/\/www.encontrabomretiro.com.br\/sobre\/catto-faz-show-no-rio-de-janeiro-e-em-sao-paulo-leia-entrevista-com-a-artista\/"}],"_links":{"self":[{"href":"https:\/\/www.encontrabomretiro.com.br\/sobre\/wp-json\/wp\/v2\/posts\/2464","targetHints":{"allow":["GET"]}}],"collection":[{"href":"https:\/\/www.encontrabomretiro.com.br\/sobre\/wp-json\/wp\/v2\/posts"}],"about":[{"href":"https:\/\/www.encontrabomretiro.com.br\/sobre\/wp-json\/wp\/v2\/types\/post"}],"author":[{"embeddable":true,"href":"https:\/\/www.encontrabomretiro.com.br\/sobre\/wp-json\/wp\/v2\/users\/1"}],"replies":[{"embeddable":true,"href":"https:\/\/www.encontrabomretiro.com.br\/sobre\/wp-json\/wp\/v2\/comments?post=2464"}],"version-history":[{"count":0,"href":"https:\/\/www.encontrabomretiro.com.br\/sobre\/wp-json\/wp\/v2\/posts\/2464\/revisions"}],"wp:featuredmedia":[{"embeddable":true,"href":"https:\/\/www.encontrabomretiro.com.br\/sobre\/wp-json\/wp\/v2\/media\/2463"}],"wp:attachment":[{"href":"https:\/\/www.encontrabomretiro.com.br\/sobre\/wp-json\/wp\/v2\/media?parent=2464"}],"wp:term":[{"taxonomy":"category","embeddable":true,"href":"https:\/\/www.encontrabomretiro.com.br\/sobre\/wp-json\/wp\/v2\/categories?post=2464"},{"taxonomy":"post_tag","embeddable":true,"href":"https:\/\/www.encontrabomretiro.com.br\/sobre\/wp-json\/wp\/v2\/tags?post=2464"}],"curies":[{"name":"wp","href":"https:\/\/api.w.org\/{rel}","templated":true}]}}