{"id":246,"date":"2011-07-15T17:49:50","date_gmt":"2011-07-15T19:49:50","guid":{"rendered":"http:\/\/www.encontrabomretiro.com.br\/noticias\/?p=246"},"modified":"2019-04-29T18:05:05","modified_gmt":"2019-04-29T20:05:05","slug":"bom-retiro-mostra-ressalta-producao-artistica-exposta-na-pinacoteca","status":"publish","type":"post","link":"https:\/\/www.encontrabomretiro.com.br\/sobre\/bom-retiro-mostra-ressalta-producao-artistica-exposta-na-pinacoteca\/","title":{"rendered":"Bom Retiro: mostra ressalta produ\u00e7\u00e3o art\u00edstica exposta na Pinacoteca"},"content":{"rendered":"<div class=\"228b65ae207de3c5c501cfe75875708b\" data-index=\"1\" style=\"float: none; margin:0px;\">\n<!-- Anuncio display - global -->\r\n<ins class=\"adsbygoogle\"\r\n     style=\"display:block\"\r\n     data-ad-client=\"ca-pub-8585364105181520\"\r\n     data-ad-slot=\"8789329856\"\r\n     data-ad-format=\"auto\"\r\n     data-full-width-responsive=\"true\"><\/ins>\r\n<script>\r\n     (adsbygoogle = window.adsbygoogle || []).push({});\r\n<\/script>\n<\/div>\n<p>Entra em cartaz neste s\u00e1bado (16), na <a href=\"http:\/\/www.encontrabomretiro.com.br\/bom-retiro\/estacao-pinacoteca-no-bom-retiro.shtml\" target=\"_blank\">Pinacoteca<\/a> (centro de S\u00e3o Paulo), a exposi\u00e7\u00e3o &#8220;Arte como Registro, Registro como Arte: Performances na Pinacoteca de S\u00e3o Paulo&#8221;, com material de manifesta\u00e7\u00f5es art\u00edsticas realizadas no local da segunda metade da d\u00e9cada de 1970 at\u00e9 meados dos anos 1980.<\/p>\n<p>Entre os artistas est\u00e3o Jos\u00e9 Roberto Aguilar, Ivald Granato e Theo Werneck. A curadoria \u00e9 de Ana Paula Nascimento, do N\u00facleo de Pesquisa e Cr\u00edtica em Hist\u00f3ria da Arte, e Gabriel Moore, do Centro de Documenta\u00e7\u00e3o e Mem\u00f3ria.<\/p>\n<p>A exposi\u00e7\u00e3o tem o papel de mostrar a import\u00e2ncia da Pinacoteca como local fomentador de experimenta\u00e7\u00f5es art\u00edsticas com meios tecnol\u00f3gicos e expressivos (xerox, videoarte, instala\u00e7\u00f5es e performance) no per\u00edodo contemplado.<\/p>\n<p>O p\u00fablico ter\u00e1 acesso a uma cronologia que situa o local no contexto art\u00edstico da \u00e9poca. At\u00e9 25 de setembro, estar\u00e3o em exposi\u00e7\u00e3o cerca de 60 fotografias, documentos, cartazes, convites e v\u00eddeos de performances que aconteceram no museu e em outras institui\u00e7\u00f5es de S\u00e3o Paulo.<\/p>\n<p><strong>Pinacoteca<\/strong> &#8211; p\u00e7a. da Luz, 2, Guia do Bom Retiro, centro, S\u00e3o Paulo, SP. Tel.: 0\/xx\/11\/3324-1000. De 16\/7 a 25\/9. Ter. a dom.: 10h \u00e0s 17h30 (com perman\u00eancia at\u00e9 as 18h). Ingr.: R$ 6. Gr\u00e1tis aos s\u00e1bados.<\/p>\n<p><em>Fonte: Guia Folha<\/em><\/p>\n\n<div style=\"font-size: 0px; height: 0px; line-height: 0px; margin: 0; padding: 0; clear: both;\"><\/div>","protected":false},"excerpt":{"rendered":"<p>Entra em cartaz neste s\u00e1bado (16), na Pinacoteca (centro de S\u00e3o Paulo), a exposi\u00e7\u00e3o &#8220;Arte como Registro, Registro como Arte: Performances na Pinacoteca de S\u00e3o Paulo&#8221;, com material de manifesta\u00e7\u00f5es art\u00edsticas realizadas no local da segunda metade da d\u00e9cada de 1970 at\u00e9 meados dos anos 1980. Entre os artistas est\u00e3o Jos\u00e9 Roberto Aguilar, Ivald Granato e Theo Werneck. A curadoria \u00e9 de Ana Paula Nascimento, do N\u00facleo de Pesquisa e Cr\u00edtica em Hist\u00f3ria da Arte, e Gabriel Moore, do Centro de Documenta\u00e7\u00e3o e Mem\u00f3ria. A exposi\u00e7\u00e3o tem o papel de mostrar a import\u00e2ncia da Pinacoteca como local fomentador de experimenta\u00e7\u00f5es <\/p>\n","protected":false},"author":1,"featured_media":0,"comment_status":"open","ping_status":"closed","sticky":false,"template":"","format":"standard","meta":{"footnotes":""},"categories":[17],"tags":[14],"class_list":["post-246","post","type-post","status-publish","format-standard","hentry","category-cultura-no-bom-retiro","tag-bom-retiro"],"aioseo_notices":[],"aioseo_head":"\n\t\t<!-- All in One SEO 5.0.0.1 - aioseo.com -->\n\t<meta name=\"description\" content=\"Entra em cartaz neste s\u00e1bado (16), na Pinacoteca (centro de S\u00e3o Paulo), a exposi\u00e7\u00e3o &quot;Arte como Registro, Registro como Arte: Performances na Pinacoteca de S\u00e3o Paulo&quot;, com material de manifesta\u00e7\u00f5es art\u00edsticas realizadas no local da segunda metade da d\u00e9cada de 1970 at\u00e9 meados dos anos 1980. Entre os artistas est\u00e3o Jos\u00e9 Roberto Aguilar, Ivald Granato\" \/>\n\t<meta name=\"robots\" content=\"max-image-preview:large\" \/>\n\t<meta name=\"author\" content=\"Encontra Bom Retiro\"\/>\n\t<link rel=\"canonical\" href=\"https:\/\/www.encontrabomretiro.com.br\/sobre\/bom-retiro-mostra-ressalta-producao-artistica-exposta-na-pinacoteca\/\" \/>\n\t<meta name=\"generator\" content=\"All in One SEO (AIOSEO) 5.0.0.1\" \/>\n\t\t<meta property=\"og:locale\" content=\"pt_BR\" \/>\n\t\t<meta property=\"og:site_name\" content=\"Encontra Bom Retiro | Not\u00edcias, eventos, informa\u00e7\u00f5es e dicas no bairro do Bom Retiro e regi\u00e3o.\" \/>\n\t\t<meta property=\"og:type\" content=\"article\" \/>\n\t\t<meta property=\"og:title\" content=\"Bom Retiro: mostra ressalta produ\u00e7\u00e3o art\u00edstica exposta na Pinacoteca | Encontra Bom Retiro\" \/>\n\t\t<meta property=\"og:description\" content=\"Entra em cartaz neste s\u00e1bado (16), na Pinacoteca (centro de S\u00e3o Paulo), a exposi\u00e7\u00e3o &quot;Arte como Registro, Registro como Arte: Performances na Pinacoteca de S\u00e3o Paulo&quot;, com material de manifesta\u00e7\u00f5es art\u00edsticas realizadas no local da segunda metade da d\u00e9cada de 1970 at\u00e9 meados dos anos 1980. Entre os artistas est\u00e3o Jos\u00e9 Roberto Aguilar, Ivald Granato\" \/>\n\t\t<meta property=\"og:url\" content=\"https:\/\/www.encontrabomretiro.com.br\/sobre\/bom-retiro-mostra-ressalta-producao-artistica-exposta-na-pinacoteca\/\" \/>\n\t\t<meta property=\"article:published_time\" content=\"2011-07-15T19:49:50+00:00\" \/>\n\t\t<meta property=\"article:modified_time\" content=\"2019-04-29T20:05:05+00:00\" \/>\n\t\t<meta name=\"twitter:card\" content=\"summary_large_image\" \/>\n\t\t<meta name=\"twitter:title\" content=\"Bom Retiro: mostra ressalta produ\u00e7\u00e3o art\u00edstica exposta na Pinacoteca | Encontra Bom Retiro\" \/>\n\t\t<meta name=\"twitter:description\" content=\"Entra em cartaz neste s\u00e1bado (16), na Pinacoteca (centro de S\u00e3o Paulo), a exposi\u00e7\u00e3o &quot;Arte como Registro, Registro como Arte: Performances na Pinacoteca de S\u00e3o Paulo&quot;, com material de manifesta\u00e7\u00f5es art\u00edsticas realizadas no local da segunda metade da d\u00e9cada de 1970 at\u00e9 meados dos anos 1980. Entre os artistas est\u00e3o Jos\u00e9 Roberto Aguilar, Ivald Granato\" \/>\n\t\t<script type=\"application\/ld+json\" class=\"aioseo-schema\">\n\t\t\t{\"@context\":\"https:\\\/\\\/schema.org\",\"@graph\":[{\"@type\":\"Article\",\"@id\":\"https:\\\/\\\/www.encontrabomretiro.com.br\\\/sobre\\\/bom-retiro-mostra-ressalta-producao-artistica-exposta-na-pinacoteca\\\/#article\",\"name\":\"Bom Retiro: mostra ressalta produ\\u00e7\\u00e3o art\\u00edstica exposta na Pinacoteca | Encontra Bom Retiro\",\"headline\":\"Bom Retiro: mostra ressalta produ\\u00e7\\u00e3o art\\u00edstica exposta na Pinacoteca\",\"author\":{\"@id\":\"https:\\\/\\\/www.encontrabomretiro.com.br\\\/sobre\\\/author\\\/ebomretiro\\\/#author\"},\"publisher\":{\"@id\":\"https:\\\/\\\/www.encontrabomretiro.com.br\\\/sobre\\\/#organization\"},\"datePublished\":\"2011-07-15T17:49:50-02:00\",\"dateModified\":\"2019-04-29T18:05:05-02:00\",\"inLanguage\":\"pt-BR\",\"mainEntityOfPage\":{\"@id\":\"https:\\\/\\\/www.encontrabomretiro.com.br\\\/sobre\\\/bom-retiro-mostra-ressalta-producao-artistica-exposta-na-pinacoteca\\\/#webpage\"},\"isPartOf\":{\"@id\":\"https:\\\/\\\/www.encontrabomretiro.com.br\\\/sobre\\\/bom-retiro-mostra-ressalta-producao-artistica-exposta-na-pinacoteca\\\/#webpage\"},\"articleSection\":\"Cultura Bom Retiro, Bom Retiro\"},{\"@type\":\"BreadcrumbList\",\"@id\":\"https:\\\/\\\/www.encontrabomretiro.com.br\\\/sobre\\\/bom-retiro-mostra-ressalta-producao-artistica-exposta-na-pinacoteca\\\/#breadcrumblist\",\"itemListElement\":[{\"@type\":\"ListItem\",\"@id\":\"https:\\\/\\\/www.encontrabomretiro.com.br\\\/sobre#listItem\",\"position\":1,\"name\":\"Dom\\u00e9stica\",\"item\":\"https:\\\/\\\/www.encontrabomretiro.com.br\\\/sobre\",\"nextItem\":{\"@type\":\"ListItem\",\"@id\":\"https:\\\/\\\/www.encontrabomretiro.com.br\\\/sobre\\\/cultura-no-bom-retiro\\\/#listItem\",\"name\":\"Cultura Bom Retiro\"}},{\"@type\":\"ListItem\",\"@id\":\"https:\\\/\\\/www.encontrabomretiro.com.br\\\/sobre\\\/cultura-no-bom-retiro\\\/#listItem\",\"position\":2,\"name\":\"Cultura Bom Retiro\",\"item\":\"https:\\\/\\\/www.encontrabomretiro.com.br\\\/sobre\\\/cultura-no-bom-retiro\\\/\",\"nextItem\":{\"@type\":\"ListItem\",\"@id\":\"https:\\\/\\\/www.encontrabomretiro.com.br\\\/sobre\\\/bom-retiro-mostra-ressalta-producao-artistica-exposta-na-pinacoteca\\\/#listItem\",\"name\":\"Bom Retiro: mostra ressalta produ\\u00e7\\u00e3o art\\u00edstica exposta na Pinacoteca\"},\"previousItem\":{\"@type\":\"ListItem\",\"@id\":\"https:\\\/\\\/www.encontrabomretiro.com.br\\\/sobre#listItem\",\"name\":\"Dom\\u00e9stica\"}},{\"@type\":\"ListItem\",\"@id\":\"https:\\\/\\\/www.encontrabomretiro.com.br\\\/sobre\\\/bom-retiro-mostra-ressalta-producao-artistica-exposta-na-pinacoteca\\\/#listItem\",\"position\":3,\"name\":\"Bom Retiro: mostra ressalta produ\\u00e7\\u00e3o art\\u00edstica exposta na Pinacoteca\",\"previousItem\":{\"@type\":\"ListItem\",\"@id\":\"https:\\\/\\\/www.encontrabomretiro.com.br\\\/sobre\\\/cultura-no-bom-retiro\\\/#listItem\",\"name\":\"Cultura Bom Retiro\"}}]},{\"@type\":\"Organization\",\"@id\":\"https:\\\/\\\/www.encontrabomretiro.com.br\\\/sobre\\\/#organization\",\"name\":\"Encontra Bom Retiro\",\"description\":\"Not\\u00edcias, eventos, informa\\u00e7\\u00f5es e dicas no bairro do Bom Retiro e regi\\u00e3o.\",\"url\":\"https:\\\/\\\/www.encontrabomretiro.com.br\\\/sobre\\\/\"},{\"@type\":\"Person\",\"@id\":\"https:\\\/\\\/www.encontrabomretiro.com.br\\\/sobre\\\/author\\\/ebomretiro\\\/#author\",\"url\":\"https:\\\/\\\/www.encontrabomretiro.com.br\\\/sobre\\\/author\\\/ebomretiro\\\/\",\"name\":\"Encontra Bom Retiro\",\"image\":{\"@type\":\"ImageObject\",\"@id\":\"https:\\\/\\\/www.encontrabomretiro.com.br\\\/sobre\\\/bom-retiro-mostra-ressalta-producao-artistica-exposta-na-pinacoteca\\\/#authorImage\",\"url\":\"https:\\\/\\\/secure.gravatar.com\\\/avatar\\\/507340682b8270222e1f208e23198b6ae7e2c6a1033ae84e99bc6bce4f82a387?s=96&d=mm&r=g\",\"width\":96,\"height\":96,\"caption\":\"Encontra Bom Retiro\"}},{\"@type\":\"WebPage\",\"@id\":\"https:\\\/\\\/www.encontrabomretiro.com.br\\\/sobre\\\/bom-retiro-mostra-ressalta-producao-artistica-exposta-na-pinacoteca\\\/#webpage\",\"url\":\"https:\\\/\\\/www.encontrabomretiro.com.br\\\/sobre\\\/bom-retiro-mostra-ressalta-producao-artistica-exposta-na-pinacoteca\\\/\",\"name\":\"Bom Retiro: mostra ressalta produ\\u00e7\\u00e3o art\\u00edstica exposta na Pinacoteca | Encontra Bom Retiro\",\"description\":\"Entra em cartaz neste s\\u00e1bado (16), na Pinacoteca (centro de S\\u00e3o Paulo), a exposi\\u00e7\\u00e3o \\\"Arte como Registro, Registro como Arte: Performances na Pinacoteca de S\\u00e3o Paulo\\\", com material de manifesta\\u00e7\\u00f5es art\\u00edsticas realizadas no local da segunda metade da d\\u00e9cada de 1970 at\\u00e9 meados dos anos 1980. Entre os artistas est\\u00e3o Jos\\u00e9 Roberto Aguilar, Ivald Granato\",\"inLanguage\":\"pt-BR\",\"isPartOf\":{\"@id\":\"https:\\\/\\\/www.encontrabomretiro.com.br\\\/sobre\\\/#website\"},\"breadcrumb\":{\"@id\":\"https:\\\/\\\/www.encontrabomretiro.com.br\\\/sobre\\\/bom-retiro-mostra-ressalta-producao-artistica-exposta-na-pinacoteca\\\/#breadcrumblist\"},\"author\":{\"@id\":\"https:\\\/\\\/www.encontrabomretiro.com.br\\\/sobre\\\/author\\\/ebomretiro\\\/#author\"},\"creator\":{\"@id\":\"https:\\\/\\\/www.encontrabomretiro.com.br\\\/sobre\\\/author\\\/ebomretiro\\\/#author\"},\"datePublished\":\"2011-07-15T17:49:50-02:00\",\"dateModified\":\"2019-04-29T18:05:05-02:00\"},{\"@type\":\"WebSite\",\"@id\":\"https:\\\/\\\/www.encontrabomretiro.com.br\\\/sobre\\\/#website\",\"url\":\"https:\\\/\\\/www.encontrabomretiro.com.br\\\/sobre\\\/\",\"name\":\"Encontra Bom Retiro\",\"description\":\"Not\\u00edcias, eventos, informa\\u00e7\\u00f5es e dicas no bairro do Bom Retiro e regi\\u00e3o.\",\"inLanguage\":\"pt-BR\",\"publisher\":{\"@id\":\"https:\\\/\\\/www.encontrabomretiro.com.br\\\/sobre\\\/#organization\"}}]}\n\t\t<\/script>\n\t\t<!-- All in One SEO -->\n\n","aioseo_head_json":{"title":"Bom Retiro: mostra ressalta produ\u00e7\u00e3o art\u00edstica exposta na Pinacoteca | Encontra Bom Retiro","description":"Entra em cartaz neste s\u00e1bado (16), na Pinacoteca (centro de S\u00e3o Paulo), a exposi\u00e7\u00e3o \"Arte como Registro, Registro como Arte: Performances na Pinacoteca de S\u00e3o Paulo\", com material de manifesta\u00e7\u00f5es art\u00edsticas realizadas no local da segunda metade da d\u00e9cada de 1970 at\u00e9 meados dos anos 1980. Entre os artistas est\u00e3o Jos\u00e9 Roberto Aguilar, Ivald Granato","canonical_url":"https:\/\/www.encontrabomretiro.com.br\/sobre\/bom-retiro-mostra-ressalta-producao-artistica-exposta-na-pinacoteca\/","robots":"max-image-preview:large","keywords":"","webmasterTools":{"miscellaneous":""},"schema":{"@context":"https:\/\/schema.org","@graph":[{"@type":"Article","@id":"https:\/\/www.encontrabomretiro.com.br\/sobre\/bom-retiro-mostra-ressalta-producao-artistica-exposta-na-pinacoteca\/#article","name":"Bom Retiro: mostra ressalta produ\u00e7\u00e3o art\u00edstica exposta na Pinacoteca | Encontra Bom Retiro","headline":"Bom Retiro: mostra ressalta produ\u00e7\u00e3o art\u00edstica exposta na Pinacoteca","author":{"@id":"https:\/\/www.encontrabomretiro.com.br\/sobre\/author\/ebomretiro\/#author"},"publisher":{"@id":"https:\/\/www.encontrabomretiro.com.br\/sobre\/#organization"},"datePublished":"2011-07-15T17:49:50-02:00","dateModified":"2019-04-29T18:05:05-02:00","inLanguage":"pt-BR","mainEntityOfPage":{"@id":"https:\/\/www.encontrabomretiro.com.br\/sobre\/bom-retiro-mostra-ressalta-producao-artistica-exposta-na-pinacoteca\/#webpage"},"isPartOf":{"@id":"https:\/\/www.encontrabomretiro.com.br\/sobre\/bom-retiro-mostra-ressalta-producao-artistica-exposta-na-pinacoteca\/#webpage"},"articleSection":"Cultura Bom Retiro, Bom Retiro"},{"@type":"BreadcrumbList","@id":"https:\/\/www.encontrabomretiro.com.br\/sobre\/bom-retiro-mostra-ressalta-producao-artistica-exposta-na-pinacoteca\/#breadcrumblist","itemListElement":[{"@type":"ListItem","@id":"https:\/\/www.encontrabomretiro.com.br\/sobre#listItem","position":1,"name":"Dom\u00e9stica","item":"https:\/\/www.encontrabomretiro.com.br\/sobre","nextItem":{"@type":"ListItem","@id":"https:\/\/www.encontrabomretiro.com.br\/sobre\/cultura-no-bom-retiro\/#listItem","name":"Cultura Bom Retiro"}},{"@type":"ListItem","@id":"https:\/\/www.encontrabomretiro.com.br\/sobre\/cultura-no-bom-retiro\/#listItem","position":2,"name":"Cultura Bom Retiro","item":"https:\/\/www.encontrabomretiro.com.br\/sobre\/cultura-no-bom-retiro\/","nextItem":{"@type":"ListItem","@id":"https:\/\/www.encontrabomretiro.com.br\/sobre\/bom-retiro-mostra-ressalta-producao-artistica-exposta-na-pinacoteca\/#listItem","name":"Bom Retiro: mostra ressalta produ\u00e7\u00e3o art\u00edstica exposta na Pinacoteca"},"previousItem":{"@type":"ListItem","@id":"https:\/\/www.encontrabomretiro.com.br\/sobre#listItem","name":"Dom\u00e9stica"}},{"@type":"ListItem","@id":"https:\/\/www.encontrabomretiro.com.br\/sobre\/bom-retiro-mostra-ressalta-producao-artistica-exposta-na-pinacoteca\/#listItem","position":3,"name":"Bom Retiro: mostra ressalta produ\u00e7\u00e3o art\u00edstica exposta na Pinacoteca","previousItem":{"@type":"ListItem","@id":"https:\/\/www.encontrabomretiro.com.br\/sobre\/cultura-no-bom-retiro\/#listItem","name":"Cultura Bom Retiro"}}]},{"@type":"Organization","@id":"https:\/\/www.encontrabomretiro.com.br\/sobre\/#organization","name":"Encontra Bom Retiro","description":"Not\u00edcias, eventos, informa\u00e7\u00f5es e dicas no bairro do Bom Retiro e regi\u00e3o.","url":"https:\/\/www.encontrabomretiro.com.br\/sobre\/"},{"@type":"Person","@id":"https:\/\/www.encontrabomretiro.com.br\/sobre\/author\/ebomretiro\/#author","url":"https:\/\/www.encontrabomretiro.com.br\/sobre\/author\/ebomretiro\/","name":"Encontra Bom Retiro","image":{"@type":"ImageObject","@id":"https:\/\/www.encontrabomretiro.com.br\/sobre\/bom-retiro-mostra-ressalta-producao-artistica-exposta-na-pinacoteca\/#authorImage","url":"https:\/\/secure.gravatar.com\/avatar\/507340682b8270222e1f208e23198b6ae7e2c6a1033ae84e99bc6bce4f82a387?s=96&d=mm&r=g","width":96,"height":96,"caption":"Encontra Bom Retiro"}},{"@type":"WebPage","@id":"https:\/\/www.encontrabomretiro.com.br\/sobre\/bom-retiro-mostra-ressalta-producao-artistica-exposta-na-pinacoteca\/#webpage","url":"https:\/\/www.encontrabomretiro.com.br\/sobre\/bom-retiro-mostra-ressalta-producao-artistica-exposta-na-pinacoteca\/","name":"Bom Retiro: mostra ressalta produ\u00e7\u00e3o art\u00edstica exposta na Pinacoteca | Encontra Bom Retiro","description":"Entra em cartaz neste s\u00e1bado (16), na Pinacoteca (centro de S\u00e3o Paulo), a exposi\u00e7\u00e3o \"Arte como Registro, Registro como Arte: Performances na Pinacoteca de S\u00e3o Paulo\", com material de manifesta\u00e7\u00f5es art\u00edsticas realizadas no local da segunda metade da d\u00e9cada de 1970 at\u00e9 meados dos anos 1980. Entre os artistas est\u00e3o Jos\u00e9 Roberto Aguilar, Ivald Granato","inLanguage":"pt-BR","isPartOf":{"@id":"https:\/\/www.encontrabomretiro.com.br\/sobre\/#website"},"breadcrumb":{"@id":"https:\/\/www.encontrabomretiro.com.br\/sobre\/bom-retiro-mostra-ressalta-producao-artistica-exposta-na-pinacoteca\/#breadcrumblist"},"author":{"@id":"https:\/\/www.encontrabomretiro.com.br\/sobre\/author\/ebomretiro\/#author"},"creator":{"@id":"https:\/\/www.encontrabomretiro.com.br\/sobre\/author\/ebomretiro\/#author"},"datePublished":"2011-07-15T17:49:50-02:00","dateModified":"2019-04-29T18:05:05-02:00"},{"@type":"WebSite","@id":"https:\/\/www.encontrabomretiro.com.br\/sobre\/#website","url":"https:\/\/www.encontrabomretiro.com.br\/sobre\/","name":"Encontra Bom Retiro","description":"Not\u00edcias, eventos, informa\u00e7\u00f5es e dicas no bairro do Bom Retiro e regi\u00e3o.","inLanguage":"pt-BR","publisher":{"@id":"https:\/\/www.encontrabomretiro.com.br\/sobre\/#organization"}}]},"og:locale":"pt_BR","og:site_name":"Encontra Bom Retiro | Not\u00edcias, eventos, informa\u00e7\u00f5es e dicas no bairro do Bom Retiro e regi\u00e3o.","og:type":"article","og:title":"Bom Retiro: mostra ressalta produ\u00e7\u00e3o art\u00edstica exposta na Pinacoteca | Encontra Bom Retiro","og:description":"Entra em cartaz neste s\u00e1bado (16), na Pinacoteca (centro de S\u00e3o Paulo), a exposi\u00e7\u00e3o &quot;Arte como Registro, Registro como Arte: Performances na Pinacoteca de S\u00e3o Paulo&quot;, com material de manifesta\u00e7\u00f5es art\u00edsticas realizadas no local da segunda metade da d\u00e9cada de 1970 at\u00e9 meados dos anos 1980. Entre os artistas est\u00e3o Jos\u00e9 Roberto Aguilar, Ivald Granato","og:url":"https:\/\/www.encontrabomretiro.com.br\/sobre\/bom-retiro-mostra-ressalta-producao-artistica-exposta-na-pinacoteca\/","article:published_time":"2011-07-15T19:49:50+00:00","article:modified_time":"2019-04-29T20:05:05+00:00","twitter:card":"summary_large_image","twitter:title":"Bom Retiro: mostra ressalta produ\u00e7\u00e3o art\u00edstica exposta na Pinacoteca | Encontra Bom Retiro","twitter:description":"Entra em cartaz neste s\u00e1bado (16), na Pinacoteca (centro de S\u00e3o Paulo), a exposi\u00e7\u00e3o &quot;Arte como Registro, Registro como Arte: Performances na Pinacoteca de S\u00e3o Paulo&quot;, com material de manifesta\u00e7\u00f5es art\u00edsticas realizadas no local da segunda metade da d\u00e9cada de 1970 at\u00e9 meados dos anos 1980. Entre os artistas est\u00e3o Jos\u00e9 Roberto Aguilar, Ivald Granato"},"aioseo_meta_data":{"post_id":"246","title":null,"description":null,"keywords":null,"keyphrases":null,"primary_term":null,"canonical_url":null,"og_title":null,"og_description":null,"og_object_type":"default","og_image_type":"default","og_image_url":null,"og_image_width":null,"og_image_height":null,"og_image_custom_url":null,"og_image_custom_fields":null,"og_video":null,"og_custom_url":null,"og_article_section":null,"og_article_tags":null,"twitter_use_og":false,"twitter_card":"default","twitter_image_type":"default","twitter_image_url":null,"twitter_image_custom_url":null,"twitter_image_custom_fields":null,"twitter_title":null,"twitter_description":null,"schema":{"blockGraphs":[],"customGraphs":[],"default":{"data":{"Article":[],"Course":[],"Dataset":[],"FAQPage":[],"Movie":[],"Person":[],"Product":[],"ProductReview":[],"Car":[],"Recipe":[],"Service":[],"SoftwareApplication":[],"WebPage":[]},"graphName":"","isEnabled":true},"graphs":[]},"schema_type":"default","schema_type_options":null,"pillar_content":false,"robots_default":true,"robots_noindex":false,"robots_noarchive":false,"robots_nosnippet":false,"robots_nofollow":false,"robots_noimageindex":false,"robots_noodp":false,"robots_notranslate":false,"robots_max_snippet":null,"robots_max_videopreview":null,"robots_max_imagepreview":"large","priority":null,"frequency":null,"local_seo":null,"breadcrumb_settings":null,"limit_modified_date":false,"ai":null,"created":"2023-10-16 13:05:38","updated":"2025-10-03 13:37:24","focus_keyword":null,"additional_keywords":null,"truseo_locale":null,"seo_analyzer_scan_date":null},"aioseo_breadcrumb":"<div class=\"aioseo-breadcrumbs\"><span class=\"aioseo-breadcrumb\">\n\t\t\t<a href=\"https:\/\/www.encontrabomretiro.com.br\/sobre\" title=\"Dom\u00e9stica\">Dom\u00e9stica<\/a>\n\t\t<\/span><span class=\"aioseo-breadcrumb-separator\">&raquo;<\/span><span class=\"aioseo-breadcrumb\">\n\t\t\t<a href=\"https:\/\/www.encontrabomretiro.com.br\/sobre\/cultura-no-bom-retiro\/\" title=\"Cultura Bom Retiro\">Cultura Bom Retiro<\/a>\n\t\t<\/span><span class=\"aioseo-breadcrumb-separator\">&raquo;<\/span><span class=\"aioseo-breadcrumb\">\n\t\t\tBom Retiro: mostra ressalta produ\u00e7\u00e3o art\u00edstica exposta na Pinacoteca\n\t\t<\/span><\/div>","aioseo_breadcrumb_json":[{"label":"Dom\u00e9stica","link":"https:\/\/www.encontrabomretiro.com.br\/sobre"},{"label":"Cultura Bom Retiro","link":"https:\/\/www.encontrabomretiro.com.br\/sobre\/cultura-no-bom-retiro\/"},{"label":"Bom Retiro: mostra ressalta produ\u00e7\u00e3o art\u00edstica exposta na Pinacoteca","link":"https:\/\/www.encontrabomretiro.com.br\/sobre\/bom-retiro-mostra-ressalta-producao-artistica-exposta-na-pinacoteca\/"}],"_links":{"self":[{"href":"https:\/\/www.encontrabomretiro.com.br\/sobre\/wp-json\/wp\/v2\/posts\/246","targetHints":{"allow":["GET"]}}],"collection":[{"href":"https:\/\/www.encontrabomretiro.com.br\/sobre\/wp-json\/wp\/v2\/posts"}],"about":[{"href":"https:\/\/www.encontrabomretiro.com.br\/sobre\/wp-json\/wp\/v2\/types\/post"}],"author":[{"embeddable":true,"href":"https:\/\/www.encontrabomretiro.com.br\/sobre\/wp-json\/wp\/v2\/users\/1"}],"replies":[{"embeddable":true,"href":"https:\/\/www.encontrabomretiro.com.br\/sobre\/wp-json\/wp\/v2\/comments?post=246"}],"version-history":[{"count":0,"href":"https:\/\/www.encontrabomretiro.com.br\/sobre\/wp-json\/wp\/v2\/posts\/246\/revisions"}],"wp:attachment":[{"href":"https:\/\/www.encontrabomretiro.com.br\/sobre\/wp-json\/wp\/v2\/media?parent=246"}],"wp:term":[{"taxonomy":"category","embeddable":true,"href":"https:\/\/www.encontrabomretiro.com.br\/sobre\/wp-json\/wp\/v2\/categories?post=246"},{"taxonomy":"post_tag","embeddable":true,"href":"https:\/\/www.encontrabomretiro.com.br\/sobre\/wp-json\/wp\/v2\/tags?post=246"}],"curies":[{"name":"wp","href":"https:\/\/api.w.org\/{rel}","templated":true}]}}