{"id":2458,"date":"2026-02-23T10:06:54","date_gmt":"2026-02-23T12:06:54","guid":{"rendered":"https:\/\/www.encontrabomretiro.com.br\/sobre\/prefeitura-inicia-municipalizacao-de-mais-7-escolas-estaduais\/"},"modified":"2026-02-23T10:06:54","modified_gmt":"2026-02-23T12:06:54","slug":"prefeitura-inicia-municipalizacao-de-mais-7-escolas-estaduais","status":"publish","type":"post","link":"https:\/\/www.encontrabomretiro.com.br\/sobre\/prefeitura-inicia-municipalizacao-de-mais-7-escolas-estaduais\/","title":{"rendered":"Prefeitura inicia municipaliza\u00e7\u00e3o de mais 7 escolas estaduais"},"content":{"rendered":"<div class=\"228b65ae207de3c5c501cfe75875708b\" data-index=\"1\" style=\"float: none; margin:0px;\">\n<!-- Anuncio display - global -->\r\n<ins class=\"adsbygoogle\"\r\n     style=\"display:block\"\r\n     data-ad-client=\"ca-pub-8585364105181520\"\r\n     data-ad-slot=\"8789329856\"\r\n     data-ad-format=\"auto\"\r\n     data-full-width-responsive=\"true\"><\/ins>\r\n<script>\r\n     (adsbygoogle = window.adsbygoogle || []).push({});\r\n<\/script>\n<\/div>\n<h2>Objetivos da Municipaliza\u00e7\u00e3o<\/h2>\n<p>A municipaliza\u00e7\u00e3o das escolas estaduais \u00e9 uma estrat\u00e9gia focada em melhorar a gest\u00e3o educacional nas cidades. Essa proposta busca fortalecer a gest\u00e3o local, possibilitando maior autonomia e flexibilidade aos munic\u00edpios na condu\u00e7\u00e3o dos processos educativos. A inten\u00e7\u00e3o \u00e9 garantir que as escolas atendam de maneira mais eficaz \u00e0s necessidades das comunidades em que est\u00e3o inseridas.<\/p>\n<h2>A Import\u00e2ncia da Educa\u00e7\u00e3o Municipal<\/h2>\n<p>A educa\u00e7\u00e3o municipal desempenha um papel fundamental no desenvolvimento social e econ\u00f4mico das regi\u00f5es. Ela permite que os munic\u00edpios ajustem o curr\u00edculo escolar e as metodologias aplicadas em sala de aula, de acordo com as especificidades locais, promovendo uma educa\u00e7\u00e3o mais relevante e integrada ao contexto socioecon\u00f4mico. Al\u00e9m disso, a municipaliza\u00e7\u00e3o propicia uma gest\u00e3o mais pr\u00f3xima da comunidade escolar, facilitando a comunica\u00e7\u00e3o e a participa\u00e7\u00e3o dos pais e alunos nas decis\u00f5es educativas.<\/p>\n<h2>Processo de Transi\u00e7\u00e3o Escolar<\/h2>\n<p>O processo de transi\u00e7\u00e3o das escolas da rede estadual para a municipal envolve v\u00e1rias etapas. Inicialmente, as escolas selecionadas passam por uma an\u00e1lise detalhada de sua estrutura administrativa e pedag\u00f3gica. Esse levantamento contribui para o planejamento adequado das mudan\u00e7as necess\u00e1rias, garantindo que a adapta\u00e7\u00e3o ocorra de forma tranquila para todos os envolvidos. O acompanhamento durante essa fase \u00e9 essencial para que alunos, professores e funcion\u00e1rios sintam-se apoiados e esclarecidos sobre as novas diretrizes e procedimentos.<\/p>\n<p><img decoding=\"async\" src=\"https:\/\/www.encontrabomretiro.com.br\/sobre\/wp-content\/uploads\/2026\/02\/prefeitura-inicia-municipalizacao-de-mais-7-escolas-estaduais.webp\" alt=\"municipaliza\u00e7\u00e3o de escolas estaduais\" loading=\"lazy\" \/><\/p>\n<h2>Parcerias para a Municipaliza\u00e7\u00e3o<\/h2>\n<p>A realiza\u00e7\u00e3o do processo de municipaliza\u00e7\u00e3o conta com a colabora\u00e7\u00e3o do Governo do Estado de S\u00e3o Paulo e da Secretaria de Educa\u00e7\u00e3o e Cidadania. Essa parceria \u00e9 crucial, pois assegura que toda a transi\u00e7\u00e3o sejam acompanhada de amplo suporte t\u00e9cnico e organizacional. As interven\u00e7\u00f5es, tanto administrativas quanto pedag\u00f3gicas, s\u00e3o cuidadosamente planejadas para permitir que a mudan\u00e7a seja t\u00e3o suave quanto poss\u00edvel, minimizando interrup\u00e7\u00f5es no aprendizado dos alunos.<\/p>\n<h2>Escolas que Ser\u00e3o Municipalizadas<\/h2>\n<p>A lista das sete novas escolas que integrar\u00e3o a rede municipal \u00e9 composta por:<\/p>\n<ul>\n<li>EE Ana Herondina Soares Schychof (Vista Verde)<\/li>\n<li>EE Domingos de Macedo Cust\u00f3dio (Vila S\u00e3o Benedito)<\/li>\n<li>EE Francisco Jo\u00e3o Leme (Alto da Ponte)<\/li>\n<li>EE Jo\u00e3o Ferreira dos Santos (Jardim das Cerejeiras)<\/li>\n<li>EE Jo\u00e3o Morotti Filho (Bom Retiro)<\/li>\n<li>EE Ubirajara Berna de Chiara (Jardim das Flores)<\/li>\n<li>EE Wilma Ragazzi Boccardo (Parque Industrial)<\/li>\n<\/ul>\n<p>Esse conjunto de institui\u00e7\u00f5es ser\u00e1 adicionado \u00e0 rede municipal, ampliando assim as oportunidades educacionais aos alunos da regi\u00e3o.<\/p>\n<h2>O Impacto na Comunidade Escolar<\/h2>\n<p>Com a inclus\u00e3o dessas escolas no sistema municipal, espera-se um impacto positivo significativo na comunidade. O aumento no n\u00famero de institui\u00e7\u00f5es de ensino possibilitar\u00e1 que mais alunos tenham acesso a uma educa\u00e7\u00e3o de qualidade. Al\u00e9m disso, a municipaliza\u00e7\u00e3o pode fomentar um maior envolvimento da comunidade nas atividades escolares, criando um ambiente colaborativo que beneficie o aprendizado dos estudantes e o desenvolvimento de toda a localidade.<\/p>\n<h2>Hist\u00f3rico da Municipaliza\u00e7\u00e3o em S\u00e3o Jos\u00e9<\/h2>\n<p>Nos \u00faltimos anos, S\u00e3o Jos\u00e9 dos Campos tem avan\u00e7ado em sua estrat\u00e9gia de municipaliza\u00e7\u00e3o, j\u00e1 tendo integrado 17 escolas estaduais \u00e0 rede municipal. Essas escolas, como a Emefi Fel\u00edcio Savastano e a Emefi J\u00falia Rodrigues, t\u00eam sido fundamentais para a melhoria do ensino na cidade, contribuindo para o fortalecimento da educa\u00e7\u00e3o oferecida e demonstrando a efic\u00e1cia do modelo municipal em promover uma educa\u00e7\u00e3o mais integrada e \u00e0 medida das necessidades locais.<\/p>\n<h2>Benef\u00edcios para os Alunos<\/h2>\n<p>Os benef\u00edcios dessa municipaliza\u00e7\u00e3o s\u00e3o amplos e abrangentes. A maior proximidade entre as escolas e a gest\u00e3o municipal permite uma adapta\u00e7\u00e3o mais r\u00e1pida \u00e0s demandas dos alunos e da comunidade. Os estudantes podem experimentar uma educa\u00e7\u00e3o mais contextualizada e adequada \u00e0s suas realidades. Al\u00e9m disso, com mais recursos e apoio local, h\u00e1 uma tend\u00eancia de melhora na qualidade do ensino, refletindo diretamente no aprendizado e desenvolvimento dos alunos.<\/p>\n<h2>Diretrizes do Plano Municipal de Educa\u00e7\u00e3o<\/h2>\n<p>Esses avan\u00e7os est\u00e3o alinhados com as diretrizes do Plano Municipal de Educa\u00e7\u00e3o de S\u00e3o Jos\u00e9 dos Campos, que estabelece como prioridade a municipaliza\u00e7\u00e3o gradual das escolas de Ensino Fundamental. O plano visa n\u00e3o s\u00f3 aumentar a oferta de vagas, mas tamb\u00e9m melhorar a qualidade do ensino, investindo em forma\u00e7\u00e3o de professores e infraestrutura escolar.<\/p>\n<h2>O Futuro da Educa\u00e7\u00e3o em S\u00e3o Jos\u00e9 dos Campos<\/h2>\n<p>Com a continuidade desse processo de municipaliza\u00e7\u00e3o, S\u00e3o Jos\u00e9 dos Campos est\u00e1 se posicionando como um exemplo de inova\u00e7\u00e3o e comprometimento com a educa\u00e7\u00e3o. A expans\u00e3o da rede de ensino municipal \u00e9 um passo importante para garantir que cada vez mais jovens tenham acesso a uma educa\u00e7\u00e3o de qualidade, preparando-os para os desafios do futuro. Com esse compromisso, a cidade se consolida como um ambiente favor\u00e1vel ao aprendizado e ao crescimento educacional de suas crian\u00e7as e adolescentes.<\/p>\n\n<div style=\"font-size: 0px; height: 0px; line-height: 0px; margin: 0; padding: 0; clear: both;\"><\/div>","protected":false},"excerpt":{"rendered":"<p>Prefeitura de S\u00e3o Jos\u00e9 dos Campos inicia a municipaliza\u00e7\u00e3o de mais sete escolas estaduais para ampliar a educa\u00e7\u00e3o.<\/p>\n","protected":false},"author":1,"featured_media":2457,"comment_status":"open","ping_status":"closed","sticky":false,"template":"","format":"standard","meta":{"footnotes":""},"categories":[6],"tags":[],"class_list":["post-2458","post","type-post","status-publish","format-standard","has-post-thumbnail","hentry","category-noticias-no-bom-retiro","has_thumb"],"aioseo_notices":[],"aioseo_head":"\n\t\t<!-- All in One SEO 5.0.0.1 - aioseo.com -->\n\t<meta name=\"description\" content=\"Prefeitura de S\u00e3o Jos\u00e9 dos Campos inicia a municipaliza\u00e7\u00e3o de mais sete escolas estaduais para ampliar a educa\u00e7\u00e3o.\" \/>\n\t<meta name=\"robots\" content=\"max-image-preview:large\" \/>\n\t<meta name=\"author\" content=\"Encontra Bom Retiro\"\/>\n\t<link rel=\"canonical\" href=\"https:\/\/www.encontrabomretiro.com.br\/sobre\/prefeitura-inicia-municipalizacao-de-mais-7-escolas-estaduais\/\" \/>\n\t<meta name=\"generator\" content=\"All in One SEO (AIOSEO) 5.0.0.1\" \/>\n\t\t<meta property=\"og:locale\" content=\"pt_BR\" \/>\n\t\t<meta property=\"og:site_name\" content=\"Encontra Bom Retiro | Not\u00edcias, eventos, informa\u00e7\u00f5es e dicas no bairro do Bom Retiro e regi\u00e3o.\" \/>\n\t\t<meta property=\"og:type\" content=\"article\" \/>\n\t\t<meta property=\"og:title\" content=\"Prefeitura inicia municipaliza\u00e7\u00e3o de mais 7 escolas estaduais | Encontra Bom Retiro\" \/>\n\t\t<meta property=\"og:description\" content=\"Prefeitura de S\u00e3o Jos\u00e9 dos Campos inicia a municipaliza\u00e7\u00e3o de mais sete escolas estaduais para ampliar a educa\u00e7\u00e3o.\" \/>\n\t\t<meta property=\"og:url\" content=\"https:\/\/www.encontrabomretiro.com.br\/sobre\/prefeitura-inicia-municipalizacao-de-mais-7-escolas-estaduais\/\" \/>\n\t\t<meta property=\"article:published_time\" content=\"2026-02-23T12:06:54+00:00\" \/>\n\t\t<meta property=\"article:modified_time\" content=\"2026-02-23T12:06:54+00:00\" \/>\n\t\t<meta name=\"twitter:card\" content=\"summary_large_image\" \/>\n\t\t<meta name=\"twitter:title\" content=\"Prefeitura inicia municipaliza\u00e7\u00e3o de mais 7 escolas estaduais | Encontra Bom Retiro\" \/>\n\t\t<meta name=\"twitter:description\" content=\"Prefeitura de S\u00e3o Jos\u00e9 dos Campos inicia a municipaliza\u00e7\u00e3o de mais sete escolas estaduais para ampliar a educa\u00e7\u00e3o.\" \/>\n\t\t<script type=\"application\/ld+json\" class=\"aioseo-schema\">\n\t\t\t{\"@context\":\"https:\\\/\\\/schema.org\",\"@graph\":[{\"@type\":\"Article\",\"@id\":\"https:\\\/\\\/www.encontrabomretiro.com.br\\\/sobre\\\/prefeitura-inicia-municipalizacao-de-mais-7-escolas-estaduais\\\/#article\",\"name\":\"Prefeitura inicia municipaliza\\u00e7\\u00e3o de mais 7 escolas estaduais | Encontra Bom Retiro\",\"headline\":\"Prefeitura inicia municipaliza\\u00e7\\u00e3o de mais 7 escolas estaduais\",\"author\":{\"@id\":\"https:\\\/\\\/www.encontrabomretiro.com.br\\\/sobre\\\/author\\\/ebomretiro\\\/#author\"},\"publisher\":{\"@id\":\"https:\\\/\\\/www.encontrabomretiro.com.br\\\/sobre\\\/#organization\"},\"image\":{\"@type\":\"ImageObject\",\"url\":\"https:\\\/\\\/www.encontrabomretiro.com.br\\\/sobre\\\/wp-content\\\/uploads\\\/2026\\\/02\\\/prefeitura-inicia-municipalizacao-de-mais-7-escolas-estaduais.webp\",\"width\":280,\"height\":280,\"caption\":\"municipaliza\\u00e7\\u00e3o de escolas estaduais\"},\"datePublished\":\"2026-02-23T10:06:54-02:00\",\"dateModified\":\"2026-02-23T10:06:54-02:00\",\"inLanguage\":\"pt-BR\",\"mainEntityOfPage\":{\"@id\":\"https:\\\/\\\/www.encontrabomretiro.com.br\\\/sobre\\\/prefeitura-inicia-municipalizacao-de-mais-7-escolas-estaduais\\\/#webpage\"},\"isPartOf\":{\"@id\":\"https:\\\/\\\/www.encontrabomretiro.com.br\\\/sobre\\\/prefeitura-inicia-municipalizacao-de-mais-7-escolas-estaduais\\\/#webpage\"},\"articleSection\":\"Not\\u00edcias Bom Retiro\"},{\"@type\":\"BreadcrumbList\",\"@id\":\"https:\\\/\\\/www.encontrabomretiro.com.br\\\/sobre\\\/prefeitura-inicia-municipalizacao-de-mais-7-escolas-estaduais\\\/#breadcrumblist\",\"itemListElement\":[{\"@type\":\"ListItem\",\"@id\":\"https:\\\/\\\/www.encontrabomretiro.com.br\\\/sobre#listItem\",\"position\":1,\"name\":\"Dom\\u00e9stica\",\"item\":\"https:\\\/\\\/www.encontrabomretiro.com.br\\\/sobre\",\"nextItem\":{\"@type\":\"ListItem\",\"@id\":\"https:\\\/\\\/www.encontrabomretiro.com.br\\\/sobre\\\/noticias-no-bom-retiro\\\/#listItem\",\"name\":\"Not\\u00edcias Bom Retiro\"}},{\"@type\":\"ListItem\",\"@id\":\"https:\\\/\\\/www.encontrabomretiro.com.br\\\/sobre\\\/noticias-no-bom-retiro\\\/#listItem\",\"position\":2,\"name\":\"Not\\u00edcias Bom Retiro\",\"item\":\"https:\\\/\\\/www.encontrabomretiro.com.br\\\/sobre\\\/noticias-no-bom-retiro\\\/\",\"nextItem\":{\"@type\":\"ListItem\",\"@id\":\"https:\\\/\\\/www.encontrabomretiro.com.br\\\/sobre\\\/prefeitura-inicia-municipalizacao-de-mais-7-escolas-estaduais\\\/#listItem\",\"name\":\"Prefeitura inicia municipaliza\\u00e7\\u00e3o de mais 7 escolas estaduais\"},\"previousItem\":{\"@type\":\"ListItem\",\"@id\":\"https:\\\/\\\/www.encontrabomretiro.com.br\\\/sobre#listItem\",\"name\":\"Dom\\u00e9stica\"}},{\"@type\":\"ListItem\",\"@id\":\"https:\\\/\\\/www.encontrabomretiro.com.br\\\/sobre\\\/prefeitura-inicia-municipalizacao-de-mais-7-escolas-estaduais\\\/#listItem\",\"position\":3,\"name\":\"Prefeitura inicia municipaliza\\u00e7\\u00e3o de mais 7 escolas estaduais\",\"previousItem\":{\"@type\":\"ListItem\",\"@id\":\"https:\\\/\\\/www.encontrabomretiro.com.br\\\/sobre\\\/noticias-no-bom-retiro\\\/#listItem\",\"name\":\"Not\\u00edcias Bom Retiro\"}}]},{\"@type\":\"Organization\",\"@id\":\"https:\\\/\\\/www.encontrabomretiro.com.br\\\/sobre\\\/#organization\",\"name\":\"Encontra Bom Retiro\",\"description\":\"Not\\u00edcias, eventos, informa\\u00e7\\u00f5es e dicas no bairro do Bom Retiro e regi\\u00e3o.\",\"url\":\"https:\\\/\\\/www.encontrabomretiro.com.br\\\/sobre\\\/\"},{\"@type\":\"Person\",\"@id\":\"https:\\\/\\\/www.encontrabomretiro.com.br\\\/sobre\\\/author\\\/ebomretiro\\\/#author\",\"url\":\"https:\\\/\\\/www.encontrabomretiro.com.br\\\/sobre\\\/author\\\/ebomretiro\\\/\",\"name\":\"Encontra Bom Retiro\",\"image\":{\"@type\":\"ImageObject\",\"@id\":\"https:\\\/\\\/www.encontrabomretiro.com.br\\\/sobre\\\/prefeitura-inicia-municipalizacao-de-mais-7-escolas-estaduais\\\/#authorImage\",\"url\":\"https:\\\/\\\/secure.gravatar.com\\\/avatar\\\/507340682b8270222e1f208e23198b6ae7e2c6a1033ae84e99bc6bce4f82a387?s=96&d=mm&r=g\",\"width\":96,\"height\":96,\"caption\":\"Encontra Bom Retiro\"}},{\"@type\":\"WebPage\",\"@id\":\"https:\\\/\\\/www.encontrabomretiro.com.br\\\/sobre\\\/prefeitura-inicia-municipalizacao-de-mais-7-escolas-estaduais\\\/#webpage\",\"url\":\"https:\\\/\\\/www.encontrabomretiro.com.br\\\/sobre\\\/prefeitura-inicia-municipalizacao-de-mais-7-escolas-estaduais\\\/\",\"name\":\"Prefeitura inicia municipaliza\\u00e7\\u00e3o de mais 7 escolas estaduais | Encontra Bom Retiro\",\"description\":\"Prefeitura de S\\u00e3o Jos\\u00e9 dos Campos inicia a municipaliza\\u00e7\\u00e3o de mais sete escolas estaduais para ampliar a educa\\u00e7\\u00e3o.\",\"inLanguage\":\"pt-BR\",\"isPartOf\":{\"@id\":\"https:\\\/\\\/www.encontrabomretiro.com.br\\\/sobre\\\/#website\"},\"breadcrumb\":{\"@id\":\"https:\\\/\\\/www.encontrabomretiro.com.br\\\/sobre\\\/prefeitura-inicia-municipalizacao-de-mais-7-escolas-estaduais\\\/#breadcrumblist\"},\"author\":{\"@id\":\"https:\\\/\\\/www.encontrabomretiro.com.br\\\/sobre\\\/author\\\/ebomretiro\\\/#author\"},\"creator\":{\"@id\":\"https:\\\/\\\/www.encontrabomretiro.com.br\\\/sobre\\\/author\\\/ebomretiro\\\/#author\"},\"image\":{\"@type\":\"ImageObject\",\"url\":\"https:\\\/\\\/www.encontrabomretiro.com.br\\\/sobre\\\/wp-content\\\/uploads\\\/2026\\\/02\\\/prefeitura-inicia-municipalizacao-de-mais-7-escolas-estaduais.webp\",\"@id\":\"https:\\\/\\\/www.encontrabomretiro.com.br\\\/sobre\\\/prefeitura-inicia-municipalizacao-de-mais-7-escolas-estaduais\\\/#mainImage\",\"width\":280,\"height\":280,\"caption\":\"municipaliza\\u00e7\\u00e3o de escolas estaduais\"},\"primaryImageOfPage\":{\"@id\":\"https:\\\/\\\/www.encontrabomretiro.com.br\\\/sobre\\\/prefeitura-inicia-municipalizacao-de-mais-7-escolas-estaduais\\\/#mainImage\"},\"datePublished\":\"2026-02-23T10:06:54-02:00\",\"dateModified\":\"2026-02-23T10:06:54-02:00\"},{\"@type\":\"WebSite\",\"@id\":\"https:\\\/\\\/www.encontrabomretiro.com.br\\\/sobre\\\/#website\",\"url\":\"https:\\\/\\\/www.encontrabomretiro.com.br\\\/sobre\\\/\",\"name\":\"Encontra Bom Retiro\",\"description\":\"Not\\u00edcias, eventos, informa\\u00e7\\u00f5es e dicas no bairro do Bom Retiro e regi\\u00e3o.\",\"inLanguage\":\"pt-BR\",\"publisher\":{\"@id\":\"https:\\\/\\\/www.encontrabomretiro.com.br\\\/sobre\\\/#organization\"}}]}\n\t\t<\/script>\n\t\t<!-- All in One SEO -->\n\n","aioseo_head_json":{"title":"Prefeitura inicia municipaliza\u00e7\u00e3o de mais 7 escolas estaduais | Encontra Bom Retiro","description":"Prefeitura de S\u00e3o Jos\u00e9 dos Campos inicia a municipaliza\u00e7\u00e3o de mais sete escolas estaduais para ampliar a educa\u00e7\u00e3o.","canonical_url":"https:\/\/www.encontrabomretiro.com.br\/sobre\/prefeitura-inicia-municipalizacao-de-mais-7-escolas-estaduais\/","robots":"max-image-preview:large","keywords":"","webmasterTools":{"miscellaneous":""},"schema":{"@context":"https:\/\/schema.org","@graph":[{"@type":"Article","@id":"https:\/\/www.encontrabomretiro.com.br\/sobre\/prefeitura-inicia-municipalizacao-de-mais-7-escolas-estaduais\/#article","name":"Prefeitura inicia municipaliza\u00e7\u00e3o de mais 7 escolas estaduais | Encontra Bom Retiro","headline":"Prefeitura inicia municipaliza\u00e7\u00e3o de mais 7 escolas estaduais","author":{"@id":"https:\/\/www.encontrabomretiro.com.br\/sobre\/author\/ebomretiro\/#author"},"publisher":{"@id":"https:\/\/www.encontrabomretiro.com.br\/sobre\/#organization"},"image":{"@type":"ImageObject","url":"https:\/\/www.encontrabomretiro.com.br\/sobre\/wp-content\/uploads\/2026\/02\/prefeitura-inicia-municipalizacao-de-mais-7-escolas-estaduais.webp","width":280,"height":280,"caption":"municipaliza\u00e7\u00e3o de escolas estaduais"},"datePublished":"2026-02-23T10:06:54-02:00","dateModified":"2026-02-23T10:06:54-02:00","inLanguage":"pt-BR","mainEntityOfPage":{"@id":"https:\/\/www.encontrabomretiro.com.br\/sobre\/prefeitura-inicia-municipalizacao-de-mais-7-escolas-estaduais\/#webpage"},"isPartOf":{"@id":"https:\/\/www.encontrabomretiro.com.br\/sobre\/prefeitura-inicia-municipalizacao-de-mais-7-escolas-estaduais\/#webpage"},"articleSection":"Not\u00edcias Bom Retiro"},{"@type":"BreadcrumbList","@id":"https:\/\/www.encontrabomretiro.com.br\/sobre\/prefeitura-inicia-municipalizacao-de-mais-7-escolas-estaduais\/#breadcrumblist","itemListElement":[{"@type":"ListItem","@id":"https:\/\/www.encontrabomretiro.com.br\/sobre#listItem","position":1,"name":"Dom\u00e9stica","item":"https:\/\/www.encontrabomretiro.com.br\/sobre","nextItem":{"@type":"ListItem","@id":"https:\/\/www.encontrabomretiro.com.br\/sobre\/noticias-no-bom-retiro\/#listItem","name":"Not\u00edcias Bom Retiro"}},{"@type":"ListItem","@id":"https:\/\/www.encontrabomretiro.com.br\/sobre\/noticias-no-bom-retiro\/#listItem","position":2,"name":"Not\u00edcias Bom Retiro","item":"https:\/\/www.encontrabomretiro.com.br\/sobre\/noticias-no-bom-retiro\/","nextItem":{"@type":"ListItem","@id":"https:\/\/www.encontrabomretiro.com.br\/sobre\/prefeitura-inicia-municipalizacao-de-mais-7-escolas-estaduais\/#listItem","name":"Prefeitura inicia municipaliza\u00e7\u00e3o de mais 7 escolas estaduais"},"previousItem":{"@type":"ListItem","@id":"https:\/\/www.encontrabomretiro.com.br\/sobre#listItem","name":"Dom\u00e9stica"}},{"@type":"ListItem","@id":"https:\/\/www.encontrabomretiro.com.br\/sobre\/prefeitura-inicia-municipalizacao-de-mais-7-escolas-estaduais\/#listItem","position":3,"name":"Prefeitura inicia municipaliza\u00e7\u00e3o de mais 7 escolas estaduais","previousItem":{"@type":"ListItem","@id":"https:\/\/www.encontrabomretiro.com.br\/sobre\/noticias-no-bom-retiro\/#listItem","name":"Not\u00edcias Bom Retiro"}}]},{"@type":"Organization","@id":"https:\/\/www.encontrabomretiro.com.br\/sobre\/#organization","name":"Encontra Bom Retiro","description":"Not\u00edcias, eventos, informa\u00e7\u00f5es e dicas no bairro do Bom Retiro e regi\u00e3o.","url":"https:\/\/www.encontrabomretiro.com.br\/sobre\/"},{"@type":"Person","@id":"https:\/\/www.encontrabomretiro.com.br\/sobre\/author\/ebomretiro\/#author","url":"https:\/\/www.encontrabomretiro.com.br\/sobre\/author\/ebomretiro\/","name":"Encontra Bom Retiro","image":{"@type":"ImageObject","@id":"https:\/\/www.encontrabomretiro.com.br\/sobre\/prefeitura-inicia-municipalizacao-de-mais-7-escolas-estaduais\/#authorImage","url":"https:\/\/secure.gravatar.com\/avatar\/507340682b8270222e1f208e23198b6ae7e2c6a1033ae84e99bc6bce4f82a387?s=96&d=mm&r=g","width":96,"height":96,"caption":"Encontra Bom Retiro"}},{"@type":"WebPage","@id":"https:\/\/www.encontrabomretiro.com.br\/sobre\/prefeitura-inicia-municipalizacao-de-mais-7-escolas-estaduais\/#webpage","url":"https:\/\/www.encontrabomretiro.com.br\/sobre\/prefeitura-inicia-municipalizacao-de-mais-7-escolas-estaduais\/","name":"Prefeitura inicia municipaliza\u00e7\u00e3o de mais 7 escolas estaduais | Encontra Bom Retiro","description":"Prefeitura de S\u00e3o Jos\u00e9 dos Campos inicia a municipaliza\u00e7\u00e3o de mais sete escolas estaduais para ampliar a educa\u00e7\u00e3o.","inLanguage":"pt-BR","isPartOf":{"@id":"https:\/\/www.encontrabomretiro.com.br\/sobre\/#website"},"breadcrumb":{"@id":"https:\/\/www.encontrabomretiro.com.br\/sobre\/prefeitura-inicia-municipalizacao-de-mais-7-escolas-estaduais\/#breadcrumblist"},"author":{"@id":"https:\/\/www.encontrabomretiro.com.br\/sobre\/author\/ebomretiro\/#author"},"creator":{"@id":"https:\/\/www.encontrabomretiro.com.br\/sobre\/author\/ebomretiro\/#author"},"image":{"@type":"ImageObject","url":"https:\/\/www.encontrabomretiro.com.br\/sobre\/wp-content\/uploads\/2026\/02\/prefeitura-inicia-municipalizacao-de-mais-7-escolas-estaduais.webp","@id":"https:\/\/www.encontrabomretiro.com.br\/sobre\/prefeitura-inicia-municipalizacao-de-mais-7-escolas-estaduais\/#mainImage","width":280,"height":280,"caption":"municipaliza\u00e7\u00e3o de escolas estaduais"},"primaryImageOfPage":{"@id":"https:\/\/www.encontrabomretiro.com.br\/sobre\/prefeitura-inicia-municipalizacao-de-mais-7-escolas-estaduais\/#mainImage"},"datePublished":"2026-02-23T10:06:54-02:00","dateModified":"2026-02-23T10:06:54-02:00"},{"@type":"WebSite","@id":"https:\/\/www.encontrabomretiro.com.br\/sobre\/#website","url":"https:\/\/www.encontrabomretiro.com.br\/sobre\/","name":"Encontra Bom Retiro","description":"Not\u00edcias, eventos, informa\u00e7\u00f5es e dicas no bairro do Bom Retiro e regi\u00e3o.","inLanguage":"pt-BR","publisher":{"@id":"https:\/\/www.encontrabomretiro.com.br\/sobre\/#organization"}}]},"og:locale":"pt_BR","og:site_name":"Encontra Bom Retiro | Not\u00edcias, eventos, informa\u00e7\u00f5es e dicas no bairro do Bom Retiro e regi\u00e3o.","og:type":"article","og:title":"Prefeitura inicia municipaliza\u00e7\u00e3o de mais 7 escolas estaduais | Encontra Bom Retiro","og:description":"Prefeitura de S\u00e3o Jos\u00e9 dos Campos inicia a municipaliza\u00e7\u00e3o de mais sete escolas estaduais para ampliar a educa\u00e7\u00e3o.","og:url":"https:\/\/www.encontrabomretiro.com.br\/sobre\/prefeitura-inicia-municipalizacao-de-mais-7-escolas-estaduais\/","article:published_time":"2026-02-23T12:06:54+00:00","article:modified_time":"2026-02-23T12:06:54+00:00","twitter:card":"summary_large_image","twitter:title":"Prefeitura inicia municipaliza\u00e7\u00e3o de mais 7 escolas estaduais | Encontra Bom Retiro","twitter:description":"Prefeitura de S\u00e3o Jos\u00e9 dos Campos inicia a municipaliza\u00e7\u00e3o de mais sete escolas estaduais para ampliar a educa\u00e7\u00e3o."},"aioseo_meta_data":{"post_id":"2458","title":null,"description":null,"keywords":null,"keyphrases":null,"primary_term":null,"canonical_url":null,"og_title":null,"og_description":null,"og_object_type":"default","og_image_type":"default","og_image_url":null,"og_image_width":null,"og_image_height":null,"og_image_custom_url":null,"og_image_custom_fields":null,"og_video":null,"og_custom_url":null,"og_article_section":null,"og_article_tags":null,"twitter_use_og":false,"twitter_card":"default","twitter_image_type":"default","twitter_image_url":null,"twitter_image_custom_url":null,"twitter_image_custom_fields":null,"twitter_title":null,"twitter_description":null,"schema":{"blockGraphs":[],"customGraphs":[],"default":{"data":{"Article":[],"Course":[],"Dataset":[],"FAQPage":[],"Movie":[],"Person":[],"Product":[],"ProductReview":[],"Car":[],"Recipe":[],"Service":[],"SoftwareApplication":[],"WebPage":[]},"graphName":"Article","isEnabled":true},"graphs":[]},"schema_type":"default","schema_type_options":null,"pillar_content":false,"robots_default":true,"robots_noindex":false,"robots_noarchive":false,"robots_nosnippet":false,"robots_nofollow":false,"robots_noimageindex":false,"robots_noodp":false,"robots_notranslate":false,"robots_max_snippet":null,"robots_max_videopreview":null,"robots_max_imagepreview":"large","priority":null,"frequency":null,"local_seo":null,"breadcrumb_settings":null,"limit_modified_date":false,"ai":null,"created":"2026-02-23 12:06:58","updated":"2026-02-23 12:09:41","focus_keyword":null,"additional_keywords":null,"truseo_locale":null,"seo_analyzer_scan_date":null},"aioseo_breadcrumb":"<div class=\"aioseo-breadcrumbs\"><span class=\"aioseo-breadcrumb\">\n\t\t\t<a href=\"https:\/\/www.encontrabomretiro.com.br\/sobre\" title=\"Dom\u00e9stica\">Dom\u00e9stica<\/a>\n\t\t<\/span><span class=\"aioseo-breadcrumb-separator\">&raquo;<\/span><span class=\"aioseo-breadcrumb\">\n\t\t\t<a href=\"https:\/\/www.encontrabomretiro.com.br\/sobre\/noticias-no-bom-retiro\/\" title=\"Not\u00edcias Bom Retiro\">Not\u00edcias Bom Retiro<\/a>\n\t\t<\/span><span class=\"aioseo-breadcrumb-separator\">&raquo;<\/span><span class=\"aioseo-breadcrumb\">\n\t\t\tPrefeitura inicia municipaliza\u00e7\u00e3o de mais 7 escolas estaduais\n\t\t<\/span><\/div>","aioseo_breadcrumb_json":[{"label":"Dom\u00e9stica","link":"https:\/\/www.encontrabomretiro.com.br\/sobre"},{"label":"Not\u00edcias Bom Retiro","link":"https:\/\/www.encontrabomretiro.com.br\/sobre\/noticias-no-bom-retiro\/"},{"label":"Prefeitura inicia municipaliza\u00e7\u00e3o de mais 7 escolas estaduais","link":"https:\/\/www.encontrabomretiro.com.br\/sobre\/prefeitura-inicia-municipalizacao-de-mais-7-escolas-estaduais\/"}],"_links":{"self":[{"href":"https:\/\/www.encontrabomretiro.com.br\/sobre\/wp-json\/wp\/v2\/posts\/2458","targetHints":{"allow":["GET"]}}],"collection":[{"href":"https:\/\/www.encontrabomretiro.com.br\/sobre\/wp-json\/wp\/v2\/posts"}],"about":[{"href":"https:\/\/www.encontrabomretiro.com.br\/sobre\/wp-json\/wp\/v2\/types\/post"}],"author":[{"embeddable":true,"href":"https:\/\/www.encontrabomretiro.com.br\/sobre\/wp-json\/wp\/v2\/users\/1"}],"replies":[{"embeddable":true,"href":"https:\/\/www.encontrabomretiro.com.br\/sobre\/wp-json\/wp\/v2\/comments?post=2458"}],"version-history":[{"count":0,"href":"https:\/\/www.encontrabomretiro.com.br\/sobre\/wp-json\/wp\/v2\/posts\/2458\/revisions"}],"wp:featuredmedia":[{"embeddable":true,"href":"https:\/\/www.encontrabomretiro.com.br\/sobre\/wp-json\/wp\/v2\/media\/2457"}],"wp:attachment":[{"href":"https:\/\/www.encontrabomretiro.com.br\/sobre\/wp-json\/wp\/v2\/media?parent=2458"}],"wp:term":[{"taxonomy":"category","embeddable":true,"href":"https:\/\/www.encontrabomretiro.com.br\/sobre\/wp-json\/wp\/v2\/categories?post=2458"},{"taxonomy":"post_tag","embeddable":true,"href":"https:\/\/www.encontrabomretiro.com.br\/sobre\/wp-json\/wp\/v2\/tags?post=2458"}],"curies":[{"name":"wp","href":"https:\/\/api.w.org\/{rel}","templated":true}]}}