{"id":244,"date":"2011-07-15T17:47:12","date_gmt":"2011-07-15T19:47:12","guid":{"rendered":"http:\/\/www.encontrabomretiro.com.br\/noticias\/?p=244"},"modified":"2019-04-29T18:05:05","modified_gmt":"2019-04-29T20:05:05","slug":"acesso-para-bom-retiro-nao-tem-data-para-ficar-pronto","status":"publish","type":"post","link":"https:\/\/www.encontrabomretiro.com.br\/sobre\/acesso-para-bom-retiro-nao-tem-data-para-ficar-pronto\/","title":{"rendered":"Acesso para Bom Retiro n\u00e3o tem data para ficar pronto"},"content":{"rendered":"<div class=\"228b65ae207de3c5c501cfe75875708b\" data-index=\"1\" style=\"float: none; margin:0px;\">\n<!-- Anuncio display - global -->\r\n<ins class=\"adsbygoogle\"\r\n     style=\"display:block\"\r\n     data-ad-client=\"ca-pub-8585364105181520\"\r\n     data-ad-slot=\"8789329856\"\r\n     data-ad-format=\"auto\"\r\n     data-full-width-responsive=\"true\"><\/ins>\r\n<script>\r\n     (adsbygoogle = window.adsbygoogle || []).push({});\r\n<\/script>\n<\/div>\n<p>Quem trafegar pela Avenida do Estado em dire\u00e7\u00e3o \u00e0 nova ponte estaiada poder\u00e1 ver uma entrada incompleta a cerca de 10 metros de altura, mais ou menos na metade da subida da ponte. Trata-se de um acesso direto ao bairro do Bom Retiro que estava previsto para ser inaugurado com a nova ponte, mas que ainda n\u00e3o tem data para sair do papel.<\/p>\n<p>A al\u00e7a ter\u00e1 cerca de 200 metros de extens\u00e3o e funcionar\u00e1 como uma esp\u00e9cie de retorno para quem vem da Av. Presidente Castelo Branco &#8211; o atual acesso da pista local da Marginal \u00e0 Avenida do Estado para os motoristas que trafegam no sentido Ayrton Senna. Segundo a Dersa, ainda faltam desapropria\u00e7\u00f5es de im\u00f3veis do bairro para concluir a al\u00e7a, que custar\u00e1 R$ 55 milh\u00f5es.<\/p>\n<p>Enquanto o acesso n\u00e3o estiver pronto, blocos de concreto v\u00e3o bloque\u00e1-lo para evitar acidentes ap\u00f3s a inaugura\u00e7\u00e3o da parte principal da ponte.<\/p>\n<p><em>Fonte: O Estado de S. Paulo<\/em><\/p>\n\n<div style=\"font-size: 0px; height: 0px; line-height: 0px; margin: 0; padding: 0; clear: both;\"><\/div>","protected":false},"excerpt":{"rendered":"<p>Quem trafegar pela Avenida do Estado em dire\u00e7\u00e3o \u00e0 nova ponte estaiada poder\u00e1 ver uma entrada incompleta a cerca de 10 metros de altura, mais ou menos na metade da subida da ponte. Trata-se de um acesso direto ao bairro do Bom Retiro que estava previsto para ser inaugurado com a nova ponte, mas que ainda n\u00e3o tem data para sair do papel. A al\u00e7a ter\u00e1 cerca de 200 metros de extens\u00e3o e funcionar\u00e1 como uma esp\u00e9cie de retorno para quem vem da Av. Presidente Castelo Branco &#8211; o atual acesso da pista local da Marginal \u00e0 Avenida do Estado <\/p>\n","protected":false},"author":1,"featured_media":0,"comment_status":"open","ping_status":"closed","sticky":false,"template":"","format":"standard","meta":{"footnotes":""},"categories":[6],"tags":[14],"class_list":["post-244","post","type-post","status-publish","format-standard","hentry","category-noticias-no-bom-retiro","tag-bom-retiro"],"aioseo_notices":[],"aioseo_head":"\n\t\t<!-- All in One SEO 5.0.0.1 - aioseo.com -->\n\t<meta name=\"description\" content=\"Quem trafegar pela Avenida do Estado em dire\u00e7\u00e3o \u00e0 nova ponte estaiada poder\u00e1 ver uma entrada incompleta a cerca de 10 metros de altura, mais ou menos na metade da subida da ponte. Trata-se de um acesso direto ao bairro do Bom Retiro que estava previsto para ser inaugurado com a nova ponte, mas que\" \/>\n\t<meta name=\"robots\" content=\"max-image-preview:large\" \/>\n\t<meta name=\"author\" content=\"Encontra Bom Retiro\"\/>\n\t<link rel=\"canonical\" href=\"https:\/\/www.encontrabomretiro.com.br\/sobre\/acesso-para-bom-retiro-nao-tem-data-para-ficar-pronto\/\" \/>\n\t<meta name=\"generator\" content=\"All in One SEO (AIOSEO) 5.0.0.1\" \/>\n\t\t<meta property=\"og:locale\" content=\"pt_BR\" \/>\n\t\t<meta property=\"og:site_name\" content=\"Encontra Bom Retiro | Not\u00edcias, eventos, informa\u00e7\u00f5es e dicas no bairro do Bom Retiro e regi\u00e3o.\" \/>\n\t\t<meta property=\"og:type\" content=\"article\" \/>\n\t\t<meta property=\"og:title\" content=\"Acesso para Bom Retiro n\u00e3o tem data para ficar pronto | Encontra Bom Retiro\" \/>\n\t\t<meta property=\"og:description\" content=\"Quem trafegar pela Avenida do Estado em dire\u00e7\u00e3o \u00e0 nova ponte estaiada poder\u00e1 ver uma entrada incompleta a cerca de 10 metros de altura, mais ou menos na metade da subida da ponte. Trata-se de um acesso direto ao bairro do Bom Retiro que estava previsto para ser inaugurado com a nova ponte, mas que\" \/>\n\t\t<meta property=\"og:url\" content=\"https:\/\/www.encontrabomretiro.com.br\/sobre\/acesso-para-bom-retiro-nao-tem-data-para-ficar-pronto\/\" \/>\n\t\t<meta property=\"article:published_time\" content=\"2011-07-15T19:47:12+00:00\" \/>\n\t\t<meta property=\"article:modified_time\" content=\"2019-04-29T20:05:05+00:00\" \/>\n\t\t<meta name=\"twitter:card\" content=\"summary_large_image\" \/>\n\t\t<meta name=\"twitter:title\" content=\"Acesso para Bom Retiro n\u00e3o tem data para ficar pronto | Encontra Bom Retiro\" \/>\n\t\t<meta name=\"twitter:description\" content=\"Quem trafegar pela Avenida do Estado em dire\u00e7\u00e3o \u00e0 nova ponte estaiada poder\u00e1 ver uma entrada incompleta a cerca de 10 metros de altura, mais ou menos na metade da subida da ponte. Trata-se de um acesso direto ao bairro do Bom Retiro que estava previsto para ser inaugurado com a nova ponte, mas que\" \/>\n\t\t<script type=\"application\/ld+json\" class=\"aioseo-schema\">\n\t\t\t{\"@context\":\"https:\\\/\\\/schema.org\",\"@graph\":[{\"@type\":\"Article\",\"@id\":\"https:\\\/\\\/www.encontrabomretiro.com.br\\\/sobre\\\/acesso-para-bom-retiro-nao-tem-data-para-ficar-pronto\\\/#article\",\"name\":\"Acesso para Bom Retiro n\\u00e3o tem data para ficar pronto | Encontra Bom Retiro\",\"headline\":\"Acesso para Bom Retiro n\\u00e3o tem data para ficar pronto\",\"author\":{\"@id\":\"https:\\\/\\\/www.encontrabomretiro.com.br\\\/sobre\\\/author\\\/ebomretiro\\\/#author\"},\"publisher\":{\"@id\":\"https:\\\/\\\/www.encontrabomretiro.com.br\\\/sobre\\\/#organization\"},\"datePublished\":\"2011-07-15T17:47:12-02:00\",\"dateModified\":\"2019-04-29T18:05:05-02:00\",\"inLanguage\":\"pt-BR\",\"mainEntityOfPage\":{\"@id\":\"https:\\\/\\\/www.encontrabomretiro.com.br\\\/sobre\\\/acesso-para-bom-retiro-nao-tem-data-para-ficar-pronto\\\/#webpage\"},\"isPartOf\":{\"@id\":\"https:\\\/\\\/www.encontrabomretiro.com.br\\\/sobre\\\/acesso-para-bom-retiro-nao-tem-data-para-ficar-pronto\\\/#webpage\"},\"articleSection\":\"Not\\u00edcias Bom Retiro, Bom Retiro\"},{\"@type\":\"BreadcrumbList\",\"@id\":\"https:\\\/\\\/www.encontrabomretiro.com.br\\\/sobre\\\/acesso-para-bom-retiro-nao-tem-data-para-ficar-pronto\\\/#breadcrumblist\",\"itemListElement\":[{\"@type\":\"ListItem\",\"@id\":\"https:\\\/\\\/www.encontrabomretiro.com.br\\\/sobre#listItem\",\"position\":1,\"name\":\"Dom\\u00e9stica\",\"item\":\"https:\\\/\\\/www.encontrabomretiro.com.br\\\/sobre\",\"nextItem\":{\"@type\":\"ListItem\",\"@id\":\"https:\\\/\\\/www.encontrabomretiro.com.br\\\/sobre\\\/noticias-no-bom-retiro\\\/#listItem\",\"name\":\"Not\\u00edcias Bom Retiro\"}},{\"@type\":\"ListItem\",\"@id\":\"https:\\\/\\\/www.encontrabomretiro.com.br\\\/sobre\\\/noticias-no-bom-retiro\\\/#listItem\",\"position\":2,\"name\":\"Not\\u00edcias Bom Retiro\",\"item\":\"https:\\\/\\\/www.encontrabomretiro.com.br\\\/sobre\\\/noticias-no-bom-retiro\\\/\",\"nextItem\":{\"@type\":\"ListItem\",\"@id\":\"https:\\\/\\\/www.encontrabomretiro.com.br\\\/sobre\\\/acesso-para-bom-retiro-nao-tem-data-para-ficar-pronto\\\/#listItem\",\"name\":\"Acesso para Bom Retiro n\\u00e3o tem data para ficar pronto\"},\"previousItem\":{\"@type\":\"ListItem\",\"@id\":\"https:\\\/\\\/www.encontrabomretiro.com.br\\\/sobre#listItem\",\"name\":\"Dom\\u00e9stica\"}},{\"@type\":\"ListItem\",\"@id\":\"https:\\\/\\\/www.encontrabomretiro.com.br\\\/sobre\\\/acesso-para-bom-retiro-nao-tem-data-para-ficar-pronto\\\/#listItem\",\"position\":3,\"name\":\"Acesso para Bom Retiro n\\u00e3o tem data para ficar pronto\",\"previousItem\":{\"@type\":\"ListItem\",\"@id\":\"https:\\\/\\\/www.encontrabomretiro.com.br\\\/sobre\\\/noticias-no-bom-retiro\\\/#listItem\",\"name\":\"Not\\u00edcias Bom Retiro\"}}]},{\"@type\":\"Organization\",\"@id\":\"https:\\\/\\\/www.encontrabomretiro.com.br\\\/sobre\\\/#organization\",\"name\":\"Encontra Bom Retiro\",\"description\":\"Not\\u00edcias, eventos, informa\\u00e7\\u00f5es e dicas no bairro do Bom Retiro e regi\\u00e3o.\",\"url\":\"https:\\\/\\\/www.encontrabomretiro.com.br\\\/sobre\\\/\"},{\"@type\":\"Person\",\"@id\":\"https:\\\/\\\/www.encontrabomretiro.com.br\\\/sobre\\\/author\\\/ebomretiro\\\/#author\",\"url\":\"https:\\\/\\\/www.encontrabomretiro.com.br\\\/sobre\\\/author\\\/ebomretiro\\\/\",\"name\":\"Encontra Bom Retiro\",\"image\":{\"@type\":\"ImageObject\",\"@id\":\"https:\\\/\\\/www.encontrabomretiro.com.br\\\/sobre\\\/acesso-para-bom-retiro-nao-tem-data-para-ficar-pronto\\\/#authorImage\",\"url\":\"https:\\\/\\\/secure.gravatar.com\\\/avatar\\\/507340682b8270222e1f208e23198b6ae7e2c6a1033ae84e99bc6bce4f82a387?s=96&d=mm&r=g\",\"width\":96,\"height\":96,\"caption\":\"Encontra Bom Retiro\"}},{\"@type\":\"WebPage\",\"@id\":\"https:\\\/\\\/www.encontrabomretiro.com.br\\\/sobre\\\/acesso-para-bom-retiro-nao-tem-data-para-ficar-pronto\\\/#webpage\",\"url\":\"https:\\\/\\\/www.encontrabomretiro.com.br\\\/sobre\\\/acesso-para-bom-retiro-nao-tem-data-para-ficar-pronto\\\/\",\"name\":\"Acesso para Bom Retiro n\\u00e3o tem data para ficar pronto | Encontra Bom Retiro\",\"description\":\"Quem trafegar pela Avenida do Estado em dire\\u00e7\\u00e3o \\u00e0 nova ponte estaiada poder\\u00e1 ver uma entrada incompleta a cerca de 10 metros de altura, mais ou menos na metade da subida da ponte. Trata-se de um acesso direto ao bairro do Bom Retiro que estava previsto para ser inaugurado com a nova ponte, mas que\",\"inLanguage\":\"pt-BR\",\"isPartOf\":{\"@id\":\"https:\\\/\\\/www.encontrabomretiro.com.br\\\/sobre\\\/#website\"},\"breadcrumb\":{\"@id\":\"https:\\\/\\\/www.encontrabomretiro.com.br\\\/sobre\\\/acesso-para-bom-retiro-nao-tem-data-para-ficar-pronto\\\/#breadcrumblist\"},\"author\":{\"@id\":\"https:\\\/\\\/www.encontrabomretiro.com.br\\\/sobre\\\/author\\\/ebomretiro\\\/#author\"},\"creator\":{\"@id\":\"https:\\\/\\\/www.encontrabomretiro.com.br\\\/sobre\\\/author\\\/ebomretiro\\\/#author\"},\"datePublished\":\"2011-07-15T17:47:12-02:00\",\"dateModified\":\"2019-04-29T18:05:05-02:00\"},{\"@type\":\"WebSite\",\"@id\":\"https:\\\/\\\/www.encontrabomretiro.com.br\\\/sobre\\\/#website\",\"url\":\"https:\\\/\\\/www.encontrabomretiro.com.br\\\/sobre\\\/\",\"name\":\"Encontra Bom Retiro\",\"description\":\"Not\\u00edcias, eventos, informa\\u00e7\\u00f5es e dicas no bairro do Bom Retiro e regi\\u00e3o.\",\"inLanguage\":\"pt-BR\",\"publisher\":{\"@id\":\"https:\\\/\\\/www.encontrabomretiro.com.br\\\/sobre\\\/#organization\"}}]}\n\t\t<\/script>\n\t\t<!-- All in One SEO -->\n\n","aioseo_head_json":{"title":"Acesso para Bom Retiro n\u00e3o tem data para ficar pronto | Encontra Bom Retiro","description":"Quem trafegar pela Avenida do Estado em dire\u00e7\u00e3o \u00e0 nova ponte estaiada poder\u00e1 ver uma entrada incompleta a cerca de 10 metros de altura, mais ou menos na metade da subida da ponte. Trata-se de um acesso direto ao bairro do Bom Retiro que estava previsto para ser inaugurado com a nova ponte, mas que","canonical_url":"https:\/\/www.encontrabomretiro.com.br\/sobre\/acesso-para-bom-retiro-nao-tem-data-para-ficar-pronto\/","robots":"max-image-preview:large","keywords":"","webmasterTools":{"miscellaneous":""},"schema":{"@context":"https:\/\/schema.org","@graph":[{"@type":"Article","@id":"https:\/\/www.encontrabomretiro.com.br\/sobre\/acesso-para-bom-retiro-nao-tem-data-para-ficar-pronto\/#article","name":"Acesso para Bom Retiro n\u00e3o tem data para ficar pronto | Encontra Bom Retiro","headline":"Acesso para Bom Retiro n\u00e3o tem data para ficar pronto","author":{"@id":"https:\/\/www.encontrabomretiro.com.br\/sobre\/author\/ebomretiro\/#author"},"publisher":{"@id":"https:\/\/www.encontrabomretiro.com.br\/sobre\/#organization"},"datePublished":"2011-07-15T17:47:12-02:00","dateModified":"2019-04-29T18:05:05-02:00","inLanguage":"pt-BR","mainEntityOfPage":{"@id":"https:\/\/www.encontrabomretiro.com.br\/sobre\/acesso-para-bom-retiro-nao-tem-data-para-ficar-pronto\/#webpage"},"isPartOf":{"@id":"https:\/\/www.encontrabomretiro.com.br\/sobre\/acesso-para-bom-retiro-nao-tem-data-para-ficar-pronto\/#webpage"},"articleSection":"Not\u00edcias Bom Retiro, Bom Retiro"},{"@type":"BreadcrumbList","@id":"https:\/\/www.encontrabomretiro.com.br\/sobre\/acesso-para-bom-retiro-nao-tem-data-para-ficar-pronto\/#breadcrumblist","itemListElement":[{"@type":"ListItem","@id":"https:\/\/www.encontrabomretiro.com.br\/sobre#listItem","position":1,"name":"Dom\u00e9stica","item":"https:\/\/www.encontrabomretiro.com.br\/sobre","nextItem":{"@type":"ListItem","@id":"https:\/\/www.encontrabomretiro.com.br\/sobre\/noticias-no-bom-retiro\/#listItem","name":"Not\u00edcias Bom Retiro"}},{"@type":"ListItem","@id":"https:\/\/www.encontrabomretiro.com.br\/sobre\/noticias-no-bom-retiro\/#listItem","position":2,"name":"Not\u00edcias Bom Retiro","item":"https:\/\/www.encontrabomretiro.com.br\/sobre\/noticias-no-bom-retiro\/","nextItem":{"@type":"ListItem","@id":"https:\/\/www.encontrabomretiro.com.br\/sobre\/acesso-para-bom-retiro-nao-tem-data-para-ficar-pronto\/#listItem","name":"Acesso para Bom Retiro n\u00e3o tem data para ficar pronto"},"previousItem":{"@type":"ListItem","@id":"https:\/\/www.encontrabomretiro.com.br\/sobre#listItem","name":"Dom\u00e9stica"}},{"@type":"ListItem","@id":"https:\/\/www.encontrabomretiro.com.br\/sobre\/acesso-para-bom-retiro-nao-tem-data-para-ficar-pronto\/#listItem","position":3,"name":"Acesso para Bom Retiro n\u00e3o tem data para ficar pronto","previousItem":{"@type":"ListItem","@id":"https:\/\/www.encontrabomretiro.com.br\/sobre\/noticias-no-bom-retiro\/#listItem","name":"Not\u00edcias Bom Retiro"}}]},{"@type":"Organization","@id":"https:\/\/www.encontrabomretiro.com.br\/sobre\/#organization","name":"Encontra Bom Retiro","description":"Not\u00edcias, eventos, informa\u00e7\u00f5es e dicas no bairro do Bom Retiro e regi\u00e3o.","url":"https:\/\/www.encontrabomretiro.com.br\/sobre\/"},{"@type":"Person","@id":"https:\/\/www.encontrabomretiro.com.br\/sobre\/author\/ebomretiro\/#author","url":"https:\/\/www.encontrabomretiro.com.br\/sobre\/author\/ebomretiro\/","name":"Encontra Bom Retiro","image":{"@type":"ImageObject","@id":"https:\/\/www.encontrabomretiro.com.br\/sobre\/acesso-para-bom-retiro-nao-tem-data-para-ficar-pronto\/#authorImage","url":"https:\/\/secure.gravatar.com\/avatar\/507340682b8270222e1f208e23198b6ae7e2c6a1033ae84e99bc6bce4f82a387?s=96&d=mm&r=g","width":96,"height":96,"caption":"Encontra Bom Retiro"}},{"@type":"WebPage","@id":"https:\/\/www.encontrabomretiro.com.br\/sobre\/acesso-para-bom-retiro-nao-tem-data-para-ficar-pronto\/#webpage","url":"https:\/\/www.encontrabomretiro.com.br\/sobre\/acesso-para-bom-retiro-nao-tem-data-para-ficar-pronto\/","name":"Acesso para Bom Retiro n\u00e3o tem data para ficar pronto | Encontra Bom Retiro","description":"Quem trafegar pela Avenida do Estado em dire\u00e7\u00e3o \u00e0 nova ponte estaiada poder\u00e1 ver uma entrada incompleta a cerca de 10 metros de altura, mais ou menos na metade da subida da ponte. Trata-se de um acesso direto ao bairro do Bom Retiro que estava previsto para ser inaugurado com a nova ponte, mas que","inLanguage":"pt-BR","isPartOf":{"@id":"https:\/\/www.encontrabomretiro.com.br\/sobre\/#website"},"breadcrumb":{"@id":"https:\/\/www.encontrabomretiro.com.br\/sobre\/acesso-para-bom-retiro-nao-tem-data-para-ficar-pronto\/#breadcrumblist"},"author":{"@id":"https:\/\/www.encontrabomretiro.com.br\/sobre\/author\/ebomretiro\/#author"},"creator":{"@id":"https:\/\/www.encontrabomretiro.com.br\/sobre\/author\/ebomretiro\/#author"},"datePublished":"2011-07-15T17:47:12-02:00","dateModified":"2019-04-29T18:05:05-02:00"},{"@type":"WebSite","@id":"https:\/\/www.encontrabomretiro.com.br\/sobre\/#website","url":"https:\/\/www.encontrabomretiro.com.br\/sobre\/","name":"Encontra Bom Retiro","description":"Not\u00edcias, eventos, informa\u00e7\u00f5es e dicas no bairro do Bom Retiro e regi\u00e3o.","inLanguage":"pt-BR","publisher":{"@id":"https:\/\/www.encontrabomretiro.com.br\/sobre\/#organization"}}]},"og:locale":"pt_BR","og:site_name":"Encontra Bom Retiro | Not\u00edcias, eventos, informa\u00e7\u00f5es e dicas no bairro do Bom Retiro e regi\u00e3o.","og:type":"article","og:title":"Acesso para Bom Retiro n\u00e3o tem data para ficar pronto | Encontra Bom Retiro","og:description":"Quem trafegar pela Avenida do Estado em dire\u00e7\u00e3o \u00e0 nova ponte estaiada poder\u00e1 ver uma entrada incompleta a cerca de 10 metros de altura, mais ou menos na metade da subida da ponte. Trata-se de um acesso direto ao bairro do Bom Retiro que estava previsto para ser inaugurado com a nova ponte, mas que","og:url":"https:\/\/www.encontrabomretiro.com.br\/sobre\/acesso-para-bom-retiro-nao-tem-data-para-ficar-pronto\/","article:published_time":"2011-07-15T19:47:12+00:00","article:modified_time":"2019-04-29T20:05:05+00:00","twitter:card":"summary_large_image","twitter:title":"Acesso para Bom Retiro n\u00e3o tem data para ficar pronto | Encontra Bom Retiro","twitter:description":"Quem trafegar pela Avenida do Estado em dire\u00e7\u00e3o \u00e0 nova ponte estaiada poder\u00e1 ver uma entrada incompleta a cerca de 10 metros de altura, mais ou menos na metade da subida da ponte. Trata-se de um acesso direto ao bairro do Bom Retiro que estava previsto para ser inaugurado com a nova ponte, mas que"},"aioseo_meta_data":{"post_id":"244","title":null,"description":null,"keywords":null,"keyphrases":null,"primary_term":null,"canonical_url":null,"og_title":null,"og_description":null,"og_object_type":"default","og_image_type":"default","og_image_url":null,"og_image_width":null,"og_image_height":null,"og_image_custom_url":null,"og_image_custom_fields":null,"og_video":null,"og_custom_url":null,"og_article_section":null,"og_article_tags":null,"twitter_use_og":false,"twitter_card":"default","twitter_image_type":"default","twitter_image_url":null,"twitter_image_custom_url":null,"twitter_image_custom_fields":null,"twitter_title":null,"twitter_description":null,"schema":{"blockGraphs":[],"customGraphs":[],"default":{"data":{"Article":[],"Course":[],"Dataset":[],"FAQPage":[],"Movie":[],"Person":[],"Product":[],"ProductReview":[],"Car":[],"Recipe":[],"Service":[],"SoftwareApplication":[],"WebPage":[]},"graphName":"","isEnabled":true},"graphs":[]},"schema_type":"default","schema_type_options":null,"pillar_content":false,"robots_default":true,"robots_noindex":false,"robots_noarchive":false,"robots_nosnippet":false,"robots_nofollow":false,"robots_noimageindex":false,"robots_noodp":false,"robots_notranslate":false,"robots_max_snippet":null,"robots_max_videopreview":null,"robots_max_imagepreview":"large","priority":null,"frequency":null,"local_seo":null,"breadcrumb_settings":null,"limit_modified_date":false,"ai":null,"created":"2023-10-16 13:05:38","updated":"2025-10-03 13:37:24","focus_keyword":null,"additional_keywords":null,"truseo_locale":null,"seo_analyzer_scan_date":null},"aioseo_breadcrumb":"<div class=\"aioseo-breadcrumbs\"><span class=\"aioseo-breadcrumb\">\n\t\t\t<a href=\"https:\/\/www.encontrabomretiro.com.br\/sobre\" title=\"Dom\u00e9stica\">Dom\u00e9stica<\/a>\n\t\t<\/span><span class=\"aioseo-breadcrumb-separator\">&raquo;<\/span><span class=\"aioseo-breadcrumb\">\n\t\t\t<a href=\"https:\/\/www.encontrabomretiro.com.br\/sobre\/noticias-no-bom-retiro\/\" title=\"Not\u00edcias Bom Retiro\">Not\u00edcias Bom Retiro<\/a>\n\t\t<\/span><span class=\"aioseo-breadcrumb-separator\">&raquo;<\/span><span class=\"aioseo-breadcrumb\">\n\t\t\tAcesso para Bom Retiro n\u00e3o tem data para ficar pronto\n\t\t<\/span><\/div>","aioseo_breadcrumb_json":[{"label":"Dom\u00e9stica","link":"https:\/\/www.encontrabomretiro.com.br\/sobre"},{"label":"Not\u00edcias Bom Retiro","link":"https:\/\/www.encontrabomretiro.com.br\/sobre\/noticias-no-bom-retiro\/"},{"label":"Acesso para Bom Retiro n\u00e3o tem data para ficar pronto","link":"https:\/\/www.encontrabomretiro.com.br\/sobre\/acesso-para-bom-retiro-nao-tem-data-para-ficar-pronto\/"}],"_links":{"self":[{"href":"https:\/\/www.encontrabomretiro.com.br\/sobre\/wp-json\/wp\/v2\/posts\/244","targetHints":{"allow":["GET"]}}],"collection":[{"href":"https:\/\/www.encontrabomretiro.com.br\/sobre\/wp-json\/wp\/v2\/posts"}],"about":[{"href":"https:\/\/www.encontrabomretiro.com.br\/sobre\/wp-json\/wp\/v2\/types\/post"}],"author":[{"embeddable":true,"href":"https:\/\/www.encontrabomretiro.com.br\/sobre\/wp-json\/wp\/v2\/users\/1"}],"replies":[{"embeddable":true,"href":"https:\/\/www.encontrabomretiro.com.br\/sobre\/wp-json\/wp\/v2\/comments?post=244"}],"version-history":[{"count":0,"href":"https:\/\/www.encontrabomretiro.com.br\/sobre\/wp-json\/wp\/v2\/posts\/244\/revisions"}],"wp:attachment":[{"href":"https:\/\/www.encontrabomretiro.com.br\/sobre\/wp-json\/wp\/v2\/media?parent=244"}],"wp:term":[{"taxonomy":"category","embeddable":true,"href":"https:\/\/www.encontrabomretiro.com.br\/sobre\/wp-json\/wp\/v2\/categories?post=244"},{"taxonomy":"post_tag","embeddable":true,"href":"https:\/\/www.encontrabomretiro.com.br\/sobre\/wp-json\/wp\/v2\/tags?post=244"}],"curies":[{"name":"wp","href":"https:\/\/api.w.org\/{rel}","templated":true}]}}