{"id":2421,"date":"2026-02-16T10:02:30","date_gmt":"2026-02-16T12:02:30","guid":{"rendered":"https:\/\/www.encontrabomretiro.com.br\/sobre\/cultsp-pro-promove-grito-de-carnaval-no-complexo-cultural-oswald-de-andrade-neste-sabado-31\/"},"modified":"2026-02-16T10:02:30","modified_gmt":"2026-02-16T12:02:30","slug":"cultsp-pro-promove-grito-de-carnaval-no-complexo-cultural-oswald-de-andrade-neste-sabado-31","status":"publish","type":"post","link":"https:\/\/www.encontrabomretiro.com.br\/sobre\/cultsp-pro-promove-grito-de-carnaval-no-complexo-cultural-oswald-de-andrade-neste-sabado-31\/","title":{"rendered":"CULTSP PRO promove Grito de Carnaval no Complexo Cultural Oswald de Andrade neste s\u00e1bado (31)"},"content":{"rendered":"<div class=\"228b65ae207de3c5c501cfe75875708b\" data-index=\"1\" style=\"float: none; margin:0px;\">\n<!-- Anuncio display - global -->\r\n<ins class=\"adsbygoogle\"\r\n     style=\"display:block\"\r\n     data-ad-client=\"ca-pub-8585364105181520\"\r\n     data-ad-slot=\"8789329856\"\r\n     data-ad-format=\"auto\"\r\n     data-full-width-responsive=\"true\"><\/ins>\r\n<script>\r\n     (adsbygoogle = window.adsbygoogle || []).push({});\r\n<\/script>\n<\/div>\n<h2>O que Esperar do Grito de Carnaval<\/h2>\n<p>O <strong>Grito de Carnaval<\/strong> \u00e9 um evento vibrante e repleto de energia, que celebra a diversidade cultural e musical do Brasil. Promovido pelo programa CULTSP PRO, esta festa de carnaval \u00e9 uma excelente oportunidade para foli\u00f5es de todas as idades se reunirem e aproveitarem a magia do carnaval de rua. A festa promete ser uma experi\u00eancia \u00fanica, onde a m\u00fasica e a dan\u00e7a se misturam com a alegria caracter\u00edstica do brasileiro.<\/p>\n<h2>Hor\u00e1rios e Programa\u00e7\u00e3o do Evento<\/h2>\n<p>A programa\u00e7\u00e3o do Grito de Carnaval ser\u00e1 variada e emocionante, com apresenta\u00e7\u00f5es que garantir\u00e3o horas de entretenimento. O evento come\u00e7a \u00e0s 14h e se estende at\u00e9 \u00e0s 18h, oferecendo uma experi\u00eancia cont\u00ednua de m\u00fasica e folia:<\/p>\n<ul>\n<li><strong>14h \u00e0s 15h:<\/strong> Abertura com o <em>Bumbabloco<\/em>, trazendo ritmos do Boi-Bumb\u00e1.<\/li>\n<li><strong>15h \u00e0s 15h30:<\/strong> DJ <em>Raldy<\/em> animando o p\u00fablico com ritmos carnavalescos.<\/li>\n<li><strong>15h30 \u00e0s 16h30:<\/strong> Apresenta\u00e7\u00e3o do bloco <em>Chega de Mentiras<\/em>, transformando cl\u00e1ssicos do sertanejo.<\/li>\n<li><strong>16h30 \u00e0s 17h:<\/strong> Retorno do DJ <em>Raldy<\/em> com mais anima\u00e7\u00e3o.<\/li>\n<li><strong>17h \u00e0s 18h:<\/strong> Encerramento com a <em>Fanfarra Camaleoa<\/em>, um coletivo que mistura diversos estilos musicais.<\/li>\n<\/ul>\n<h2>Os Blocos que V\u00e3o Agitar a Festa<\/h2>\n<p>O Grito de Carnaval contar\u00e1 com tr\u00eas blocos principais, cada um trazendo uma proposta \u00fanica e animada:<\/p>\n<p><img decoding=\"async\" src=\"https:\/\/www.encontrabomretiro.com.br\/sobre\/wp-content\/uploads\/2026\/02\/cultsp-pro-promove-grito-de-carnaval-no-complexo-cultural-oswald-de-andrade-neste-sabado-31.webp\" alt=\"Grito de Carnaval\" loading=\"lazy\" \/><\/p>\n<ul>\n<li><strong>Bumbabloco:<\/strong> Este bloco destaca-se pela sua energia contagiante e por trazer elementos da cultura amaz\u00f4nica, com dan\u00e7as e m\u00fasicas que cativam o p\u00fablico.<\/li>\n<li><strong>Chega de Mentiras:<\/strong> Um bloco inovador que adapta cl\u00e1ssicos do sertanejo, levando composi\u00e7\u00f5es memor\u00e1veis \u00e0s ruas de forma divertida e interativa.<\/li>\n<li><strong>Fanfarra Camaleoa:<\/strong> Este coletivo musical se destaca pela sua incr\u00edvel mistura de estilos, abrangendo soul, funk, ax\u00e9 e muito mais, tornando a experi\u00eancia ainda mais rica.<\/li>\n<\/ul>\n<h2>DJ&#8217;s Apresentando Ritmos Incr\u00edveis<\/h2>\n<p>Os DJs tamb\u00e9m desempenhar\u00e3o um papel fundamental no Grito de Carnaval. O DJ <strong>Raldy<\/strong> trar\u00e1 uma mistura de funk, marchinhas e outras ritmos brasileiros, garantindo que a pista de dan\u00e7a permane\u00e7a agitada e vibrante. Suas sets prometem animar os foli\u00f5es entre as apresenta\u00e7\u00f5es dos blocos, mantendo o clima festivo constantemente aceso.<\/p>\n<h2>A Import\u00e2ncia do Carnaval na Cultura Brasileira<\/h2>\n<p>O Carnaval \u00e9 muito mais do que apenas uma festa; ele representa a rica diversidade cultural do Brasil. \u00c9 um momento em que as tradi\u00e7\u00f5es, m\u00fasicas, dan\u00e7as e costumes s\u00e3o celebrados com um esp\u00edrito de uni\u00e3o e alegria. A festa promove a inclus\u00e3o social e a valoriza\u00e7\u00e3o das manifesta\u00e7\u00f5es culturais de diferentes regi\u00f5es do pa\u00eds, unindo pessoas de diversas idades e origens.<\/p>\n<h2>Como Participar do Evento Gratuito<\/h2>\n<p>A entrada para o Grito de Carnaval \u00e9 totalmente gratuita, o que torna o evento acess\u00edvel a todos. Para participar, basta comparecer ao <strong>Complexo Cultural Oswald de Andrade<\/strong> no dia do evento. \u00c9 uma \u00f3tima oportunidade para amigos e fam\u00edlias se reunirem e vivenciarem a ess\u00eancia do carnaval de rua.<\/p>\n<h2>Localiza\u00e7\u00e3o e Acesso ao Complexo Cultural<\/h2>\n<p>O Grito de Carnaval ser\u00e1 realizado no <strong>Complexo Cultural Oswald de Andrade<\/strong>, localizado na Rua Tr\u00eas Rios, 363, no bairro do Bom Retiro, em S\u00e3o Paulo. O local \u00e9 de f\u00e1cil acesso via transporte p\u00fablico, com diversas linhas de \u00f4nibus e esta\u00e7\u00f5es de metr\u00f4 pr\u00f3ximas, facilitando a chegada dos foli\u00f5es ao evento.<\/p>\n<h2>Estrutura e Comodidades Dispon\u00edveis<\/h2>\n<p>Para garantir uma experi\u00eancia confort\u00e1vel aos participantes, o local contar\u00e1 com toda a infraestrutura necess\u00e1ria:<\/p>\n<ul>\n<li><strong>Alimenta\u00e7\u00e3o:<\/strong> Haver\u00e1 tr\u00eas food trucks dispon\u00edveis, oferecendo uma variedade de bebidas, lanches e por\u00e7\u00f5es para satisfazer os foli\u00f5es.<\/li>\n<li><strong>Banheiros qu\u00edmicos:<\/strong> Estruturas adequadas para atender ao p\u00fablico, garantindo conforto durante o evento.<\/li>\n<li><strong>Espa\u00e7o amplo:<\/strong> O Complexo Cultural possui \u00e1reas amplas, permitindo que todos possam desfrutar da festa com seguran\u00e7a.<\/li>\n<\/ul>\n<h2>Dicas para Aproveitar ao M\u00e1ximo o Evento<\/h2>\n<p>Para que a experi\u00eancia no Grito de Carnaval seja memor\u00e1vel, aqui est\u00e3o algumas dicas essenciais:<\/p>\n<ul>\n<li><strong>Chegue cedo:<\/strong> Assim, voc\u00ea poder\u00e1 garantir os melhores lugares e aproveitar a festa desde o in\u00edcio.<\/li>\n<li><strong>Vista-se confortavelmente:<\/strong> Use roupas leves e confort\u00e1veis, adequadas para dan\u00e7ar e se mover livremente.<\/li>\n<li><strong>Fique hidratado:<\/strong> Beba bastante \u00e1gua e aproveite as op\u00e7\u00f5es de bebidas dispon\u00edveis para se manter refrescado.<\/li>\n<li><strong>Respeite e divirta-se:<\/strong> Pratique respeito e gentileza com todos, pois o carnaval \u00e9 um momento de celebra\u00e7\u00e3o e uni\u00e3o.<\/li>\n<\/ul>\n<h2>Curiosidades sobre o Grito de Carnaval<\/h2>\n<p>O Grito de Carnaval n\u00e3o \u00e9 apenas uma festa de m\u00fasica e dan\u00e7a, mas tamb\u00e9m uma vitrine da cultura brasileira. Algumas curiosidades incluem:<\/p>\n<ul>\n<li>O evento combina ritmos tradicionais com m\u00fasica contempor\u00e2nea, refletindo a evolu\u00e7\u00e3o da cultura carnaval.<\/li>\n<li>As marchinhas de carnaval, que muitas vezes fazem parte da programa\u00e7\u00e3o, s\u00e3o conhecidas por suas letras engra\u00e7adas e cr\u00edticas sociais.<\/li>\n<li>A integra\u00e7\u00e3o entre os blocos e os DJs \u00e9 uma tend\u00eancia crescente, proporcionando uma mistura \u00fanica de apresenta\u00e7\u00f5es.<\/li>\n<\/ul>\n\n<div style=\"font-size: 0px; height: 0px; line-height: 0px; margin: 0; padding: 0; clear: both;\"><\/div>","protected":false},"excerpt":{"rendered":"<p>Grito de Carnaval traz horas de m\u00fasica e divers\u00e3o gratuita em S\u00e3o Paulo.<\/p>\n","protected":false},"author":1,"featured_media":2420,"comment_status":"open","ping_status":"closed","sticky":false,"template":"","format":"standard","meta":{"footnotes":""},"categories":[6],"tags":[],"class_list":["post-2421","post","type-post","status-publish","format-standard","has-post-thumbnail","hentry","category-noticias-no-bom-retiro","has_thumb"],"aioseo_notices":[],"_links":{"self":[{"href":"https:\/\/www.encontrabomretiro.com.br\/sobre\/wp-json\/wp\/v2\/posts\/2421","targetHints":{"allow":["GET"]}}],"collection":[{"href":"https:\/\/www.encontrabomretiro.com.br\/sobre\/wp-json\/wp\/v2\/posts"}],"about":[{"href":"https:\/\/www.encontrabomretiro.com.br\/sobre\/wp-json\/wp\/v2\/types\/post"}],"author":[{"embeddable":true,"href":"https:\/\/www.encontrabomretiro.com.br\/sobre\/wp-json\/wp\/v2\/users\/1"}],"replies":[{"embeddable":true,"href":"https:\/\/www.encontrabomretiro.com.br\/sobre\/wp-json\/wp\/v2\/comments?post=2421"}],"version-history":[{"count":0,"href":"https:\/\/www.encontrabomretiro.com.br\/sobre\/wp-json\/wp\/v2\/posts\/2421\/revisions"}],"wp:featuredmedia":[{"embeddable":true,"href":"https:\/\/www.encontrabomretiro.com.br\/sobre\/wp-json\/wp\/v2\/media\/2420"}],"wp:attachment":[{"href":"https:\/\/www.encontrabomretiro.com.br\/sobre\/wp-json\/wp\/v2\/media?parent=2421"}],"wp:term":[{"taxonomy":"category","embeddable":true,"href":"https:\/\/www.encontrabomretiro.com.br\/sobre\/wp-json\/wp\/v2\/categories?post=2421"},{"taxonomy":"post_tag","embeddable":true,"href":"https:\/\/www.encontrabomretiro.com.br\/sobre\/wp-json\/wp\/v2\/tags?post=2421"}],"curies":[{"name":"wp","href":"https:\/\/api.w.org\/{rel}","templated":true}]}}