{"id":242,"date":"2011-07-08T18:59:50","date_gmt":"2011-07-08T20:59:50","guid":{"rendered":"http:\/\/www.encontrabomretiro.com.br\/noticias\/?p=242"},"modified":"2019-04-29T18:05:05","modified_gmt":"2019-04-29T20:05:05","slug":"oficina-cultural-oswald-de-andrade-realiza-workshop-no-bom-retiro","status":"publish","type":"post","link":"https:\/\/www.encontrabomretiro.com.br\/sobre\/oficina-cultural-oswald-de-andrade-realiza-workshop-no-bom-retiro\/","title":{"rendered":"Oficina Cultural Oswald de Andrade realiza workshop no Bom Retiro"},"content":{"rendered":"<div class=\"228b65ae207de3c5c501cfe75875708b\" data-index=\"1\" style=\"float: none; margin:0px;\">\n<!-- Anuncio display - global -->\r\n<ins class=\"adsbygoogle\"\r\n     style=\"display:block\"\r\n     data-ad-client=\"ca-pub-8585364105181520\"\r\n     data-ad-slot=\"8789329856\"\r\n     data-ad-format=\"auto\"\r\n     data-full-width-responsive=\"true\"><\/ins>\r\n<script>\r\n     (adsbygoogle = window.adsbygoogle || []).push({});\r\n<\/script>\n<\/div>\n<p>A Oficina Cultural Oswald de Andrade, espa\u00e7o da Secretaria de Estado da Cultura, promove do dia 11 a 14 de julho, das 18h30 \u00e0s 21h30, workshop com a companhia francesa Philippe Genty, que mistura teatro, dan\u00e7a, m\u00fasica e marionetes em suas apresenta\u00e7\u00f5es.<\/p>\n<p>H\u00e1 mais de tr\u00eas d\u00e9cadas a companhia \u00e9 respons\u00e1vel por fant\u00e1sticas cria\u00e7\u00f5es multidisciplinares. Seu trabalho \u00e9 baseado na rela\u00e7\u00e3o entre o corpo e diferentes objetos, explorados por meio de uma linguagem visual original e tocante.<\/p>\n<p>As cria\u00e7\u00f5es pertencem ao mundo do sonho, onde atores e bailarinos, manipulando marionetes e objetos de v\u00e1rias dimens\u00f5es, surgem em cena tecendo hist\u00f3rias diante dos olhos do p\u00fablico. Nesse jogo onde tudo \u00e9 poss\u00edvel, a raz\u00e3o se torna secund\u00e1ria, o mundo vira pura fantasia.<\/p>\n<p>Ao usar a fascinante arte do ilusionismo como seu instrumento, Philippe Genty leva o espectador a viagens no melhor estilo do m\u00edtico. A ilus\u00e3o \u00e9 tamanha que \u00e0s vezes fica dif\u00edcil perceber se os bonecos d\u00e3o vida aos atores ou vice-versa.<\/p>\n<p><strong>Servi\u00e7o<\/strong><\/p>\n<p>Oficina Cultural Oswald de Andrade com Workshop da Cia Philippe Genty<br \/>\nData: 11 e 12\/7 (turma 1: segunda e ter\u00e7a-feira) | 13 e 14\/7 (turma 2: quarta e quinta-feira)<br \/>\nHor\u00e1rio:18h30 \u00e0s 21h30<br \/>\nEndere\u00e7o: Rua Tr\u00eas Rios, 363 &#8211; bairro Bom Retiro &#8211; S\u00e3o Paulo &#8211; SP<br \/>\nP\u00fablico: estudantes de teatro, atores amadores e profissionais<br \/>\nInscri\u00e7\u00f5es: 04 a 07\/07<br \/>\nSele\u00e7\u00e3o: curr\u00edculo<br \/>\nVagas: 32 (16 para cada turma)<br \/>\nInforma\u00e7\u00f5es: (11) 3221-5558 \/ 3222-2662<br \/>\noswalddeandrade@oficinasculturais.org.br<\/p>\n<p><em>Fonte: Governo de S\u00e3o Paulo<\/em><\/p>\n\n<div style=\"font-size: 0px; height: 0px; line-height: 0px; margin: 0; padding: 0; clear: both;\"><\/div>","protected":false},"excerpt":{"rendered":"<p>A Oficina Cultural Oswald de Andrade, espa\u00e7o da Secretaria de Estado da Cultura, promove do dia 11 a 14 de julho, das 18h30 \u00e0s 21h30, workshop com a companhia francesa Philippe Genty, que mistura teatro, dan\u00e7a, m\u00fasica e marionetes em suas apresenta\u00e7\u00f5es. H\u00e1 mais de tr\u00eas d\u00e9cadas a companhia \u00e9 respons\u00e1vel por fant\u00e1sticas cria\u00e7\u00f5es multidisciplinares. Seu trabalho \u00e9 baseado na rela\u00e7\u00e3o entre o corpo e diferentes objetos, explorados por meio de uma linguagem visual original e tocante. As cria\u00e7\u00f5es pertencem ao mundo do sonho, onde atores e bailarinos, manipulando marionetes e objetos de v\u00e1rias dimens\u00f5es, surgem em cena tecendo hist\u00f3rias <\/p>\n","protected":false},"author":1,"featured_media":0,"comment_status":"open","ping_status":"closed","sticky":false,"template":"","format":"standard","meta":{"footnotes":""},"categories":[3],"tags":[14],"class_list":["post-242","post","type-post","status-publish","format-standard","hentry","category-cursos-no-bom-retiro","tag-bom-retiro"],"aioseo_notices":[],"_links":{"self":[{"href":"https:\/\/www.encontrabomretiro.com.br\/sobre\/wp-json\/wp\/v2\/posts\/242","targetHints":{"allow":["GET"]}}],"collection":[{"href":"https:\/\/www.encontrabomretiro.com.br\/sobre\/wp-json\/wp\/v2\/posts"}],"about":[{"href":"https:\/\/www.encontrabomretiro.com.br\/sobre\/wp-json\/wp\/v2\/types\/post"}],"author":[{"embeddable":true,"href":"https:\/\/www.encontrabomretiro.com.br\/sobre\/wp-json\/wp\/v2\/users\/1"}],"replies":[{"embeddable":true,"href":"https:\/\/www.encontrabomretiro.com.br\/sobre\/wp-json\/wp\/v2\/comments?post=242"}],"version-history":[{"count":0,"href":"https:\/\/www.encontrabomretiro.com.br\/sobre\/wp-json\/wp\/v2\/posts\/242\/revisions"}],"wp:attachment":[{"href":"https:\/\/www.encontrabomretiro.com.br\/sobre\/wp-json\/wp\/v2\/media?parent=242"}],"wp:term":[{"taxonomy":"category","embeddable":true,"href":"https:\/\/www.encontrabomretiro.com.br\/sobre\/wp-json\/wp\/v2\/categories?post=242"},{"taxonomy":"post_tag","embeddable":true,"href":"https:\/\/www.encontrabomretiro.com.br\/sobre\/wp-json\/wp\/v2\/tags?post=242"}],"curies":[{"name":"wp","href":"https:\/\/api.w.org\/{rel}","templated":true}]}}