{"id":2417,"date":"2026-02-15T10:13:45","date_gmt":"2026-02-15T12:13:45","guid":{"rendered":"https:\/\/www.encontrabomretiro.com.br\/sobre\/ministra-de-lula-fara-visita-a-comunidade-judaica-em-sao-paulo\/"},"modified":"2026-02-15T10:13:45","modified_gmt":"2026-02-15T12:13:45","slug":"ministra-de-lula-fara-visita-a-comunidade-judaica-em-sao-paulo","status":"publish","type":"post","link":"https:\/\/www.encontrabomretiro.com.br\/sobre\/ministra-de-lula-fara-visita-a-comunidade-judaica-em-sao-paulo\/","title":{"rendered":"Ministra de Lula far\u00e1 visita \u00e0 comunidade judaica em S\u00e3o Paulo"},"content":{"rendered":"<div class=\"228b65ae207de3c5c501cfe75875708b\" data-index=\"1\" style=\"float: none; margin:0px;\">\n<!-- Anuncio display - global -->\r\n<ins class=\"adsbygoogle\"\r\n     style=\"display:block\"\r\n     data-ad-client=\"ca-pub-8585364105181520\"\r\n     data-ad-slot=\"8789329856\"\r\n     data-ad-format=\"auto\"\r\n     data-full-width-responsive=\"true\"><\/ins>\r\n<script>\r\n     (adsbygoogle = window.adsbygoogle || []).push({});\r\n<\/script>\n<\/div>\n<h2>Rela\u00e7\u00f5es Entre o Governo e a Comunidade Judaica<\/h2>\n<p>A rela\u00e7\u00e3o entre o governo brasileiro e a comunidade judaica tem se mostrado cada vez mais relevante, especialmente em momentos hist\u00f3ricos e significativos. Neste contexto, a ministra <strong>Maca\u00e9 Evaristo<\/strong>, que comanda o minist\u00e9rio dos Direitos Humanos e da Cidadania, est\u00e1 empenhada em estreitar la\u00e7os com essa importante comunidade. A visita programada para o dia anterior ao Dia Internacional da Lembran\u00e7a do Holocausto sublinha a inten\u00e7\u00e3o do governo em reconhecer e valorizar a hist\u00f3ria e a cultura judaica no Brasil.<\/p>\n<h2>O Papel da Ministra na Promo\u00e7\u00e3o da Inclus\u00e3o<\/h2>\n<p>A ministra Evaristo, ao representar o governo em eventos delicados e significativos como este, demonstra seu compromisso com a inclus\u00e3o e a diversidade. Sua atua\u00e7\u00e3o vai al\u00e9m de simples protocolos; trata-se de um esfor\u00e7o genu\u00edno para ouvir e dialogar com diferentes segmentos da sociedade. Isso \u00e9 especialmente pertinente ao abordar a mem\u00f3ria do Holocausto, um tema que exige sensibilidade e conscientiza\u00e7\u00e3o. Ao promover discuss\u00f5es sobre a hist\u00f3ria e o legado judaico, a ministra est\u00e1 ajudando a construir um espa\u00e7o de respeito e reconhecimento m\u00fatuo.<\/p>\n<h2>Institui\u00e7\u00f5es Judaicas no Bairro do Bom Retiro<\/h2>\n<p>O bairro do Bom Retiro, localizado em S\u00e3o Paulo, \u00e9 conhecido por sua rica heran\u00e7a cultural judaica. Durante a visita, a ministra passar\u00e1 por v\u00e1rias institui\u00e7\u00f5es que desempenham um papel fundamental na preserva\u00e7\u00e3o da cultura e da mem\u00f3ria da comunidade judaica. Entre as institui\u00e7\u00f5es visitadas est\u00e3o:<\/p>\n<p><img decoding=\"async\" src=\"https:\/\/www.encontrabomretiro.com.br\/sobre\/wp-content\/uploads\/2026\/02\/ministra-de-lula-fara-visita-a-comunidade-judaica-em-sao-paulo.webp\" alt=\"visita comunidade judaica\" loading=\"lazy\" \/><\/p>\n<ul>\n<li><strong>Ten Yad:<\/strong> Uma organiza\u00e7\u00e3o beneficente que oferece apoio a diferentes membros da comunidade.<\/li>\n<li><strong>Unibes:<\/strong> Uma institui\u00e7\u00e3o social que promove a inclus\u00e3o e a cidadania ativa.<\/li>\n<li><strong>Memorial do Holocausto de S\u00e3o Paulo:<\/strong> Um espa\u00e7o dedicado \u00e0 mem\u00f3ria das v\u00edtimas do Holocausto, que ir\u00e1 proporcionar um encontro com um sobrevivente do genoc\u00eddio nazista.<\/li>\n<li><strong>Casa do Povo:<\/strong> Fundada em 1946, essa institui\u00e7\u00e3o simboliza a uni\u00e3o e a resist\u00eancia da comunidade judaica no Brasil.<\/li>\n<\/ul>\n<h2>O Que Representa o Dia da Lembran\u00e7a do Holocausto<\/h2>\n<p>O Dia Internacional da Lembran\u00e7a do Holocausto, que ocorre anualmente em 27 de janeiro, \u00e9 um momento de reflex\u00e3o n\u00e3o apenas sobre as atrocidades cometidas durante o Holocausto, mas tamb\u00e9m sobre a import\u00e2ncia de se procurar construir um mundo sem discrimina\u00e7\u00e3o. A escolha de realizar a visita \u00e0 comunidade judaica neste dia \u00e9 emblem\u00e1tica, sinalizando um desejo de uni\u00e3o e solidariedade com os valores da pluralidade e respeito \u00e0 dignidade humana. \u00c9 uma oportunidade crucial para relembrar n\u00e3o apenas a dor do passado, mas tamb\u00e9m a for\u00e7a da resist\u00eancia e a luta pela justi\u00e7a.<\/p>\n<h2>A Import\u00e2ncia da Mem\u00f3ria Hist\u00f3rica<\/h2>\n<p>Relembrar a hist\u00f3ria \u00e9 um primeiro passo fundamental para evitar que atrocidades semelhantes se repitam. O foco da visita da ministra Evaristo na preserva\u00e7\u00e3o da mem\u00f3ria hist\u00f3rica enfatiza o compromisso com a educa\u00e7\u00e3o e a conscientiza\u00e7\u00e3o sobre o Holocausto. Ao visitar o Memorial do Holocausto, a ministra n\u00e3o apenas presta homenagem \u00e0s vidas perdidas, mas tamb\u00e9m promove um debate sobre a responsabilidade coletiva de lutar contra a intoler\u00e2ncia e o \u00f3dio.<\/p>\n<h2>Encontro com Sobreviventes do Holocausto<\/h2>\n<p>Durante sua passagem pelo Memorial do Holocausto, a ministra ter\u00e1 a oportunidade \u00fanica de encontrar um sobrevivente do genoc\u00eddio. Esse encontro \u00e9 crucial, pois traz \u00e0 tona testemunhos vivos que ensinam e alertam sobre os perigos do preconceito e do extremismo. Esses relatos pessoais s\u00e3o essenciais para a educa\u00e7\u00e3o sobre o Holocausto e ajudam a formar uma gera\u00e7\u00e3o mais consciente e atenta \u00e0s quest\u00f5es de direitos humanos.<\/p>\n<h2>Atividades Planejadas na Visita<\/h2>\n<p>A visita da ministra est\u00e1 cuidadosamente planejada para contemplar n\u00e3o apenas uma s\u00e9rie de visitas a institui\u00e7\u00f5es, mas tamb\u00e9m para incluir momentos de di\u00e1logo e reflex\u00e3o. A programa\u00e7\u00e3o abrange a realiza\u00e7\u00e3o de uma caminhada hist\u00f3rica pelo Bom Retiro, que destacar\u00e1 a heran\u00e7a cultural e as contribui\u00e7\u00f5es da comunidade judaica para a sociedade brasileira. Este tipo de atividade \u00e9 fundamental para promover o reconhecimento e a valoriza\u00e7\u00e3o da diversidade \u00e9tnica e cultural no Brasil.<\/p>\n<h2>Di\u00e1logo e Reflex\u00e3o: Quest\u00f5es Judaicas Atuais<\/h2>\n<p>Al\u00e9m das atividades com uma clara perspectiva hist\u00f3rica, a visita da ministra tamb\u00e9m servir\u00e1 como um espa\u00e7o de di\u00e1logo sobre as quest\u00f5es que ainda afligem a comunidade judaica. Conversas com movimentos sociais que abordam a realidade atual da comunidade contribuir\u00e3o para um maior entendimento das lutas e desafios enfrentados pelos judeus no Brasil contempor\u00e2neo. Esse aspecto do encontro \u00e9 especialmente importante para favorecer a troca de ideias e para fomentar o engajamento entre o governo e a sociedade civil.<\/p>\n<h2>Confraterniza\u00e7\u00e3o com a Comunidade<\/h2>\n<p>Ao final do dia, a visita culminar\u00e1 em uma confraterniza\u00e7\u00e3o no restaurante Shoshana, que reunir\u00e1 membros da comunidade judaica. Este momento \u00e9 de extrema import\u00e2ncia, pois representa a constru\u00e7\u00e3o de la\u00e7os entre o governo e a comunidade, al\u00e9m de celebrar a riqueza cultural e a conviv\u00eancia harm\u00f4nica. A confraterniza\u00e7\u00e3o permitir\u00e1 que a ministra aprenda ainda mais sobre as tradi\u00e7\u00f5es e costumes da comunidade, fortalecendo a rela\u00e7\u00e3o entre eles.<\/p>\n<h2>Expectativas para a Visita da Ministra<\/h2>\n<p>Espera-se que a visita da ministra Evaristo traga n\u00e3o apenas um fortalecimento das rela\u00e7\u00f5es entre o governo e a comunidade judaica, mas tamb\u00e9m um impacto positivo na percep\u00e7\u00e3o p\u00fablica sobre a import\u00e2ncia da diversidade cultural no Brasil. O evento deve servir como um marco para futuras intera\u00e7\u00f5es, promovendo um di\u00e1logo cont\u00ednuo sobre respeito, direitos e a necessidade vital da mem\u00f3ria hist\u00f3rica.<\/p>\n<p>Em suma, a visita programada \u00e9 uma iniciativa que pode ter repercuss\u00f5es significativas n\u00e3o apenas para a comunidade judaica, mas para toda a sociedade brasileira, refor\u00e7ando a mensagem de que a dignidade e os direitos humanos s\u00e3o valores que devem ser defendidos por todos.<\/p>\n\n<div style=\"font-size: 0px; height: 0px; line-height: 0px; margin: 0; padding: 0; clear: both;\"><\/div>","protected":false},"excerpt":{"rendered":"<p>Ministra de Lula \u00e9 esperada na comunidade judaica em S\u00e3o Paulo.<\/p>\n","protected":false},"author":1,"featured_media":2416,"comment_status":"open","ping_status":"closed","sticky":false,"template":"","format":"standard","meta":{"footnotes":""},"categories":[6],"tags":[],"class_list":["post-2417","post","type-post","status-publish","format-standard","has-post-thumbnail","hentry","category-noticias-no-bom-retiro","has_thumb"],"aioseo_notices":[],"_links":{"self":[{"href":"https:\/\/www.encontrabomretiro.com.br\/sobre\/wp-json\/wp\/v2\/posts\/2417","targetHints":{"allow":["GET"]}}],"collection":[{"href":"https:\/\/www.encontrabomretiro.com.br\/sobre\/wp-json\/wp\/v2\/posts"}],"about":[{"href":"https:\/\/www.encontrabomretiro.com.br\/sobre\/wp-json\/wp\/v2\/types\/post"}],"author":[{"embeddable":true,"href":"https:\/\/www.encontrabomretiro.com.br\/sobre\/wp-json\/wp\/v2\/users\/1"}],"replies":[{"embeddable":true,"href":"https:\/\/www.encontrabomretiro.com.br\/sobre\/wp-json\/wp\/v2\/comments?post=2417"}],"version-history":[{"count":0,"href":"https:\/\/www.encontrabomretiro.com.br\/sobre\/wp-json\/wp\/v2\/posts\/2417\/revisions"}],"wp:featuredmedia":[{"embeddable":true,"href":"https:\/\/www.encontrabomretiro.com.br\/sobre\/wp-json\/wp\/v2\/media\/2416"}],"wp:attachment":[{"href":"https:\/\/www.encontrabomretiro.com.br\/sobre\/wp-json\/wp\/v2\/media?parent=2417"}],"wp:term":[{"taxonomy":"category","embeddable":true,"href":"https:\/\/www.encontrabomretiro.com.br\/sobre\/wp-json\/wp\/v2\/categories?post=2417"},{"taxonomy":"post_tag","embeddable":true,"href":"https:\/\/www.encontrabomretiro.com.br\/sobre\/wp-json\/wp\/v2\/tags?post=2417"}],"curies":[{"name":"wp","href":"https:\/\/api.w.org\/{rel}","templated":true}]}}