{"id":2359,"date":"2026-01-29T10:17:43","date_gmt":"2026-01-29T12:17:43","guid":{"rendered":"https:\/\/www.encontrabomretiro.com.br\/sobre\/carnaval-no-sesc-bom-retiro-veja-a-programacao-completa\/"},"modified":"2026-01-29T10:17:43","modified_gmt":"2026-01-29T12:17:43","slug":"carnaval-no-sesc-bom-retiro-veja-a-programacao-completa","status":"publish","type":"post","link":"https:\/\/www.encontrabomretiro.com.br\/sobre\/carnaval-no-sesc-bom-retiro-veja-a-programacao-completa\/","title":{"rendered":"Carnaval no Sesc Bom Retiro: veja a programa\u00e7\u00e3o completa"},"content":{"rendered":"<div class=\"228b65ae207de3c5c501cfe75875708b\" data-index=\"1\" style=\"float: none; margin:0px;\">\n<!-- Anuncio display - global -->\r\n<ins class=\"adsbygoogle\"\r\n     style=\"display:block\"\r\n     data-ad-client=\"ca-pub-8585364105181520\"\r\n     data-ad-slot=\"8789329856\"\r\n     data-ad-format=\"auto\"\r\n     data-full-width-responsive=\"true\"><\/ins>\r\n<script>\r\n     (adsbygoogle = window.adsbygoogle || []).push({});\r\n<\/script>\n<\/div>\n<h2>Carnaval no Sesc Bom Retiro: Programa\u00e7\u00e3o Especial<\/h2>\n<p>O carnaval \u00e9 sempre uma \u00e9poca de festividades e alegria, e no <strong>Sesc Bom Retiro<\/strong> a folia ser\u00e1 realizada de 14 a 17 de fevereiro. Entretanto, a divers\u00e3o come\u00e7a um pouco antes, com uma programa\u00e7\u00e3o repleta de atividades que atendem a toda a fam\u00edlia, promovendo uma verdadeira imers\u00e3o na cultura carnavalesca.<\/p>\n<h2>Oficinas para Crian\u00e7as e Adultos<\/h2>\n<p>Diversas oficinas estar\u00e3o dispon\u00edveis durante o per\u00edodo do carnaval, permitindo que tanto crian\u00e7as quanto adultos se envolvam e explorem sua criatividade. As atividades incluem:<\/p>\n<ul>\n<li><strong>Entre trapos e faunas: Maquiagem<\/strong> &#8211; Uma oficina que integra a ancestralidade \u00e0 criatividade, realizada em parceria com o Coletivo As Trapeiras. Essa experi\u00eancia ocorrer\u00e1 em dias distintos, proporcionando aos participantes a chance de expressar sua individualidade atrav\u00e9sde maquiagem.<\/li>\n<li><strong>Entre trapos e faunas: Acess\u00f3rios de carnaval<\/strong> &#8211; Oficinas destinadas tanto a crian\u00e7as quanto a adultos, focadas na confec\u00e7\u00e3o de adere\u00e7os que tornar\u00e3o o carnaval ainda mais especial. As sess\u00f5es acontecem com hor\u00e1rios variados para atender a todos os p\u00fablicos.<\/li>\n<\/ul>\n<h2>M\u00fasica ao Vivo e Apresenta\u00e7\u00f5es<\/h2>\n<p>A m\u00fasica \u00e9 uma parte essencial do carnaval, e o Sesc Bom Retiro est\u00e1 preparado para oferecer uma sele\u00e7\u00e3o de apresenta\u00e7\u00f5es ao vivo. Os destaques incluem:<\/p>\n<p><img decoding=\"async\" src=\"https:\/\/www.encontrabomretiro.com.br\/sobre\/wp-content\/uploads\/2026\/01\/carnaval-no-sesc-bom-retiro-veja-a-programacao-completa.webp\" alt=\"Carnaval no Sesc Bom Retiro\" loading=\"lazy\" \/><\/p>\n<ul>\n<li><strong>Cornuc\u00f3pia Desvairada<\/strong> &#8211; Uma fanfarra cheia de ritmo que mistura diversos estilos musicais brasileiros, como coco, forr\u00f3 e samba. Esse baile se destacar\u00e1 pela energia e pelo clima festivo.<\/li>\n<li><strong>Fios de Choro<\/strong> &#8211; Uma apresenta\u00e7\u00e3o que traz a atmosfera do carnaval de rua de Olinda, com um repert\u00f3rio vibrante que celebra a cultura brasileira.<\/li>\n<\/ul>\n<h2>Atividades Interativas para Toda a Fam\u00edlia<\/h2>\n<p>O carnaval \u00e9 um momento de socializa\u00e7\u00e3o e divers\u00e3o, e no Sesc Bom Retiro isso n\u00e3o \u00e9 diferente. As atividades interativas prometem proporcionar experi\u00eancias \u00fanicas:<\/p>\n<ul>\n<li><strong>Bailinho de Carnaval<\/strong> &#8211; Uma discotecagem animada onde crian\u00e7as e adultos poder\u00e3o dan\u00e7ar ao som de cl\u00e1ssicos de carnaval, interagindo com a DJ Carlu e at\u00e9 aprendendo um pouco sobre ser DJ por um dia.<\/li>\n<li><strong>Entre Festejos e Brinquedos<\/strong> &#8211; Esta atividade proporciona um espa\u00e7o para brincadeiras e divers\u00e3o, com jogos e m\u00fasica que animam tanto crian\u00e7as quanto adultos.<\/li>\n<\/ul>\n<h2>Bloquinhos e a Folia<\/h2>\n<p>A tradi\u00e7\u00e3o dos blocos de carnaval ser\u00e1 celebrada com v\u00e1rias apresenta\u00e7\u00f5es e atividades de rua. O Sesc Bom Retiro contar\u00e1 com os seguintes blocos e apresenta\u00e7\u00f5es:<\/p>\n<ul>\n<li><strong>Bloco Gente Mi\u00fada<\/strong> &#8211; Desde 2017, este bloco tem encantado as ruas de S\u00e3o Paulo com suas marchinhas e can\u00e7\u00f5es voltadas para crian\u00e7as e adultos.<\/li>\n<li><strong>Bloco Beatles para Crian\u00e7as<\/strong> &#8211; Uma oportunidade de vivenciar cl\u00e1ssicos da banda inglesa em ritmos de carnaval, criando um ambiente festivo por meio da m\u00fasica.<\/li>\n<\/ul>\n<h2>Experi\u00eancias Culturais e Art\u00edsticas<\/h2>\n<p>Al\u00e9m das oficinas e apresenta\u00e7\u00f5es musicais, o Sesc Bom Retiro promover\u00e1 experi\u00eancias culturais que fomentam a criatividade:<\/p>\n<ul>\n<li><strong>Seres Esvoa\u00e7antes<\/strong> &#8211; Oficina de confec\u00e7\u00e3o de figurinos com materiais recicl\u00e1veis, proporcionando a oportunidade de cada participante criar sua pr\u00f3pria fantasia para o carnaval, impulsionando a consci\u00eancia ambiental.<\/li>\n<li><strong>Carreta Aleg\u00f3rica<\/strong> &#8211; Uma oficina onde o p\u00fablico poder\u00e1 trabalhar em conjunto na constru\u00e7\u00e3o de um carrinho aleg\u00f3rico, aprendendo sobre o processo de cria\u00e7\u00e3o de alegorias com a orienta\u00e7\u00e3o de educadores.<\/li>\n<\/ul>\n<h2>Divers\u00e3o Garantida com DJ<\/h2>\n<p>Para quem gosta de se aventurar no mundo das m\u00fasicas eletr\u00f4nicas, as sess\u00f5es com DJs prometem uma experi\u00eancia \u00fanica. Com discotecagens animadas, o carnaval no Sesc ser\u00e1 um espa\u00e7o para dan\u00e7ar e se divertir:<\/p>\n<ul>\n<li><strong>Discotecagem com DJ Carlu<\/strong> &#8211; Uma chance de sentir a energia de uma festa de carnaval enquanto se aprende sobre a arte de ser DJ.<\/li>\n<\/ul>\n<h2>Culin\u00e1ria e Sabores no Carnaval<\/h2>\n<p>O carnaval tamb\u00e9m \u00e9 uma oportunidade para explorar novos sabores. Durante os dias de festa, o Sesc Bom Retiro destacar\u00e1 a culin\u00e1ria t\u00edpica de carnaval, com pratos que refletem a diversidade cultural brasileira.<\/p>\n<h2>Programa\u00e7\u00e3o Detalhada por Dia<\/h2>\n<p>Para facilitar o planejamento, a programa\u00e7\u00e3o do Sesc Bom Retiro est\u00e1 organizada por dia:<\/p>\n<h3>Dia 14 de Fevereiro<\/h3>\n<ul>\n<li>Oficinas: Maquiagem, Acess\u00f3rios infantis e adultos (10h e 13h30)<\/li>\n<li>Bailinho de Carnaval (11h, 13h e 15h30)<\/li>\n<li>Fios de Choro (16h)<\/li>\n<\/ul>\n<h3>Dia 15 de Fevereiro<\/h3>\n<ul>\n<li>Atividades: Acess\u00f3rios de Carnaval (10h e 13h30)<\/li>\n<li>Grupo Triii &#8211; Baile interativo (16h)<\/li>\n<\/ul>\n<h3>Dia 16 de Fevereiro<\/h3>\n<ul>\n<li>Oficinas: Maquiagem, Acess\u00f3rios infantis e adultos (10h e 13h30)<\/li>\n<li>Trupe Trup\u00e9 &#8211; M\u00fasica e cultura (11h)<\/li>\n<\/ul>\n<h3>Dia 17 de Fevereiro<\/h3>\n<ul>\n<li>Bloco Gente Mi\u00fada (11h)<\/li>\n<li>Bloco Beatles para Crian\u00e7as (16h)<\/li>\n<\/ul>\n<h2>Considera\u00e7\u00f5es Finais<\/h2>\n<p>A festividade promete ser uma grande celebra\u00e7\u00e3o da cultura e da alegria que caracteriza o carnaval. Com uma programa\u00e7\u00e3o rica em atividades, apresenta\u00e7\u00f5es e oficinas, o Sesc Bom Retiro convida todos a participar dessa grande festa, garantindo momentos de felicidade e integra\u00e7\u00e3o entre as fam\u00edlias. Venha fazer parte dessa folia!<\/p>\n\n<div style=\"font-size: 0px; height: 0px; line-height: 0px; margin: 0; padding: 0; clear: both;\"><\/div>","protected":false},"excerpt":{"rendered":"<p>Carnaval no Sesc Bom Retiro com uma programa\u00e7\u00e3o incr\u00edvel para toda a fam\u00edlia.<\/p>\n","protected":false},"author":1,"featured_media":2358,"comment_status":"open","ping_status":"closed","sticky":false,"template":"","format":"standard","meta":{"footnotes":""},"categories":[6],"tags":[],"class_list":["post-2359","post","type-post","status-publish","format-standard","has-post-thumbnail","hentry","category-noticias-no-bom-retiro","has_thumb"],"aioseo_notices":[],"_links":{"self":[{"href":"https:\/\/www.encontrabomretiro.com.br\/sobre\/wp-json\/wp\/v2\/posts\/2359","targetHints":{"allow":["GET"]}}],"collection":[{"href":"https:\/\/www.encontrabomretiro.com.br\/sobre\/wp-json\/wp\/v2\/posts"}],"about":[{"href":"https:\/\/www.encontrabomretiro.com.br\/sobre\/wp-json\/wp\/v2\/types\/post"}],"author":[{"embeddable":true,"href":"https:\/\/www.encontrabomretiro.com.br\/sobre\/wp-json\/wp\/v2\/users\/1"}],"replies":[{"embeddable":true,"href":"https:\/\/www.encontrabomretiro.com.br\/sobre\/wp-json\/wp\/v2\/comments?post=2359"}],"version-history":[{"count":0,"href":"https:\/\/www.encontrabomretiro.com.br\/sobre\/wp-json\/wp\/v2\/posts\/2359\/revisions"}],"wp:featuredmedia":[{"embeddable":true,"href":"https:\/\/www.encontrabomretiro.com.br\/sobre\/wp-json\/wp\/v2\/media\/2358"}],"wp:attachment":[{"href":"https:\/\/www.encontrabomretiro.com.br\/sobre\/wp-json\/wp\/v2\/media?parent=2359"}],"wp:term":[{"taxonomy":"category","embeddable":true,"href":"https:\/\/www.encontrabomretiro.com.br\/sobre\/wp-json\/wp\/v2\/categories?post=2359"},{"taxonomy":"post_tag","embeddable":true,"href":"https:\/\/www.encontrabomretiro.com.br\/sobre\/wp-json\/wp\/v2\/tags?post=2359"}],"curies":[{"name":"wp","href":"https:\/\/api.w.org\/{rel}","templated":true}]}}