{"id":2351,"date":"2026-01-29T10:07:59","date_gmt":"2026-01-29T12:07:59","guid":{"rendered":"https:\/\/www.encontrabomretiro.com.br\/sobre\/feira-gastronomica-em-pinheiros-comemora-aniversario-de-472-anos-de-sp\/"},"modified":"2026-01-29T10:07:59","modified_gmt":"2026-01-29T12:07:59","slug":"feira-gastronomica-em-pinheiros-comemora-aniversario-de-472-anos-de-sp","status":"publish","type":"post","link":"https:\/\/www.encontrabomretiro.com.br\/sobre\/feira-gastronomica-em-pinheiros-comemora-aniversario-de-472-anos-de-sp\/","title":{"rendered":"Feira Gastron\u00f4mica em Pinheiros comemora anivers\u00e1rio de 472 anos de SP"},"content":{"rendered":"<div class=\"228b65ae207de3c5c501cfe75875708b\" data-index=\"1\" style=\"float: none; margin:0px;\">\n<!-- Anuncio display - global -->\r\n<ins class=\"adsbygoogle\"\r\n     style=\"display:block\"\r\n     data-ad-client=\"ca-pub-8585364105181520\"\r\n     data-ad-slot=\"8789329856\"\r\n     data-ad-format=\"auto\"\r\n     data-full-width-responsive=\"true\"><\/ins>\r\n<script>\r\n     (adsbygoogle = window.adsbygoogle || []).push({});\r\n<\/script>\n<\/div>\n<h2>Comemora\u00e7\u00f5es Gastron\u00f4micas no Anivers\u00e1rio de SP<\/h2>\n<p>Nos dias 24 e 25 de janeiro, as festividades em celebra\u00e7\u00e3o ao 472\u00ba anivers\u00e1rio da cidade de S\u00e3o Paulo prometem trazer \u00e0 tona a rica diversidade gastron\u00f4mica da regi\u00e3o. A feira gastron\u00f4mica chamada <strong>Sabores dos Bairros<\/strong> ocorrer\u00e1 em Pinheiros, oferecendo um ponto de encontro para os apreciadores da boa comida e bebida. Com entrada gratuita, a feira n\u00e3o s\u00f3 apresenta pratos deliciosos de v\u00e1rias partes da cidade, mas tamb\u00e9m promove apresenta\u00e7\u00f5es de m\u00fasica ao vivo, criando uma atmosfera vibrante e acolhedora para todas as idades.<\/p>\n<h2>Sabores dos Bairros: Um Mosaico Cultural<\/h2>\n<p>A <strong>Sabores dos Bairros<\/strong> destaca a rica tape\u00e7aria cultural de S\u00e3o Paulo, com a sele\u00e7\u00e3o de iguarias de seis bairros emblem\u00e1ticos: Liberdade, Mooca, Bom Retiro, Br\u00e1s, Santa Cec\u00edlia e o Centro. Cada um desses locais traz sua pr\u00f3pria hist\u00f3ria e influ\u00eancia, refletida nos pratos oferecidos.<\/p>\n<h2>Gastronomia Asi\u00e1tica em Pinheiros<\/h2>\n<p>No cora\u00e7\u00e3o da feira, os sabores da Liberdade e do Bom Retiro chamam a aten\u00e7\u00e3o, com uma forte presen\u00e7a da culin\u00e1ria asi\u00e1tica. Este espa\u00e7o apresenta pratos t\u00edpicos da cultura japonesa e coreana, como <strong>yakissoba<\/strong> e <strong>takoyaki<\/strong> do Jap\u00e3o, juntamente com <strong>tteokbokki<\/strong> e <strong>corn dog<\/strong> da Coreia. Essa representa\u00e7\u00e3o n\u00e3o s\u00f3 \u00e9 um testemunho da globaliza\u00e7\u00e3o, mas tamb\u00e9m uma celebra\u00e7\u00e3o da rica diversidade que S\u00e3o Paulo abriga.<\/p>\n<p><img decoding=\"async\" src=\"https:\/\/www.encontrabomretiro.com.br\/sobre\/wp-content\/uploads\/2026\/01\/feira-gastronomica-em-pinheiros-comemora-aniversario-de-472-anos-de-sp.webp\" alt=\"Feira Gastron\u00f4mica em Pinheiros\" loading=\"lazy\" \/><\/p>\n<h2>Heran\u00e7as Culin\u00e1rias: O Charme do Br\u00e1s<\/h2>\n<p>A heran\u00e7a \u00e1rabe do Br\u00e1s tamb\u00e9m est\u00e1 em destaque, com op\u00e7\u00f5es como <strong>shawarma<\/strong> e <strong>quibe<\/strong>, al\u00e9m do famoso <strong>sorvete \u00e1rabe<\/strong>, gelado artesanal que promete encantar os paladares. Essa oferta ressalta como a imigra\u00e7\u00e3o moldou a identidade culin\u00e1ria paulistana, trazendo novas texturas e sabores \u00e0s mesas da cidade.<\/p>\n<h2>Del\u00edcias Italianas: A Influ\u00eancia da Mooca<\/h2>\n<p>A Mooca, conhecida por sua forte influ\u00eancia mediterr\u00e2nea, traz del\u00edcias tradicionais italianas, como <strong>pizza<\/strong>, <strong>cannoli<\/strong> e <strong>schiacciata<\/strong>. Esses pratos s\u00e3o um convite para um mergulho na cultura italiana, revelando a mistura de tradi\u00e7\u00f5es que enriquece a culin\u00e1ria local e demonstra o papel da imigra\u00e7\u00e3o na forma\u00e7\u00e3o da identidade paulista.<\/p>\n<h2>Culin\u00e1ria Brasileira e Latino-Americana em Destaque<\/h2>\n<p>O evento tamb\u00e9m traz \u00e0 tona a diversidade da culin\u00e1ria brasileira e latino-americana, com a presen\u00e7a de pratos t\u00edpicos como <strong>bai\u00e3o de dois<\/strong>, <strong>torresmo<\/strong> e a <strong>pupusa<\/strong> de El Salvador. Essas op\u00e7\u00f5es refletem as tradi\u00e7\u00f5es culin\u00e1rias que existem nos diferentes bairros de S\u00e3o Paulo, proporcionando uma verdadeira viagem gastron\u00f4mica.<\/p>\n<h2>Programa\u00e7\u00e3o Musical que Aquece os Cora\u00e7\u00f5es<\/h2>\n<p>Complementando essa experi\u00eancia, a programa\u00e7\u00e3o musical da feira inclui uma variedade de estilos, como forr\u00f3, pop-rock, p\u00e9-de-serra e samba. Um dos destaques \u00e9 o <strong>Samba do Tatu<\/strong>, programado para se apresentar no domingo \u00e0s 15h30 com um repert\u00f3rio repleto de cl\u00e1ssicos do samba, trazendo energia e alegria para o evento. O p\u00fablico \u00e9 convidado n\u00e3o apenas a ouvir, mas a interagir, criando uma experi\u00eancia memor\u00e1vel para todos os presentes.<\/p>\n<h2>A Hist\u00f3ria por Tr\u00e1s da Feira Sabores dos Bairros<\/h2>\n<p>De acordo com <strong>Willian Vendramini<\/strong>, co-fundador da plataforma digital <strong>Cola em Sampa<\/strong>, a ideia para a feira surgiu da observa\u00e7\u00e3o de uma lacuna nas celebra\u00e7\u00f5es gastron\u00f4micas relacionadas ao anivers\u00e1rio da cidade. Willian exp\u00f5e que a inten\u00e7\u00e3o \u00e9 n\u00e3o apenas celebrar, mas tamb\u00e9m expor as ricas influ\u00eancias de bairros iconicamente ligados \u00e0 gastronomia local, como Liberdade e Mooca.<\/p>\n<h2>Como Participar e Aproveitar o Evento<\/h2>\n<p>Para aqueles que desejam explorar a <strong>Sabores dos Bairros<\/strong>, a feira est\u00e1 localizada na Avenida Professor Frederico Hermann J\u00fanior, em frente \u00e0 Subprefeitura de Pinheiros, e funcionar\u00e1 nos dias 24 e 25, das 11h \u00e0s 21h. A entrada \u00e9 gratuita, o que a torna um evento acess\u00edvel para toda a comunidade.<\/p>\n<h2>O Que Esperar da Feira Gastron\u00f4mica em Pinheiros<\/h2>\n<p>Prepare-se para um fim de semana repleto de sabores, cultura e m\u00fasica. A <strong>feria Sabores dos Bairros<\/strong> \u00e9 uma verdadeira celebra\u00e7\u00e3o da diversidade. \u00c9 uma oportunidade n\u00e3o s\u00f3 para saborear iguarias de diferentes partes do mundo, mas tamb\u00e9m para apreciar a cultura vibrante que define S\u00e3o Paulo. A feira promete ser um evento memor\u00e1vel, refletindo a rica tapestria cultural da cidade e convidando todos a celebrar a gastronomia local.<\/p>\n\n<div style=\"font-size: 0px; height: 0px; line-height: 0px; margin: 0; padding: 0; clear: both;\"><\/div>","protected":false},"excerpt":{"rendered":"<p>Feira Gastron\u00f4mica em Pinheiros celebra 472 anos de S\u00e3o Paulo com diversidade e sabor.<\/p>\n","protected":false},"author":1,"featured_media":2350,"comment_status":"open","ping_status":"closed","sticky":false,"template":"","format":"standard","meta":{"footnotes":""},"categories":[6],"tags":[],"class_list":["post-2351","post","type-post","status-publish","format-standard","has-post-thumbnail","hentry","category-noticias-no-bom-retiro","has_thumb"],"aioseo_notices":[],"aioseo_head":"\n\t\t<!-- All in One SEO 5.0.0.1 - aioseo.com -->\n\t<meta name=\"description\" content=\"Feira Gastron\u00f4mica em Pinheiros celebra 472 anos de S\u00e3o Paulo com diversidade e sabor.\" \/>\n\t<meta name=\"robots\" content=\"max-image-preview:large\" \/>\n\t<meta name=\"author\" content=\"Encontra Bom Retiro\"\/>\n\t<link rel=\"canonical\" href=\"https:\/\/www.encontrabomretiro.com.br\/sobre\/feira-gastronomica-em-pinheiros-comemora-aniversario-de-472-anos-de-sp\/\" \/>\n\t<meta name=\"generator\" content=\"All in One SEO (AIOSEO) 5.0.0.1\" \/>\n\t\t<meta property=\"og:locale\" content=\"pt_BR\" \/>\n\t\t<meta property=\"og:site_name\" content=\"Encontra Bom Retiro | Not\u00edcias, eventos, informa\u00e7\u00f5es e dicas no bairro do Bom Retiro e regi\u00e3o.\" \/>\n\t\t<meta property=\"og:type\" content=\"article\" \/>\n\t\t<meta property=\"og:title\" content=\"Feira Gastron\u00f4mica em Pinheiros comemora anivers\u00e1rio de 472 anos de SP | Encontra Bom Retiro\" \/>\n\t\t<meta property=\"og:description\" content=\"Feira Gastron\u00f4mica em Pinheiros celebra 472 anos de S\u00e3o Paulo com diversidade e sabor.\" \/>\n\t\t<meta property=\"og:url\" content=\"https:\/\/www.encontrabomretiro.com.br\/sobre\/feira-gastronomica-em-pinheiros-comemora-aniversario-de-472-anos-de-sp\/\" \/>\n\t\t<meta property=\"article:published_time\" content=\"2026-01-29T12:07:59+00:00\" \/>\n\t\t<meta property=\"article:modified_time\" content=\"2026-01-29T12:07:59+00:00\" \/>\n\t\t<meta name=\"twitter:card\" content=\"summary_large_image\" \/>\n\t\t<meta name=\"twitter:title\" content=\"Feira Gastron\u00f4mica em Pinheiros comemora anivers\u00e1rio de 472 anos de SP | Encontra Bom Retiro\" \/>\n\t\t<meta name=\"twitter:description\" content=\"Feira Gastron\u00f4mica em Pinheiros celebra 472 anos de S\u00e3o Paulo com diversidade e sabor.\" \/>\n\t\t<script type=\"application\/ld+json\" class=\"aioseo-schema\">\n\t\t\t{\"@context\":\"https:\\\/\\\/schema.org\",\"@graph\":[{\"@type\":\"Article\",\"@id\":\"https:\\\/\\\/www.encontrabomretiro.com.br\\\/sobre\\\/feira-gastronomica-em-pinheiros-comemora-aniversario-de-472-anos-de-sp\\\/#article\",\"name\":\"Feira Gastron\\u00f4mica em Pinheiros comemora anivers\\u00e1rio de 472 anos de SP | Encontra Bom Retiro\",\"headline\":\"Feira Gastron\\u00f4mica em Pinheiros comemora anivers\\u00e1rio de 472 anos de SP\",\"author\":{\"@id\":\"https:\\\/\\\/www.encontrabomretiro.com.br\\\/sobre\\\/author\\\/ebomretiro\\\/#author\"},\"publisher\":{\"@id\":\"https:\\\/\\\/www.encontrabomretiro.com.br\\\/sobre\\\/#organization\"},\"image\":{\"@type\":\"ImageObject\",\"url\":\"https:\\\/\\\/www.encontrabomretiro.com.br\\\/sobre\\\/wp-content\\\/uploads\\\/2026\\\/01\\\/feira-gastronomica-em-pinheiros-comemora-aniversario-de-472-anos-de-sp.webp\",\"width\":280,\"height\":280,\"caption\":\"Feira Gastron\\u00f4mica em Pinheiros\"},\"datePublished\":\"2026-01-29T10:07:59-02:00\",\"dateModified\":\"2026-01-29T10:07:59-02:00\",\"inLanguage\":\"pt-BR\",\"mainEntityOfPage\":{\"@id\":\"https:\\\/\\\/www.encontrabomretiro.com.br\\\/sobre\\\/feira-gastronomica-em-pinheiros-comemora-aniversario-de-472-anos-de-sp\\\/#webpage\"},\"isPartOf\":{\"@id\":\"https:\\\/\\\/www.encontrabomretiro.com.br\\\/sobre\\\/feira-gastronomica-em-pinheiros-comemora-aniversario-de-472-anos-de-sp\\\/#webpage\"},\"articleSection\":\"Not\\u00edcias Bom Retiro\"},{\"@type\":\"BreadcrumbList\",\"@id\":\"https:\\\/\\\/www.encontrabomretiro.com.br\\\/sobre\\\/feira-gastronomica-em-pinheiros-comemora-aniversario-de-472-anos-de-sp\\\/#breadcrumblist\",\"itemListElement\":[{\"@type\":\"ListItem\",\"@id\":\"https:\\\/\\\/www.encontrabomretiro.com.br\\\/sobre#listItem\",\"position\":1,\"name\":\"Dom\\u00e9stica\",\"item\":\"https:\\\/\\\/www.encontrabomretiro.com.br\\\/sobre\",\"nextItem\":{\"@type\":\"ListItem\",\"@id\":\"https:\\\/\\\/www.encontrabomretiro.com.br\\\/sobre\\\/noticias-no-bom-retiro\\\/#listItem\",\"name\":\"Not\\u00edcias Bom Retiro\"}},{\"@type\":\"ListItem\",\"@id\":\"https:\\\/\\\/www.encontrabomretiro.com.br\\\/sobre\\\/noticias-no-bom-retiro\\\/#listItem\",\"position\":2,\"name\":\"Not\\u00edcias Bom Retiro\",\"item\":\"https:\\\/\\\/www.encontrabomretiro.com.br\\\/sobre\\\/noticias-no-bom-retiro\\\/\",\"nextItem\":{\"@type\":\"ListItem\",\"@id\":\"https:\\\/\\\/www.encontrabomretiro.com.br\\\/sobre\\\/feira-gastronomica-em-pinheiros-comemora-aniversario-de-472-anos-de-sp\\\/#listItem\",\"name\":\"Feira Gastron\\u00f4mica em Pinheiros comemora anivers\\u00e1rio de 472 anos de SP\"},\"previousItem\":{\"@type\":\"ListItem\",\"@id\":\"https:\\\/\\\/www.encontrabomretiro.com.br\\\/sobre#listItem\",\"name\":\"Dom\\u00e9stica\"}},{\"@type\":\"ListItem\",\"@id\":\"https:\\\/\\\/www.encontrabomretiro.com.br\\\/sobre\\\/feira-gastronomica-em-pinheiros-comemora-aniversario-de-472-anos-de-sp\\\/#listItem\",\"position\":3,\"name\":\"Feira Gastron\\u00f4mica em Pinheiros comemora anivers\\u00e1rio de 472 anos de SP\",\"previousItem\":{\"@type\":\"ListItem\",\"@id\":\"https:\\\/\\\/www.encontrabomretiro.com.br\\\/sobre\\\/noticias-no-bom-retiro\\\/#listItem\",\"name\":\"Not\\u00edcias Bom Retiro\"}}]},{\"@type\":\"Organization\",\"@id\":\"https:\\\/\\\/www.encontrabomretiro.com.br\\\/sobre\\\/#organization\",\"name\":\"Encontra Bom Retiro\",\"description\":\"Not\\u00edcias, eventos, informa\\u00e7\\u00f5es e dicas no bairro do Bom Retiro e regi\\u00e3o.\",\"url\":\"https:\\\/\\\/www.encontrabomretiro.com.br\\\/sobre\\\/\"},{\"@type\":\"Person\",\"@id\":\"https:\\\/\\\/www.encontrabomretiro.com.br\\\/sobre\\\/author\\\/ebomretiro\\\/#author\",\"url\":\"https:\\\/\\\/www.encontrabomretiro.com.br\\\/sobre\\\/author\\\/ebomretiro\\\/\",\"name\":\"Encontra Bom Retiro\",\"image\":{\"@type\":\"ImageObject\",\"@id\":\"https:\\\/\\\/www.encontrabomretiro.com.br\\\/sobre\\\/feira-gastronomica-em-pinheiros-comemora-aniversario-de-472-anos-de-sp\\\/#authorImage\",\"url\":\"https:\\\/\\\/secure.gravatar.com\\\/avatar\\\/507340682b8270222e1f208e23198b6ae7e2c6a1033ae84e99bc6bce4f82a387?s=96&d=mm&r=g\",\"width\":96,\"height\":96,\"caption\":\"Encontra Bom Retiro\"}},{\"@type\":\"WebPage\",\"@id\":\"https:\\\/\\\/www.encontrabomretiro.com.br\\\/sobre\\\/feira-gastronomica-em-pinheiros-comemora-aniversario-de-472-anos-de-sp\\\/#webpage\",\"url\":\"https:\\\/\\\/www.encontrabomretiro.com.br\\\/sobre\\\/feira-gastronomica-em-pinheiros-comemora-aniversario-de-472-anos-de-sp\\\/\",\"name\":\"Feira Gastron\\u00f4mica em Pinheiros comemora anivers\\u00e1rio de 472 anos de SP | Encontra Bom Retiro\",\"description\":\"Feira Gastron\\u00f4mica em Pinheiros celebra 472 anos de S\\u00e3o Paulo com diversidade e sabor.\",\"inLanguage\":\"pt-BR\",\"isPartOf\":{\"@id\":\"https:\\\/\\\/www.encontrabomretiro.com.br\\\/sobre\\\/#website\"},\"breadcrumb\":{\"@id\":\"https:\\\/\\\/www.encontrabomretiro.com.br\\\/sobre\\\/feira-gastronomica-em-pinheiros-comemora-aniversario-de-472-anos-de-sp\\\/#breadcrumblist\"},\"author\":{\"@id\":\"https:\\\/\\\/www.encontrabomretiro.com.br\\\/sobre\\\/author\\\/ebomretiro\\\/#author\"},\"creator\":{\"@id\":\"https:\\\/\\\/www.encontrabomretiro.com.br\\\/sobre\\\/author\\\/ebomretiro\\\/#author\"},\"image\":{\"@type\":\"ImageObject\",\"url\":\"https:\\\/\\\/www.encontrabomretiro.com.br\\\/sobre\\\/wp-content\\\/uploads\\\/2026\\\/01\\\/feira-gastronomica-em-pinheiros-comemora-aniversario-de-472-anos-de-sp.webp\",\"@id\":\"https:\\\/\\\/www.encontrabomretiro.com.br\\\/sobre\\\/feira-gastronomica-em-pinheiros-comemora-aniversario-de-472-anos-de-sp\\\/#mainImage\",\"width\":280,\"height\":280,\"caption\":\"Feira Gastron\\u00f4mica em Pinheiros\"},\"primaryImageOfPage\":{\"@id\":\"https:\\\/\\\/www.encontrabomretiro.com.br\\\/sobre\\\/feira-gastronomica-em-pinheiros-comemora-aniversario-de-472-anos-de-sp\\\/#mainImage\"},\"datePublished\":\"2026-01-29T10:07:59-02:00\",\"dateModified\":\"2026-01-29T10:07:59-02:00\"},{\"@type\":\"WebSite\",\"@id\":\"https:\\\/\\\/www.encontrabomretiro.com.br\\\/sobre\\\/#website\",\"url\":\"https:\\\/\\\/www.encontrabomretiro.com.br\\\/sobre\\\/\",\"name\":\"Encontra Bom Retiro\",\"description\":\"Not\\u00edcias, eventos, informa\\u00e7\\u00f5es e dicas no bairro do Bom Retiro e regi\\u00e3o.\",\"inLanguage\":\"pt-BR\",\"publisher\":{\"@id\":\"https:\\\/\\\/www.encontrabomretiro.com.br\\\/sobre\\\/#organization\"}}]}\n\t\t<\/script>\n\t\t<!-- All in One SEO -->\n\n","aioseo_head_json":{"title":"Feira Gastron\u00f4mica em Pinheiros comemora anivers\u00e1rio de 472 anos de SP | Encontra Bom Retiro","description":"Feira Gastron\u00f4mica em Pinheiros celebra 472 anos de S\u00e3o Paulo com diversidade e sabor.","canonical_url":"https:\/\/www.encontrabomretiro.com.br\/sobre\/feira-gastronomica-em-pinheiros-comemora-aniversario-de-472-anos-de-sp\/","robots":"max-image-preview:large","keywords":"","webmasterTools":{"miscellaneous":""},"schema":{"@context":"https:\/\/schema.org","@graph":[{"@type":"Article","@id":"https:\/\/www.encontrabomretiro.com.br\/sobre\/feira-gastronomica-em-pinheiros-comemora-aniversario-de-472-anos-de-sp\/#article","name":"Feira Gastron\u00f4mica em Pinheiros comemora anivers\u00e1rio de 472 anos de SP | Encontra Bom Retiro","headline":"Feira Gastron\u00f4mica em Pinheiros comemora anivers\u00e1rio de 472 anos de SP","author":{"@id":"https:\/\/www.encontrabomretiro.com.br\/sobre\/author\/ebomretiro\/#author"},"publisher":{"@id":"https:\/\/www.encontrabomretiro.com.br\/sobre\/#organization"},"image":{"@type":"ImageObject","url":"https:\/\/www.encontrabomretiro.com.br\/sobre\/wp-content\/uploads\/2026\/01\/feira-gastronomica-em-pinheiros-comemora-aniversario-de-472-anos-de-sp.webp","width":280,"height":280,"caption":"Feira Gastron\u00f4mica em Pinheiros"},"datePublished":"2026-01-29T10:07:59-02:00","dateModified":"2026-01-29T10:07:59-02:00","inLanguage":"pt-BR","mainEntityOfPage":{"@id":"https:\/\/www.encontrabomretiro.com.br\/sobre\/feira-gastronomica-em-pinheiros-comemora-aniversario-de-472-anos-de-sp\/#webpage"},"isPartOf":{"@id":"https:\/\/www.encontrabomretiro.com.br\/sobre\/feira-gastronomica-em-pinheiros-comemora-aniversario-de-472-anos-de-sp\/#webpage"},"articleSection":"Not\u00edcias Bom Retiro"},{"@type":"BreadcrumbList","@id":"https:\/\/www.encontrabomretiro.com.br\/sobre\/feira-gastronomica-em-pinheiros-comemora-aniversario-de-472-anos-de-sp\/#breadcrumblist","itemListElement":[{"@type":"ListItem","@id":"https:\/\/www.encontrabomretiro.com.br\/sobre#listItem","position":1,"name":"Dom\u00e9stica","item":"https:\/\/www.encontrabomretiro.com.br\/sobre","nextItem":{"@type":"ListItem","@id":"https:\/\/www.encontrabomretiro.com.br\/sobre\/noticias-no-bom-retiro\/#listItem","name":"Not\u00edcias Bom Retiro"}},{"@type":"ListItem","@id":"https:\/\/www.encontrabomretiro.com.br\/sobre\/noticias-no-bom-retiro\/#listItem","position":2,"name":"Not\u00edcias Bom Retiro","item":"https:\/\/www.encontrabomretiro.com.br\/sobre\/noticias-no-bom-retiro\/","nextItem":{"@type":"ListItem","@id":"https:\/\/www.encontrabomretiro.com.br\/sobre\/feira-gastronomica-em-pinheiros-comemora-aniversario-de-472-anos-de-sp\/#listItem","name":"Feira Gastron\u00f4mica em Pinheiros comemora anivers\u00e1rio de 472 anos de SP"},"previousItem":{"@type":"ListItem","@id":"https:\/\/www.encontrabomretiro.com.br\/sobre#listItem","name":"Dom\u00e9stica"}},{"@type":"ListItem","@id":"https:\/\/www.encontrabomretiro.com.br\/sobre\/feira-gastronomica-em-pinheiros-comemora-aniversario-de-472-anos-de-sp\/#listItem","position":3,"name":"Feira Gastron\u00f4mica em Pinheiros comemora anivers\u00e1rio de 472 anos de SP","previousItem":{"@type":"ListItem","@id":"https:\/\/www.encontrabomretiro.com.br\/sobre\/noticias-no-bom-retiro\/#listItem","name":"Not\u00edcias Bom Retiro"}}]},{"@type":"Organization","@id":"https:\/\/www.encontrabomretiro.com.br\/sobre\/#organization","name":"Encontra Bom Retiro","description":"Not\u00edcias, eventos, informa\u00e7\u00f5es e dicas no bairro do Bom Retiro e regi\u00e3o.","url":"https:\/\/www.encontrabomretiro.com.br\/sobre\/"},{"@type":"Person","@id":"https:\/\/www.encontrabomretiro.com.br\/sobre\/author\/ebomretiro\/#author","url":"https:\/\/www.encontrabomretiro.com.br\/sobre\/author\/ebomretiro\/","name":"Encontra Bom Retiro","image":{"@type":"ImageObject","@id":"https:\/\/www.encontrabomretiro.com.br\/sobre\/feira-gastronomica-em-pinheiros-comemora-aniversario-de-472-anos-de-sp\/#authorImage","url":"https:\/\/secure.gravatar.com\/avatar\/507340682b8270222e1f208e23198b6ae7e2c6a1033ae84e99bc6bce4f82a387?s=96&d=mm&r=g","width":96,"height":96,"caption":"Encontra Bom Retiro"}},{"@type":"WebPage","@id":"https:\/\/www.encontrabomretiro.com.br\/sobre\/feira-gastronomica-em-pinheiros-comemora-aniversario-de-472-anos-de-sp\/#webpage","url":"https:\/\/www.encontrabomretiro.com.br\/sobre\/feira-gastronomica-em-pinheiros-comemora-aniversario-de-472-anos-de-sp\/","name":"Feira Gastron\u00f4mica em Pinheiros comemora anivers\u00e1rio de 472 anos de SP | Encontra Bom Retiro","description":"Feira Gastron\u00f4mica em Pinheiros celebra 472 anos de S\u00e3o Paulo com diversidade e sabor.","inLanguage":"pt-BR","isPartOf":{"@id":"https:\/\/www.encontrabomretiro.com.br\/sobre\/#website"},"breadcrumb":{"@id":"https:\/\/www.encontrabomretiro.com.br\/sobre\/feira-gastronomica-em-pinheiros-comemora-aniversario-de-472-anos-de-sp\/#breadcrumblist"},"author":{"@id":"https:\/\/www.encontrabomretiro.com.br\/sobre\/author\/ebomretiro\/#author"},"creator":{"@id":"https:\/\/www.encontrabomretiro.com.br\/sobre\/author\/ebomretiro\/#author"},"image":{"@type":"ImageObject","url":"https:\/\/www.encontrabomretiro.com.br\/sobre\/wp-content\/uploads\/2026\/01\/feira-gastronomica-em-pinheiros-comemora-aniversario-de-472-anos-de-sp.webp","@id":"https:\/\/www.encontrabomretiro.com.br\/sobre\/feira-gastronomica-em-pinheiros-comemora-aniversario-de-472-anos-de-sp\/#mainImage","width":280,"height":280,"caption":"Feira Gastron\u00f4mica em Pinheiros"},"primaryImageOfPage":{"@id":"https:\/\/www.encontrabomretiro.com.br\/sobre\/feira-gastronomica-em-pinheiros-comemora-aniversario-de-472-anos-de-sp\/#mainImage"},"datePublished":"2026-01-29T10:07:59-02:00","dateModified":"2026-01-29T10:07:59-02:00"},{"@type":"WebSite","@id":"https:\/\/www.encontrabomretiro.com.br\/sobre\/#website","url":"https:\/\/www.encontrabomretiro.com.br\/sobre\/","name":"Encontra Bom Retiro","description":"Not\u00edcias, eventos, informa\u00e7\u00f5es e dicas no bairro do Bom Retiro e regi\u00e3o.","inLanguage":"pt-BR","publisher":{"@id":"https:\/\/www.encontrabomretiro.com.br\/sobre\/#organization"}}]},"og:locale":"pt_BR","og:site_name":"Encontra Bom Retiro | Not\u00edcias, eventos, informa\u00e7\u00f5es e dicas no bairro do Bom Retiro e regi\u00e3o.","og:type":"article","og:title":"Feira Gastron\u00f4mica em Pinheiros comemora anivers\u00e1rio de 472 anos de SP | Encontra Bom Retiro","og:description":"Feira Gastron\u00f4mica em Pinheiros celebra 472 anos de S\u00e3o Paulo com diversidade e sabor.","og:url":"https:\/\/www.encontrabomretiro.com.br\/sobre\/feira-gastronomica-em-pinheiros-comemora-aniversario-de-472-anos-de-sp\/","article:published_time":"2026-01-29T12:07:59+00:00","article:modified_time":"2026-01-29T12:07:59+00:00","twitter:card":"summary_large_image","twitter:title":"Feira Gastron\u00f4mica em Pinheiros comemora anivers\u00e1rio de 472 anos de SP | Encontra Bom Retiro","twitter:description":"Feira Gastron\u00f4mica em Pinheiros celebra 472 anos de S\u00e3o Paulo com diversidade e sabor."},"aioseo_meta_data":{"post_id":"2351","title":null,"description":null,"keywords":null,"keyphrases":null,"primary_term":null,"canonical_url":null,"og_title":null,"og_description":null,"og_object_type":"default","og_image_type":"default","og_image_url":null,"og_image_width":null,"og_image_height":null,"og_image_custom_url":null,"og_image_custom_fields":null,"og_video":null,"og_custom_url":null,"og_article_section":null,"og_article_tags":null,"twitter_use_og":false,"twitter_card":"default","twitter_image_type":"default","twitter_image_url":null,"twitter_image_custom_url":null,"twitter_image_custom_fields":null,"twitter_title":null,"twitter_description":null,"schema":{"blockGraphs":[],"customGraphs":[],"default":{"data":{"Article":[],"Course":[],"Dataset":[],"FAQPage":[],"Movie":[],"Person":[],"Product":[],"ProductReview":[],"Car":[],"Recipe":[],"Service":[],"SoftwareApplication":[],"WebPage":[]},"graphName":"Article","isEnabled":true},"graphs":[]},"schema_type":"default","schema_type_options":null,"pillar_content":false,"robots_default":true,"robots_noindex":false,"robots_noarchive":false,"robots_nosnippet":false,"robots_nofollow":false,"robots_noimageindex":false,"robots_noodp":false,"robots_notranslate":false,"robots_max_snippet":null,"robots_max_videopreview":null,"robots_max_imagepreview":"large","priority":null,"frequency":null,"local_seo":null,"breadcrumb_settings":null,"limit_modified_date":false,"ai":null,"created":"2026-01-29 12:08:02","updated":"2026-01-29 12:08:47","focus_keyword":null,"additional_keywords":null,"truseo_locale":null,"seo_analyzer_scan_date":null},"aioseo_breadcrumb":"<div class=\"aioseo-breadcrumbs\"><span class=\"aioseo-breadcrumb\">\n\t\t\t<a href=\"https:\/\/www.encontrabomretiro.com.br\/sobre\" title=\"Dom\u00e9stica\">Dom\u00e9stica<\/a>\n\t\t<\/span><span class=\"aioseo-breadcrumb-separator\">&raquo;<\/span><span class=\"aioseo-breadcrumb\">\n\t\t\t<a href=\"https:\/\/www.encontrabomretiro.com.br\/sobre\/noticias-no-bom-retiro\/\" title=\"Not\u00edcias Bom Retiro\">Not\u00edcias Bom Retiro<\/a>\n\t\t<\/span><span class=\"aioseo-breadcrumb-separator\">&raquo;<\/span><span class=\"aioseo-breadcrumb\">\n\t\t\tFeira Gastron\u00f4mica em Pinheiros comemora anivers\u00e1rio de 472 anos de SP\n\t\t<\/span><\/div>","aioseo_breadcrumb_json":[{"label":"Dom\u00e9stica","link":"https:\/\/www.encontrabomretiro.com.br\/sobre"},{"label":"Not\u00edcias Bom Retiro","link":"https:\/\/www.encontrabomretiro.com.br\/sobre\/noticias-no-bom-retiro\/"},{"label":"Feira Gastron\u00f4mica em Pinheiros comemora anivers\u00e1rio de 472 anos de SP","link":"https:\/\/www.encontrabomretiro.com.br\/sobre\/feira-gastronomica-em-pinheiros-comemora-aniversario-de-472-anos-de-sp\/"}],"_links":{"self":[{"href":"https:\/\/www.encontrabomretiro.com.br\/sobre\/wp-json\/wp\/v2\/posts\/2351","targetHints":{"allow":["GET"]}}],"collection":[{"href":"https:\/\/www.encontrabomretiro.com.br\/sobre\/wp-json\/wp\/v2\/posts"}],"about":[{"href":"https:\/\/www.encontrabomretiro.com.br\/sobre\/wp-json\/wp\/v2\/types\/post"}],"author":[{"embeddable":true,"href":"https:\/\/www.encontrabomretiro.com.br\/sobre\/wp-json\/wp\/v2\/users\/1"}],"replies":[{"embeddable":true,"href":"https:\/\/www.encontrabomretiro.com.br\/sobre\/wp-json\/wp\/v2\/comments?post=2351"}],"version-history":[{"count":0,"href":"https:\/\/www.encontrabomretiro.com.br\/sobre\/wp-json\/wp\/v2\/posts\/2351\/revisions"}],"wp:featuredmedia":[{"embeddable":true,"href":"https:\/\/www.encontrabomretiro.com.br\/sobre\/wp-json\/wp\/v2\/media\/2350"}],"wp:attachment":[{"href":"https:\/\/www.encontrabomretiro.com.br\/sobre\/wp-json\/wp\/v2\/media?parent=2351"}],"wp:term":[{"taxonomy":"category","embeddable":true,"href":"https:\/\/www.encontrabomretiro.com.br\/sobre\/wp-json\/wp\/v2\/categories?post=2351"},{"taxonomy":"post_tag","embeddable":true,"href":"https:\/\/www.encontrabomretiro.com.br\/sobre\/wp-json\/wp\/v2\/tags?post=2351"}],"curies":[{"name":"wp","href":"https:\/\/api.w.org\/{rel}","templated":true}]}}