{"id":235,"date":"2011-06-30T19:00:38","date_gmt":"2011-06-30T21:00:38","guid":{"rendered":"http:\/\/www.encontrabomretiro.com.br\/noticias\/?p=235"},"modified":"2019-04-29T18:05:05","modified_gmt":"2019-04-29T20:05:05","slug":"lojas-do-bom-retiro-e-do-bras-fazem-liquidacao-da-colecao-de-inverno","status":"publish","type":"post","link":"https:\/\/www.encontrabomretiro.com.br\/sobre\/lojas-do-bom-retiro-e-do-bras-fazem-liquidacao-da-colecao-de-inverno\/","title":{"rendered":"Lojas do Bom Retiro e do Br\u00e1s fazem liquida\u00e7\u00e3o da cole\u00e7\u00e3o de inverno"},"content":{"rendered":"<div class=\"228b65ae207de3c5c501cfe75875708b\" data-index=\"1\" style=\"float: none; margin:0px;\">\n<!-- Anuncio display - global -->\r\n<ins class=\"adsbygoogle\"\r\n     style=\"display:block\"\r\n     data-ad-client=\"ca-pub-8585364105181520\"\r\n     data-ad-slot=\"8789329856\"\r\n     data-ad-format=\"auto\"\r\n     data-full-width-responsive=\"true\"><\/ins>\r\n<script>\r\n     (adsbygoogle = window.adsbygoogle || []).push({});\r\n<\/script>\n<\/div>\n<p>As lojas de com\u00e9rcio do Br\u00e1s e do Bom Retiro, no centro de S\u00e3o Paulo, j\u00e1 est\u00e3o liquidando a cole\u00e7\u00e3o de inverno. Os consumidores podem comprar roupas para usar agora com descontos interessantes. \u201cPromo\u00e7\u00e3o \u00e9 sempre bom\u201d, diz a professora Vera Cotrim.<\/p>\n<p>Na Rua Jos\u00e9 Paulino, as liquida\u00e7\u00f5es de inverno surpreenderam muita gente. \u201cA diferen\u00e7a de pre\u00e7o est\u00e1 boa pelas etiquetas. Est\u00e1 bem mais barato\u201d, afirma a supervisora da vendas Zeneide da Rocha.<\/p>\n<p>Os bairros atacadistas, como o Bom Retiro e o Br\u00e1s, que vendem produtos para lojistas, t\u00eam um calend\u00e1rio diferente das outras lojas. As roupas de inverno j\u00e1 est\u00e3o nas vitrines desde mar\u00e7o.<\/p>\n<p>Agora, os lojistas t\u00eam pressa e dizem que, em um m\u00eas, querem se livrar das roupas mais pesadas para encher as lojas com a cole\u00e7\u00e3o primavera-ver\u00e3o. \u201cBasicamente n\u00f3s temos tr\u00eas meses para vender inverno e sete ou oito para vender ver\u00e3o. A primavera-ver\u00e3o funciona melhor porque voc\u00ea tem mais tempo para vender\u201d, afirma Nelson Tranquez, diretor da C\u00e2mara de Lojistas do Bom Retiro.<\/p>\n<p>Em algumas lojas, h\u00e1 pe\u00e7as por menos da metade do pre\u00e7o. A comerciante Denise Mena se deu muito bem. Ela tem loja em Porto Alegre, no Rio Grande Sul, onde a moda inverno dura mais tempo. \u201cTem bastante casaco para se aquecer do frio\u201d, diz Denise.<\/p>\n<p>A professora Claudia Spaolonzi comprou roupas para usar o quanto antes. \u201cCom esse frio que est\u00e1, \u00e9 para usar agora\u201d, diz.<\/p>\n<p><em>Fonte: G1<\/em><\/p>\n\n<div style=\"font-size: 0px; height: 0px; line-height: 0px; margin: 0; padding: 0; clear: both;\"><\/div>","protected":false},"excerpt":{"rendered":"<p>As lojas de com\u00e9rcio do Br\u00e1s e do Bom Retiro, no centro de S\u00e3o Paulo, j\u00e1 est\u00e3o liquidando a cole\u00e7\u00e3o de inverno. Os consumidores podem comprar roupas para usar agora com descontos interessantes. \u201cPromo\u00e7\u00e3o \u00e9 sempre bom\u201d, diz a professora Vera Cotrim. Na Rua Jos\u00e9 Paulino, as liquida\u00e7\u00f5es de inverno surpreenderam muita gente. \u201cA diferen\u00e7a de pre\u00e7o est\u00e1 boa pelas etiquetas. Est\u00e1 bem mais barato\u201d, afirma a supervisora da vendas Zeneide da Rocha. Os bairros atacadistas, como o Bom Retiro e o Br\u00e1s, que vendem produtos para lojistas, t\u00eam um calend\u00e1rio diferente das outras lojas. As roupas de inverno j\u00e1 <\/p>\n","protected":false},"author":1,"featured_media":0,"comment_status":"open","ping_status":"closed","sticky":false,"template":"","format":"standard","meta":{"footnotes":""},"categories":[6],"tags":[14],"class_list":["post-235","post","type-post","status-publish","format-standard","hentry","category-noticias-no-bom-retiro","tag-bom-retiro"],"aioseo_notices":[],"aioseo_head":"\n\t\t<!-- All in One SEO 5.0.0.1 - aioseo.com -->\n\t<meta name=\"description\" content=\"As lojas de com\u00e9rcio do Br\u00e1s e do Bom Retiro, no centro de S\u00e3o Paulo, j\u00e1 est\u00e3o liquidando a cole\u00e7\u00e3o de inverno. Os consumidores podem comprar roupas para usar agora com descontos interessantes. \u201cPromo\u00e7\u00e3o \u00e9 sempre bom\u201d, diz a professora Vera Cotrim. Na Rua Jos\u00e9 Paulino, as liquida\u00e7\u00f5es de inverno surpreenderam muita gente. \u201cA diferen\u00e7a\" \/>\n\t<meta name=\"robots\" content=\"max-image-preview:large\" \/>\n\t<meta name=\"author\" content=\"Encontra Bom Retiro\"\/>\n\t<link rel=\"canonical\" href=\"https:\/\/www.encontrabomretiro.com.br\/sobre\/lojas-do-bom-retiro-e-do-bras-fazem-liquidacao-da-colecao-de-inverno\/\" \/>\n\t<meta name=\"generator\" content=\"All in One SEO (AIOSEO) 5.0.0.1\" \/>\n\t\t<meta property=\"og:locale\" content=\"pt_BR\" \/>\n\t\t<meta property=\"og:site_name\" content=\"Encontra Bom Retiro | Not\u00edcias, eventos, informa\u00e7\u00f5es e dicas no bairro do Bom Retiro e regi\u00e3o.\" \/>\n\t\t<meta property=\"og:type\" content=\"article\" \/>\n\t\t<meta property=\"og:title\" content=\"Lojas do Bom Retiro e do Br\u00e1s fazem liquida\u00e7\u00e3o da cole\u00e7\u00e3o de inverno | Encontra Bom Retiro\" \/>\n\t\t<meta property=\"og:description\" content=\"As lojas de com\u00e9rcio do Br\u00e1s e do Bom Retiro, no centro de S\u00e3o Paulo, j\u00e1 est\u00e3o liquidando a cole\u00e7\u00e3o de inverno. Os consumidores podem comprar roupas para usar agora com descontos interessantes. \u201cPromo\u00e7\u00e3o \u00e9 sempre bom\u201d, diz a professora Vera Cotrim. Na Rua Jos\u00e9 Paulino, as liquida\u00e7\u00f5es de inverno surpreenderam muita gente. \u201cA diferen\u00e7a\" \/>\n\t\t<meta property=\"og:url\" content=\"https:\/\/www.encontrabomretiro.com.br\/sobre\/lojas-do-bom-retiro-e-do-bras-fazem-liquidacao-da-colecao-de-inverno\/\" \/>\n\t\t<meta property=\"article:published_time\" content=\"2011-06-30T21:00:38+00:00\" \/>\n\t\t<meta property=\"article:modified_time\" content=\"2019-04-29T20:05:05+00:00\" \/>\n\t\t<meta name=\"twitter:card\" content=\"summary_large_image\" \/>\n\t\t<meta name=\"twitter:title\" content=\"Lojas do Bom Retiro e do Br\u00e1s fazem liquida\u00e7\u00e3o da cole\u00e7\u00e3o de inverno | Encontra Bom Retiro\" \/>\n\t\t<meta name=\"twitter:description\" content=\"As lojas de com\u00e9rcio do Br\u00e1s e do Bom Retiro, no centro de S\u00e3o Paulo, j\u00e1 est\u00e3o liquidando a cole\u00e7\u00e3o de inverno. Os consumidores podem comprar roupas para usar agora com descontos interessantes. \u201cPromo\u00e7\u00e3o \u00e9 sempre bom\u201d, diz a professora Vera Cotrim. Na Rua Jos\u00e9 Paulino, as liquida\u00e7\u00f5es de inverno surpreenderam muita gente. \u201cA diferen\u00e7a\" \/>\n\t\t<script type=\"application\/ld+json\" class=\"aioseo-schema\">\n\t\t\t{\"@context\":\"https:\\\/\\\/schema.org\",\"@graph\":[{\"@type\":\"Article\",\"@id\":\"https:\\\/\\\/www.encontrabomretiro.com.br\\\/sobre\\\/lojas-do-bom-retiro-e-do-bras-fazem-liquidacao-da-colecao-de-inverno\\\/#article\",\"name\":\"Lojas do Bom Retiro e do Br\\u00e1s fazem liquida\\u00e7\\u00e3o da cole\\u00e7\\u00e3o de inverno | Encontra Bom Retiro\",\"headline\":\"Lojas do Bom Retiro e do Br\\u00e1s fazem liquida\\u00e7\\u00e3o da cole\\u00e7\\u00e3o de inverno\",\"author\":{\"@id\":\"https:\\\/\\\/www.encontrabomretiro.com.br\\\/sobre\\\/author\\\/ebomretiro\\\/#author\"},\"publisher\":{\"@id\":\"https:\\\/\\\/www.encontrabomretiro.com.br\\\/sobre\\\/#organization\"},\"datePublished\":\"2011-06-30T19:00:38-02:00\",\"dateModified\":\"2019-04-29T18:05:05-02:00\",\"inLanguage\":\"pt-BR\",\"mainEntityOfPage\":{\"@id\":\"https:\\\/\\\/www.encontrabomretiro.com.br\\\/sobre\\\/lojas-do-bom-retiro-e-do-bras-fazem-liquidacao-da-colecao-de-inverno\\\/#webpage\"},\"isPartOf\":{\"@id\":\"https:\\\/\\\/www.encontrabomretiro.com.br\\\/sobre\\\/lojas-do-bom-retiro-e-do-bras-fazem-liquidacao-da-colecao-de-inverno\\\/#webpage\"},\"articleSection\":\"Not\\u00edcias Bom Retiro, Bom Retiro\"},{\"@type\":\"BreadcrumbList\",\"@id\":\"https:\\\/\\\/www.encontrabomretiro.com.br\\\/sobre\\\/lojas-do-bom-retiro-e-do-bras-fazem-liquidacao-da-colecao-de-inverno\\\/#breadcrumblist\",\"itemListElement\":[{\"@type\":\"ListItem\",\"@id\":\"https:\\\/\\\/www.encontrabomretiro.com.br\\\/sobre#listItem\",\"position\":1,\"name\":\"Dom\\u00e9stica\",\"item\":\"https:\\\/\\\/www.encontrabomretiro.com.br\\\/sobre\",\"nextItem\":{\"@type\":\"ListItem\",\"@id\":\"https:\\\/\\\/www.encontrabomretiro.com.br\\\/sobre\\\/noticias-no-bom-retiro\\\/#listItem\",\"name\":\"Not\\u00edcias Bom Retiro\"}},{\"@type\":\"ListItem\",\"@id\":\"https:\\\/\\\/www.encontrabomretiro.com.br\\\/sobre\\\/noticias-no-bom-retiro\\\/#listItem\",\"position\":2,\"name\":\"Not\\u00edcias Bom Retiro\",\"item\":\"https:\\\/\\\/www.encontrabomretiro.com.br\\\/sobre\\\/noticias-no-bom-retiro\\\/\",\"nextItem\":{\"@type\":\"ListItem\",\"@id\":\"https:\\\/\\\/www.encontrabomretiro.com.br\\\/sobre\\\/lojas-do-bom-retiro-e-do-bras-fazem-liquidacao-da-colecao-de-inverno\\\/#listItem\",\"name\":\"Lojas do Bom Retiro e do Br\\u00e1s fazem liquida\\u00e7\\u00e3o da cole\\u00e7\\u00e3o de inverno\"},\"previousItem\":{\"@type\":\"ListItem\",\"@id\":\"https:\\\/\\\/www.encontrabomretiro.com.br\\\/sobre#listItem\",\"name\":\"Dom\\u00e9stica\"}},{\"@type\":\"ListItem\",\"@id\":\"https:\\\/\\\/www.encontrabomretiro.com.br\\\/sobre\\\/lojas-do-bom-retiro-e-do-bras-fazem-liquidacao-da-colecao-de-inverno\\\/#listItem\",\"position\":3,\"name\":\"Lojas do Bom Retiro e do Br\\u00e1s fazem liquida\\u00e7\\u00e3o da cole\\u00e7\\u00e3o de inverno\",\"previousItem\":{\"@type\":\"ListItem\",\"@id\":\"https:\\\/\\\/www.encontrabomretiro.com.br\\\/sobre\\\/noticias-no-bom-retiro\\\/#listItem\",\"name\":\"Not\\u00edcias Bom Retiro\"}}]},{\"@type\":\"Organization\",\"@id\":\"https:\\\/\\\/www.encontrabomretiro.com.br\\\/sobre\\\/#organization\",\"name\":\"Encontra Bom Retiro\",\"description\":\"Not\\u00edcias, eventos, informa\\u00e7\\u00f5es e dicas no bairro do Bom Retiro e regi\\u00e3o.\",\"url\":\"https:\\\/\\\/www.encontrabomretiro.com.br\\\/sobre\\\/\"},{\"@type\":\"Person\",\"@id\":\"https:\\\/\\\/www.encontrabomretiro.com.br\\\/sobre\\\/author\\\/ebomretiro\\\/#author\",\"url\":\"https:\\\/\\\/www.encontrabomretiro.com.br\\\/sobre\\\/author\\\/ebomretiro\\\/\",\"name\":\"Encontra Bom Retiro\",\"image\":{\"@type\":\"ImageObject\",\"@id\":\"https:\\\/\\\/www.encontrabomretiro.com.br\\\/sobre\\\/lojas-do-bom-retiro-e-do-bras-fazem-liquidacao-da-colecao-de-inverno\\\/#authorImage\",\"url\":\"https:\\\/\\\/secure.gravatar.com\\\/avatar\\\/507340682b8270222e1f208e23198b6ae7e2c6a1033ae84e99bc6bce4f82a387?s=96&d=mm&r=g\",\"width\":96,\"height\":96,\"caption\":\"Encontra Bom Retiro\"}},{\"@type\":\"WebPage\",\"@id\":\"https:\\\/\\\/www.encontrabomretiro.com.br\\\/sobre\\\/lojas-do-bom-retiro-e-do-bras-fazem-liquidacao-da-colecao-de-inverno\\\/#webpage\",\"url\":\"https:\\\/\\\/www.encontrabomretiro.com.br\\\/sobre\\\/lojas-do-bom-retiro-e-do-bras-fazem-liquidacao-da-colecao-de-inverno\\\/\",\"name\":\"Lojas do Bom Retiro e do Br\\u00e1s fazem liquida\\u00e7\\u00e3o da cole\\u00e7\\u00e3o de inverno | Encontra Bom Retiro\",\"description\":\"As lojas de com\\u00e9rcio do Br\\u00e1s e do Bom Retiro, no centro de S\\u00e3o Paulo, j\\u00e1 est\\u00e3o liquidando a cole\\u00e7\\u00e3o de inverno. Os consumidores podem comprar roupas para usar agora com descontos interessantes. \\u201cPromo\\u00e7\\u00e3o \\u00e9 sempre bom\\u201d, diz a professora Vera Cotrim. Na Rua Jos\\u00e9 Paulino, as liquida\\u00e7\\u00f5es de inverno surpreenderam muita gente. \\u201cA diferen\\u00e7a\",\"inLanguage\":\"pt-BR\",\"isPartOf\":{\"@id\":\"https:\\\/\\\/www.encontrabomretiro.com.br\\\/sobre\\\/#website\"},\"breadcrumb\":{\"@id\":\"https:\\\/\\\/www.encontrabomretiro.com.br\\\/sobre\\\/lojas-do-bom-retiro-e-do-bras-fazem-liquidacao-da-colecao-de-inverno\\\/#breadcrumblist\"},\"author\":{\"@id\":\"https:\\\/\\\/www.encontrabomretiro.com.br\\\/sobre\\\/author\\\/ebomretiro\\\/#author\"},\"creator\":{\"@id\":\"https:\\\/\\\/www.encontrabomretiro.com.br\\\/sobre\\\/author\\\/ebomretiro\\\/#author\"},\"datePublished\":\"2011-06-30T19:00:38-02:00\",\"dateModified\":\"2019-04-29T18:05:05-02:00\"},{\"@type\":\"WebSite\",\"@id\":\"https:\\\/\\\/www.encontrabomretiro.com.br\\\/sobre\\\/#website\",\"url\":\"https:\\\/\\\/www.encontrabomretiro.com.br\\\/sobre\\\/\",\"name\":\"Encontra Bom Retiro\",\"description\":\"Not\\u00edcias, eventos, informa\\u00e7\\u00f5es e dicas no bairro do Bom Retiro e regi\\u00e3o.\",\"inLanguage\":\"pt-BR\",\"publisher\":{\"@id\":\"https:\\\/\\\/www.encontrabomretiro.com.br\\\/sobre\\\/#organization\"}}]}\n\t\t<\/script>\n\t\t<!-- All in One SEO -->\n\n","aioseo_head_json":{"title":"Lojas do Bom Retiro e do Br\u00e1s fazem liquida\u00e7\u00e3o da cole\u00e7\u00e3o de inverno | Encontra Bom Retiro","description":"As lojas de com\u00e9rcio do Br\u00e1s e do Bom Retiro, no centro de S\u00e3o Paulo, j\u00e1 est\u00e3o liquidando a cole\u00e7\u00e3o de inverno. Os consumidores podem comprar roupas para usar agora com descontos interessantes. \u201cPromo\u00e7\u00e3o \u00e9 sempre bom\u201d, diz a professora Vera Cotrim. Na Rua Jos\u00e9 Paulino, as liquida\u00e7\u00f5es de inverno surpreenderam muita gente. \u201cA diferen\u00e7a","canonical_url":"https:\/\/www.encontrabomretiro.com.br\/sobre\/lojas-do-bom-retiro-e-do-bras-fazem-liquidacao-da-colecao-de-inverno\/","robots":"max-image-preview:large","keywords":"","webmasterTools":{"miscellaneous":""},"schema":{"@context":"https:\/\/schema.org","@graph":[{"@type":"Article","@id":"https:\/\/www.encontrabomretiro.com.br\/sobre\/lojas-do-bom-retiro-e-do-bras-fazem-liquidacao-da-colecao-de-inverno\/#article","name":"Lojas do Bom Retiro e do Br\u00e1s fazem liquida\u00e7\u00e3o da cole\u00e7\u00e3o de inverno | Encontra Bom Retiro","headline":"Lojas do Bom Retiro e do Br\u00e1s fazem liquida\u00e7\u00e3o da cole\u00e7\u00e3o de inverno","author":{"@id":"https:\/\/www.encontrabomretiro.com.br\/sobre\/author\/ebomretiro\/#author"},"publisher":{"@id":"https:\/\/www.encontrabomretiro.com.br\/sobre\/#organization"},"datePublished":"2011-06-30T19:00:38-02:00","dateModified":"2019-04-29T18:05:05-02:00","inLanguage":"pt-BR","mainEntityOfPage":{"@id":"https:\/\/www.encontrabomretiro.com.br\/sobre\/lojas-do-bom-retiro-e-do-bras-fazem-liquidacao-da-colecao-de-inverno\/#webpage"},"isPartOf":{"@id":"https:\/\/www.encontrabomretiro.com.br\/sobre\/lojas-do-bom-retiro-e-do-bras-fazem-liquidacao-da-colecao-de-inverno\/#webpage"},"articleSection":"Not\u00edcias Bom Retiro, Bom Retiro"},{"@type":"BreadcrumbList","@id":"https:\/\/www.encontrabomretiro.com.br\/sobre\/lojas-do-bom-retiro-e-do-bras-fazem-liquidacao-da-colecao-de-inverno\/#breadcrumblist","itemListElement":[{"@type":"ListItem","@id":"https:\/\/www.encontrabomretiro.com.br\/sobre#listItem","position":1,"name":"Dom\u00e9stica","item":"https:\/\/www.encontrabomretiro.com.br\/sobre","nextItem":{"@type":"ListItem","@id":"https:\/\/www.encontrabomretiro.com.br\/sobre\/noticias-no-bom-retiro\/#listItem","name":"Not\u00edcias Bom Retiro"}},{"@type":"ListItem","@id":"https:\/\/www.encontrabomretiro.com.br\/sobre\/noticias-no-bom-retiro\/#listItem","position":2,"name":"Not\u00edcias Bom Retiro","item":"https:\/\/www.encontrabomretiro.com.br\/sobre\/noticias-no-bom-retiro\/","nextItem":{"@type":"ListItem","@id":"https:\/\/www.encontrabomretiro.com.br\/sobre\/lojas-do-bom-retiro-e-do-bras-fazem-liquidacao-da-colecao-de-inverno\/#listItem","name":"Lojas do Bom Retiro e do Br\u00e1s fazem liquida\u00e7\u00e3o da cole\u00e7\u00e3o de inverno"},"previousItem":{"@type":"ListItem","@id":"https:\/\/www.encontrabomretiro.com.br\/sobre#listItem","name":"Dom\u00e9stica"}},{"@type":"ListItem","@id":"https:\/\/www.encontrabomretiro.com.br\/sobre\/lojas-do-bom-retiro-e-do-bras-fazem-liquidacao-da-colecao-de-inverno\/#listItem","position":3,"name":"Lojas do Bom Retiro e do Br\u00e1s fazem liquida\u00e7\u00e3o da cole\u00e7\u00e3o de inverno","previousItem":{"@type":"ListItem","@id":"https:\/\/www.encontrabomretiro.com.br\/sobre\/noticias-no-bom-retiro\/#listItem","name":"Not\u00edcias Bom Retiro"}}]},{"@type":"Organization","@id":"https:\/\/www.encontrabomretiro.com.br\/sobre\/#organization","name":"Encontra Bom Retiro","description":"Not\u00edcias, eventos, informa\u00e7\u00f5es e dicas no bairro do Bom Retiro e regi\u00e3o.","url":"https:\/\/www.encontrabomretiro.com.br\/sobre\/"},{"@type":"Person","@id":"https:\/\/www.encontrabomretiro.com.br\/sobre\/author\/ebomretiro\/#author","url":"https:\/\/www.encontrabomretiro.com.br\/sobre\/author\/ebomretiro\/","name":"Encontra Bom Retiro","image":{"@type":"ImageObject","@id":"https:\/\/www.encontrabomretiro.com.br\/sobre\/lojas-do-bom-retiro-e-do-bras-fazem-liquidacao-da-colecao-de-inverno\/#authorImage","url":"https:\/\/secure.gravatar.com\/avatar\/507340682b8270222e1f208e23198b6ae7e2c6a1033ae84e99bc6bce4f82a387?s=96&d=mm&r=g","width":96,"height":96,"caption":"Encontra Bom Retiro"}},{"@type":"WebPage","@id":"https:\/\/www.encontrabomretiro.com.br\/sobre\/lojas-do-bom-retiro-e-do-bras-fazem-liquidacao-da-colecao-de-inverno\/#webpage","url":"https:\/\/www.encontrabomretiro.com.br\/sobre\/lojas-do-bom-retiro-e-do-bras-fazem-liquidacao-da-colecao-de-inverno\/","name":"Lojas do Bom Retiro e do Br\u00e1s fazem liquida\u00e7\u00e3o da cole\u00e7\u00e3o de inverno | Encontra Bom Retiro","description":"As lojas de com\u00e9rcio do Br\u00e1s e do Bom Retiro, no centro de S\u00e3o Paulo, j\u00e1 est\u00e3o liquidando a cole\u00e7\u00e3o de inverno. Os consumidores podem comprar roupas para usar agora com descontos interessantes. \u201cPromo\u00e7\u00e3o \u00e9 sempre bom\u201d, diz a professora Vera Cotrim. Na Rua Jos\u00e9 Paulino, as liquida\u00e7\u00f5es de inverno surpreenderam muita gente. \u201cA diferen\u00e7a","inLanguage":"pt-BR","isPartOf":{"@id":"https:\/\/www.encontrabomretiro.com.br\/sobre\/#website"},"breadcrumb":{"@id":"https:\/\/www.encontrabomretiro.com.br\/sobre\/lojas-do-bom-retiro-e-do-bras-fazem-liquidacao-da-colecao-de-inverno\/#breadcrumblist"},"author":{"@id":"https:\/\/www.encontrabomretiro.com.br\/sobre\/author\/ebomretiro\/#author"},"creator":{"@id":"https:\/\/www.encontrabomretiro.com.br\/sobre\/author\/ebomretiro\/#author"},"datePublished":"2011-06-30T19:00:38-02:00","dateModified":"2019-04-29T18:05:05-02:00"},{"@type":"WebSite","@id":"https:\/\/www.encontrabomretiro.com.br\/sobre\/#website","url":"https:\/\/www.encontrabomretiro.com.br\/sobre\/","name":"Encontra Bom Retiro","description":"Not\u00edcias, eventos, informa\u00e7\u00f5es e dicas no bairro do Bom Retiro e regi\u00e3o.","inLanguage":"pt-BR","publisher":{"@id":"https:\/\/www.encontrabomretiro.com.br\/sobre\/#organization"}}]},"og:locale":"pt_BR","og:site_name":"Encontra Bom Retiro | Not\u00edcias, eventos, informa\u00e7\u00f5es e dicas no bairro do Bom Retiro e regi\u00e3o.","og:type":"article","og:title":"Lojas do Bom Retiro e do Br\u00e1s fazem liquida\u00e7\u00e3o da cole\u00e7\u00e3o de inverno | Encontra Bom Retiro","og:description":"As lojas de com\u00e9rcio do Br\u00e1s e do Bom Retiro, no centro de S\u00e3o Paulo, j\u00e1 est\u00e3o liquidando a cole\u00e7\u00e3o de inverno. Os consumidores podem comprar roupas para usar agora com descontos interessantes. \u201cPromo\u00e7\u00e3o \u00e9 sempre bom\u201d, diz a professora Vera Cotrim. Na Rua Jos\u00e9 Paulino, as liquida\u00e7\u00f5es de inverno surpreenderam muita gente. \u201cA diferen\u00e7a","og:url":"https:\/\/www.encontrabomretiro.com.br\/sobre\/lojas-do-bom-retiro-e-do-bras-fazem-liquidacao-da-colecao-de-inverno\/","article:published_time":"2011-06-30T21:00:38+00:00","article:modified_time":"2019-04-29T20:05:05+00:00","twitter:card":"summary_large_image","twitter:title":"Lojas do Bom Retiro e do Br\u00e1s fazem liquida\u00e7\u00e3o da cole\u00e7\u00e3o de inverno | Encontra Bom Retiro","twitter:description":"As lojas de com\u00e9rcio do Br\u00e1s e do Bom Retiro, no centro de S\u00e3o Paulo, j\u00e1 est\u00e3o liquidando a cole\u00e7\u00e3o de inverno. Os consumidores podem comprar roupas para usar agora com descontos interessantes. \u201cPromo\u00e7\u00e3o \u00e9 sempre bom\u201d, diz a professora Vera Cotrim. Na Rua Jos\u00e9 Paulino, as liquida\u00e7\u00f5es de inverno surpreenderam muita gente. \u201cA diferen\u00e7a"},"aioseo_meta_data":{"post_id":"235","title":null,"description":null,"keywords":null,"keyphrases":null,"primary_term":null,"canonical_url":null,"og_title":null,"og_description":null,"og_object_type":"default","og_image_type":"default","og_image_url":null,"og_image_width":null,"og_image_height":null,"og_image_custom_url":null,"og_image_custom_fields":null,"og_video":null,"og_custom_url":null,"og_article_section":null,"og_article_tags":null,"twitter_use_og":false,"twitter_card":"default","twitter_image_type":"default","twitter_image_url":null,"twitter_image_custom_url":null,"twitter_image_custom_fields":null,"twitter_title":null,"twitter_description":null,"schema":{"blockGraphs":[],"customGraphs":[],"default":{"data":{"Article":[],"Course":[],"Dataset":[],"FAQPage":[],"Movie":[],"Person":[],"Product":[],"ProductReview":[],"Car":[],"Recipe":[],"Service":[],"SoftwareApplication":[],"WebPage":[]},"graphName":"","isEnabled":true},"graphs":[]},"schema_type":"default","schema_type_options":null,"pillar_content":false,"robots_default":true,"robots_noindex":false,"robots_noarchive":false,"robots_nosnippet":false,"robots_nofollow":false,"robots_noimageindex":false,"robots_noodp":false,"robots_notranslate":false,"robots_max_snippet":null,"robots_max_videopreview":null,"robots_max_imagepreview":"large","priority":null,"frequency":null,"local_seo":null,"breadcrumb_settings":null,"limit_modified_date":false,"ai":null,"created":"2023-10-16 13:05:38","updated":"2025-10-03 13:33:55","focus_keyword":null,"additional_keywords":null,"truseo_locale":null,"seo_analyzer_scan_date":null},"aioseo_breadcrumb":"<div class=\"aioseo-breadcrumbs\"><span class=\"aioseo-breadcrumb\">\n\t\t\t<a href=\"https:\/\/www.encontrabomretiro.com.br\/sobre\" title=\"Dom\u00e9stica\">Dom\u00e9stica<\/a>\n\t\t<\/span><span class=\"aioseo-breadcrumb-separator\">&raquo;<\/span><span class=\"aioseo-breadcrumb\">\n\t\t\t<a href=\"https:\/\/www.encontrabomretiro.com.br\/sobre\/noticias-no-bom-retiro\/\" title=\"Not\u00edcias Bom Retiro\">Not\u00edcias Bom Retiro<\/a>\n\t\t<\/span><span class=\"aioseo-breadcrumb-separator\">&raquo;<\/span><span class=\"aioseo-breadcrumb\">\n\t\t\tLojas do Bom Retiro e do Br\u00e1s fazem liquida\u00e7\u00e3o da cole\u00e7\u00e3o de inverno\n\t\t<\/span><\/div>","aioseo_breadcrumb_json":[{"label":"Dom\u00e9stica","link":"https:\/\/www.encontrabomretiro.com.br\/sobre"},{"label":"Not\u00edcias Bom Retiro","link":"https:\/\/www.encontrabomretiro.com.br\/sobre\/noticias-no-bom-retiro\/"},{"label":"Lojas do Bom Retiro e do Br\u00e1s fazem liquida\u00e7\u00e3o da cole\u00e7\u00e3o de inverno","link":"https:\/\/www.encontrabomretiro.com.br\/sobre\/lojas-do-bom-retiro-e-do-bras-fazem-liquidacao-da-colecao-de-inverno\/"}],"_links":{"self":[{"href":"https:\/\/www.encontrabomretiro.com.br\/sobre\/wp-json\/wp\/v2\/posts\/235","targetHints":{"allow":["GET"]}}],"collection":[{"href":"https:\/\/www.encontrabomretiro.com.br\/sobre\/wp-json\/wp\/v2\/posts"}],"about":[{"href":"https:\/\/www.encontrabomretiro.com.br\/sobre\/wp-json\/wp\/v2\/types\/post"}],"author":[{"embeddable":true,"href":"https:\/\/www.encontrabomretiro.com.br\/sobre\/wp-json\/wp\/v2\/users\/1"}],"replies":[{"embeddable":true,"href":"https:\/\/www.encontrabomretiro.com.br\/sobre\/wp-json\/wp\/v2\/comments?post=235"}],"version-history":[{"count":0,"href":"https:\/\/www.encontrabomretiro.com.br\/sobre\/wp-json\/wp\/v2\/posts\/235\/revisions"}],"wp:attachment":[{"href":"https:\/\/www.encontrabomretiro.com.br\/sobre\/wp-json\/wp\/v2\/media?parent=235"}],"wp:term":[{"taxonomy":"category","embeddable":true,"href":"https:\/\/www.encontrabomretiro.com.br\/sobre\/wp-json\/wp\/v2\/categories?post=235"},{"taxonomy":"post_tag","embeddable":true,"href":"https:\/\/www.encontrabomretiro.com.br\/sobre\/wp-json\/wp\/v2\/tags?post=235"}],"curies":[{"name":"wp","href":"https:\/\/api.w.org\/{rel}","templated":true}]}}