{"id":2345,"date":"2026-01-26T10:09:56","date_gmt":"2026-01-26T12:09:56","guid":{"rendered":"https:\/\/www.encontrabomretiro.com.br\/sobre\/aniversario-de-sao-paulo-tera-festival-com-sabores-dos-bairros\/"},"modified":"2026-01-26T10:09:56","modified_gmt":"2026-01-26T12:09:56","slug":"aniversario-de-sao-paulo-tera-festival-com-sabores-dos-bairros","status":"publish","type":"post","link":"https:\/\/www.encontrabomretiro.com.br\/sobre\/aniversario-de-sao-paulo-tera-festival-com-sabores-dos-bairros\/","title":{"rendered":"Anivers\u00e1rio de S\u00e3o Paulo ter\u00e1 festival com sabores dos bairros"},"content":{"rendered":"<div class=\"228b65ae207de3c5c501cfe75875708b\" data-index=\"1\" style=\"float: none; margin:0px;\">\n<!-- Anuncio display - global -->\r\n<ins class=\"adsbygoogle\"\r\n     style=\"display:block\"\r\n     data-ad-client=\"ca-pub-8585364105181520\"\r\n     data-ad-slot=\"8789329856\"\r\n     data-ad-format=\"auto\"\r\n     data-full-width-responsive=\"true\"><\/ins>\r\n<script>\r\n     (adsbygoogle = window.adsbygoogle || []).push({});\r\n<\/script>\n<\/div>\n<h2>O que esperar do festival de sabores<\/h2>\n<p>Em comemora\u00e7\u00e3o ao anivers\u00e1rio da cidade de S\u00e3o Paulo, ser\u00e1 realizado o festival <strong>Sabores dos Bairros<\/strong>, uma verdadeira festa gastron\u00f4mica que ir\u00e1 permitir aos visitantes explorar a rica diversidade cultural da maior metr\u00f3pole da Am\u00e9rica Latina. Este evento, que acontecer\u00e1 nos dias 24 e 25 de janeiro, promete ser uma experi\u00eancia \u00fanica onde a culin\u00e1ria ser\u00e1 a protagonista, destacando pratos t\u00edpicos das diversas regi\u00f5es da cidade.<\/p>\n<h2>Gastronomia e identidade cultural em foco<\/h2>\n<p>A import\u00e2ncia deste festival vai al\u00e9m da simples degusta\u00e7\u00e3o. Ele representa uma celebra\u00e7\u00e3o da identidade paulistana, ressaltando como a culin\u00e1ria est\u00e1 intimamente ligada \u00e0s ra\u00edzes hist\u00f3ricas e culturais dos bairros de S\u00e3o Paulo. Ao reunir mais de 50 expositores, o evento \u00e9 uma vitrine do que h\u00e1 de melhor na gastronomia local, permitindo que os participantes se aprofundem na cultura de cada regi\u00e3o.<\/p>\n<h2>Os pratos que n\u00e3o podem faltar<\/h2>\n<p>O <strong>Sabores dos Bairros<\/strong> apresentar\u00e1 uma variedade de pratos que fazem parte do cotidiano dos paulistanos. Alguns dos destaques incluem:<\/p>\n<p><img decoding=\"async\" src=\"https:\/\/www.encontrabomretiro.com.br\/sobre\/wp-content\/uploads\/2026\/01\/aniversario-de-sao-paulo-tera-festival-com-sabores-dos-bairros.webp\" alt=\"anivers\u00e1rio de S\u00e3o Paulo\" loading=\"lazy\" \/><\/p>\n<ul>\n<li><strong>Liberdade:<\/strong> O bairro, conhecido por ser a maior comunidade japonesa fora do Jap\u00e3o, trar\u00e1 iguarias japonesas como <em>yakisoba<\/em>, <em>takoyaki<\/em> e <em>mochi<\/em>.<\/li>\n<li><strong>Centro:<\/strong> Representando a comida de rua, os visitantes poder\u00e3o saborear o famoso <em>lanche de mortadela<\/em>, <em>pastel<\/em> e <em>hamb\u00farguer<\/em>.<\/li>\n<li><strong>Bom Retiro:<\/strong> Um ponto de mistura cultural, com del\u00edcias como <em>tteokbokki<\/em>, <em>corn dog<\/em> e <em>bulgogi<\/em>.<\/li>\n<li><strong>Mooca:<\/strong> Conhecida pela sua tradi\u00e7\u00e3o italiana, o p\u00fablico encontrar\u00e1 <em>pizza<\/em>, <em>schiacciata<\/em> e <em>cannoli<\/em>.<\/li>\n<li><strong>Br\u00e1s:<\/strong> Com forte influ\u00eancia \u00e1rabe, os pratos como <em>shawarma<\/em>, <em>quibe<\/em> e <em>busa \u00e1rabe<\/em> ser\u00e3o representados.<\/li>\n<li><strong>Santa Cec\u00edlia:<\/strong> Aqui, a diversidade latino-americana ser\u00e1 exibida com pratos como <em>bai\u00e3o de dois<\/em>, <em>torresmo<\/em> e <em>pupusa<\/em> de El Salvador.<\/li>\n<\/ul>\n<h2>Espa\u00e7o dedicado \u00e0 m\u00fasica e entretenimento<\/h2>\n<p>Al\u00e9m da gastronomia, o evento promete uma programa\u00e7\u00e3o musical diversificada. Haver\u00e1 apresenta\u00e7\u00f5es de diferentes estilos, incluindo <strong>forr\u00f3 p\u00e9-de-serra<\/strong>, <strong>samba<\/strong> e <strong>pop-rock<\/strong>. Grupos locais como o <strong>Samba do Tatu<\/strong> e a banda <strong>K&#8217;NOA<\/strong> de forreggae, garantir\u00e3o uma trilha sonora animada para o evento.<\/p>\n<h2>Acessibilidade e entrada gratuita no evento<\/h2>\n<p>Um dos grandes atrativos do <strong>Sabores dos Bairros<\/strong> \u00e9 a entrada franca, permitindo que todos tenham acesso a essa rica experi\u00eancia cultural e gastron\u00f4mica, sem barreiras financeiras. A organiza\u00e7\u00e3o do evento tamb\u00e9m se preocupa com a acessibilidade, garantindo que pessoas com defici\u00eancia possam desfrutar das atividades oferecidas.<\/p>\n<h2>Bairros representados e suas del\u00edcias<\/h2>\n<p>A festa \u00e9 uma oportunidade para que os visitantes aprendam sobre as caracter\u00edsticas culin\u00e1rias e culturais dos bairros participantes. Cada espa\u00e7o de exposi\u00e7\u00e3o foi concebido para criar uma imers\u00e3o nos sabores locais, onde \u00e9 poss\u00edvel entender um pouco mais sobre a hist\u00f3ria e a influ\u00eancia que cada cultura trouxe para a cidade.<\/p>\n<h2>Atividades para toda a fam\u00edlia<\/h2>\n<p>O festival n\u00e3o \u00e9 apenas uma experi\u00eancia gastron\u00f4mica, mas tamb\u00e9m um evento familiar. Al\u00e9m dos pratos t\u00edpicos, haver\u00e1 atividades para crian\u00e7as e adultos, criando um espa\u00e7o de lazer e entretenimento para todas as idades. As crian\u00e7as poder\u00e3o se divertir em \u00e1reas com brinquedos e atra\u00e7\u00f5es, enquanto os adultos exploram as del\u00edcias gastron\u00f4micas.<\/p>\n<h2>Hist\u00f3rias de chefs e suas inspira\u00e7\u00f5es<\/h2>\n<p>Os chefs que estar\u00e3o presentes no evento n\u00e3o s\u00e3o apenas cozinheiros, mas narradores de hist\u00f3rias. Cada prato que ser\u00e1 servido carrega consigo a verdade das tradi\u00e7\u00f5es familiares, das influ\u00eancias culturais e das viagens de vida dos chefs. O festival ser\u00e1 uma plataforma para que esses profissionais compartilhem suas inspira\u00e7\u00f5es e o que os motiva a criar receitas que representam a rica tape\u00e7aria cultural de S\u00e3o Paulo.<\/p>\n<h2>Como o festival celebra a diversidade<\/h2>\n<p>O <strong>Sabores dos Bairros<\/strong> n\u00e3o \u00e9 apenas sobre comida, mas sobre a celebra\u00e7\u00e3o da diversidade que S\u00e3o Paulo representa. O evento mostrar\u00e1 como a cidade \u00e9 um caldeir\u00e3o de culturas, tradi\u00e7\u00f5es e sabores que se entrela\u00e7am. Atrav\u00e9s dos pratos, os visitantes poder\u00e3o explorar as influ\u00eancias de diferentes comunidades e como elas se manifestam de maneira \u00fanica na gastronomia local.<\/p>\n<h2>Dicas para aproveitar ao m\u00e1ximo o evento<\/h2>\n<p>Para que os visitantes usufruam ao m\u00e1ximo do <strong>Sabores dos Bairros<\/strong>, algumas dicas podem ajudar:<\/p>\n<ul>\n<li><strong>Chegue cedo:<\/strong> Para evitar filas e garantir a oportunidade de experimentar todas as del\u00edcias oferecidas.<\/li>\n<li><strong>Prove um pouco de tudo:<\/strong> N\u00e3o hesite em experimentar pratos de diferentes expositores para ter uma vis\u00e3o ampla da diversidade gastron\u00f4mica.<\/li>\n<li><strong>Participe das atividades:<\/strong> Aproveite a programa\u00e7\u00e3o musical e as atividades infantis. Isso enriquecer\u00e1 sua experi\u00eancia no festival.<\/li>\n<li><strong>Interaja com os chefs:<\/strong> Aproveite a oportunidade para conversar com os chefs, entender suas inspira\u00e7\u00f5es e at\u00e9 aprender algumas dicas de culin\u00e1ria.<\/li>\n<li><strong>Compartilhe suas experi\u00eancias:<\/strong> Utilize as redes sociais para compartilhar fotos e relatos do evento, promovendo a diversidade paulistana.<\/li>\n<\/ul>\n\n<div style=\"font-size: 0px; height: 0px; line-height: 0px; margin: 0; padding: 0; clear: both;\"><\/div>","protected":false},"excerpt":{"rendered":"<p>Festival de sabores em S\u00e3o Paulo promete encantar com suas del\u00edcias e cultura.<\/p>\n","protected":false},"author":1,"featured_media":2344,"comment_status":"open","ping_status":"closed","sticky":false,"template":"","format":"standard","meta":{"footnotes":""},"categories":[6],"tags":[],"class_list":["post-2345","post","type-post","status-publish","format-standard","has-post-thumbnail","hentry","category-noticias-no-bom-retiro","has_thumb"],"aioseo_notices":[],"aioseo_head":"\n\t\t<!-- All in One SEO 5.0.0.1 - aioseo.com -->\n\t<meta name=\"description\" content=\"Festival de sabores em S\u00e3o Paulo promete encantar com suas del\u00edcias e cultura.\" \/>\n\t<meta name=\"robots\" content=\"max-image-preview:large\" \/>\n\t<meta name=\"author\" content=\"Encontra Bom Retiro\"\/>\n\t<link rel=\"canonical\" href=\"https:\/\/www.encontrabomretiro.com.br\/sobre\/aniversario-de-sao-paulo-tera-festival-com-sabores-dos-bairros\/\" \/>\n\t<meta name=\"generator\" content=\"All in One SEO (AIOSEO) 5.0.0.1\" \/>\n\t\t<meta property=\"og:locale\" content=\"pt_BR\" \/>\n\t\t<meta property=\"og:site_name\" content=\"Encontra Bom Retiro | Not\u00edcias, eventos, informa\u00e7\u00f5es e dicas no bairro do Bom Retiro e regi\u00e3o.\" \/>\n\t\t<meta property=\"og:type\" content=\"article\" \/>\n\t\t<meta property=\"og:title\" content=\"Anivers\u00e1rio de S\u00e3o Paulo ter\u00e1 festival com sabores dos bairros | Encontra Bom Retiro\" \/>\n\t\t<meta property=\"og:description\" content=\"Festival de sabores em S\u00e3o Paulo promete encantar com suas del\u00edcias e cultura.\" \/>\n\t\t<meta property=\"og:url\" content=\"https:\/\/www.encontrabomretiro.com.br\/sobre\/aniversario-de-sao-paulo-tera-festival-com-sabores-dos-bairros\/\" \/>\n\t\t<meta property=\"article:published_time\" content=\"2026-01-26T12:09:56+00:00\" \/>\n\t\t<meta property=\"article:modified_time\" content=\"2026-01-26T12:09:56+00:00\" \/>\n\t\t<meta name=\"twitter:card\" content=\"summary_large_image\" \/>\n\t\t<meta name=\"twitter:title\" content=\"Anivers\u00e1rio de S\u00e3o Paulo ter\u00e1 festival com sabores dos bairros | Encontra Bom Retiro\" \/>\n\t\t<meta name=\"twitter:description\" content=\"Festival de sabores em S\u00e3o Paulo promete encantar com suas del\u00edcias e cultura.\" \/>\n\t\t<script type=\"application\/ld+json\" class=\"aioseo-schema\">\n\t\t\t{\"@context\":\"https:\\\/\\\/schema.org\",\"@graph\":[{\"@type\":\"Article\",\"@id\":\"https:\\\/\\\/www.encontrabomretiro.com.br\\\/sobre\\\/aniversario-de-sao-paulo-tera-festival-com-sabores-dos-bairros\\\/#article\",\"name\":\"Anivers\\u00e1rio de S\\u00e3o Paulo ter\\u00e1 festival com sabores dos bairros | Encontra Bom Retiro\",\"headline\":\"Anivers\\u00e1rio de S\\u00e3o Paulo ter\\u00e1 festival com sabores dos bairros\",\"author\":{\"@id\":\"https:\\\/\\\/www.encontrabomretiro.com.br\\\/sobre\\\/author\\\/ebomretiro\\\/#author\"},\"publisher\":{\"@id\":\"https:\\\/\\\/www.encontrabomretiro.com.br\\\/sobre\\\/#organization\"},\"image\":{\"@type\":\"ImageObject\",\"url\":\"https:\\\/\\\/www.encontrabomretiro.com.br\\\/sobre\\\/wp-content\\\/uploads\\\/2026\\\/01\\\/aniversario-de-sao-paulo-tera-festival-com-sabores-dos-bairros.webp\",\"width\":280,\"height\":280,\"caption\":\"anivers\\u00e1rio de S\\u00e3o Paulo\"},\"datePublished\":\"2026-01-26T10:09:56-02:00\",\"dateModified\":\"2026-01-26T10:09:56-02:00\",\"inLanguage\":\"pt-BR\",\"mainEntityOfPage\":{\"@id\":\"https:\\\/\\\/www.encontrabomretiro.com.br\\\/sobre\\\/aniversario-de-sao-paulo-tera-festival-com-sabores-dos-bairros\\\/#webpage\"},\"isPartOf\":{\"@id\":\"https:\\\/\\\/www.encontrabomretiro.com.br\\\/sobre\\\/aniversario-de-sao-paulo-tera-festival-com-sabores-dos-bairros\\\/#webpage\"},\"articleSection\":\"Not\\u00edcias Bom Retiro\"},{\"@type\":\"BreadcrumbList\",\"@id\":\"https:\\\/\\\/www.encontrabomretiro.com.br\\\/sobre\\\/aniversario-de-sao-paulo-tera-festival-com-sabores-dos-bairros\\\/#breadcrumblist\",\"itemListElement\":[{\"@type\":\"ListItem\",\"@id\":\"https:\\\/\\\/www.encontrabomretiro.com.br\\\/sobre#listItem\",\"position\":1,\"name\":\"Dom\\u00e9stica\",\"item\":\"https:\\\/\\\/www.encontrabomretiro.com.br\\\/sobre\",\"nextItem\":{\"@type\":\"ListItem\",\"@id\":\"https:\\\/\\\/www.encontrabomretiro.com.br\\\/sobre\\\/noticias-no-bom-retiro\\\/#listItem\",\"name\":\"Not\\u00edcias Bom Retiro\"}},{\"@type\":\"ListItem\",\"@id\":\"https:\\\/\\\/www.encontrabomretiro.com.br\\\/sobre\\\/noticias-no-bom-retiro\\\/#listItem\",\"position\":2,\"name\":\"Not\\u00edcias Bom Retiro\",\"item\":\"https:\\\/\\\/www.encontrabomretiro.com.br\\\/sobre\\\/noticias-no-bom-retiro\\\/\",\"nextItem\":{\"@type\":\"ListItem\",\"@id\":\"https:\\\/\\\/www.encontrabomretiro.com.br\\\/sobre\\\/aniversario-de-sao-paulo-tera-festival-com-sabores-dos-bairros\\\/#listItem\",\"name\":\"Anivers\\u00e1rio de S\\u00e3o Paulo ter\\u00e1 festival com sabores dos bairros\"},\"previousItem\":{\"@type\":\"ListItem\",\"@id\":\"https:\\\/\\\/www.encontrabomretiro.com.br\\\/sobre#listItem\",\"name\":\"Dom\\u00e9stica\"}},{\"@type\":\"ListItem\",\"@id\":\"https:\\\/\\\/www.encontrabomretiro.com.br\\\/sobre\\\/aniversario-de-sao-paulo-tera-festival-com-sabores-dos-bairros\\\/#listItem\",\"position\":3,\"name\":\"Anivers\\u00e1rio de S\\u00e3o Paulo ter\\u00e1 festival com sabores dos bairros\",\"previousItem\":{\"@type\":\"ListItem\",\"@id\":\"https:\\\/\\\/www.encontrabomretiro.com.br\\\/sobre\\\/noticias-no-bom-retiro\\\/#listItem\",\"name\":\"Not\\u00edcias Bom Retiro\"}}]},{\"@type\":\"Organization\",\"@id\":\"https:\\\/\\\/www.encontrabomretiro.com.br\\\/sobre\\\/#organization\",\"name\":\"Encontra Bom Retiro\",\"description\":\"Not\\u00edcias, eventos, informa\\u00e7\\u00f5es e dicas no bairro do Bom Retiro e regi\\u00e3o.\",\"url\":\"https:\\\/\\\/www.encontrabomretiro.com.br\\\/sobre\\\/\"},{\"@type\":\"Person\",\"@id\":\"https:\\\/\\\/www.encontrabomretiro.com.br\\\/sobre\\\/author\\\/ebomretiro\\\/#author\",\"url\":\"https:\\\/\\\/www.encontrabomretiro.com.br\\\/sobre\\\/author\\\/ebomretiro\\\/\",\"name\":\"Encontra Bom Retiro\",\"image\":{\"@type\":\"ImageObject\",\"@id\":\"https:\\\/\\\/www.encontrabomretiro.com.br\\\/sobre\\\/aniversario-de-sao-paulo-tera-festival-com-sabores-dos-bairros\\\/#authorImage\",\"url\":\"https:\\\/\\\/secure.gravatar.com\\\/avatar\\\/507340682b8270222e1f208e23198b6ae7e2c6a1033ae84e99bc6bce4f82a387?s=96&d=mm&r=g\",\"width\":96,\"height\":96,\"caption\":\"Encontra Bom Retiro\"}},{\"@type\":\"WebPage\",\"@id\":\"https:\\\/\\\/www.encontrabomretiro.com.br\\\/sobre\\\/aniversario-de-sao-paulo-tera-festival-com-sabores-dos-bairros\\\/#webpage\",\"url\":\"https:\\\/\\\/www.encontrabomretiro.com.br\\\/sobre\\\/aniversario-de-sao-paulo-tera-festival-com-sabores-dos-bairros\\\/\",\"name\":\"Anivers\\u00e1rio de S\\u00e3o Paulo ter\\u00e1 festival com sabores dos bairros | Encontra Bom Retiro\",\"description\":\"Festival de sabores em S\\u00e3o Paulo promete encantar com suas del\\u00edcias e cultura.\",\"inLanguage\":\"pt-BR\",\"isPartOf\":{\"@id\":\"https:\\\/\\\/www.encontrabomretiro.com.br\\\/sobre\\\/#website\"},\"breadcrumb\":{\"@id\":\"https:\\\/\\\/www.encontrabomretiro.com.br\\\/sobre\\\/aniversario-de-sao-paulo-tera-festival-com-sabores-dos-bairros\\\/#breadcrumblist\"},\"author\":{\"@id\":\"https:\\\/\\\/www.encontrabomretiro.com.br\\\/sobre\\\/author\\\/ebomretiro\\\/#author\"},\"creator\":{\"@id\":\"https:\\\/\\\/www.encontrabomretiro.com.br\\\/sobre\\\/author\\\/ebomretiro\\\/#author\"},\"image\":{\"@type\":\"ImageObject\",\"url\":\"https:\\\/\\\/www.encontrabomretiro.com.br\\\/sobre\\\/wp-content\\\/uploads\\\/2026\\\/01\\\/aniversario-de-sao-paulo-tera-festival-com-sabores-dos-bairros.webp\",\"@id\":\"https:\\\/\\\/www.encontrabomretiro.com.br\\\/sobre\\\/aniversario-de-sao-paulo-tera-festival-com-sabores-dos-bairros\\\/#mainImage\",\"width\":280,\"height\":280,\"caption\":\"anivers\\u00e1rio de S\\u00e3o Paulo\"},\"primaryImageOfPage\":{\"@id\":\"https:\\\/\\\/www.encontrabomretiro.com.br\\\/sobre\\\/aniversario-de-sao-paulo-tera-festival-com-sabores-dos-bairros\\\/#mainImage\"},\"datePublished\":\"2026-01-26T10:09:56-02:00\",\"dateModified\":\"2026-01-26T10:09:56-02:00\"},{\"@type\":\"WebSite\",\"@id\":\"https:\\\/\\\/www.encontrabomretiro.com.br\\\/sobre\\\/#website\",\"url\":\"https:\\\/\\\/www.encontrabomretiro.com.br\\\/sobre\\\/\",\"name\":\"Encontra Bom Retiro\",\"description\":\"Not\\u00edcias, eventos, informa\\u00e7\\u00f5es e dicas no bairro do Bom Retiro e regi\\u00e3o.\",\"inLanguage\":\"pt-BR\",\"publisher\":{\"@id\":\"https:\\\/\\\/www.encontrabomretiro.com.br\\\/sobre\\\/#organization\"}}]}\n\t\t<\/script>\n\t\t<!-- All in One SEO -->\n\n","aioseo_head_json":{"title":"Anivers\u00e1rio de S\u00e3o Paulo ter\u00e1 festival com sabores dos bairros | Encontra Bom Retiro","description":"Festival de sabores em S\u00e3o Paulo promete encantar com suas del\u00edcias e cultura.","canonical_url":"https:\/\/www.encontrabomretiro.com.br\/sobre\/aniversario-de-sao-paulo-tera-festival-com-sabores-dos-bairros\/","robots":"max-image-preview:large","keywords":"","webmasterTools":{"miscellaneous":""},"schema":{"@context":"https:\/\/schema.org","@graph":[{"@type":"Article","@id":"https:\/\/www.encontrabomretiro.com.br\/sobre\/aniversario-de-sao-paulo-tera-festival-com-sabores-dos-bairros\/#article","name":"Anivers\u00e1rio de S\u00e3o Paulo ter\u00e1 festival com sabores dos bairros | Encontra Bom Retiro","headline":"Anivers\u00e1rio de S\u00e3o Paulo ter\u00e1 festival com sabores dos bairros","author":{"@id":"https:\/\/www.encontrabomretiro.com.br\/sobre\/author\/ebomretiro\/#author"},"publisher":{"@id":"https:\/\/www.encontrabomretiro.com.br\/sobre\/#organization"},"image":{"@type":"ImageObject","url":"https:\/\/www.encontrabomretiro.com.br\/sobre\/wp-content\/uploads\/2026\/01\/aniversario-de-sao-paulo-tera-festival-com-sabores-dos-bairros.webp","width":280,"height":280,"caption":"anivers\u00e1rio de S\u00e3o Paulo"},"datePublished":"2026-01-26T10:09:56-02:00","dateModified":"2026-01-26T10:09:56-02:00","inLanguage":"pt-BR","mainEntityOfPage":{"@id":"https:\/\/www.encontrabomretiro.com.br\/sobre\/aniversario-de-sao-paulo-tera-festival-com-sabores-dos-bairros\/#webpage"},"isPartOf":{"@id":"https:\/\/www.encontrabomretiro.com.br\/sobre\/aniversario-de-sao-paulo-tera-festival-com-sabores-dos-bairros\/#webpage"},"articleSection":"Not\u00edcias Bom Retiro"},{"@type":"BreadcrumbList","@id":"https:\/\/www.encontrabomretiro.com.br\/sobre\/aniversario-de-sao-paulo-tera-festival-com-sabores-dos-bairros\/#breadcrumblist","itemListElement":[{"@type":"ListItem","@id":"https:\/\/www.encontrabomretiro.com.br\/sobre#listItem","position":1,"name":"Dom\u00e9stica","item":"https:\/\/www.encontrabomretiro.com.br\/sobre","nextItem":{"@type":"ListItem","@id":"https:\/\/www.encontrabomretiro.com.br\/sobre\/noticias-no-bom-retiro\/#listItem","name":"Not\u00edcias Bom Retiro"}},{"@type":"ListItem","@id":"https:\/\/www.encontrabomretiro.com.br\/sobre\/noticias-no-bom-retiro\/#listItem","position":2,"name":"Not\u00edcias Bom Retiro","item":"https:\/\/www.encontrabomretiro.com.br\/sobre\/noticias-no-bom-retiro\/","nextItem":{"@type":"ListItem","@id":"https:\/\/www.encontrabomretiro.com.br\/sobre\/aniversario-de-sao-paulo-tera-festival-com-sabores-dos-bairros\/#listItem","name":"Anivers\u00e1rio de S\u00e3o Paulo ter\u00e1 festival com sabores dos bairros"},"previousItem":{"@type":"ListItem","@id":"https:\/\/www.encontrabomretiro.com.br\/sobre#listItem","name":"Dom\u00e9stica"}},{"@type":"ListItem","@id":"https:\/\/www.encontrabomretiro.com.br\/sobre\/aniversario-de-sao-paulo-tera-festival-com-sabores-dos-bairros\/#listItem","position":3,"name":"Anivers\u00e1rio de S\u00e3o Paulo ter\u00e1 festival com sabores dos bairros","previousItem":{"@type":"ListItem","@id":"https:\/\/www.encontrabomretiro.com.br\/sobre\/noticias-no-bom-retiro\/#listItem","name":"Not\u00edcias Bom Retiro"}}]},{"@type":"Organization","@id":"https:\/\/www.encontrabomretiro.com.br\/sobre\/#organization","name":"Encontra Bom Retiro","description":"Not\u00edcias, eventos, informa\u00e7\u00f5es e dicas no bairro do Bom Retiro e regi\u00e3o.","url":"https:\/\/www.encontrabomretiro.com.br\/sobre\/"},{"@type":"Person","@id":"https:\/\/www.encontrabomretiro.com.br\/sobre\/author\/ebomretiro\/#author","url":"https:\/\/www.encontrabomretiro.com.br\/sobre\/author\/ebomretiro\/","name":"Encontra Bom Retiro","image":{"@type":"ImageObject","@id":"https:\/\/www.encontrabomretiro.com.br\/sobre\/aniversario-de-sao-paulo-tera-festival-com-sabores-dos-bairros\/#authorImage","url":"https:\/\/secure.gravatar.com\/avatar\/507340682b8270222e1f208e23198b6ae7e2c6a1033ae84e99bc6bce4f82a387?s=96&d=mm&r=g","width":96,"height":96,"caption":"Encontra Bom Retiro"}},{"@type":"WebPage","@id":"https:\/\/www.encontrabomretiro.com.br\/sobre\/aniversario-de-sao-paulo-tera-festival-com-sabores-dos-bairros\/#webpage","url":"https:\/\/www.encontrabomretiro.com.br\/sobre\/aniversario-de-sao-paulo-tera-festival-com-sabores-dos-bairros\/","name":"Anivers\u00e1rio de S\u00e3o Paulo ter\u00e1 festival com sabores dos bairros | Encontra Bom Retiro","description":"Festival de sabores em S\u00e3o Paulo promete encantar com suas del\u00edcias e cultura.","inLanguage":"pt-BR","isPartOf":{"@id":"https:\/\/www.encontrabomretiro.com.br\/sobre\/#website"},"breadcrumb":{"@id":"https:\/\/www.encontrabomretiro.com.br\/sobre\/aniversario-de-sao-paulo-tera-festival-com-sabores-dos-bairros\/#breadcrumblist"},"author":{"@id":"https:\/\/www.encontrabomretiro.com.br\/sobre\/author\/ebomretiro\/#author"},"creator":{"@id":"https:\/\/www.encontrabomretiro.com.br\/sobre\/author\/ebomretiro\/#author"},"image":{"@type":"ImageObject","url":"https:\/\/www.encontrabomretiro.com.br\/sobre\/wp-content\/uploads\/2026\/01\/aniversario-de-sao-paulo-tera-festival-com-sabores-dos-bairros.webp","@id":"https:\/\/www.encontrabomretiro.com.br\/sobre\/aniversario-de-sao-paulo-tera-festival-com-sabores-dos-bairros\/#mainImage","width":280,"height":280,"caption":"anivers\u00e1rio de S\u00e3o Paulo"},"primaryImageOfPage":{"@id":"https:\/\/www.encontrabomretiro.com.br\/sobre\/aniversario-de-sao-paulo-tera-festival-com-sabores-dos-bairros\/#mainImage"},"datePublished":"2026-01-26T10:09:56-02:00","dateModified":"2026-01-26T10:09:56-02:00"},{"@type":"WebSite","@id":"https:\/\/www.encontrabomretiro.com.br\/sobre\/#website","url":"https:\/\/www.encontrabomretiro.com.br\/sobre\/","name":"Encontra Bom Retiro","description":"Not\u00edcias, eventos, informa\u00e7\u00f5es e dicas no bairro do Bom Retiro e regi\u00e3o.","inLanguage":"pt-BR","publisher":{"@id":"https:\/\/www.encontrabomretiro.com.br\/sobre\/#organization"}}]},"og:locale":"pt_BR","og:site_name":"Encontra Bom Retiro | Not\u00edcias, eventos, informa\u00e7\u00f5es e dicas no bairro do Bom Retiro e regi\u00e3o.","og:type":"article","og:title":"Anivers\u00e1rio de S\u00e3o Paulo ter\u00e1 festival com sabores dos bairros | Encontra Bom Retiro","og:description":"Festival de sabores em S\u00e3o Paulo promete encantar com suas del\u00edcias e cultura.","og:url":"https:\/\/www.encontrabomretiro.com.br\/sobre\/aniversario-de-sao-paulo-tera-festival-com-sabores-dos-bairros\/","article:published_time":"2026-01-26T12:09:56+00:00","article:modified_time":"2026-01-26T12:09:56+00:00","twitter:card":"summary_large_image","twitter:title":"Anivers\u00e1rio de S\u00e3o Paulo ter\u00e1 festival com sabores dos bairros | Encontra Bom Retiro","twitter:description":"Festival de sabores em S\u00e3o Paulo promete encantar com suas del\u00edcias e cultura."},"aioseo_meta_data":{"post_id":"2345","title":null,"description":null,"keywords":null,"keyphrases":null,"primary_term":null,"canonical_url":null,"og_title":null,"og_description":null,"og_object_type":"default","og_image_type":"default","og_image_url":null,"og_image_width":null,"og_image_height":null,"og_image_custom_url":null,"og_image_custom_fields":null,"og_video":null,"og_custom_url":null,"og_article_section":null,"og_article_tags":null,"twitter_use_og":false,"twitter_card":"default","twitter_image_type":"default","twitter_image_url":null,"twitter_image_custom_url":null,"twitter_image_custom_fields":null,"twitter_title":null,"twitter_description":null,"schema":{"blockGraphs":[],"customGraphs":[],"default":{"data":{"Article":[],"Course":[],"Dataset":[],"FAQPage":[],"Movie":[],"Person":[],"Product":[],"ProductReview":[],"Car":[],"Recipe":[],"Service":[],"SoftwareApplication":[],"WebPage":[]},"graphName":"Article","isEnabled":true},"graphs":[]},"schema_type":"default","schema_type_options":null,"pillar_content":false,"robots_default":true,"robots_noindex":false,"robots_noarchive":false,"robots_nosnippet":false,"robots_nofollow":false,"robots_noimageindex":false,"robots_noodp":false,"robots_notranslate":false,"robots_max_snippet":null,"robots_max_videopreview":null,"robots_max_imagepreview":"large","priority":null,"frequency":null,"local_seo":null,"breadcrumb_settings":null,"limit_modified_date":false,"ai":null,"created":"2026-01-26 12:10:00","updated":"2026-01-26 12:15:02","focus_keyword":null,"additional_keywords":null,"truseo_locale":null,"seo_analyzer_scan_date":null},"aioseo_breadcrumb":"<div class=\"aioseo-breadcrumbs\"><span class=\"aioseo-breadcrumb\">\n\t\t\t<a href=\"https:\/\/www.encontrabomretiro.com.br\/sobre\" title=\"Dom\u00e9stica\">Dom\u00e9stica<\/a>\n\t\t<\/span><span class=\"aioseo-breadcrumb-separator\">&raquo;<\/span><span class=\"aioseo-breadcrumb\">\n\t\t\t<a href=\"https:\/\/www.encontrabomretiro.com.br\/sobre\/noticias-no-bom-retiro\/\" title=\"Not\u00edcias Bom Retiro\">Not\u00edcias Bom Retiro<\/a>\n\t\t<\/span><span class=\"aioseo-breadcrumb-separator\">&raquo;<\/span><span class=\"aioseo-breadcrumb\">\n\t\t\tAnivers\u00e1rio de S\u00e3o Paulo ter\u00e1 festival com sabores dos bairros\n\t\t<\/span><\/div>","aioseo_breadcrumb_json":[{"label":"Dom\u00e9stica","link":"https:\/\/www.encontrabomretiro.com.br\/sobre"},{"label":"Not\u00edcias Bom Retiro","link":"https:\/\/www.encontrabomretiro.com.br\/sobre\/noticias-no-bom-retiro\/"},{"label":"Anivers\u00e1rio de S\u00e3o Paulo ter\u00e1 festival com sabores dos bairros","link":"https:\/\/www.encontrabomretiro.com.br\/sobre\/aniversario-de-sao-paulo-tera-festival-com-sabores-dos-bairros\/"}],"_links":{"self":[{"href":"https:\/\/www.encontrabomretiro.com.br\/sobre\/wp-json\/wp\/v2\/posts\/2345","targetHints":{"allow":["GET"]}}],"collection":[{"href":"https:\/\/www.encontrabomretiro.com.br\/sobre\/wp-json\/wp\/v2\/posts"}],"about":[{"href":"https:\/\/www.encontrabomretiro.com.br\/sobre\/wp-json\/wp\/v2\/types\/post"}],"author":[{"embeddable":true,"href":"https:\/\/www.encontrabomretiro.com.br\/sobre\/wp-json\/wp\/v2\/users\/1"}],"replies":[{"embeddable":true,"href":"https:\/\/www.encontrabomretiro.com.br\/sobre\/wp-json\/wp\/v2\/comments?post=2345"}],"version-history":[{"count":0,"href":"https:\/\/www.encontrabomretiro.com.br\/sobre\/wp-json\/wp\/v2\/posts\/2345\/revisions"}],"wp:featuredmedia":[{"embeddable":true,"href":"https:\/\/www.encontrabomretiro.com.br\/sobre\/wp-json\/wp\/v2\/media\/2344"}],"wp:attachment":[{"href":"https:\/\/www.encontrabomretiro.com.br\/sobre\/wp-json\/wp\/v2\/media?parent=2345"}],"wp:term":[{"taxonomy":"category","embeddable":true,"href":"https:\/\/www.encontrabomretiro.com.br\/sobre\/wp-json\/wp\/v2\/categories?post=2345"},{"taxonomy":"post_tag","embeddable":true,"href":"https:\/\/www.encontrabomretiro.com.br\/sobre\/wp-json\/wp\/v2\/tags?post=2345"}],"curies":[{"name":"wp","href":"https:\/\/api.w.org\/{rel}","templated":true}]}}