{"id":2337,"date":"2026-01-26T10:03:54","date_gmt":"2026-01-26T12:03:54","guid":{"rendered":"https:\/\/www.encontrabomretiro.com.br\/sobre\/programacao-do-aniversario-de-sao-paulo-veja-os-eventos-em-diversos-pontos-da-cidade\/"},"modified":"2026-01-26T10:03:54","modified_gmt":"2026-01-26T12:03:54","slug":"programacao-do-aniversario-de-sao-paulo-veja-os-eventos-em-diversos-pontos-da-cidade","status":"publish","type":"post","link":"https:\/\/www.encontrabomretiro.com.br\/sobre\/programacao-do-aniversario-de-sao-paulo-veja-os-eventos-em-diversos-pontos-da-cidade\/","title":{"rendered":"Programa\u00e7\u00e3o do anivers\u00e1rio de S\u00e3o Paulo: Veja os eventos em diversos pontos da cidade"},"content":{"rendered":"<div class=\"228b65ae207de3c5c501cfe75875708b\" data-index=\"1\" style=\"float: none; margin:0px;\">\n<!-- Anuncio display - global -->\r\n<ins class=\"adsbygoogle\"\r\n     style=\"display:block\"\r\n     data-ad-client=\"ca-pub-8585364105181520\"\r\n     data-ad-slot=\"8789329856\"\r\n     data-ad-format=\"auto\"\r\n     data-full-width-responsive=\"true\"><\/ins>\r\n<script>\r\n     (adsbygoogle = window.adsbygoogle || []).push({});\r\n<\/script>\n<\/div>\n<h2>Programa\u00e7\u00e3o Cultural do Anivers\u00e1rio de S\u00e3o Paulo<\/h2>\n<p>No dia 25 de janeiro, S\u00e3o Paulo festeja 472 anos com uma agenda cultural diversificada e de acesso gratuito. Diversos pontos da cidade, como museus, bibliotecas, parques e centros culturais, estar\u00e3o oferecendo uma s\u00e9rie de eventos, incluindo shows, exibi\u00e7\u00f5es de filmes, atividades infantis e muito mais. Este evento especial visa celebrar as pluralidades, a hist\u00f3ria e a mem\u00f3ria da cidade. Com atividades programadas para todos os p\u00fablicos, a celebra\u00e7\u00e3o se estende por todo o final de semana.<\/p>\n<h2>Atividades para Toda a Fam\u00edlia<\/h2>\n<p>Dentre as atividades programadas, destacamos a celebra\u00e7\u00e3o tradicional do &#8220;Bolo do Bixiga&#8221;, que representa a idade da cidade. A atividade ocorre na Rua Rui Barbosa, 300, na Bela Vista, no domingo, das 9h \u00e0s 13h, e promete ser uma grande confraterniza\u00e7\u00e3o. Al\u00e9m disso, a &#8220;Feira Gastron\u00f4mica Sabores dos Bairros&#8221; apresenta pratos t\u00edpicos de v\u00e1rias regi\u00f5es da cidade, realizada nos dias 24 e 25, na Avenida Professor Frederico Hermann Jr., em Pinheiros, das 11h \u00e0s 21h, com entrada gratuita e op\u00e7\u00f5es de pratos a partir de R$ 15.<\/p>\n<h2>Shows e Concertos Gratuitos<\/h2>\n<p>No domingo, 25 de janeiro, o Theatro Municipal receber\u00e1 a &#8220;Orquestra Experimental de Repert\u00f3rio&#8221; para um concerto em homenagem aos 90 anos de Maur\u00edcio de Sousa, o criador da Turma da M\u00f4nica, \u00e0s 17h. Outro evento imperd\u00edvel \u00e9 o show de Ana Ca\u00f1as, que acontecer\u00e1 no Centro Cultural Vila Itoror\u00f3, \u00e0s 18h. Dessa forma, o p\u00fablico poder\u00e1 desfrutar de uma homenagem \u00e0 cantora Rita Lee, interpretando os cl\u00e1ssicos do rock e da MPB.<\/p>\n<p><img decoding=\"async\" src=\"https:\/\/www.encontrabomretiro.com.br\/sobre\/wp-content\/uploads\/2026\/01\/programacao-do-aniversario-de-sao-paulo-veja-os-eventos-em-diversos-pontos-da-cidade.webp\" alt=\"programa\u00e7\u00e3o de anivers\u00e1rio de S\u00e3o Paulo\" loading=\"lazy\" \/><\/p>\n<h2>Cinemas Abertos para Todos<\/h2>\n<p>A programa\u00e7\u00e3o audiovisual inclui exibi\u00e7\u00f5es gratuitas de filmes nacionais e internacionais. No dia 25 de janeiro, o Circuito Spcine exibir\u00e1 t\u00edtulos como &#8220;O Agente Secreto&#8221; e &#8220;Entre Penas e Bicadas&#8221; em diversos locais, como CEUs, CCSP e bibliotecas, com hor\u00e1rios variados. Uma exibi\u00e7\u00e3o especial de &#8220;\u00c9 Tempo de Amoras&#8221;, um longa gravado em pontos do norte de S\u00e3o Paulo, ocorrer\u00e1 no Museu Florestal, das 15h \u00e0s 17h.<\/p>\n<h2>Passeios Culturais Imperd\u00edveis<\/h2>\n<p>Atividades guiadas tamb\u00e9m fazem parte da programa\u00e7\u00e3o festiva. No dia 24 de janeiro, a cidade oferece um roteiro sobre a presen\u00e7a negra na forma\u00e7\u00e3o de S\u00e3o Paulo, com in\u00edcio \u00e0s 10h no Solar da Marquesa de Santos. Para os interessados na conex\u00e3o hist\u00f3rica das festas, haver\u00e1 uma viv\u00eancia que relaciona os bailes black \u00e0 cultura do centro da cidade, no mesmo local, \u00e0s 13h do dia 25.<\/p>\n<h2>Exposi\u00e7\u00f5es nos Museus<\/h2>\n<p>O anivers\u00e1rio de S\u00e3o Paulo tamb\u00e9m \u00e9 uma oportunidade para visitar museus que promover\u00e3o atividades especiais. O Museu Catavento, por exemplo, realizar\u00e1 uma Roda de Samba no dia 25, ao meio-dia, usando o samba como ferramenta de resist\u00eancia cultural. Al\u00e9m disso, o Masp se transformar\u00e1 em um espa\u00e7o esportivo onde atletas ol\u00edmpicos far\u00e3o demonstra\u00e7\u00f5es, das 8h \u00e0s 18h.<\/p>\n<h2>Feiras Gastron\u00f4micas na Capital<\/h2>\n<p>O &#8220;Sabores dos Bairros&#8221; n\u00e3o \u00e9 a \u00fanica feira gastron\u00f4mica a acontecer. Outro evento significativo \u00e9 a &#8220;F\u00e1brica de Cultura \u2013 Tudo Junto e Misturado&#8221;, que combina m\u00fasica, gastronomia e diversas atividades culturais. O evento acontece em localidades como Vila Curu\u00e7\u00e1 e Parque Bel\u00e9m, a partir das 14h do dia 25 de janeiro, tamb\u00e9m com entrada gratuita.<\/p>\n<h2>Atividades Infantais e Culturais<\/h2>\n<p>As crian\u00e7as tamb\u00e9m t\u00eam espa\u00e7o garantido na comemora\u00e7\u00e3o, com o evento &#8220;Folia Kids \u2013 CultSP Pro&#8221;, que conta com uma s\u00e9rie de atividades l\u00fadicas em um ambiente festivo, no Bom Retiro, das 11h \u00e0s 16h. Este evento ter\u00e1 muita divers\u00e3o e anima\u00e7\u00e3o, ideal para os pequenos.<\/p>\n<h2>Festa na Vila Curu\u00e7\u00e1 e Outros Locais<\/h2>\n<p>A programa\u00e7\u00e3o dos eventos se estende pelas F\u00e1bricas de Cultura, com atividades diversificadas programadas durante o final de semana. Quest\u00f5es como sonhos, cultura afro-perif\u00e9rica e tamb\u00e9m brincadeiras tradicionais, como a descida de carrinhos de rolim\u00e3, estar\u00e3o em evid\u00eancia, trazendo uma ampla gama de experi\u00eancias para todos os visitantes.<\/p>\n<h2>Celebra\u00e7\u00f5es nos Parques e Espa\u00e7os P\u00fablicos<\/h2>\n<p>Os parques da cidade ser\u00e3o palcos de celebra\u00e7\u00f5es vibrantes, com apresenta\u00e7\u00f5es de DJs e artistas de m\u00fasica eletr\u00f4nica, como Vintage Culture e outros, no Parque do Carmo, das 11h \u00e0s 19h. Essas festas ao ar livre prometem trazer energia e alegria para o p\u00fablico, celebrando n\u00e3o apenas o anivers\u00e1rio da cidade, mas tamb\u00e9m a cultura e diversidade que fazem parte da alma paulistana.<\/p>\n<h2>Conclus\u00e3o<\/h2>\n<p>Este fim de semana promete ser repleto de atividades para todas as idades, com eventos que celebram a rica cultura e hist\u00f3ria de S\u00e3o Paulo. Assim, moradores e visitantes poder\u00e3o aproveitar uma vasta programa\u00e7\u00e3o que reflete a diversidade e a vitalidade da cidade. O anivers\u00e1rio de S\u00e3o Paulo \u00e9, sem d\u00favida, uma grande oportunidade para todos participarem das celebra\u00e7\u00f5es e se conectarem com a hist\u00f3ria paulistana.<\/p>\n\n<div style=\"font-size: 0px; height: 0px; line-height: 0px; margin: 0; padding: 0; clear: both;\"><\/div>","protected":false},"excerpt":{"rendered":"<p>Eventos gratuitos em S\u00e3o Paulo para celebrar seu 472\u00ba anivers\u00e1rio!<\/p>\n","protected":false},"author":1,"featured_media":2336,"comment_status":"open","ping_status":"closed","sticky":false,"template":"","format":"standard","meta":{"footnotes":""},"categories":[6],"tags":[],"class_list":["post-2337","post","type-post","status-publish","format-standard","has-post-thumbnail","hentry","category-noticias-no-bom-retiro","has_thumb"],"aioseo_notices":[],"_links":{"self":[{"href":"https:\/\/www.encontrabomretiro.com.br\/sobre\/wp-json\/wp\/v2\/posts\/2337","targetHints":{"allow":["GET"]}}],"collection":[{"href":"https:\/\/www.encontrabomretiro.com.br\/sobre\/wp-json\/wp\/v2\/posts"}],"about":[{"href":"https:\/\/www.encontrabomretiro.com.br\/sobre\/wp-json\/wp\/v2\/types\/post"}],"author":[{"embeddable":true,"href":"https:\/\/www.encontrabomretiro.com.br\/sobre\/wp-json\/wp\/v2\/users\/1"}],"replies":[{"embeddable":true,"href":"https:\/\/www.encontrabomretiro.com.br\/sobre\/wp-json\/wp\/v2\/comments?post=2337"}],"version-history":[{"count":0,"href":"https:\/\/www.encontrabomretiro.com.br\/sobre\/wp-json\/wp\/v2\/posts\/2337\/revisions"}],"wp:featuredmedia":[{"embeddable":true,"href":"https:\/\/www.encontrabomretiro.com.br\/sobre\/wp-json\/wp\/v2\/media\/2336"}],"wp:attachment":[{"href":"https:\/\/www.encontrabomretiro.com.br\/sobre\/wp-json\/wp\/v2\/media?parent=2337"}],"wp:term":[{"taxonomy":"category","embeddable":true,"href":"https:\/\/www.encontrabomretiro.com.br\/sobre\/wp-json\/wp\/v2\/categories?post=2337"},{"taxonomy":"post_tag","embeddable":true,"href":"https:\/\/www.encontrabomretiro.com.br\/sobre\/wp-json\/wp\/v2\/tags?post=2337"}],"curies":[{"name":"wp","href":"https:\/\/api.w.org\/{rel}","templated":true}]}}