{"id":2329,"date":"2026-01-24T10:13:32","date_gmt":"2026-01-24T12:13:32","guid":{"rendered":"https:\/\/www.encontrabomretiro.com.br\/sobre\/ministra-macae-evaristo-percorre-instituicoes-historicas-do-bom-retiro-sp-em-agenda-sobre-memoria-e-diversidade\/"},"modified":"2026-01-24T10:13:32","modified_gmt":"2026-01-24T12:13:32","slug":"ministra-macae-evaristo-percorre-instituicoes-historicas-do-bom-retiro-sp-em-agenda-sobre-memoria-e-diversidade","status":"publish","type":"post","link":"https:\/\/www.encontrabomretiro.com.br\/sobre\/ministra-macae-evaristo-percorre-instituicoes-historicas-do-bom-retiro-sp-em-agenda-sobre-memoria-e-diversidade\/","title":{"rendered":"Ministra Maca\u00e9 Evaristo percorre institui\u00e7\u00f5es hist\u00f3ricas do Bom Retiro (SP) em agenda sobre mem\u00f3ria e diversidade"},"content":{"rendered":"<div class=\"228b65ae207de3c5c501cfe75875708b\" data-index=\"1\" style=\"float: none; margin:0px;\">\n<!-- Anuncio display - global -->\r\n<ins class=\"adsbygoogle\"\r\n     style=\"display:block\"\r\n     data-ad-client=\"ca-pub-8585364105181520\"\r\n     data-ad-slot=\"8789329856\"\r\n     data-ad-format=\"auto\"\r\n     data-full-width-responsive=\"true\"><\/ins>\r\n<script>\r\n     (adsbygoogle = window.adsbygoogle || []).push({});\r\n<\/script>\n<\/div>\n<h2>O papel da Ministra na promo\u00e7\u00e3o da diversidade<\/h2>\n<p>A Ministra Maca\u00e9 Evaristo, \u00e0 frente do Minist\u00e9rio dos Direitos Humanos e da Cidadania, desempenha um papel crucial na promo\u00e7\u00e3o da diversidade em suas m\u00faltiplas formas. Sua agenda prioriza n\u00e3o apenas a prote\u00e7\u00e3o de direitos humanos, mas tamb\u00e9m a valoriza\u00e7\u00e3o das variadas culturas que comp\u00f5em a sociedade brasileira. Em sua \u00faltima visita ao Bom Retiro, um bairro hist\u00f3rico de S\u00e3o Paulo, a ministra evidenciou a import\u00e2ncia da diversidade cultural e a necessidade de pol\u00edticas p\u00fablicas que integrem todas as vozes da sociedade.<\/p>\n<h2>Visitas a institui\u00e7\u00f5es hist\u00f3ricas no Bom Retiro<\/h2>\n<p>No dia 26 de janeiro, a Ministra visitar\u00e1 institui\u00e7\u00f5es que t\u00eam grande relev\u00e2ncia para a hist\u00f3ria e a cultura da comunidade judaica na regi\u00e3o do Bom Retiro. O objetivo da ministra \u00e9 reconhecer o impacto da presen\u00e7a judaica no cen\u00e1rio social e cultural de S\u00e3o Paulo, bem como suas contribui\u00e7\u00f5es para a promo\u00e7\u00e3o dos direitos humanos. Entre as institui\u00e7\u00f5es visitadas est\u00e3o o Ten Yad, a Unibes e o Memorial do Holocausto, cada uma com um papel singular na assist\u00eancia social e na educa\u00e7\u00e3o em direitos humanos. As visitas s\u00e3o uma forma de di\u00e1logo com as comunidades e de entender as realidades enfrentadas por esses grupos.<\/p>\n<h2>A import\u00e2ncia da mem\u00f3ria na comunidade judaica<\/h2>\n<p>A mem\u00f3ria \u00e9 um pilar fundamental para a preserva\u00e7\u00e3o da identidade judaica. O Memorial do Holocausto em S\u00e3o Paulo \u00e9 um exemplo v\u00edvido desse compromisso, atuando como um espa\u00e7o de reflex\u00e3o sobre o passado, al\u00e9m de promover a educa\u00e7\u00e3o sobre os direitos humanos. Atrav\u00e9s de hist\u00f3rias compartilhadas e da preserva\u00e7\u00e3o da mem\u00f3ria, a comunidade judaica busca garantir que os horrores do passado n\u00e3o sejam esquecidos, e que li\u00e7\u00f5es sejam aprendidas para prevenir futuras viola\u00e7\u00f5es de direitos.<\/p>\n<p><img decoding=\"async\" src=\"https:\/\/www.encontrabomretiro.com.br\/sobre\/wp-content\/uploads\/2026\/01\/ministra-macae-evaristo-percorre-instituicoes-historicas-do-bom-retiro-sp-em-agenda-sobre-memoria-e-.webp\" alt=\"mem\u00f3ria e diversidade\" loading=\"lazy\" \/><\/p>\n<h2>Educa\u00e7\u00e3o em direitos humanos: um foco necess\u00e1rio<\/h2>\n<p>Durante suas visitas, a Ministra Evaristo destaca a import\u00e2ncia da educa\u00e7\u00e3o em direitos humanos como ferramenta essencial para a forma\u00e7\u00e3o de cidad\u00e3os conscientes e engajados. As institui\u00e7\u00f5es locais, como a Unibes, t\u00eam um papel ativo em promover essa educa\u00e7\u00e3o, abordando n\u00e3o apenas a hist\u00f3ria, mas tamb\u00e9m quest\u00f5es contempor\u00e2neas de inclus\u00e3o e combate \u00e0 intoler\u00e2ncia. O fortalecimento desse pilar educacional \u00e9 vital para a constru\u00e7\u00e3o de uma sociedade mais justa e equitativa.<\/p>\n<h2>Valoriza\u00e7\u00e3o da pessoa idosa nas pol\u00edticas p\u00fablicas<\/h2>\n<p>Al\u00e9m do foco em diversidade cultural, a ministra tamb\u00e9m se preocupa com a valoriza\u00e7\u00e3o da popula\u00e7\u00e3o idosa. O envelhecimento digno e ativo \u00e9 um direito humano e, em muitos eventos, a atriz e convidada da Unibes apresenta experi\u00eancias que demonstram como a viv\u00eancia intergeracional \u00e9 fundamental para a constru\u00e7\u00e3o de uma comunidade solid\u00e1ria. Esta abordagem n\u00e3o apenas valoriza a sabedoria dos mais velhos, mas tamb\u00e9m incentiva um di\u00e1logo aberto entre as gera\u00e7\u00f5es.<\/p>\n<h2>Enfrentando as intoler\u00e2ncias sociais contempor\u00e2neas<\/h2>\n<p>A atual agenda da ministra tamb\u00e9m aborda o combate a formas contempor\u00e2neas de intoler\u00e2ncia. A diversidade \u00e9 um ativo que deve ser protegido de todas as formas de discrimina\u00e7\u00e3o, incluindo racial, religiosa e de g\u00eanero. Durante suas visitas ao Bom Retiro, Evaristo enfatiza que o respeito e a empatia s\u00e3o fundamentais para a conviv\u00eancia pac\u00edfica entre diferentes culturas.<\/p>\n<h2>Ten Yad: solidariedade e apoio \u00e0 comunidade<\/h2>\n<p>O Ten Yad, uma institui\u00e7\u00e3o que atua fortemente na assist\u00eancia social, foi o primeiro local visitado pela ministra. Fundada em 1992, \u00e9 uma express\u00e3o da solidariedade judaica, proporcionando ajuda a pessoas necessitadas, independentemente de suas origens. Durante a visita, a equipe do Ten Yad apresentar\u00e1 os projetos em andamento, destacando como a solidariedade \u00e9 uma pr\u00e1tica viva no cotidiano da comunidade.<\/p>\n<h2>Unibes: promovendo dignidade humana h\u00e1 110 anos<\/h2>\n<p>A Unibes \u00e9 uma das institui\u00e7\u00f5es mais antigas do Bom Retiro, servindo \u00e0 comunidade por mais de um s\u00e9culo. Durante a visita, a ministra ter\u00e1 a oportunidade de assistir a uma apresenta\u00e7\u00e3o de idosos da institui\u00e7\u00e3o, que exemplificar\u00e1 o potencial do envelhecimento digno. Este encontro ser\u00e1 um momento sens\u00edvel para discutir os desafios enfrentados pelos idosos e as pol\u00edticas p\u00fablicas que podem ser implementadas para melhor atender a essa popula\u00e7\u00e3o.<\/p>\n<h2>Memorial do Holocausto: espa\u00e7o de reflex\u00e3o e aprendizado<\/h2>\n<p>O Memorial do Holocausto n\u00e3o \u00e9 apenas um espa\u00e7o commemorativo, mas tamb\u00e9m um centro educativo que promove debates sobre direitos humanos. A visita ao memorial contar\u00e1 com a presen\u00e7a de sobreviventes, proporcionando um di\u00e1logo crucial sobre mem\u00f3ria e respeito \u00e0 diversidade. A atividade refor\u00e7a a import\u00e2ncia da educa\u00e7\u00e3o para a preven\u00e7\u00e3o de futuras viola\u00e7\u00f5es dos direitos humanos.<\/p>\n<h2>A Casa do Povo e seu papel na luta contra o fascismo<\/h2>\n<p>Finalizando o percurso, a Casa do Povo representa a resist\u00eancia e a luta da comunidade judaica contra o fascismo. Fundada em 1946, ainda hoje \u00e9 um local de encontro e mobiliza\u00e7\u00e3o para discuss\u00f5es envolvendo diversidade e direitos humanos. A ministra ter\u00e1 um di\u00e1logo aberto com movimentos sociais, ressaltando a necessidade de alian\u00e7as entre diferentes grupos minorit\u00e1rios, com o intuito de fortalecer as lutas sociais.<\/p>\n\n<div style=\"font-size: 0px; height: 0px; line-height: 0px; margin: 0; padding: 0; clear: both;\"><\/div>","protected":false},"excerpt":{"rendered":"<p>Mem\u00f3ria e diversidade foram temas abordados pela Ministra Maca\u00e9 Evaristo em sua visita ao Bom Retiro.<\/p>\n","protected":false},"author":1,"featured_media":2328,"comment_status":"open","ping_status":"closed","sticky":false,"template":"","format":"standard","meta":{"footnotes":""},"categories":[6],"tags":[],"class_list":["post-2329","post","type-post","status-publish","format-standard","has-post-thumbnail","hentry","category-noticias-no-bom-retiro","has_thumb"],"aioseo_notices":[],"_links":{"self":[{"href":"https:\/\/www.encontrabomretiro.com.br\/sobre\/wp-json\/wp\/v2\/posts\/2329","targetHints":{"allow":["GET"]}}],"collection":[{"href":"https:\/\/www.encontrabomretiro.com.br\/sobre\/wp-json\/wp\/v2\/posts"}],"about":[{"href":"https:\/\/www.encontrabomretiro.com.br\/sobre\/wp-json\/wp\/v2\/types\/post"}],"author":[{"embeddable":true,"href":"https:\/\/www.encontrabomretiro.com.br\/sobre\/wp-json\/wp\/v2\/users\/1"}],"replies":[{"embeddable":true,"href":"https:\/\/www.encontrabomretiro.com.br\/sobre\/wp-json\/wp\/v2\/comments?post=2329"}],"version-history":[{"count":0,"href":"https:\/\/www.encontrabomretiro.com.br\/sobre\/wp-json\/wp\/v2\/posts\/2329\/revisions"}],"wp:featuredmedia":[{"embeddable":true,"href":"https:\/\/www.encontrabomretiro.com.br\/sobre\/wp-json\/wp\/v2\/media\/2328"}],"wp:attachment":[{"href":"https:\/\/www.encontrabomretiro.com.br\/sobre\/wp-json\/wp\/v2\/media?parent=2329"}],"wp:term":[{"taxonomy":"category","embeddable":true,"href":"https:\/\/www.encontrabomretiro.com.br\/sobre\/wp-json\/wp\/v2\/categories?post=2329"},{"taxonomy":"post_tag","embeddable":true,"href":"https:\/\/www.encontrabomretiro.com.br\/sobre\/wp-json\/wp\/v2\/tags?post=2329"}],"curies":[{"name":"wp","href":"https:\/\/api.w.org\/{rel}","templated":true}]}}