{"id":2325,"date":"2026-01-24T10:11:02","date_gmt":"2026-01-24T12:11:02","guid":{"rendered":"https:\/\/www.encontrabomretiro.com.br\/sobre\/ninguem-sabe-para-onde-ir-prefeitura-derruba-ocupacao-e-expulsa-familias-no-centro-de-sp\/"},"modified":"2026-01-24T10:11:02","modified_gmt":"2026-01-24T12:11:02","slug":"ninguem-sabe-para-onde-ir-prefeitura-derruba-ocupacao-e-expulsa-familias-no-centro-de-sp","status":"publish","type":"post","link":"https:\/\/www.encontrabomretiro.com.br\/sobre\/ninguem-sabe-para-onde-ir-prefeitura-derruba-ocupacao-e-expulsa-familias-no-centro-de-sp\/","title":{"rendered":"Ningu\u00e9m sabe para onde ir&#8217;: prefeitura derruba ocupa\u00e7\u00e3o e expulsa fam\u00edlias no centro de SP"},"content":{"rendered":"<div class=\"228b65ae207de3c5c501cfe75875708b\" data-index=\"1\" style=\"float: none; margin:0px;\">\n<!-- Anuncio display - global -->\r\n<ins class=\"adsbygoogle\"\r\n     style=\"display:block\"\r\n     data-ad-client=\"ca-pub-8585364105181520\"\r\n     data-ad-slot=\"8789329856\"\r\n     data-ad-format=\"auto\"\r\n     data-full-width-responsive=\"true\"><\/ins>\r\n<script>\r\n     (adsbygoogle = window.adsbygoogle || []).push({});\r\n<\/script>\n<\/div>\n<h2>Contexto da ocupa\u00e7\u00e3o no Bom Retiro<\/h2>\n<p>Localizada na Rua Prates, no bairro Bom Retiro, a ocupa\u00e7\u00e3o em quest\u00e3o abriga cerca de 100 pessoas, incluindo crian\u00e7as e idosos, que vivem em condi\u00e7\u00f5es de vulnerabilidade. Esse espa\u00e7o torna-se um abrigo prec\u00e1rio diante da crescente repress\u00e3o policial e da falta de alternativa habitacional.<\/p>\n<p>A ocupa\u00e7\u00e3o, carinhosamente chamada de favelinha da Prates, era composta por pequenos barracos feitos de madeira e alguns materiais recicl\u00e1veis. A estrutura contava com corredores estreitos, o que dificultava a circula\u00e7\u00e3o e a ventila\u00e7\u00e3o. Nos \u00faltimos tempos, os moradores enfrentaram um aumento de a\u00e7\u00f5es repressivas por parte das autoridades, culminando na necessidade de demoli\u00e7\u00e3o.<\/p>\n<h2>A Opera\u00e7\u00e3o da Prefeitura: Tudo O Que Aconteceu<\/h2>\n<p>Na cidade de S\u00e3o Paulo, a administra\u00e7\u00e3o sob Ricardo Nunes (MDB) decidiu realizar uma a\u00e7\u00e3o de desocupa\u00e7\u00e3o na referida \u00e1rea. Durante a opera\u00e7\u00e3o, a prefeitura contou com a presen\u00e7a da Guarda Civil Metropolitana (GCM) e de oper\u00e1rios equipados com ferramentas de demoli\u00e7\u00e3o.<\/p>\n<p><img decoding=\"async\" src=\"https:\/\/www.encontrabomretiro.com.br\/sobre\/wp-content\/uploads\/2026\/01\/ninguem-sabe-para-onde-ir-prefeitura-derruba-ocupacao-e-expulsa-familias-no-centro-de-sp.webp\" alt=\"prefeitura derruba ocupa\u00e7\u00e3o\" loading=\"lazy\" \/><\/p>\n<p>O processo de demoli\u00e7\u00e3o come\u00e7ou na segunda-feira (19\/01) e avan\u00e7ou rapidamente. No primeiro dia, foram demolidos barracos desocupados, mas logo os oper\u00e1rios passaram a derrubar estruturas ainda habitadas. Essa pr\u00e1tica tumultuou a vida dos residentes, que se viram obrigados a retirar seus pertences sem aviso pr\u00e9vio.<\/p>\n<h2>Desespero dos moradores: buscas por alternativas<\/h2>\n<p>Com a desocupa\u00e7\u00e3o, o desespero tomou conta dos moradores. Muitos afirmavam n\u00e3o saber para onde ir, relatando a falta total de apoio ou direcionamento por parte da prefeitura. Kelly Almeida, uma moradora do bairro, comentou que os indiv\u00edduos estavam desesperados, tentando salvar tudo que podiam. &#8220;Ningu\u00e9m sabe o que fazer, para onde ir. Est\u00e3o derrubando tudo&#8221;, contou ela.<\/p>\n<h2>Consequ\u00eancias da desocupa\u00e7\u00e3o para as fam\u00edlias<\/h2>\n<p>A demoli\u00e7\u00e3o dos barracos n\u00e3o representa apenas a perda de um lar; ela acumula uma s\u00e9rie de consequ\u00eancias emocionais e sociais. Os habitantes, a maioria vulner\u00e1vel, muitas vezes se encontram sem op\u00e7\u00e3o de moradia, o que pode aumentar a inseguran\u00e7a e a instabilidade nas suas vidas.<\/p>\n<p>Os residentes exigiram apoio da prefeitura, como moradia tempor\u00e1ria ou aux\u00edlio financeiro para aluguel, uma vez que a falta de assist\u00eancia pode agravar ainda mais a situa\u00e7\u00e3o dessas fam\u00edlias. A expectativa \u00e9 que a administra\u00e7\u00e3o realize uma a\u00e7\u00e3o respons\u00e1vel, oferecendo alternativas para os expulsos.<\/p>\n<h2>Relatos de quem vive na ocupa\u00e7\u00e3o<\/h2>\n<p>Moradores antigos da ocupa\u00e7\u00e3o relataram suas experi\u00eancias e desafios di\u00e1rios, colocando a flora\u00e7\u00e3o do sentimento de desespero como um impacto-chave das demoli\u00e7\u00f5es. Eles viviam em meio a dificuldades, e muitos lutaram para encontrar um espa\u00e7o seguro para suas fam\u00edlias. A situa\u00e7\u00e3o atual, com a demoli\u00e7\u00e3o de seus lares, apenas exacerba a fragilidade de suas condi\u00e7\u00f5es de vida.<\/p>\n<h2>O papel da Guarda Civil na desocupa\u00e7\u00e3o<\/h2>\n<p>A Guarda Civil Metropolitana desempenhou um papel central durante a opera\u00e7\u00e3o de desocupa\u00e7\u00e3o. Com um efetivo consider\u00e1vel, a GCM n\u00e3o apenas esteve presente para garantir a seguran\u00e7a da opera\u00e7\u00e3o, mas tamb\u00e9m foi o foco das cr\u00edticas pelos m\u00e9todos de a\u00e7\u00e3o adotados. Muitos moradores se sentiram amea\u00e7ados e vulner\u00e1veis diante da for\u00e7a policial.<\/p>\n<h2>Rea\u00e7\u00f5es da comunidade sobre a demoli\u00e7\u00e3o<\/h2>\n<p>As rea\u00e7\u00f5es da comunidade em resposta \u00e0 demoli\u00e7\u00e3o s\u00e3o diversas, com um tom generalizado de indigna\u00e7\u00e3o. Vizinhos e moradores se uniram em apelos para que a prefeitura oferecesse um suporte efetivo e humanizado para as fam\u00edlias afetadas. A falta de di\u00e1logo e a retirada abrupta dos moradores s\u00e3o amplamente criticadas.<\/p>\n<h2>Historicamente, as pol\u00edticas de moradia em SP<\/h2>\n<p>As pol\u00edticas de moradia em S\u00e3o Paulo t\u00eam um hist\u00f3rico significativo de nega\u00e7\u00e3o e desrespeito \u00e0 necessidade de habita\u00e7\u00e3o digna para a popula\u00e7\u00e3o. A falta de planejamento urbano integrado resulta em ocupa\u00e7\u00f5es irregulares e na exclus\u00e3o social das pessoas mais vulner\u00e1veis. A despejo de pessoas sem alternativas estruturais continua sendo um reflexo de uma gest\u00e3o social deficiente.<\/p>\n<h2>Encaminhamentos e apoio \u00e0s fam\u00edlias ap\u00f3s a demoli\u00e7\u00e3o<\/h2>\n<p>Ap\u00f3s a demoli\u00e7\u00e3o, muitos se questionam sobre os encaminhamentos e o suporte que a prefeitura deve oferecer \u00e0s fam\u00edlias. A necessidade de estabelecer uma rede de acolhimento e assist\u00eancia se torna premente, j\u00e1 que os moradores, ao serem despejados, ficam expostos a uma s\u00e9rie de perigos sociais e econ\u00f4micos.<\/p>\n<h2>Poss\u00edveis solu\u00e7\u00f5es para a crise de moradia<\/h2>\n<p>A crise de moradia em S\u00e3o Paulo exige solu\u00e7\u00f5es integradas e sustent\u00e1veis. A constru\u00e7\u00e3o de moradias populares, a reforma de espa\u00e7os urbanos abandonados e o apoio social estruturas s\u00e3o medidas fundamentais para evitar que situa\u00e7\u00f5es como a da ocupa\u00e7\u00e3o de Bom Retiro se repitam. Al\u00e9m disso, \u00e9 importante incluir os afetados no planejamento de iniciativas habitacionais, promovendo o di\u00e1logo e uma rede de suporte eficaz.<\/p>\n\n<div style=\"font-size: 0px; height: 0px; line-height: 0px; margin: 0; padding: 0; clear: both;\"><\/div>","protected":false},"excerpt":{"rendered":"<p>Prefeitura de SP derruba ocupa\u00e7\u00e3o no Bom Retiro, deixando fam\u00edlias sem para onde ir.<\/p>\n","protected":false},"author":1,"featured_media":2324,"comment_status":"open","ping_status":"closed","sticky":false,"template":"","format":"standard","meta":{"footnotes":""},"categories":[6],"tags":[],"class_list":["post-2325","post","type-post","status-publish","format-standard","has-post-thumbnail","hentry","category-noticias-no-bom-retiro","has_thumb"],"aioseo_notices":[],"_links":{"self":[{"href":"https:\/\/www.encontrabomretiro.com.br\/sobre\/wp-json\/wp\/v2\/posts\/2325","targetHints":{"allow":["GET"]}}],"collection":[{"href":"https:\/\/www.encontrabomretiro.com.br\/sobre\/wp-json\/wp\/v2\/posts"}],"about":[{"href":"https:\/\/www.encontrabomretiro.com.br\/sobre\/wp-json\/wp\/v2\/types\/post"}],"author":[{"embeddable":true,"href":"https:\/\/www.encontrabomretiro.com.br\/sobre\/wp-json\/wp\/v2\/users\/1"}],"replies":[{"embeddable":true,"href":"https:\/\/www.encontrabomretiro.com.br\/sobre\/wp-json\/wp\/v2\/comments?post=2325"}],"version-history":[{"count":0,"href":"https:\/\/www.encontrabomretiro.com.br\/sobre\/wp-json\/wp\/v2\/posts\/2325\/revisions"}],"wp:featuredmedia":[{"embeddable":true,"href":"https:\/\/www.encontrabomretiro.com.br\/sobre\/wp-json\/wp\/v2\/media\/2324"}],"wp:attachment":[{"href":"https:\/\/www.encontrabomretiro.com.br\/sobre\/wp-json\/wp\/v2\/media?parent=2325"}],"wp:term":[{"taxonomy":"category","embeddable":true,"href":"https:\/\/www.encontrabomretiro.com.br\/sobre\/wp-json\/wp\/v2\/categories?post=2325"},{"taxonomy":"post_tag","embeddable":true,"href":"https:\/\/www.encontrabomretiro.com.br\/sobre\/wp-json\/wp\/v2\/tags?post=2325"}],"curies":[{"name":"wp","href":"https:\/\/api.w.org\/{rel}","templated":true}]}}