{"id":2323,"date":"2026-01-24T10:09:44","date_gmt":"2026-01-24T12:09:44","guid":{"rendered":"https:\/\/www.encontrabomretiro.com.br\/sobre\/programacao\/"},"modified":"2026-01-24T10:09:44","modified_gmt":"2026-01-24T12:09:44","slug":"programacao","status":"publish","type":"post","link":"https:\/\/www.encontrabomretiro.com.br\/sobre\/programacao\/","title":{"rendered":"Programa\u00e7\u00e3o"},"content":{"rendered":"<div class=\"228b65ae207de3c5c501cfe75875708b\" data-index=\"1\" style=\"float: none; margin:0px;\">\n<!-- Anuncio display - global -->\r\n<ins class=\"adsbygoogle\"\r\n     style=\"display:block\"\r\n     data-ad-client=\"ca-pub-8585364105181520\"\r\n     data-ad-slot=\"8789329856\"\r\n     data-ad-format=\"auto\"\r\n     data-full-width-responsive=\"true\"><\/ins>\r\n<script>\r\n     (adsbygoogle = window.adsbygoogle || []).push({});\r\n<\/script>\n<\/div>\n<h2>Programa\u00e7\u00e3o Cultural para o Anivers\u00e1rio de S\u00e3o Paulo 2026<\/h2>\n<p>No dia 25 de janeiro de 2026, S\u00e3o Paulo celebrar\u00e1 seus 472 anos com uma programa\u00e7\u00e3o diversificada e repleta de atra\u00e7\u00f5es culturais. O anivers\u00e1rio da cidade \u00e9 uma excelente oportunidade para reconhecer sua rica hist\u00f3ria e vibrante cena cultural, por meio de eventos para todas as idades.<\/p>\n<h2>Eventos Culturais Imperd\u00edveis<\/h2>\n<p>As festividades do anivers\u00e1rio oferecem uma ampla variedade de eventos que incluem m\u00fasica, teatro, cinema, e debates, promovendo a participa\u00e7\u00e3o da comunidade e a valoriza\u00e7\u00e3o da cultura local.<\/p>\n<h3>Programa\u00e7\u00e3o do Theatro Municipal<\/h3>\n<p>Um dos destaques deste ano ser\u00e1 o concerto especial em homenagem aos 90 anos de Mauricio de Sousa, no ic\u00f4nico Theatro Municipal de S\u00e3o Paulo. <\/p>\n<p><img decoding=\"async\" src=\"https:\/\/www.encontrabomretiro.com.br\/sobre\/wp-content\/uploads\/2026\/01\/programacao.webp\" alt=\"Anivers\u00e1rio de S\u00e3o Paulo 2026\" loading=\"lazy\" \/><\/p>\n<ul>\n<li><strong>Data:<\/strong> 25 de janeiro de 2026<\/li>\n<li><strong>Hor\u00e1rio:<\/strong> 17h<\/li>\n<li><strong>Ingressos:<\/strong> Gratuitos, com retirada na bilheteira ou online 48h antes<\/li>\n<\/ul>\n<p>Outro show de destaque ser\u00e1 a performance da Orquestra Experimental de Repert\u00f3rio, que promete encantar o p\u00fablico com sua interpreta\u00e7\u00e3o de m\u00fasicas que fazem parte da identidade afetiva dos paulistanos.<\/p>\n<h3>Cinema Gr\u00e1tis nas Bibliotecas<\/h3>\n<p>No dia do anivers\u00e1rio, diversas bibliotecas em S\u00e3o Paulo contar\u00e3o com sess\u00f5es de cinema gratuitas. Confira a programa\u00e7\u00e3o:<\/p>\n<ul>\n<li><strong>O Agente Secreto:<\/strong> Biblioteca Roberto Santos, CCSP &#8211; Jardim Suspenso e outros locais com hor\u00e1rios variados.<\/li>\n<li><strong>Entre Penas e Bicadas:<\/strong> Tamb\u00e9m em v\u00e1rias bibliotecas, com sess\u00f5es para diferentes idades.<\/li>\n<\/ul>\n<p>Os ingressos devem ser retirados uma hora antes da sess\u00e3o, garantindo uma experi\u00eancia cinematogr\u00e1fica acess\u00edvel para todos.<\/p>\n<h2>Atividades para Crian\u00e7as<\/h2>\n<p>As celebra\u00e7\u00f5es tamb\u00e9m contar\u00e3o com uma s\u00e9rie de atividades voltadas para o p\u00fablico infantil, promovendo a educa\u00e7\u00e3o e a divers\u00e3o.<\/p>\n<ul>\n<li><strong>Atra\u00e7\u00e3o: Afrografias e Mem\u00f3rias:<\/strong> Conta\u00e7\u00e3o de hist\u00f3rias sobre Carolina Maria de Jesus e M\u00e1rio de Andrade. Data: 24 de janeiro, 11h, Biblioteca Monteiro Lobato.<\/li>\n<li><strong>Atra\u00e7\u00e3o: Fantasmas da S\u00e3o Paulo Antiga:<\/strong> Uma narrativa envolvente que homenageia os bairros da cidade. Data: 24 de janeiro, 11h, Biblioteca M\u00e1rio Schenberg.<\/li>\n<\/ul>\n<p>Esses eventos buscam enriquecer a compreens\u00e3o cultural das crian\u00e7as, despertando o interesse pela hist\u00f3ria da cidade.<\/p>\n<h2>Esportes e Lazer para Todas as Idades<\/h2>\n<p>O anivers\u00e1rio de S\u00e3o Paulo tamb\u00e9m ser\u00e1 marcado por atividades f\u00edsicas e de lazer, com op\u00e7\u00f5es para todos os gostos.<\/p>\n<ul>\n<li><strong>Competi\u00e7\u00e3o de Xadrez:<\/strong> Uma competi\u00e7\u00e3o promovida na Biblioteca de S\u00e3o Paulo, evitando sua abordagem tradicional.<\/li>\n<li><strong>Atividades no Parque Ibirapuera:<\/strong> Diversas oficinas de percuss\u00e3o e dan\u00e7a, promovendo o engajamento da comunidade.<\/li>\n<\/ul>\n<p>Essas atividades visam incentivar a pr\u00e1tica esportiva e a conviv\u00eancia social.<\/p>\n<h2>M\u00fasica ao Vivo na Cidade<\/h2>\n<p>O som de S\u00e3o Paulo ser\u00e1 vibrante neste anivers\u00e1rio, com diversas apresenta\u00e7\u00f5es musicais acontecendo em diferentes locais:<\/p>\n<ul>\n<li><strong>Samba de Todas as Bossas:<\/strong> Uma homenagem ao samba e \u00e0 bossa nova, no Bosque de Leitura Parque Ibirapuera.<\/li>\n<li><strong>Roda de Samba:<\/strong> Com a participa\u00e7\u00e3o de artistas locais, promovendo a cultura tradicional.<\/li>\n<\/ul>\n<p>Os shows trar\u00e3o \u00e0 tona a diversidade musical da cidade, reunindo artistas consagrados e novos talentos.<\/p>\n<h2>Conta\u00e7\u00e3o de Hist\u00f3ria em Bibliotecas<\/h2>\n<p>As bibliotecas tamb\u00e9m contribuir\u00e3o para a celebra\u00e7\u00e3o com conta\u00e7\u00f5es de hist\u00f3rias em diversos formatos, envolvendo o p\u00fablico no imagin\u00e1rio de S\u00e3o Paulo.<\/p>\n<ul>\n<li><strong>Conta\u00e7\u00e3o: Brincando de Orquestra:<\/strong> Intera\u00e7\u00e3o musical nas Bibliotecas de S\u00e3o Paulo, proporcionando uma experi\u00eancia educativa.<\/li>\n<li><strong>Conta\u00e7\u00e3o: Visitas Tem\u00e1ticas:<\/strong> Explorando a arquitetura e a hist\u00f3ria da cidade, por meio de roteiros educativos.<\/li>\n<\/ul>\n<p>Essas a\u00e7\u00f5es objetivam aproximar as crian\u00e7as e os jovens dos livros e da cultura brasileira.<\/p>\n<h2>Circuito de Cultura<\/h2>\n<p>Um circuito cultural intensificado ser\u00e1 montado, reunindo pontos de cultura em toda a cidade, destacando manifesta\u00e7\u00f5es art\u00edsticas locais e levando entretenimento a todos os cantos de S\u00e3o Paulo.<\/p>\n<ul>\n<li><strong>Oficinas de Arte:<\/strong> Em v\u00e1rios centros culturais, promovendo a intera\u00e7\u00e3o com t\u00e9cnicas art\u00edsticas diversas.<\/li>\n<li><strong>Espet\u00e1culos Teatrais:<\/strong> Que refletem a diversidade cultural da popula\u00e7\u00e3o e sua hist\u00f3ria.<\/li>\n<\/ul>\n<p>Essa proposta visa fortalecer as conex\u00f5es culturais e criar um espa\u00e7o acolhedor para todos os cidad\u00e3os.<\/p>\n<h2>Celebra\u00e7\u00e3o do Patrim\u00f4nio Hist\u00f3rico<\/h2>\n<p>A cidade de S\u00e3o Paulo possui um rico patrim\u00f4nio hist\u00f3rico que ser\u00e1 celebrado durante as festividades.<\/p>\n<ul>\n<li><strong>Visitas Guiadas:<\/strong> Roteiros por pontos hist\u00f3ricos, abordando suas hist\u00f3rias e significados.<\/li>\n<li><strong>Exposi\u00e7\u00f5es:<\/strong> Que ilustram a evolu\u00e7\u00e3o da cidade ao longo dos anos, destacando sua diversidade e riqueza cultural.<\/li>\n<\/ul>\n<p>Essas atividades t\u00eam como objetivo conscientizar a popula\u00e7\u00e3o sobre a import\u00e2ncia de preservar a mem\u00f3ria hist\u00f3rica da cidade.<\/p>\n<h2>Participa\u00e7\u00e3o da Comunidade na Festa<\/h2>\n<p>O envolvimento da comunidade \u00e9 fundamental para o sucesso das comemora\u00e7\u00f5es. A participa\u00e7\u00e3o popular ser\u00e1 incentivada atrav\u00e9s de:<\/p>\n<ul>\n<li><strong>Feiras e Eventos Locais:<\/strong> Onde os moradores poder\u00e3o expor sua arte, gastronomia e cultura.<\/li>\n<li><strong>Workshops e Palestras:<\/strong> Promover\u00e3o discuss\u00f5es sobre o futuro da cidade e seu desenvolvimento sustent\u00e1vel.<\/li>\n<\/ul>\n<p>A inclus\u00e3o de diversos segmentos da sociedade far\u00e1 com que as celebra\u00e7\u00f5es sejam ainda mais representativas e significativas.<\/p>\n<p>Assim, \u00e0s v\u00e9speras do anivers\u00e1rio de 472 anos de S\u00e3o Paulo, os cidad\u00e3os e visitantes ter\u00e3o a oportunidade de vivenciar e celebrar a rica tape\u00e7aria cultural e hist\u00f3rica que forma essa metr\u00f3pole \u00fanica, em um verdadeiro tributo \u00e0 sua vitalidade e diversidade.<\/p>\n\n<div style=\"font-size: 0px; height: 0px; line-height: 0px; margin: 0; padding: 0; clear: both;\"><\/div>","protected":false},"excerpt":{"rendered":"<p>A programa\u00e7\u00e3o do Anivers\u00e1rio de S\u00e3o Paulo 2026 est\u00e1 incr\u00edvel!<\/p>\n","protected":false},"author":1,"featured_media":2322,"comment_status":"open","ping_status":"closed","sticky":false,"template":"","format":"standard","meta":{"footnotes":""},"categories":[6],"tags":[],"class_list":["post-2323","post","type-post","status-publish","format-standard","has-post-thumbnail","hentry","category-noticias-no-bom-retiro","has_thumb"],"aioseo_notices":[],"aioseo_head":"\n\t\t<!-- All in One SEO 5.0.0.1 - aioseo.com -->\n\t<meta name=\"description\" content=\"A programa\u00e7\u00e3o do Anivers\u00e1rio de S\u00e3o Paulo 2026 est\u00e1 incr\u00edvel!\" \/>\n\t<meta name=\"robots\" content=\"max-image-preview:large\" \/>\n\t<meta name=\"author\" content=\"Encontra Bom Retiro\"\/>\n\t<link rel=\"canonical\" href=\"https:\/\/www.encontrabomretiro.com.br\/sobre\/programacao\/\" \/>\n\t<meta name=\"generator\" content=\"All in One SEO (AIOSEO) 5.0.0.1\" \/>\n\t\t<meta property=\"og:locale\" content=\"pt_BR\" \/>\n\t\t<meta property=\"og:site_name\" content=\"Encontra Bom Retiro | Not\u00edcias, eventos, informa\u00e7\u00f5es e dicas no bairro do Bom Retiro e regi\u00e3o.\" \/>\n\t\t<meta property=\"og:type\" content=\"article\" \/>\n\t\t<meta property=\"og:title\" content=\"Programa\u00e7\u00e3o | Encontra Bom Retiro\" \/>\n\t\t<meta property=\"og:description\" content=\"A programa\u00e7\u00e3o do Anivers\u00e1rio de S\u00e3o Paulo 2026 est\u00e1 incr\u00edvel!\" \/>\n\t\t<meta property=\"og:url\" content=\"https:\/\/www.encontrabomretiro.com.br\/sobre\/programacao\/\" \/>\n\t\t<meta property=\"article:published_time\" content=\"2026-01-24T12:09:44+00:00\" \/>\n\t\t<meta property=\"article:modified_time\" content=\"2026-01-24T12:09:44+00:00\" \/>\n\t\t<meta name=\"twitter:card\" content=\"summary_large_image\" \/>\n\t\t<meta name=\"twitter:title\" content=\"Programa\u00e7\u00e3o | Encontra Bom Retiro\" \/>\n\t\t<meta name=\"twitter:description\" content=\"A programa\u00e7\u00e3o do Anivers\u00e1rio de S\u00e3o Paulo 2026 est\u00e1 incr\u00edvel!\" \/>\n\t\t<script type=\"application\/ld+json\" class=\"aioseo-schema\">\n\t\t\t{\"@context\":\"https:\\\/\\\/schema.org\",\"@graph\":[{\"@type\":\"Article\",\"@id\":\"https:\\\/\\\/www.encontrabomretiro.com.br\\\/sobre\\\/programacao\\\/#article\",\"name\":\"Programa\\u00e7\\u00e3o | Encontra Bom Retiro\",\"headline\":\"Programa\\u00e7\\u00e3o\",\"author\":{\"@id\":\"https:\\\/\\\/www.encontrabomretiro.com.br\\\/sobre\\\/author\\\/ebomretiro\\\/#author\"},\"publisher\":{\"@id\":\"https:\\\/\\\/www.encontrabomretiro.com.br\\\/sobre\\\/#organization\"},\"image\":{\"@type\":\"ImageObject\",\"url\":\"https:\\\/\\\/www.encontrabomretiro.com.br\\\/sobre\\\/wp-content\\\/uploads\\\/2026\\\/01\\\/programacao.webp\",\"width\":280,\"height\":280,\"caption\":\"Anivers\\u00e1rio de S\\u00e3o Paulo 2026\"},\"datePublished\":\"2026-01-24T10:09:44-02:00\",\"dateModified\":\"2026-01-24T10:09:44-02:00\",\"inLanguage\":\"pt-BR\",\"mainEntityOfPage\":{\"@id\":\"https:\\\/\\\/www.encontrabomretiro.com.br\\\/sobre\\\/programacao\\\/#webpage\"},\"isPartOf\":{\"@id\":\"https:\\\/\\\/www.encontrabomretiro.com.br\\\/sobre\\\/programacao\\\/#webpage\"},\"articleSection\":\"Not\\u00edcias Bom Retiro\"},{\"@type\":\"BreadcrumbList\",\"@id\":\"https:\\\/\\\/www.encontrabomretiro.com.br\\\/sobre\\\/programacao\\\/#breadcrumblist\",\"itemListElement\":[{\"@type\":\"ListItem\",\"@id\":\"https:\\\/\\\/www.encontrabomretiro.com.br\\\/sobre#listItem\",\"position\":1,\"name\":\"Dom\\u00e9stica\",\"item\":\"https:\\\/\\\/www.encontrabomretiro.com.br\\\/sobre\",\"nextItem\":{\"@type\":\"ListItem\",\"@id\":\"https:\\\/\\\/www.encontrabomretiro.com.br\\\/sobre\\\/noticias-no-bom-retiro\\\/#listItem\",\"name\":\"Not\\u00edcias Bom Retiro\"}},{\"@type\":\"ListItem\",\"@id\":\"https:\\\/\\\/www.encontrabomretiro.com.br\\\/sobre\\\/noticias-no-bom-retiro\\\/#listItem\",\"position\":2,\"name\":\"Not\\u00edcias Bom Retiro\",\"item\":\"https:\\\/\\\/www.encontrabomretiro.com.br\\\/sobre\\\/noticias-no-bom-retiro\\\/\",\"nextItem\":{\"@type\":\"ListItem\",\"@id\":\"https:\\\/\\\/www.encontrabomretiro.com.br\\\/sobre\\\/programacao\\\/#listItem\",\"name\":\"Programa\\u00e7\\u00e3o\"},\"previousItem\":{\"@type\":\"ListItem\",\"@id\":\"https:\\\/\\\/www.encontrabomretiro.com.br\\\/sobre#listItem\",\"name\":\"Dom\\u00e9stica\"}},{\"@type\":\"ListItem\",\"@id\":\"https:\\\/\\\/www.encontrabomretiro.com.br\\\/sobre\\\/programacao\\\/#listItem\",\"position\":3,\"name\":\"Programa\\u00e7\\u00e3o\",\"previousItem\":{\"@type\":\"ListItem\",\"@id\":\"https:\\\/\\\/www.encontrabomretiro.com.br\\\/sobre\\\/noticias-no-bom-retiro\\\/#listItem\",\"name\":\"Not\\u00edcias Bom Retiro\"}}]},{\"@type\":\"Organization\",\"@id\":\"https:\\\/\\\/www.encontrabomretiro.com.br\\\/sobre\\\/#organization\",\"name\":\"Encontra Bom Retiro\",\"description\":\"Not\\u00edcias, eventos, informa\\u00e7\\u00f5es e dicas no bairro do Bom Retiro e regi\\u00e3o.\",\"url\":\"https:\\\/\\\/www.encontrabomretiro.com.br\\\/sobre\\\/\"},{\"@type\":\"Person\",\"@id\":\"https:\\\/\\\/www.encontrabomretiro.com.br\\\/sobre\\\/author\\\/ebomretiro\\\/#author\",\"url\":\"https:\\\/\\\/www.encontrabomretiro.com.br\\\/sobre\\\/author\\\/ebomretiro\\\/\",\"name\":\"Encontra Bom Retiro\",\"image\":{\"@type\":\"ImageObject\",\"@id\":\"https:\\\/\\\/www.encontrabomretiro.com.br\\\/sobre\\\/programacao\\\/#authorImage\",\"url\":\"https:\\\/\\\/secure.gravatar.com\\\/avatar\\\/507340682b8270222e1f208e23198b6ae7e2c6a1033ae84e99bc6bce4f82a387?s=96&d=mm&r=g\",\"width\":96,\"height\":96,\"caption\":\"Encontra Bom Retiro\"}},{\"@type\":\"WebPage\",\"@id\":\"https:\\\/\\\/www.encontrabomretiro.com.br\\\/sobre\\\/programacao\\\/#webpage\",\"url\":\"https:\\\/\\\/www.encontrabomretiro.com.br\\\/sobre\\\/programacao\\\/\",\"name\":\"Programa\\u00e7\\u00e3o | Encontra Bom Retiro\",\"description\":\"A programa\\u00e7\\u00e3o do Anivers\\u00e1rio de S\\u00e3o Paulo 2026 est\\u00e1 incr\\u00edvel!\",\"inLanguage\":\"pt-BR\",\"isPartOf\":{\"@id\":\"https:\\\/\\\/www.encontrabomretiro.com.br\\\/sobre\\\/#website\"},\"breadcrumb\":{\"@id\":\"https:\\\/\\\/www.encontrabomretiro.com.br\\\/sobre\\\/programacao\\\/#breadcrumblist\"},\"author\":{\"@id\":\"https:\\\/\\\/www.encontrabomretiro.com.br\\\/sobre\\\/author\\\/ebomretiro\\\/#author\"},\"creator\":{\"@id\":\"https:\\\/\\\/www.encontrabomretiro.com.br\\\/sobre\\\/author\\\/ebomretiro\\\/#author\"},\"image\":{\"@type\":\"ImageObject\",\"url\":\"https:\\\/\\\/www.encontrabomretiro.com.br\\\/sobre\\\/wp-content\\\/uploads\\\/2026\\\/01\\\/programacao.webp\",\"@id\":\"https:\\\/\\\/www.encontrabomretiro.com.br\\\/sobre\\\/programacao\\\/#mainImage\",\"width\":280,\"height\":280,\"caption\":\"Anivers\\u00e1rio de S\\u00e3o Paulo 2026\"},\"primaryImageOfPage\":{\"@id\":\"https:\\\/\\\/www.encontrabomretiro.com.br\\\/sobre\\\/programacao\\\/#mainImage\"},\"datePublished\":\"2026-01-24T10:09:44-02:00\",\"dateModified\":\"2026-01-24T10:09:44-02:00\"},{\"@type\":\"WebSite\",\"@id\":\"https:\\\/\\\/www.encontrabomretiro.com.br\\\/sobre\\\/#website\",\"url\":\"https:\\\/\\\/www.encontrabomretiro.com.br\\\/sobre\\\/\",\"name\":\"Encontra Bom Retiro\",\"description\":\"Not\\u00edcias, eventos, informa\\u00e7\\u00f5es e dicas no bairro do Bom Retiro e regi\\u00e3o.\",\"inLanguage\":\"pt-BR\",\"publisher\":{\"@id\":\"https:\\\/\\\/www.encontrabomretiro.com.br\\\/sobre\\\/#organization\"}}]}\n\t\t<\/script>\n\t\t<!-- All in One SEO -->\n\n","aioseo_head_json":{"title":"Programa\u00e7\u00e3o | Encontra Bom Retiro","description":"A programa\u00e7\u00e3o do Anivers\u00e1rio de S\u00e3o Paulo 2026 est\u00e1 incr\u00edvel!","canonical_url":"https:\/\/www.encontrabomretiro.com.br\/sobre\/programacao\/","robots":"max-image-preview:large","keywords":"","webmasterTools":{"miscellaneous":""},"schema":{"@context":"https:\/\/schema.org","@graph":[{"@type":"Article","@id":"https:\/\/www.encontrabomretiro.com.br\/sobre\/programacao\/#article","name":"Programa\u00e7\u00e3o | Encontra Bom Retiro","headline":"Programa\u00e7\u00e3o","author":{"@id":"https:\/\/www.encontrabomretiro.com.br\/sobre\/author\/ebomretiro\/#author"},"publisher":{"@id":"https:\/\/www.encontrabomretiro.com.br\/sobre\/#organization"},"image":{"@type":"ImageObject","url":"https:\/\/www.encontrabomretiro.com.br\/sobre\/wp-content\/uploads\/2026\/01\/programacao.webp","width":280,"height":280,"caption":"Anivers\u00e1rio de S\u00e3o Paulo 2026"},"datePublished":"2026-01-24T10:09:44-02:00","dateModified":"2026-01-24T10:09:44-02:00","inLanguage":"pt-BR","mainEntityOfPage":{"@id":"https:\/\/www.encontrabomretiro.com.br\/sobre\/programacao\/#webpage"},"isPartOf":{"@id":"https:\/\/www.encontrabomretiro.com.br\/sobre\/programacao\/#webpage"},"articleSection":"Not\u00edcias Bom Retiro"},{"@type":"BreadcrumbList","@id":"https:\/\/www.encontrabomretiro.com.br\/sobre\/programacao\/#breadcrumblist","itemListElement":[{"@type":"ListItem","@id":"https:\/\/www.encontrabomretiro.com.br\/sobre#listItem","position":1,"name":"Dom\u00e9stica","item":"https:\/\/www.encontrabomretiro.com.br\/sobre","nextItem":{"@type":"ListItem","@id":"https:\/\/www.encontrabomretiro.com.br\/sobre\/noticias-no-bom-retiro\/#listItem","name":"Not\u00edcias Bom Retiro"}},{"@type":"ListItem","@id":"https:\/\/www.encontrabomretiro.com.br\/sobre\/noticias-no-bom-retiro\/#listItem","position":2,"name":"Not\u00edcias Bom Retiro","item":"https:\/\/www.encontrabomretiro.com.br\/sobre\/noticias-no-bom-retiro\/","nextItem":{"@type":"ListItem","@id":"https:\/\/www.encontrabomretiro.com.br\/sobre\/programacao\/#listItem","name":"Programa\u00e7\u00e3o"},"previousItem":{"@type":"ListItem","@id":"https:\/\/www.encontrabomretiro.com.br\/sobre#listItem","name":"Dom\u00e9stica"}},{"@type":"ListItem","@id":"https:\/\/www.encontrabomretiro.com.br\/sobre\/programacao\/#listItem","position":3,"name":"Programa\u00e7\u00e3o","previousItem":{"@type":"ListItem","@id":"https:\/\/www.encontrabomretiro.com.br\/sobre\/noticias-no-bom-retiro\/#listItem","name":"Not\u00edcias Bom Retiro"}}]},{"@type":"Organization","@id":"https:\/\/www.encontrabomretiro.com.br\/sobre\/#organization","name":"Encontra Bom Retiro","description":"Not\u00edcias, eventos, informa\u00e7\u00f5es e dicas no bairro do Bom Retiro e regi\u00e3o.","url":"https:\/\/www.encontrabomretiro.com.br\/sobre\/"},{"@type":"Person","@id":"https:\/\/www.encontrabomretiro.com.br\/sobre\/author\/ebomretiro\/#author","url":"https:\/\/www.encontrabomretiro.com.br\/sobre\/author\/ebomretiro\/","name":"Encontra Bom Retiro","image":{"@type":"ImageObject","@id":"https:\/\/www.encontrabomretiro.com.br\/sobre\/programacao\/#authorImage","url":"https:\/\/secure.gravatar.com\/avatar\/507340682b8270222e1f208e23198b6ae7e2c6a1033ae84e99bc6bce4f82a387?s=96&d=mm&r=g","width":96,"height":96,"caption":"Encontra Bom Retiro"}},{"@type":"WebPage","@id":"https:\/\/www.encontrabomretiro.com.br\/sobre\/programacao\/#webpage","url":"https:\/\/www.encontrabomretiro.com.br\/sobre\/programacao\/","name":"Programa\u00e7\u00e3o | Encontra Bom Retiro","description":"A programa\u00e7\u00e3o do Anivers\u00e1rio de S\u00e3o Paulo 2026 est\u00e1 incr\u00edvel!","inLanguage":"pt-BR","isPartOf":{"@id":"https:\/\/www.encontrabomretiro.com.br\/sobre\/#website"},"breadcrumb":{"@id":"https:\/\/www.encontrabomretiro.com.br\/sobre\/programacao\/#breadcrumblist"},"author":{"@id":"https:\/\/www.encontrabomretiro.com.br\/sobre\/author\/ebomretiro\/#author"},"creator":{"@id":"https:\/\/www.encontrabomretiro.com.br\/sobre\/author\/ebomretiro\/#author"},"image":{"@type":"ImageObject","url":"https:\/\/www.encontrabomretiro.com.br\/sobre\/wp-content\/uploads\/2026\/01\/programacao.webp","@id":"https:\/\/www.encontrabomretiro.com.br\/sobre\/programacao\/#mainImage","width":280,"height":280,"caption":"Anivers\u00e1rio de S\u00e3o Paulo 2026"},"primaryImageOfPage":{"@id":"https:\/\/www.encontrabomretiro.com.br\/sobre\/programacao\/#mainImage"},"datePublished":"2026-01-24T10:09:44-02:00","dateModified":"2026-01-24T10:09:44-02:00"},{"@type":"WebSite","@id":"https:\/\/www.encontrabomretiro.com.br\/sobre\/#website","url":"https:\/\/www.encontrabomretiro.com.br\/sobre\/","name":"Encontra Bom Retiro","description":"Not\u00edcias, eventos, informa\u00e7\u00f5es e dicas no bairro do Bom Retiro e regi\u00e3o.","inLanguage":"pt-BR","publisher":{"@id":"https:\/\/www.encontrabomretiro.com.br\/sobre\/#organization"}}]},"og:locale":"pt_BR","og:site_name":"Encontra Bom Retiro | Not\u00edcias, eventos, informa\u00e7\u00f5es e dicas no bairro do Bom Retiro e regi\u00e3o.","og:type":"article","og:title":"Programa\u00e7\u00e3o | Encontra Bom Retiro","og:description":"A programa\u00e7\u00e3o do Anivers\u00e1rio de S\u00e3o Paulo 2026 est\u00e1 incr\u00edvel!","og:url":"https:\/\/www.encontrabomretiro.com.br\/sobre\/programacao\/","article:published_time":"2026-01-24T12:09:44+00:00","article:modified_time":"2026-01-24T12:09:44+00:00","twitter:card":"summary_large_image","twitter:title":"Programa\u00e7\u00e3o | Encontra Bom Retiro","twitter:description":"A programa\u00e7\u00e3o do Anivers\u00e1rio de S\u00e3o Paulo 2026 est\u00e1 incr\u00edvel!"},"aioseo_meta_data":{"post_id":"2323","title":null,"description":null,"keywords":null,"keyphrases":null,"primary_term":null,"canonical_url":null,"og_title":null,"og_description":null,"og_object_type":"default","og_image_type":"default","og_image_url":null,"og_image_width":null,"og_image_height":null,"og_image_custom_url":null,"og_image_custom_fields":null,"og_video":null,"og_custom_url":null,"og_article_section":null,"og_article_tags":null,"twitter_use_og":false,"twitter_card":"default","twitter_image_type":"default","twitter_image_url":null,"twitter_image_custom_url":null,"twitter_image_custom_fields":null,"twitter_title":null,"twitter_description":null,"schema":{"blockGraphs":[],"customGraphs":[],"default":{"data":{"Article":[],"Course":[],"Dataset":[],"FAQPage":[],"Movie":[],"Person":[],"Product":[],"ProductReview":[],"Car":[],"Recipe":[],"Service":[],"SoftwareApplication":[],"WebPage":[]},"graphName":"Article","isEnabled":true},"graphs":[]},"schema_type":"default","schema_type_options":null,"pillar_content":false,"robots_default":true,"robots_noindex":false,"robots_noarchive":false,"robots_nosnippet":false,"robots_nofollow":false,"robots_noimageindex":false,"robots_noodp":false,"robots_notranslate":false,"robots_max_snippet":null,"robots_max_videopreview":null,"robots_max_imagepreview":"large","priority":null,"frequency":null,"local_seo":null,"breadcrumb_settings":null,"limit_modified_date":false,"ai":null,"created":"2026-01-24 12:09:48","updated":"2026-01-24 12:14:49","focus_keyword":null,"additional_keywords":null,"truseo_locale":null,"seo_analyzer_scan_date":null},"aioseo_breadcrumb":"<div class=\"aioseo-breadcrumbs\"><span class=\"aioseo-breadcrumb\">\n\t\t\t<a href=\"https:\/\/www.encontrabomretiro.com.br\/sobre\" title=\"Dom\u00e9stica\">Dom\u00e9stica<\/a>\n\t\t<\/span><span class=\"aioseo-breadcrumb-separator\">&raquo;<\/span><span class=\"aioseo-breadcrumb\">\n\t\t\t<a href=\"https:\/\/www.encontrabomretiro.com.br\/sobre\/noticias-no-bom-retiro\/\" title=\"Not\u00edcias Bom Retiro\">Not\u00edcias Bom Retiro<\/a>\n\t\t<\/span><span class=\"aioseo-breadcrumb-separator\">&raquo;<\/span><span class=\"aioseo-breadcrumb\">\n\t\t\tPrograma\u00e7\u00e3o\n\t\t<\/span><\/div>","aioseo_breadcrumb_json":[{"label":"Dom\u00e9stica","link":"https:\/\/www.encontrabomretiro.com.br\/sobre"},{"label":"Not\u00edcias Bom Retiro","link":"https:\/\/www.encontrabomretiro.com.br\/sobre\/noticias-no-bom-retiro\/"},{"label":"Programa\u00e7\u00e3o","link":"https:\/\/www.encontrabomretiro.com.br\/sobre\/programacao\/"}],"_links":{"self":[{"href":"https:\/\/www.encontrabomretiro.com.br\/sobre\/wp-json\/wp\/v2\/posts\/2323","targetHints":{"allow":["GET"]}}],"collection":[{"href":"https:\/\/www.encontrabomretiro.com.br\/sobre\/wp-json\/wp\/v2\/posts"}],"about":[{"href":"https:\/\/www.encontrabomretiro.com.br\/sobre\/wp-json\/wp\/v2\/types\/post"}],"author":[{"embeddable":true,"href":"https:\/\/www.encontrabomretiro.com.br\/sobre\/wp-json\/wp\/v2\/users\/1"}],"replies":[{"embeddable":true,"href":"https:\/\/www.encontrabomretiro.com.br\/sobre\/wp-json\/wp\/v2\/comments?post=2323"}],"version-history":[{"count":0,"href":"https:\/\/www.encontrabomretiro.com.br\/sobre\/wp-json\/wp\/v2\/posts\/2323\/revisions"}],"wp:featuredmedia":[{"embeddable":true,"href":"https:\/\/www.encontrabomretiro.com.br\/sobre\/wp-json\/wp\/v2\/media\/2322"}],"wp:attachment":[{"href":"https:\/\/www.encontrabomretiro.com.br\/sobre\/wp-json\/wp\/v2\/media?parent=2323"}],"wp:term":[{"taxonomy":"category","embeddable":true,"href":"https:\/\/www.encontrabomretiro.com.br\/sobre\/wp-json\/wp\/v2\/categories?post=2323"},{"taxonomy":"post_tag","embeddable":true,"href":"https:\/\/www.encontrabomretiro.com.br\/sobre\/wp-json\/wp\/v2\/tags?post=2323"}],"curies":[{"name":"wp","href":"https:\/\/api.w.org\/{rel}","templated":true}]}}