{"id":2321,"date":"2026-01-24T10:08:27","date_gmt":"2026-01-24T12:08:27","guid":{"rendered":"https:\/\/www.encontrabomretiro.com.br\/sobre\/cena-contra-fome-tera-garage-fuzz-e-deb-and-the-mentals-no-hangar-110-em-sao-paulo-sp\/"},"modified":"2026-01-24T10:08:27","modified_gmt":"2026-01-24T12:08:27","slug":"cena-contra-fome-tera-garage-fuzz-e-deb-and-the-mentals-no-hangar-110-em-sao-paulo-sp","status":"publish","type":"post","link":"https:\/\/www.encontrabomretiro.com.br\/sobre\/cena-contra-fome-tera-garage-fuzz-e-deb-and-the-mentals-no-hangar-110-em-sao-paulo-sp\/","title":{"rendered":"Cena Contra Fome ter\u00e1 Garage Fuzz e Deb and The Mentals no Hangar 110, em S\u00e3o Paulo (SP)"},"content":{"rendered":"<div class=\"228b65ae207de3c5c501cfe75875708b\" data-index=\"1\" style=\"float: none; margin:0px;\">\n<!-- Anuncio display - global -->\r\n<ins class=\"adsbygoogle\"\r\n     style=\"display:block\"\r\n     data-ad-client=\"ca-pub-8585364105181520\"\r\n     data-ad-slot=\"8789329856\"\r\n     data-ad-format=\"auto\"\r\n     data-full-width-responsive=\"true\"><\/ins>\r\n<script>\r\n     (adsbygoogle = window.adsbygoogle || []).push({});\r\n<\/script>\n<\/div>\n<h2>O que \u00e9 o Cena Contra Fome?<\/h2>\n<p>O <strong>Cena Contra Fome<\/strong> \u00e9 uma campanha solid\u00e1ria que busca unir bandas e produtora na luta contra a desigualdade social em S\u00e3o Paulo. Com um formato de festival musical, o evento oferece uma plataforma para artistas e grupos locais se apresentarem enquanto arrecadam fundos e alimentos para ajudar aqueles que mais precisam.<\/p>\n<h2>Por que Apoiar o Festival?<\/h2>\n<p>Apoiar o Cena Contra Fome \u00e9 contribuir para uma causa nobre, pois todo o dinheiro e os alimentos arrecadados ser\u00e3o direcionados para institui\u00e7\u00f5es que trabalham na assist\u00eancia social. Al\u00e9m disso, o evento promove a cultura, a m\u00fasica e a uni\u00e3o entre as comunidades.<\/p>\n<h2>Bandas Confirmadas para o Evento<\/h2>\n<p>A programa\u00e7\u00e3o do festival \u00e9 recheada de talento e diversidade musical. Entre as bandas confirmadas para essa edi\u00e7\u00e3o est\u00e3o:<\/p>\n<p><img decoding=\"async\" src=\"https:\/\/www.encontrabomretiro.com.br\/sobre\/wp-content\/uploads\/2026\/01\/cena-contra-fome-tera-garage-fuzz-e-deb-and-the-mentals-no-hangar-110-em-sao-paulo-sp.webp\" alt=\"Cena Contra Fome\" loading=\"lazy\" \/><\/p>\n<ul>\n<li><strong>Bayside Kings<\/strong><\/li>\n<li><strong>Contra o C\u00e9u<\/strong><\/li>\n<li><strong>Deb and the Mentals<\/strong><\/li>\n<li><strong>Garage Fuzz<\/strong><\/li>\n<li><strong>Karma Chord<\/strong><\/li>\n<li><strong>Sugar Kane<\/strong><\/li>\n<li><strong>Swave<\/strong><\/li>\n<li><strong>Under Influence<\/strong><\/li>\n<li><strong>Wasted Kidds<\/strong><\/li>\n<li><strong>Zander<\/strong><\/li>\n<\/ul>\n<h2>Como Participar e Contribuir<\/h2>\n<p>Participar do Cena Contra Fome \u00e9 simples. Os ingressos podem ser comprados com um valor acess\u00edvel de apenas R$ 10 e a doa\u00e7\u00e3o de cinco quilos de alimentos. Isso garante a entrada no festival e ainda contribui para uma boa causa. \u00c9 uma forma de divers\u00e3o que se transforma em solidariedade.<\/p>\n<h2>Hist\u00f3ria do Hangar 110<\/h2>\n<p>O <strong>Hangar 110<\/strong> \u00e9 um dos locais mais emblem\u00e1ticos de S\u00e3o Paulo para eventos musicais, conhecido por sua estrutura que apoia artistas emergentes. Situado na Rua Rodolfo Miranda, 110, no Bom Retiro, o espa\u00e7o j\u00e1 abrigou diversos shows e festivais, consolidando-se como um ponto de encontro para os amantes da m\u00fasica.<\/p>\n<h2>Impacto Social do Festival<\/h2>\n<p>O impacto social do Cena Contra Fome \u00e9 significativo. Assim como outras iniciativas de arrecada\u00e7\u00e3o, ele visa atender as necessidades de comunidades carentes, promovendo n\u00e3o apenas a doa\u00e7\u00e3o de alimentos, mas tamb\u00e9m a conscientiza\u00e7\u00e3o sobre as quest\u00f5es sociais. Em sua primeira edi\u00e7\u00e3o, a meta \u00e9 arrecadar tr\u00eas toneladas de alimentos para serem distribu\u00eddos por ONGs.<\/p>\n<h2>Ingressos e Informa\u00e7\u00f5es<\/h2>\n<p>A edi\u00e7\u00e3o de 2026 do Cena Contra Fome ocorrer\u00e1 no dia 14 de fevereiro, um s\u00e1bado, no Hangar 110. Os ingressos podem ser adquiridos atrav\u00e9s da plataforma <a href=\"https:\/\/101tickets.com.br\/events\/details\/Cena-Contra-Fome-2026\">101 Tickets<\/a>, onde detalhadamente, voc\u00ea encontrar\u00e1 todas as informa\u00e7\u00f5es sobre o evento.<\/p>\n<h2>A Import\u00e2ncia de Arrecadar Alimentos<\/h2>\n<p>A arrecada\u00e7\u00e3o de alimentos \u00e9 extremamente crucial em um contexto de vulnerabilidade social, onde muitas fam\u00edlias enfrentam inseguran\u00e7a alimentar. O Cena Contra Fome n\u00e3o apenas fornece um entretenimento acess\u00edvel, mas tamb\u00e9m promove uma resposta direta a essa car\u00eancia, fazendo com que a m\u00fasica se torne um ve\u00edculo de esperan\u00e7a e mudan\u00e7a.<\/p>\n<h2>Testemunhos de Participantes Anteriores<\/h2>\n<p>Participantes de edi\u00e7\u00f5es anteriores frequentemente relatam experi\u00eancias profundas e gratificantes. Muitos destacam como a combina\u00e7\u00e3o de m\u00fasica e a boa causa criam um ambiente de solidariedade e coletividade. Esses testemunhos n\u00e3o s\u00e3o apenas inspiradores, mas tamb\u00e9m incentivam novos p\u00fablicos a se envolverem.<\/p>\n<h2>Expectativas para a Edi\u00e7\u00e3o de 2026<\/h2>\n<p>A expectativa para a edi\u00e7\u00e3o de 2026 \u00e9 alta, com bandas reconhecidas e uma programa\u00e7\u00e3o cheia de energia. Com a experi\u00eancia adquirida nas edi\u00e7\u00f5es anteriores, os organizadores est\u00e3o prontos para entregar um evento ainda mais impactante, promovendo um legado de solidariedade atrav\u00e9s da m\u00fasica. O entusiasmo \u00e9 palp\u00e1vel, e o esfor\u00e7o conjunto promete alcan\u00e7ar muitas vidas.<\/p>\n\n<div style=\"font-size: 0px; height: 0px; line-height: 0px; margin: 0; padding: 0; clear: both;\"><\/div>","protected":false},"excerpt":{"rendered":"<p>Cena Contra Fome ser\u00e1 um festival que unir\u00e1 m\u00fasica e solidariedade em S\u00e3o Paulo.<\/p>\n","protected":false},"author":1,"featured_media":2320,"comment_status":"open","ping_status":"closed","sticky":false,"template":"","format":"standard","meta":{"footnotes":""},"categories":[6],"tags":[],"class_list":["post-2321","post","type-post","status-publish","format-standard","has-post-thumbnail","hentry","category-noticias-no-bom-retiro","has_thumb"],"aioseo_notices":[],"aioseo_head":"\n\t\t<!-- All in One SEO 5.0.0.1 - aioseo.com -->\n\t<meta name=\"description\" content=\"Cena Contra Fome ser\u00e1 um festival que unir\u00e1 m\u00fasica e solidariedade em S\u00e3o Paulo.\" \/>\n\t<meta name=\"robots\" content=\"max-image-preview:large\" \/>\n\t<meta name=\"author\" content=\"Encontra Bom Retiro\"\/>\n\t<link rel=\"canonical\" href=\"https:\/\/www.encontrabomretiro.com.br\/sobre\/cena-contra-fome-tera-garage-fuzz-e-deb-and-the-mentals-no-hangar-110-em-sao-paulo-sp\/\" \/>\n\t<meta name=\"generator\" content=\"All in One SEO (AIOSEO) 5.0.0.1\" \/>\n\t\t<meta property=\"og:locale\" content=\"pt_BR\" \/>\n\t\t<meta property=\"og:site_name\" content=\"Encontra Bom Retiro | Not\u00edcias, eventos, informa\u00e7\u00f5es e dicas no bairro do Bom Retiro e regi\u00e3o.\" \/>\n\t\t<meta property=\"og:type\" content=\"article\" \/>\n\t\t<meta property=\"og:title\" content=\"Cena Contra Fome ter\u00e1 Garage Fuzz e Deb and The Mentals no Hangar 110, em S\u00e3o Paulo (SP) | Encontra Bom Retiro\" \/>\n\t\t<meta property=\"og:description\" content=\"Cena Contra Fome ser\u00e1 um festival que unir\u00e1 m\u00fasica e solidariedade em S\u00e3o Paulo.\" \/>\n\t\t<meta property=\"og:url\" content=\"https:\/\/www.encontrabomretiro.com.br\/sobre\/cena-contra-fome-tera-garage-fuzz-e-deb-and-the-mentals-no-hangar-110-em-sao-paulo-sp\/\" \/>\n\t\t<meta property=\"article:published_time\" content=\"2026-01-24T12:08:27+00:00\" \/>\n\t\t<meta property=\"article:modified_time\" content=\"2026-01-24T12:08:27+00:00\" \/>\n\t\t<meta name=\"twitter:card\" content=\"summary_large_image\" \/>\n\t\t<meta name=\"twitter:title\" content=\"Cena Contra Fome ter\u00e1 Garage Fuzz e Deb and The Mentals no Hangar 110, em S\u00e3o Paulo (SP) | Encontra Bom Retiro\" \/>\n\t\t<meta name=\"twitter:description\" content=\"Cena Contra Fome ser\u00e1 um festival que unir\u00e1 m\u00fasica e solidariedade em S\u00e3o Paulo.\" \/>\n\t\t<script type=\"application\/ld+json\" class=\"aioseo-schema\">\n\t\t\t{\"@context\":\"https:\\\/\\\/schema.org\",\"@graph\":[{\"@type\":\"Article\",\"@id\":\"https:\\\/\\\/www.encontrabomretiro.com.br\\\/sobre\\\/cena-contra-fome-tera-garage-fuzz-e-deb-and-the-mentals-no-hangar-110-em-sao-paulo-sp\\\/#article\",\"name\":\"Cena Contra Fome ter\\u00e1 Garage Fuzz e Deb and The Mentals no Hangar 110, em S\\u00e3o Paulo (SP) | Encontra Bom Retiro\",\"headline\":\"Cena Contra Fome ter\\u00e1 Garage Fuzz e Deb and The Mentals no Hangar 110, em S\\u00e3o Paulo (SP)\",\"author\":{\"@id\":\"https:\\\/\\\/www.encontrabomretiro.com.br\\\/sobre\\\/author\\\/ebomretiro\\\/#author\"},\"publisher\":{\"@id\":\"https:\\\/\\\/www.encontrabomretiro.com.br\\\/sobre\\\/#organization\"},\"image\":{\"@type\":\"ImageObject\",\"url\":\"https:\\\/\\\/www.encontrabomretiro.com.br\\\/sobre\\\/wp-content\\\/uploads\\\/2026\\\/01\\\/cena-contra-fome-tera-garage-fuzz-e-deb-and-the-mentals-no-hangar-110-em-sao-paulo-sp.webp\",\"width\":280,\"height\":280,\"caption\":\"Cena Contra Fome\"},\"datePublished\":\"2026-01-24T10:08:27-02:00\",\"dateModified\":\"2026-01-24T10:08:27-02:00\",\"inLanguage\":\"pt-BR\",\"mainEntityOfPage\":{\"@id\":\"https:\\\/\\\/www.encontrabomretiro.com.br\\\/sobre\\\/cena-contra-fome-tera-garage-fuzz-e-deb-and-the-mentals-no-hangar-110-em-sao-paulo-sp\\\/#webpage\"},\"isPartOf\":{\"@id\":\"https:\\\/\\\/www.encontrabomretiro.com.br\\\/sobre\\\/cena-contra-fome-tera-garage-fuzz-e-deb-and-the-mentals-no-hangar-110-em-sao-paulo-sp\\\/#webpage\"},\"articleSection\":\"Not\\u00edcias Bom Retiro\"},{\"@type\":\"BreadcrumbList\",\"@id\":\"https:\\\/\\\/www.encontrabomretiro.com.br\\\/sobre\\\/cena-contra-fome-tera-garage-fuzz-e-deb-and-the-mentals-no-hangar-110-em-sao-paulo-sp\\\/#breadcrumblist\",\"itemListElement\":[{\"@type\":\"ListItem\",\"@id\":\"https:\\\/\\\/www.encontrabomretiro.com.br\\\/sobre#listItem\",\"position\":1,\"name\":\"Dom\\u00e9stica\",\"item\":\"https:\\\/\\\/www.encontrabomretiro.com.br\\\/sobre\",\"nextItem\":{\"@type\":\"ListItem\",\"@id\":\"https:\\\/\\\/www.encontrabomretiro.com.br\\\/sobre\\\/noticias-no-bom-retiro\\\/#listItem\",\"name\":\"Not\\u00edcias Bom Retiro\"}},{\"@type\":\"ListItem\",\"@id\":\"https:\\\/\\\/www.encontrabomretiro.com.br\\\/sobre\\\/noticias-no-bom-retiro\\\/#listItem\",\"position\":2,\"name\":\"Not\\u00edcias Bom Retiro\",\"item\":\"https:\\\/\\\/www.encontrabomretiro.com.br\\\/sobre\\\/noticias-no-bom-retiro\\\/\",\"nextItem\":{\"@type\":\"ListItem\",\"@id\":\"https:\\\/\\\/www.encontrabomretiro.com.br\\\/sobre\\\/cena-contra-fome-tera-garage-fuzz-e-deb-and-the-mentals-no-hangar-110-em-sao-paulo-sp\\\/#listItem\",\"name\":\"Cena Contra Fome ter\\u00e1 Garage Fuzz e Deb and The Mentals no Hangar 110, em S\\u00e3o Paulo (SP)\"},\"previousItem\":{\"@type\":\"ListItem\",\"@id\":\"https:\\\/\\\/www.encontrabomretiro.com.br\\\/sobre#listItem\",\"name\":\"Dom\\u00e9stica\"}},{\"@type\":\"ListItem\",\"@id\":\"https:\\\/\\\/www.encontrabomretiro.com.br\\\/sobre\\\/cena-contra-fome-tera-garage-fuzz-e-deb-and-the-mentals-no-hangar-110-em-sao-paulo-sp\\\/#listItem\",\"position\":3,\"name\":\"Cena Contra Fome ter\\u00e1 Garage Fuzz e Deb and The Mentals no Hangar 110, em S\\u00e3o Paulo (SP)\",\"previousItem\":{\"@type\":\"ListItem\",\"@id\":\"https:\\\/\\\/www.encontrabomretiro.com.br\\\/sobre\\\/noticias-no-bom-retiro\\\/#listItem\",\"name\":\"Not\\u00edcias Bom Retiro\"}}]},{\"@type\":\"Organization\",\"@id\":\"https:\\\/\\\/www.encontrabomretiro.com.br\\\/sobre\\\/#organization\",\"name\":\"Encontra Bom Retiro\",\"description\":\"Not\\u00edcias, eventos, informa\\u00e7\\u00f5es e dicas no bairro do Bom Retiro e regi\\u00e3o.\",\"url\":\"https:\\\/\\\/www.encontrabomretiro.com.br\\\/sobre\\\/\"},{\"@type\":\"Person\",\"@id\":\"https:\\\/\\\/www.encontrabomretiro.com.br\\\/sobre\\\/author\\\/ebomretiro\\\/#author\",\"url\":\"https:\\\/\\\/www.encontrabomretiro.com.br\\\/sobre\\\/author\\\/ebomretiro\\\/\",\"name\":\"Encontra Bom Retiro\",\"image\":{\"@type\":\"ImageObject\",\"@id\":\"https:\\\/\\\/www.encontrabomretiro.com.br\\\/sobre\\\/cena-contra-fome-tera-garage-fuzz-e-deb-and-the-mentals-no-hangar-110-em-sao-paulo-sp\\\/#authorImage\",\"url\":\"https:\\\/\\\/secure.gravatar.com\\\/avatar\\\/507340682b8270222e1f208e23198b6ae7e2c6a1033ae84e99bc6bce4f82a387?s=96&d=mm&r=g\",\"width\":96,\"height\":96,\"caption\":\"Encontra Bom Retiro\"}},{\"@type\":\"WebPage\",\"@id\":\"https:\\\/\\\/www.encontrabomretiro.com.br\\\/sobre\\\/cena-contra-fome-tera-garage-fuzz-e-deb-and-the-mentals-no-hangar-110-em-sao-paulo-sp\\\/#webpage\",\"url\":\"https:\\\/\\\/www.encontrabomretiro.com.br\\\/sobre\\\/cena-contra-fome-tera-garage-fuzz-e-deb-and-the-mentals-no-hangar-110-em-sao-paulo-sp\\\/\",\"name\":\"Cena Contra Fome ter\\u00e1 Garage Fuzz e Deb and The Mentals no Hangar 110, em S\\u00e3o Paulo (SP) | Encontra Bom Retiro\",\"description\":\"Cena Contra Fome ser\\u00e1 um festival que unir\\u00e1 m\\u00fasica e solidariedade em S\\u00e3o Paulo.\",\"inLanguage\":\"pt-BR\",\"isPartOf\":{\"@id\":\"https:\\\/\\\/www.encontrabomretiro.com.br\\\/sobre\\\/#website\"},\"breadcrumb\":{\"@id\":\"https:\\\/\\\/www.encontrabomretiro.com.br\\\/sobre\\\/cena-contra-fome-tera-garage-fuzz-e-deb-and-the-mentals-no-hangar-110-em-sao-paulo-sp\\\/#breadcrumblist\"},\"author\":{\"@id\":\"https:\\\/\\\/www.encontrabomretiro.com.br\\\/sobre\\\/author\\\/ebomretiro\\\/#author\"},\"creator\":{\"@id\":\"https:\\\/\\\/www.encontrabomretiro.com.br\\\/sobre\\\/author\\\/ebomretiro\\\/#author\"},\"image\":{\"@type\":\"ImageObject\",\"url\":\"https:\\\/\\\/www.encontrabomretiro.com.br\\\/sobre\\\/wp-content\\\/uploads\\\/2026\\\/01\\\/cena-contra-fome-tera-garage-fuzz-e-deb-and-the-mentals-no-hangar-110-em-sao-paulo-sp.webp\",\"@id\":\"https:\\\/\\\/www.encontrabomretiro.com.br\\\/sobre\\\/cena-contra-fome-tera-garage-fuzz-e-deb-and-the-mentals-no-hangar-110-em-sao-paulo-sp\\\/#mainImage\",\"width\":280,\"height\":280,\"caption\":\"Cena Contra Fome\"},\"primaryImageOfPage\":{\"@id\":\"https:\\\/\\\/www.encontrabomretiro.com.br\\\/sobre\\\/cena-contra-fome-tera-garage-fuzz-e-deb-and-the-mentals-no-hangar-110-em-sao-paulo-sp\\\/#mainImage\"},\"datePublished\":\"2026-01-24T10:08:27-02:00\",\"dateModified\":\"2026-01-24T10:08:27-02:00\"},{\"@type\":\"WebSite\",\"@id\":\"https:\\\/\\\/www.encontrabomretiro.com.br\\\/sobre\\\/#website\",\"url\":\"https:\\\/\\\/www.encontrabomretiro.com.br\\\/sobre\\\/\",\"name\":\"Encontra Bom Retiro\",\"description\":\"Not\\u00edcias, eventos, informa\\u00e7\\u00f5es e dicas no bairro do Bom Retiro e regi\\u00e3o.\",\"inLanguage\":\"pt-BR\",\"publisher\":{\"@id\":\"https:\\\/\\\/www.encontrabomretiro.com.br\\\/sobre\\\/#organization\"}}]}\n\t\t<\/script>\n\t\t<!-- All in One SEO -->\n\n","aioseo_head_json":{"title":"Cena Contra Fome ter\u00e1 Garage Fuzz e Deb and The Mentals no Hangar 110, em S\u00e3o Paulo (SP) | Encontra Bom Retiro","description":"Cena Contra Fome ser\u00e1 um festival que unir\u00e1 m\u00fasica e solidariedade em S\u00e3o Paulo.","canonical_url":"https:\/\/www.encontrabomretiro.com.br\/sobre\/cena-contra-fome-tera-garage-fuzz-e-deb-and-the-mentals-no-hangar-110-em-sao-paulo-sp\/","robots":"max-image-preview:large","keywords":"","webmasterTools":{"miscellaneous":""},"schema":{"@context":"https:\/\/schema.org","@graph":[{"@type":"Article","@id":"https:\/\/www.encontrabomretiro.com.br\/sobre\/cena-contra-fome-tera-garage-fuzz-e-deb-and-the-mentals-no-hangar-110-em-sao-paulo-sp\/#article","name":"Cena Contra Fome ter\u00e1 Garage Fuzz e Deb and The Mentals no Hangar 110, em S\u00e3o Paulo (SP) | Encontra Bom Retiro","headline":"Cena Contra Fome ter\u00e1 Garage Fuzz e Deb and The Mentals no Hangar 110, em S\u00e3o Paulo (SP)","author":{"@id":"https:\/\/www.encontrabomretiro.com.br\/sobre\/author\/ebomretiro\/#author"},"publisher":{"@id":"https:\/\/www.encontrabomretiro.com.br\/sobre\/#organization"},"image":{"@type":"ImageObject","url":"https:\/\/www.encontrabomretiro.com.br\/sobre\/wp-content\/uploads\/2026\/01\/cena-contra-fome-tera-garage-fuzz-e-deb-and-the-mentals-no-hangar-110-em-sao-paulo-sp.webp","width":280,"height":280,"caption":"Cena Contra Fome"},"datePublished":"2026-01-24T10:08:27-02:00","dateModified":"2026-01-24T10:08:27-02:00","inLanguage":"pt-BR","mainEntityOfPage":{"@id":"https:\/\/www.encontrabomretiro.com.br\/sobre\/cena-contra-fome-tera-garage-fuzz-e-deb-and-the-mentals-no-hangar-110-em-sao-paulo-sp\/#webpage"},"isPartOf":{"@id":"https:\/\/www.encontrabomretiro.com.br\/sobre\/cena-contra-fome-tera-garage-fuzz-e-deb-and-the-mentals-no-hangar-110-em-sao-paulo-sp\/#webpage"},"articleSection":"Not\u00edcias Bom Retiro"},{"@type":"BreadcrumbList","@id":"https:\/\/www.encontrabomretiro.com.br\/sobre\/cena-contra-fome-tera-garage-fuzz-e-deb-and-the-mentals-no-hangar-110-em-sao-paulo-sp\/#breadcrumblist","itemListElement":[{"@type":"ListItem","@id":"https:\/\/www.encontrabomretiro.com.br\/sobre#listItem","position":1,"name":"Dom\u00e9stica","item":"https:\/\/www.encontrabomretiro.com.br\/sobre","nextItem":{"@type":"ListItem","@id":"https:\/\/www.encontrabomretiro.com.br\/sobre\/noticias-no-bom-retiro\/#listItem","name":"Not\u00edcias Bom Retiro"}},{"@type":"ListItem","@id":"https:\/\/www.encontrabomretiro.com.br\/sobre\/noticias-no-bom-retiro\/#listItem","position":2,"name":"Not\u00edcias Bom Retiro","item":"https:\/\/www.encontrabomretiro.com.br\/sobre\/noticias-no-bom-retiro\/","nextItem":{"@type":"ListItem","@id":"https:\/\/www.encontrabomretiro.com.br\/sobre\/cena-contra-fome-tera-garage-fuzz-e-deb-and-the-mentals-no-hangar-110-em-sao-paulo-sp\/#listItem","name":"Cena Contra Fome ter\u00e1 Garage Fuzz e Deb and The Mentals no Hangar 110, em S\u00e3o Paulo (SP)"},"previousItem":{"@type":"ListItem","@id":"https:\/\/www.encontrabomretiro.com.br\/sobre#listItem","name":"Dom\u00e9stica"}},{"@type":"ListItem","@id":"https:\/\/www.encontrabomretiro.com.br\/sobre\/cena-contra-fome-tera-garage-fuzz-e-deb-and-the-mentals-no-hangar-110-em-sao-paulo-sp\/#listItem","position":3,"name":"Cena Contra Fome ter\u00e1 Garage Fuzz e Deb and The Mentals no Hangar 110, em S\u00e3o Paulo (SP)","previousItem":{"@type":"ListItem","@id":"https:\/\/www.encontrabomretiro.com.br\/sobre\/noticias-no-bom-retiro\/#listItem","name":"Not\u00edcias Bom Retiro"}}]},{"@type":"Organization","@id":"https:\/\/www.encontrabomretiro.com.br\/sobre\/#organization","name":"Encontra Bom Retiro","description":"Not\u00edcias, eventos, informa\u00e7\u00f5es e dicas no bairro do Bom Retiro e regi\u00e3o.","url":"https:\/\/www.encontrabomretiro.com.br\/sobre\/"},{"@type":"Person","@id":"https:\/\/www.encontrabomretiro.com.br\/sobre\/author\/ebomretiro\/#author","url":"https:\/\/www.encontrabomretiro.com.br\/sobre\/author\/ebomretiro\/","name":"Encontra Bom Retiro","image":{"@type":"ImageObject","@id":"https:\/\/www.encontrabomretiro.com.br\/sobre\/cena-contra-fome-tera-garage-fuzz-e-deb-and-the-mentals-no-hangar-110-em-sao-paulo-sp\/#authorImage","url":"https:\/\/secure.gravatar.com\/avatar\/507340682b8270222e1f208e23198b6ae7e2c6a1033ae84e99bc6bce4f82a387?s=96&d=mm&r=g","width":96,"height":96,"caption":"Encontra Bom Retiro"}},{"@type":"WebPage","@id":"https:\/\/www.encontrabomretiro.com.br\/sobre\/cena-contra-fome-tera-garage-fuzz-e-deb-and-the-mentals-no-hangar-110-em-sao-paulo-sp\/#webpage","url":"https:\/\/www.encontrabomretiro.com.br\/sobre\/cena-contra-fome-tera-garage-fuzz-e-deb-and-the-mentals-no-hangar-110-em-sao-paulo-sp\/","name":"Cena Contra Fome ter\u00e1 Garage Fuzz e Deb and The Mentals no Hangar 110, em S\u00e3o Paulo (SP) | Encontra Bom Retiro","description":"Cena Contra Fome ser\u00e1 um festival que unir\u00e1 m\u00fasica e solidariedade em S\u00e3o Paulo.","inLanguage":"pt-BR","isPartOf":{"@id":"https:\/\/www.encontrabomretiro.com.br\/sobre\/#website"},"breadcrumb":{"@id":"https:\/\/www.encontrabomretiro.com.br\/sobre\/cena-contra-fome-tera-garage-fuzz-e-deb-and-the-mentals-no-hangar-110-em-sao-paulo-sp\/#breadcrumblist"},"author":{"@id":"https:\/\/www.encontrabomretiro.com.br\/sobre\/author\/ebomretiro\/#author"},"creator":{"@id":"https:\/\/www.encontrabomretiro.com.br\/sobre\/author\/ebomretiro\/#author"},"image":{"@type":"ImageObject","url":"https:\/\/www.encontrabomretiro.com.br\/sobre\/wp-content\/uploads\/2026\/01\/cena-contra-fome-tera-garage-fuzz-e-deb-and-the-mentals-no-hangar-110-em-sao-paulo-sp.webp","@id":"https:\/\/www.encontrabomretiro.com.br\/sobre\/cena-contra-fome-tera-garage-fuzz-e-deb-and-the-mentals-no-hangar-110-em-sao-paulo-sp\/#mainImage","width":280,"height":280,"caption":"Cena Contra Fome"},"primaryImageOfPage":{"@id":"https:\/\/www.encontrabomretiro.com.br\/sobre\/cena-contra-fome-tera-garage-fuzz-e-deb-and-the-mentals-no-hangar-110-em-sao-paulo-sp\/#mainImage"},"datePublished":"2026-01-24T10:08:27-02:00","dateModified":"2026-01-24T10:08:27-02:00"},{"@type":"WebSite","@id":"https:\/\/www.encontrabomretiro.com.br\/sobre\/#website","url":"https:\/\/www.encontrabomretiro.com.br\/sobre\/","name":"Encontra Bom Retiro","description":"Not\u00edcias, eventos, informa\u00e7\u00f5es e dicas no bairro do Bom Retiro e regi\u00e3o.","inLanguage":"pt-BR","publisher":{"@id":"https:\/\/www.encontrabomretiro.com.br\/sobre\/#organization"}}]},"og:locale":"pt_BR","og:site_name":"Encontra Bom Retiro | Not\u00edcias, eventos, informa\u00e7\u00f5es e dicas no bairro do Bom Retiro e regi\u00e3o.","og:type":"article","og:title":"Cena Contra Fome ter\u00e1 Garage Fuzz e Deb and The Mentals no Hangar 110, em S\u00e3o Paulo (SP) | Encontra Bom Retiro","og:description":"Cena Contra Fome ser\u00e1 um festival que unir\u00e1 m\u00fasica e solidariedade em S\u00e3o Paulo.","og:url":"https:\/\/www.encontrabomretiro.com.br\/sobre\/cena-contra-fome-tera-garage-fuzz-e-deb-and-the-mentals-no-hangar-110-em-sao-paulo-sp\/","article:published_time":"2026-01-24T12:08:27+00:00","article:modified_time":"2026-01-24T12:08:27+00:00","twitter:card":"summary_large_image","twitter:title":"Cena Contra Fome ter\u00e1 Garage Fuzz e Deb and The Mentals no Hangar 110, em S\u00e3o Paulo (SP) | Encontra Bom Retiro","twitter:description":"Cena Contra Fome ser\u00e1 um festival que unir\u00e1 m\u00fasica e solidariedade em S\u00e3o Paulo."},"aioseo_meta_data":{"post_id":"2321","title":null,"description":null,"keywords":null,"keyphrases":null,"primary_term":null,"canonical_url":null,"og_title":null,"og_description":null,"og_object_type":"default","og_image_type":"default","og_image_url":null,"og_image_width":null,"og_image_height":null,"og_image_custom_url":null,"og_image_custom_fields":null,"og_video":null,"og_custom_url":null,"og_article_section":null,"og_article_tags":null,"twitter_use_og":false,"twitter_card":"default","twitter_image_type":"default","twitter_image_url":null,"twitter_image_custom_url":null,"twitter_image_custom_fields":null,"twitter_title":null,"twitter_description":null,"schema":{"blockGraphs":[],"customGraphs":[],"default":{"data":{"Article":[],"Course":[],"Dataset":[],"FAQPage":[],"Movie":[],"Person":[],"Product":[],"ProductReview":[],"Car":[],"Recipe":[],"Service":[],"SoftwareApplication":[],"WebPage":[]},"graphName":"Article","isEnabled":true},"graphs":[]},"schema_type":"default","schema_type_options":null,"pillar_content":false,"robots_default":true,"robots_noindex":false,"robots_noarchive":false,"robots_nosnippet":false,"robots_nofollow":false,"robots_noimageindex":false,"robots_noodp":false,"robots_notranslate":false,"robots_max_snippet":null,"robots_max_videopreview":null,"robots_max_imagepreview":"large","priority":null,"frequency":null,"local_seo":null,"breadcrumb_settings":null,"limit_modified_date":false,"ai":null,"created":"2026-01-24 12:08:30","updated":"2026-01-24 12:14:49","focus_keyword":null,"additional_keywords":null,"truseo_locale":null,"seo_analyzer_scan_date":null},"aioseo_breadcrumb":"<div class=\"aioseo-breadcrumbs\"><span class=\"aioseo-breadcrumb\">\n\t\t\t<a href=\"https:\/\/www.encontrabomretiro.com.br\/sobre\" title=\"Dom\u00e9stica\">Dom\u00e9stica<\/a>\n\t\t<\/span><span class=\"aioseo-breadcrumb-separator\">&raquo;<\/span><span class=\"aioseo-breadcrumb\">\n\t\t\t<a href=\"https:\/\/www.encontrabomretiro.com.br\/sobre\/noticias-no-bom-retiro\/\" title=\"Not\u00edcias Bom Retiro\">Not\u00edcias Bom Retiro<\/a>\n\t\t<\/span><span class=\"aioseo-breadcrumb-separator\">&raquo;<\/span><span class=\"aioseo-breadcrumb\">\n\t\t\tCena Contra Fome ter\u00e1 Garage Fuzz e Deb and The Mentals no Hangar 110, em S\u00e3o Paulo (SP)\n\t\t<\/span><\/div>","aioseo_breadcrumb_json":[{"label":"Dom\u00e9stica","link":"https:\/\/www.encontrabomretiro.com.br\/sobre"},{"label":"Not\u00edcias Bom Retiro","link":"https:\/\/www.encontrabomretiro.com.br\/sobre\/noticias-no-bom-retiro\/"},{"label":"Cena Contra Fome ter\u00e1 Garage Fuzz e Deb and The Mentals no Hangar 110, em S\u00e3o Paulo (SP)","link":"https:\/\/www.encontrabomretiro.com.br\/sobre\/cena-contra-fome-tera-garage-fuzz-e-deb-and-the-mentals-no-hangar-110-em-sao-paulo-sp\/"}],"_links":{"self":[{"href":"https:\/\/www.encontrabomretiro.com.br\/sobre\/wp-json\/wp\/v2\/posts\/2321","targetHints":{"allow":["GET"]}}],"collection":[{"href":"https:\/\/www.encontrabomretiro.com.br\/sobre\/wp-json\/wp\/v2\/posts"}],"about":[{"href":"https:\/\/www.encontrabomretiro.com.br\/sobre\/wp-json\/wp\/v2\/types\/post"}],"author":[{"embeddable":true,"href":"https:\/\/www.encontrabomretiro.com.br\/sobre\/wp-json\/wp\/v2\/users\/1"}],"replies":[{"embeddable":true,"href":"https:\/\/www.encontrabomretiro.com.br\/sobre\/wp-json\/wp\/v2\/comments?post=2321"}],"version-history":[{"count":0,"href":"https:\/\/www.encontrabomretiro.com.br\/sobre\/wp-json\/wp\/v2\/posts\/2321\/revisions"}],"wp:featuredmedia":[{"embeddable":true,"href":"https:\/\/www.encontrabomretiro.com.br\/sobre\/wp-json\/wp\/v2\/media\/2320"}],"wp:attachment":[{"href":"https:\/\/www.encontrabomretiro.com.br\/sobre\/wp-json\/wp\/v2\/media?parent=2321"}],"wp:term":[{"taxonomy":"category","embeddable":true,"href":"https:\/\/www.encontrabomretiro.com.br\/sobre\/wp-json\/wp\/v2\/categories?post=2321"},{"taxonomy":"post_tag","embeddable":true,"href":"https:\/\/www.encontrabomretiro.com.br\/sobre\/wp-json\/wp\/v2\/tags?post=2321"}],"curies":[{"name":"wp","href":"https:\/\/api.w.org\/{rel}","templated":true}]}}