{"id":2315,"date":"2026-01-24T10:05:07","date_gmt":"2026-01-24T12:05:07","guid":{"rendered":"https:\/\/www.encontrabomretiro.com.br\/sobre\/sao-paulo-e-regiao-metropolitana-ainda-tem-42-mil-imoveis-sem-luz-apos-fortes-chuvas\/"},"modified":"2026-01-24T10:05:07","modified_gmt":"2026-01-24T12:05:07","slug":"sao-paulo-e-regiao-metropolitana-ainda-tem-42-mil-imoveis-sem-luz-apos-fortes-chuvas","status":"publish","type":"post","link":"https:\/\/www.encontrabomretiro.com.br\/sobre\/sao-paulo-e-regiao-metropolitana-ainda-tem-42-mil-imoveis-sem-luz-apos-fortes-chuvas\/","title":{"rendered":"S\u00e3o Paulo e regi\u00e3o metropolitana ainda t\u00eam 42 mil im\u00f3veis sem luz ap\u00f3s fortes chuvas"},"content":{"rendered":"<div class=\"228b65ae207de3c5c501cfe75875708b\" data-index=\"1\" style=\"float: none; margin:0px;\">\n<!-- Anuncio display - global -->\r\n<ins class=\"adsbygoogle\"\r\n     style=\"display:block\"\r\n     data-ad-client=\"ca-pub-8585364105181520\"\r\n     data-ad-slot=\"8789329856\"\r\n     data-ad-format=\"auto\"\r\n     data-full-width-responsive=\"true\"><\/ins>\r\n<script>\r\n     (adsbygoogle = window.adsbygoogle || []).push({});\r\n<\/script>\n<\/div>\n<h2>Causas das interrup\u00e7\u00f5es de energia em S\u00e3o Paulo<\/h2>\n<p>A regi\u00e3o metropolitana de S\u00e3o Paulo tem enfrentado interrup\u00e7\u00f5es de energia em decorr\u00eancia de condi\u00e7\u00f5es clim\u00e1ticas adversas. Em particular, as chuvas intensas t\u00eam sido um fator crucial, contribuindo para a queda de postes e danos em redes el\u00e9tricas. A infraestrutura el\u00e9trica da cidade, j\u00e1 sobrecarregada, torna-se ainda mais vulner\u00e1vel durante esses epis\u00f3dios extremos.<\/p>\n<h2>Impacto das chuvas na infraestrutura el\u00e9trica<\/h2>\n<p>As fortes chuvas que atingem S\u00e3o Paulo, especialmente durante os meses de ver\u00e3o, causam estragos significativos nas infraestruturas. A umidade excessiva enfraquece materiais, enquanto os ventos fortes podem derrubar \u00e1rvores, que por sua vez atingem cabos e postes. Esse cen\u00e1rio resulta em apag\u00f5es que afetam milhares de resid\u00eancias simultaneamente.<\/p>\n<h2>Cidades mais afetadas pelas quedas de energia<\/h2>\n<p>Dados recentes indicam que as \u00e1reas mais impactadas pela falta de luz incluem munic\u00edpios como:<\/p>\n<p><img decoding=\"async\" src=\"https:\/\/www.encontrabomretiro.com.br\/sobre\/wp-content\/uploads\/2026\/01\/sao-paulo-e-regiao-metropolitana-ainda-tem-42-mil-imoveis-sem-luz-apos-fortes-chuvas.webp\" alt=\"im\u00f3veis sem luz em S\u00e3o Paulo\" loading=\"lazy\" \/><\/p>\n<ul>\n<li><strong>Rio Grande da Serra:<\/strong> Com 22,43% das resid\u00eancias sem energia.<\/li>\n<li><strong>Ribeir\u00e3o Pires:<\/strong> Apresenta uma taxa de 9,51%.<\/li>\n<li><strong>S\u00e3o Louren\u00e7o da Serra:<\/strong> Com 2,53% dos im\u00f3veis afetados.<\/li>\n<li><strong>Diadema:<\/strong> Registrando 2,12% sem fornecimento el\u00e9trico.<\/li>\n<\/ul>\n<h2>A resposta da Enel \u00e0 crise energ\u00e9tica<\/h2>\n<p>A Enel, respons\u00e1vel pela distribui\u00e7\u00e3o de energia na capital paulista, tem mobilizado equipes para resolver as interrup\u00e7\u00f5es. Segundo informa\u00e7\u00f5es da empresa, 85% dos im\u00f3veis afetados tiveram a energia restabelecida nas primeiras horas ap\u00f3s as chuvas. No entanto, um n\u00famero consider\u00e1vel ainda enfrenta dificuldades.<\/p>\n<h2>Mobiliza\u00e7\u00e3o das equipes para restabelecer fornecimento<\/h2>\n<p>A empresa anunciou que suas equipes est\u00e3o trabalhando ativamente para recuperar o supply de energia. At\u00e9 o momento, identificaram que cerca de 20 mil clientes ainda precisam do fornecimento restabelecido e, por isso, refor\u00e7am a import\u00e2ncia da continuidade no trabalho de repara\u00e7\u00e3o das redes danificadas.<\/p>\n<h2>Hist\u00f3rico de falhas no fornecimento de energia<\/h2>\n<p>Historicamente, a cidade de S\u00e3o Paulo tem contabilizado falhas frequentes no fornecimento de energia, especialmente ap\u00f3s chuvas intensas. A Advocacia-Geral da Uni\u00e3o (AGU) chegou a criar um grupo de trabalho para investigar esses problemas recorrentes, com o intuito de elaborar um relat\u00f3rio que aborde as causas e poss\u00edveis solu\u00e7\u00f5es.<\/p>\n<h2>Como a popula\u00e7\u00e3o est\u00e1 lidando com a falta de luz<\/h2>\n<p>At\u00e9 mesmo ap\u00f3s a normaliza\u00e7\u00e3o de grande parte do fornecimento, muitos cidad\u00e3os est\u00e3o preocupados com as quedas constantes. A falta de informa\u00e7\u00e3o e a incerteza sobre quando a energia ser\u00e1 restabelecida t\u00eam gerado frustra\u00e7\u00e3o entre os moradores, que dependem da eletricidade para suas rotinas di\u00e1rias.<\/p>\n<h2>A import\u00e2ncia da manuten\u00e7\u00e3o da rede el\u00e9trica<\/h2>\n<p>A manuten\u00e7\u00e3o adequada da rede el\u00e9trica \u00e9 vital para garantir a seguran\u00e7a e o bem-estar da popula\u00e7\u00e3o. Falhas na infraestrutura podem levar a acidentes e agravar a situa\u00e7\u00e3o em eventos clim\u00e1ticos adversos. Portanto, \u00e9 imprescind\u00edvel que a Enel e outras prestat\u00e1rias realizem manuten\u00e7\u00f5es regulares para prevenir esses incidentes.<\/p>\n<h2>Rea\u00e7\u00f5es da comunidade sobre os apag\u00f5es<\/h2>\n<p>A comunidade tem demonstrado insatisfa\u00e7\u00e3o com o servi\u00e7o prestado pela Enel, principalmente ap\u00f3s uma s\u00e9rie de apag\u00f5es. Muitos pedem melhorias na comunica\u00e7\u00e3o sobre o status da energia e mais agilidade no restabelecimento do servi\u00e7o. As redes sociais t\u00eam sido palco para queixas e tamb\u00e9m para a troca de informa\u00e7\u00f5es entre os moradores, que buscam apoio m\u00fatuo durante essas crises.<\/p>\n<h2>Medidas de preven\u00e7\u00e3o para futuras tempestades<\/h2>\n<p>Para amenizar os efeitos de futuros eventos clim\u00e1ticos, \u00e9 fundamental que as autoridades e concession\u00e1rias de energia implementem solu\u00e7\u00f5es que melhorem a resili\u00eancia da infraestrutura el\u00e9trica. Isso inclui:<\/p>\n<ul>\n<li><strong>Refor\u00e7o de postes e fios:<\/strong> Utilizar materiais mais resistentes para suportar condi\u00e7\u00f5es clim\u00e1ticas severas.<\/li>\n<li><strong>Planejamento eficiente:<\/strong> Elaborar um plano de a\u00e7\u00e3o que considere os pontos mais vulner\u00e1veis na rede el\u00e9trica.<\/li>\n<li><strong>Campanhas educativas:<\/strong> Informar a popula\u00e7\u00e3o sobre como se preparar para poss\u00edveis queda de energia e as medidas a serem tomadas durante apag\u00f5es.<\/li>\n<\/ul>\n<p>As falhas no fornecimento de energia na regi\u00e3o metropolitana de S\u00e3o Paulo, especialmente ap\u00f3s as fortes chuvas, exp\u00f5em a import\u00e2ncia de uma infraestrutura el\u00e9trica robusta e bem mantida, capaz de suportar as intemp\u00e9ries e garantir a continuidade do servi\u00e7o essencial para a sociedade.<\/p>\n\n<div style=\"font-size: 0px; height: 0px; line-height: 0px; margin: 0; padding: 0; clear: both;\"><\/div>","protected":false},"excerpt":{"rendered":"<p>Ap\u00f3s fortes chuvas, 42 mil im\u00f3veis em S\u00e3o Paulo e regi\u00e3o metropolitana seguem sem energia el\u00e9trica.<\/p>\n","protected":false},"author":1,"featured_media":2314,"comment_status":"open","ping_status":"closed","sticky":false,"template":"","format":"standard","meta":{"footnotes":""},"categories":[6],"tags":[],"class_list":["post-2315","post","type-post","status-publish","format-standard","has-post-thumbnail","hentry","category-noticias-no-bom-retiro","has_thumb"],"aioseo_notices":[],"aioseo_head":"\n\t\t<!-- All in One SEO 5.0.0.1 - aioseo.com -->\n\t<meta name=\"description\" content=\"Ap\u00f3s fortes chuvas, 42 mil im\u00f3veis em S\u00e3o Paulo e regi\u00e3o metropolitana seguem sem energia el\u00e9trica.\" \/>\n\t<meta name=\"robots\" content=\"max-image-preview:large\" \/>\n\t<meta name=\"author\" content=\"Encontra Bom Retiro\"\/>\n\t<link rel=\"canonical\" href=\"https:\/\/www.encontrabomretiro.com.br\/sobre\/sao-paulo-e-regiao-metropolitana-ainda-tem-42-mil-imoveis-sem-luz-apos-fortes-chuvas\/\" \/>\n\t<meta name=\"generator\" content=\"All in One SEO (AIOSEO) 5.0.0.1\" \/>\n\t\t<meta property=\"og:locale\" content=\"pt_BR\" \/>\n\t\t<meta property=\"og:site_name\" content=\"Encontra Bom Retiro | Not\u00edcias, eventos, informa\u00e7\u00f5es e dicas no bairro do Bom Retiro e regi\u00e3o.\" \/>\n\t\t<meta property=\"og:type\" content=\"article\" \/>\n\t\t<meta property=\"og:title\" content=\"S\u00e3o Paulo e regi\u00e3o metropolitana ainda t\u00eam 42 mil im\u00f3veis sem luz ap\u00f3s fortes chuvas | Encontra Bom Retiro\" \/>\n\t\t<meta property=\"og:description\" content=\"Ap\u00f3s fortes chuvas, 42 mil im\u00f3veis em S\u00e3o Paulo e regi\u00e3o metropolitana seguem sem energia el\u00e9trica.\" \/>\n\t\t<meta property=\"og:url\" content=\"https:\/\/www.encontrabomretiro.com.br\/sobre\/sao-paulo-e-regiao-metropolitana-ainda-tem-42-mil-imoveis-sem-luz-apos-fortes-chuvas\/\" \/>\n\t\t<meta property=\"article:published_time\" content=\"2026-01-24T12:05:07+00:00\" \/>\n\t\t<meta property=\"article:modified_time\" content=\"2026-01-24T12:05:07+00:00\" \/>\n\t\t<meta name=\"twitter:card\" content=\"summary_large_image\" \/>\n\t\t<meta name=\"twitter:title\" content=\"S\u00e3o Paulo e regi\u00e3o metropolitana ainda t\u00eam 42 mil im\u00f3veis sem luz ap\u00f3s fortes chuvas | Encontra Bom Retiro\" \/>\n\t\t<meta name=\"twitter:description\" content=\"Ap\u00f3s fortes chuvas, 42 mil im\u00f3veis em S\u00e3o Paulo e regi\u00e3o metropolitana seguem sem energia el\u00e9trica.\" \/>\n\t\t<script type=\"application\/ld+json\" class=\"aioseo-schema\">\n\t\t\t{\"@context\":\"https:\\\/\\\/schema.org\",\"@graph\":[{\"@type\":\"Article\",\"@id\":\"https:\\\/\\\/www.encontrabomretiro.com.br\\\/sobre\\\/sao-paulo-e-regiao-metropolitana-ainda-tem-42-mil-imoveis-sem-luz-apos-fortes-chuvas\\\/#article\",\"name\":\"S\\u00e3o Paulo e regi\\u00e3o metropolitana ainda t\\u00eam 42 mil im\\u00f3veis sem luz ap\\u00f3s fortes chuvas | Encontra Bom Retiro\",\"headline\":\"S\\u00e3o Paulo e regi\\u00e3o metropolitana ainda t\\u00eam 42 mil im\\u00f3veis sem luz ap\\u00f3s fortes chuvas\",\"author\":{\"@id\":\"https:\\\/\\\/www.encontrabomretiro.com.br\\\/sobre\\\/author\\\/ebomretiro\\\/#author\"},\"publisher\":{\"@id\":\"https:\\\/\\\/www.encontrabomretiro.com.br\\\/sobre\\\/#organization\"},\"image\":{\"@type\":\"ImageObject\",\"url\":\"https:\\\/\\\/www.encontrabomretiro.com.br\\\/sobre\\\/wp-content\\\/uploads\\\/2026\\\/01\\\/sao-paulo-e-regiao-metropolitana-ainda-tem-42-mil-imoveis-sem-luz-apos-fortes-chuvas.webp\",\"width\":280,\"height\":280,\"caption\":\"im\\u00f3veis sem luz em S\\u00e3o Paulo\"},\"datePublished\":\"2026-01-24T10:05:07-02:00\",\"dateModified\":\"2026-01-24T10:05:07-02:00\",\"inLanguage\":\"pt-BR\",\"mainEntityOfPage\":{\"@id\":\"https:\\\/\\\/www.encontrabomretiro.com.br\\\/sobre\\\/sao-paulo-e-regiao-metropolitana-ainda-tem-42-mil-imoveis-sem-luz-apos-fortes-chuvas\\\/#webpage\"},\"isPartOf\":{\"@id\":\"https:\\\/\\\/www.encontrabomretiro.com.br\\\/sobre\\\/sao-paulo-e-regiao-metropolitana-ainda-tem-42-mil-imoveis-sem-luz-apos-fortes-chuvas\\\/#webpage\"},\"articleSection\":\"Not\\u00edcias Bom Retiro\"},{\"@type\":\"BreadcrumbList\",\"@id\":\"https:\\\/\\\/www.encontrabomretiro.com.br\\\/sobre\\\/sao-paulo-e-regiao-metropolitana-ainda-tem-42-mil-imoveis-sem-luz-apos-fortes-chuvas\\\/#breadcrumblist\",\"itemListElement\":[{\"@type\":\"ListItem\",\"@id\":\"https:\\\/\\\/www.encontrabomretiro.com.br\\\/sobre#listItem\",\"position\":1,\"name\":\"Dom\\u00e9stica\",\"item\":\"https:\\\/\\\/www.encontrabomretiro.com.br\\\/sobre\",\"nextItem\":{\"@type\":\"ListItem\",\"@id\":\"https:\\\/\\\/www.encontrabomretiro.com.br\\\/sobre\\\/noticias-no-bom-retiro\\\/#listItem\",\"name\":\"Not\\u00edcias Bom Retiro\"}},{\"@type\":\"ListItem\",\"@id\":\"https:\\\/\\\/www.encontrabomretiro.com.br\\\/sobre\\\/noticias-no-bom-retiro\\\/#listItem\",\"position\":2,\"name\":\"Not\\u00edcias Bom Retiro\",\"item\":\"https:\\\/\\\/www.encontrabomretiro.com.br\\\/sobre\\\/noticias-no-bom-retiro\\\/\",\"nextItem\":{\"@type\":\"ListItem\",\"@id\":\"https:\\\/\\\/www.encontrabomretiro.com.br\\\/sobre\\\/sao-paulo-e-regiao-metropolitana-ainda-tem-42-mil-imoveis-sem-luz-apos-fortes-chuvas\\\/#listItem\",\"name\":\"S\\u00e3o Paulo e regi\\u00e3o metropolitana ainda t\\u00eam 42 mil im\\u00f3veis sem luz ap\\u00f3s fortes chuvas\"},\"previousItem\":{\"@type\":\"ListItem\",\"@id\":\"https:\\\/\\\/www.encontrabomretiro.com.br\\\/sobre#listItem\",\"name\":\"Dom\\u00e9stica\"}},{\"@type\":\"ListItem\",\"@id\":\"https:\\\/\\\/www.encontrabomretiro.com.br\\\/sobre\\\/sao-paulo-e-regiao-metropolitana-ainda-tem-42-mil-imoveis-sem-luz-apos-fortes-chuvas\\\/#listItem\",\"position\":3,\"name\":\"S\\u00e3o Paulo e regi\\u00e3o metropolitana ainda t\\u00eam 42 mil im\\u00f3veis sem luz ap\\u00f3s fortes chuvas\",\"previousItem\":{\"@type\":\"ListItem\",\"@id\":\"https:\\\/\\\/www.encontrabomretiro.com.br\\\/sobre\\\/noticias-no-bom-retiro\\\/#listItem\",\"name\":\"Not\\u00edcias Bom Retiro\"}}]},{\"@type\":\"Organization\",\"@id\":\"https:\\\/\\\/www.encontrabomretiro.com.br\\\/sobre\\\/#organization\",\"name\":\"Encontra Bom Retiro\",\"description\":\"Not\\u00edcias, eventos, informa\\u00e7\\u00f5es e dicas no bairro do Bom Retiro e regi\\u00e3o.\",\"url\":\"https:\\\/\\\/www.encontrabomretiro.com.br\\\/sobre\\\/\"},{\"@type\":\"Person\",\"@id\":\"https:\\\/\\\/www.encontrabomretiro.com.br\\\/sobre\\\/author\\\/ebomretiro\\\/#author\",\"url\":\"https:\\\/\\\/www.encontrabomretiro.com.br\\\/sobre\\\/author\\\/ebomretiro\\\/\",\"name\":\"Encontra Bom Retiro\",\"image\":{\"@type\":\"ImageObject\",\"@id\":\"https:\\\/\\\/www.encontrabomretiro.com.br\\\/sobre\\\/sao-paulo-e-regiao-metropolitana-ainda-tem-42-mil-imoveis-sem-luz-apos-fortes-chuvas\\\/#authorImage\",\"url\":\"https:\\\/\\\/secure.gravatar.com\\\/avatar\\\/507340682b8270222e1f208e23198b6ae7e2c6a1033ae84e99bc6bce4f82a387?s=96&d=mm&r=g\",\"width\":96,\"height\":96,\"caption\":\"Encontra Bom Retiro\"}},{\"@type\":\"WebPage\",\"@id\":\"https:\\\/\\\/www.encontrabomretiro.com.br\\\/sobre\\\/sao-paulo-e-regiao-metropolitana-ainda-tem-42-mil-imoveis-sem-luz-apos-fortes-chuvas\\\/#webpage\",\"url\":\"https:\\\/\\\/www.encontrabomretiro.com.br\\\/sobre\\\/sao-paulo-e-regiao-metropolitana-ainda-tem-42-mil-imoveis-sem-luz-apos-fortes-chuvas\\\/\",\"name\":\"S\\u00e3o Paulo e regi\\u00e3o metropolitana ainda t\\u00eam 42 mil im\\u00f3veis sem luz ap\\u00f3s fortes chuvas | Encontra Bom Retiro\",\"description\":\"Ap\\u00f3s fortes chuvas, 42 mil im\\u00f3veis em S\\u00e3o Paulo e regi\\u00e3o metropolitana seguem sem energia el\\u00e9trica.\",\"inLanguage\":\"pt-BR\",\"isPartOf\":{\"@id\":\"https:\\\/\\\/www.encontrabomretiro.com.br\\\/sobre\\\/#website\"},\"breadcrumb\":{\"@id\":\"https:\\\/\\\/www.encontrabomretiro.com.br\\\/sobre\\\/sao-paulo-e-regiao-metropolitana-ainda-tem-42-mil-imoveis-sem-luz-apos-fortes-chuvas\\\/#breadcrumblist\"},\"author\":{\"@id\":\"https:\\\/\\\/www.encontrabomretiro.com.br\\\/sobre\\\/author\\\/ebomretiro\\\/#author\"},\"creator\":{\"@id\":\"https:\\\/\\\/www.encontrabomretiro.com.br\\\/sobre\\\/author\\\/ebomretiro\\\/#author\"},\"image\":{\"@type\":\"ImageObject\",\"url\":\"https:\\\/\\\/www.encontrabomretiro.com.br\\\/sobre\\\/wp-content\\\/uploads\\\/2026\\\/01\\\/sao-paulo-e-regiao-metropolitana-ainda-tem-42-mil-imoveis-sem-luz-apos-fortes-chuvas.webp\",\"@id\":\"https:\\\/\\\/www.encontrabomretiro.com.br\\\/sobre\\\/sao-paulo-e-regiao-metropolitana-ainda-tem-42-mil-imoveis-sem-luz-apos-fortes-chuvas\\\/#mainImage\",\"width\":280,\"height\":280,\"caption\":\"im\\u00f3veis sem luz em S\\u00e3o Paulo\"},\"primaryImageOfPage\":{\"@id\":\"https:\\\/\\\/www.encontrabomretiro.com.br\\\/sobre\\\/sao-paulo-e-regiao-metropolitana-ainda-tem-42-mil-imoveis-sem-luz-apos-fortes-chuvas\\\/#mainImage\"},\"datePublished\":\"2026-01-24T10:05:07-02:00\",\"dateModified\":\"2026-01-24T10:05:07-02:00\"},{\"@type\":\"WebSite\",\"@id\":\"https:\\\/\\\/www.encontrabomretiro.com.br\\\/sobre\\\/#website\",\"url\":\"https:\\\/\\\/www.encontrabomretiro.com.br\\\/sobre\\\/\",\"name\":\"Encontra Bom Retiro\",\"description\":\"Not\\u00edcias, eventos, informa\\u00e7\\u00f5es e dicas no bairro do Bom Retiro e regi\\u00e3o.\",\"inLanguage\":\"pt-BR\",\"publisher\":{\"@id\":\"https:\\\/\\\/www.encontrabomretiro.com.br\\\/sobre\\\/#organization\"}}]}\n\t\t<\/script>\n\t\t<!-- All in One SEO -->\n\n","aioseo_head_json":{"title":"S\u00e3o Paulo e regi\u00e3o metropolitana ainda t\u00eam 42 mil im\u00f3veis sem luz ap\u00f3s fortes chuvas | Encontra Bom Retiro","description":"Ap\u00f3s fortes chuvas, 42 mil im\u00f3veis em S\u00e3o Paulo e regi\u00e3o metropolitana seguem sem energia el\u00e9trica.","canonical_url":"https:\/\/www.encontrabomretiro.com.br\/sobre\/sao-paulo-e-regiao-metropolitana-ainda-tem-42-mil-imoveis-sem-luz-apos-fortes-chuvas\/","robots":"max-image-preview:large","keywords":"","webmasterTools":{"miscellaneous":""},"schema":{"@context":"https:\/\/schema.org","@graph":[{"@type":"Article","@id":"https:\/\/www.encontrabomretiro.com.br\/sobre\/sao-paulo-e-regiao-metropolitana-ainda-tem-42-mil-imoveis-sem-luz-apos-fortes-chuvas\/#article","name":"S\u00e3o Paulo e regi\u00e3o metropolitana ainda t\u00eam 42 mil im\u00f3veis sem luz ap\u00f3s fortes chuvas | Encontra Bom Retiro","headline":"S\u00e3o Paulo e regi\u00e3o metropolitana ainda t\u00eam 42 mil im\u00f3veis sem luz ap\u00f3s fortes chuvas","author":{"@id":"https:\/\/www.encontrabomretiro.com.br\/sobre\/author\/ebomretiro\/#author"},"publisher":{"@id":"https:\/\/www.encontrabomretiro.com.br\/sobre\/#organization"},"image":{"@type":"ImageObject","url":"https:\/\/www.encontrabomretiro.com.br\/sobre\/wp-content\/uploads\/2026\/01\/sao-paulo-e-regiao-metropolitana-ainda-tem-42-mil-imoveis-sem-luz-apos-fortes-chuvas.webp","width":280,"height":280,"caption":"im\u00f3veis sem luz em S\u00e3o Paulo"},"datePublished":"2026-01-24T10:05:07-02:00","dateModified":"2026-01-24T10:05:07-02:00","inLanguage":"pt-BR","mainEntityOfPage":{"@id":"https:\/\/www.encontrabomretiro.com.br\/sobre\/sao-paulo-e-regiao-metropolitana-ainda-tem-42-mil-imoveis-sem-luz-apos-fortes-chuvas\/#webpage"},"isPartOf":{"@id":"https:\/\/www.encontrabomretiro.com.br\/sobre\/sao-paulo-e-regiao-metropolitana-ainda-tem-42-mil-imoveis-sem-luz-apos-fortes-chuvas\/#webpage"},"articleSection":"Not\u00edcias Bom Retiro"},{"@type":"BreadcrumbList","@id":"https:\/\/www.encontrabomretiro.com.br\/sobre\/sao-paulo-e-regiao-metropolitana-ainda-tem-42-mil-imoveis-sem-luz-apos-fortes-chuvas\/#breadcrumblist","itemListElement":[{"@type":"ListItem","@id":"https:\/\/www.encontrabomretiro.com.br\/sobre#listItem","position":1,"name":"Dom\u00e9stica","item":"https:\/\/www.encontrabomretiro.com.br\/sobre","nextItem":{"@type":"ListItem","@id":"https:\/\/www.encontrabomretiro.com.br\/sobre\/noticias-no-bom-retiro\/#listItem","name":"Not\u00edcias Bom Retiro"}},{"@type":"ListItem","@id":"https:\/\/www.encontrabomretiro.com.br\/sobre\/noticias-no-bom-retiro\/#listItem","position":2,"name":"Not\u00edcias Bom Retiro","item":"https:\/\/www.encontrabomretiro.com.br\/sobre\/noticias-no-bom-retiro\/","nextItem":{"@type":"ListItem","@id":"https:\/\/www.encontrabomretiro.com.br\/sobre\/sao-paulo-e-regiao-metropolitana-ainda-tem-42-mil-imoveis-sem-luz-apos-fortes-chuvas\/#listItem","name":"S\u00e3o Paulo e regi\u00e3o metropolitana ainda t\u00eam 42 mil im\u00f3veis sem luz ap\u00f3s fortes chuvas"},"previousItem":{"@type":"ListItem","@id":"https:\/\/www.encontrabomretiro.com.br\/sobre#listItem","name":"Dom\u00e9stica"}},{"@type":"ListItem","@id":"https:\/\/www.encontrabomretiro.com.br\/sobre\/sao-paulo-e-regiao-metropolitana-ainda-tem-42-mil-imoveis-sem-luz-apos-fortes-chuvas\/#listItem","position":3,"name":"S\u00e3o Paulo e regi\u00e3o metropolitana ainda t\u00eam 42 mil im\u00f3veis sem luz ap\u00f3s fortes chuvas","previousItem":{"@type":"ListItem","@id":"https:\/\/www.encontrabomretiro.com.br\/sobre\/noticias-no-bom-retiro\/#listItem","name":"Not\u00edcias Bom Retiro"}}]},{"@type":"Organization","@id":"https:\/\/www.encontrabomretiro.com.br\/sobre\/#organization","name":"Encontra Bom Retiro","description":"Not\u00edcias, eventos, informa\u00e7\u00f5es e dicas no bairro do Bom Retiro e regi\u00e3o.","url":"https:\/\/www.encontrabomretiro.com.br\/sobre\/"},{"@type":"Person","@id":"https:\/\/www.encontrabomretiro.com.br\/sobre\/author\/ebomretiro\/#author","url":"https:\/\/www.encontrabomretiro.com.br\/sobre\/author\/ebomretiro\/","name":"Encontra Bom Retiro","image":{"@type":"ImageObject","@id":"https:\/\/www.encontrabomretiro.com.br\/sobre\/sao-paulo-e-regiao-metropolitana-ainda-tem-42-mil-imoveis-sem-luz-apos-fortes-chuvas\/#authorImage","url":"https:\/\/secure.gravatar.com\/avatar\/507340682b8270222e1f208e23198b6ae7e2c6a1033ae84e99bc6bce4f82a387?s=96&d=mm&r=g","width":96,"height":96,"caption":"Encontra Bom Retiro"}},{"@type":"WebPage","@id":"https:\/\/www.encontrabomretiro.com.br\/sobre\/sao-paulo-e-regiao-metropolitana-ainda-tem-42-mil-imoveis-sem-luz-apos-fortes-chuvas\/#webpage","url":"https:\/\/www.encontrabomretiro.com.br\/sobre\/sao-paulo-e-regiao-metropolitana-ainda-tem-42-mil-imoveis-sem-luz-apos-fortes-chuvas\/","name":"S\u00e3o Paulo e regi\u00e3o metropolitana ainda t\u00eam 42 mil im\u00f3veis sem luz ap\u00f3s fortes chuvas | Encontra Bom Retiro","description":"Ap\u00f3s fortes chuvas, 42 mil im\u00f3veis em S\u00e3o Paulo e regi\u00e3o metropolitana seguem sem energia el\u00e9trica.","inLanguage":"pt-BR","isPartOf":{"@id":"https:\/\/www.encontrabomretiro.com.br\/sobre\/#website"},"breadcrumb":{"@id":"https:\/\/www.encontrabomretiro.com.br\/sobre\/sao-paulo-e-regiao-metropolitana-ainda-tem-42-mil-imoveis-sem-luz-apos-fortes-chuvas\/#breadcrumblist"},"author":{"@id":"https:\/\/www.encontrabomretiro.com.br\/sobre\/author\/ebomretiro\/#author"},"creator":{"@id":"https:\/\/www.encontrabomretiro.com.br\/sobre\/author\/ebomretiro\/#author"},"image":{"@type":"ImageObject","url":"https:\/\/www.encontrabomretiro.com.br\/sobre\/wp-content\/uploads\/2026\/01\/sao-paulo-e-regiao-metropolitana-ainda-tem-42-mil-imoveis-sem-luz-apos-fortes-chuvas.webp","@id":"https:\/\/www.encontrabomretiro.com.br\/sobre\/sao-paulo-e-regiao-metropolitana-ainda-tem-42-mil-imoveis-sem-luz-apos-fortes-chuvas\/#mainImage","width":280,"height":280,"caption":"im\u00f3veis sem luz em S\u00e3o Paulo"},"primaryImageOfPage":{"@id":"https:\/\/www.encontrabomretiro.com.br\/sobre\/sao-paulo-e-regiao-metropolitana-ainda-tem-42-mil-imoveis-sem-luz-apos-fortes-chuvas\/#mainImage"},"datePublished":"2026-01-24T10:05:07-02:00","dateModified":"2026-01-24T10:05:07-02:00"},{"@type":"WebSite","@id":"https:\/\/www.encontrabomretiro.com.br\/sobre\/#website","url":"https:\/\/www.encontrabomretiro.com.br\/sobre\/","name":"Encontra Bom Retiro","description":"Not\u00edcias, eventos, informa\u00e7\u00f5es e dicas no bairro do Bom Retiro e regi\u00e3o.","inLanguage":"pt-BR","publisher":{"@id":"https:\/\/www.encontrabomretiro.com.br\/sobre\/#organization"}}]},"og:locale":"pt_BR","og:site_name":"Encontra Bom Retiro | Not\u00edcias, eventos, informa\u00e7\u00f5es e dicas no bairro do Bom Retiro e regi\u00e3o.","og:type":"article","og:title":"S\u00e3o Paulo e regi\u00e3o metropolitana ainda t\u00eam 42 mil im\u00f3veis sem luz ap\u00f3s fortes chuvas | Encontra Bom Retiro","og:description":"Ap\u00f3s fortes chuvas, 42 mil im\u00f3veis em S\u00e3o Paulo e regi\u00e3o metropolitana seguem sem energia el\u00e9trica.","og:url":"https:\/\/www.encontrabomretiro.com.br\/sobre\/sao-paulo-e-regiao-metropolitana-ainda-tem-42-mil-imoveis-sem-luz-apos-fortes-chuvas\/","article:published_time":"2026-01-24T12:05:07+00:00","article:modified_time":"2026-01-24T12:05:07+00:00","twitter:card":"summary_large_image","twitter:title":"S\u00e3o Paulo e regi\u00e3o metropolitana ainda t\u00eam 42 mil im\u00f3veis sem luz ap\u00f3s fortes chuvas | Encontra Bom Retiro","twitter:description":"Ap\u00f3s fortes chuvas, 42 mil im\u00f3veis em S\u00e3o Paulo e regi\u00e3o metropolitana seguem sem energia el\u00e9trica."},"aioseo_meta_data":{"post_id":"2315","title":null,"description":null,"keywords":null,"keyphrases":null,"primary_term":null,"canonical_url":null,"og_title":null,"og_description":null,"og_object_type":"default","og_image_type":"default","og_image_url":null,"og_image_width":null,"og_image_height":null,"og_image_custom_url":null,"og_image_custom_fields":null,"og_video":null,"og_custom_url":null,"og_article_section":null,"og_article_tags":null,"twitter_use_og":false,"twitter_card":"default","twitter_image_type":"default","twitter_image_url":null,"twitter_image_custom_url":null,"twitter_image_custom_fields":null,"twitter_title":null,"twitter_description":null,"schema":{"blockGraphs":[],"customGraphs":[],"default":{"data":{"Article":[],"Course":[],"Dataset":[],"FAQPage":[],"Movie":[],"Person":[],"Product":[],"ProductReview":[],"Car":[],"Recipe":[],"Service":[],"SoftwareApplication":[],"WebPage":[]},"graphName":"Article","isEnabled":true},"graphs":[]},"schema_type":"default","schema_type_options":null,"pillar_content":false,"robots_default":true,"robots_noindex":false,"robots_noarchive":false,"robots_nosnippet":false,"robots_nofollow":false,"robots_noimageindex":false,"robots_noodp":false,"robots_notranslate":false,"robots_max_snippet":null,"robots_max_videopreview":null,"robots_max_imagepreview":"large","priority":null,"frequency":null,"local_seo":null,"breadcrumb_settings":null,"limit_modified_date":false,"ai":null,"created":"2026-01-24 12:05:10","updated":"2026-01-24 12:14:49","focus_keyword":null,"additional_keywords":null,"truseo_locale":null,"seo_analyzer_scan_date":null},"aioseo_breadcrumb":"<div class=\"aioseo-breadcrumbs\"><span class=\"aioseo-breadcrumb\">\n\t\t\t<a href=\"https:\/\/www.encontrabomretiro.com.br\/sobre\" title=\"Dom\u00e9stica\">Dom\u00e9stica<\/a>\n\t\t<\/span><span class=\"aioseo-breadcrumb-separator\">&raquo;<\/span><span class=\"aioseo-breadcrumb\">\n\t\t\t<a href=\"https:\/\/www.encontrabomretiro.com.br\/sobre\/noticias-no-bom-retiro\/\" title=\"Not\u00edcias Bom Retiro\">Not\u00edcias Bom Retiro<\/a>\n\t\t<\/span><span class=\"aioseo-breadcrumb-separator\">&raquo;<\/span><span class=\"aioseo-breadcrumb\">\n\t\t\tS\u00e3o Paulo e regi\u00e3o metropolitana ainda t\u00eam 42 mil im\u00f3veis sem luz ap\u00f3s fortes chuvas\n\t\t<\/span><\/div>","aioseo_breadcrumb_json":[{"label":"Dom\u00e9stica","link":"https:\/\/www.encontrabomretiro.com.br\/sobre"},{"label":"Not\u00edcias Bom Retiro","link":"https:\/\/www.encontrabomretiro.com.br\/sobre\/noticias-no-bom-retiro\/"},{"label":"S\u00e3o Paulo e regi\u00e3o metropolitana ainda t\u00eam 42 mil im\u00f3veis sem luz ap\u00f3s fortes chuvas","link":"https:\/\/www.encontrabomretiro.com.br\/sobre\/sao-paulo-e-regiao-metropolitana-ainda-tem-42-mil-imoveis-sem-luz-apos-fortes-chuvas\/"}],"_links":{"self":[{"href":"https:\/\/www.encontrabomretiro.com.br\/sobre\/wp-json\/wp\/v2\/posts\/2315","targetHints":{"allow":["GET"]}}],"collection":[{"href":"https:\/\/www.encontrabomretiro.com.br\/sobre\/wp-json\/wp\/v2\/posts"}],"about":[{"href":"https:\/\/www.encontrabomretiro.com.br\/sobre\/wp-json\/wp\/v2\/types\/post"}],"author":[{"embeddable":true,"href":"https:\/\/www.encontrabomretiro.com.br\/sobre\/wp-json\/wp\/v2\/users\/1"}],"replies":[{"embeddable":true,"href":"https:\/\/www.encontrabomretiro.com.br\/sobre\/wp-json\/wp\/v2\/comments?post=2315"}],"version-history":[{"count":0,"href":"https:\/\/www.encontrabomretiro.com.br\/sobre\/wp-json\/wp\/v2\/posts\/2315\/revisions"}],"wp:featuredmedia":[{"embeddable":true,"href":"https:\/\/www.encontrabomretiro.com.br\/sobre\/wp-json\/wp\/v2\/media\/2314"}],"wp:attachment":[{"href":"https:\/\/www.encontrabomretiro.com.br\/sobre\/wp-json\/wp\/v2\/media?parent=2315"}],"wp:term":[{"taxonomy":"category","embeddable":true,"href":"https:\/\/www.encontrabomretiro.com.br\/sobre\/wp-json\/wp\/v2\/categories?post=2315"},{"taxonomy":"post_tag","embeddable":true,"href":"https:\/\/www.encontrabomretiro.com.br\/sobre\/wp-json\/wp\/v2\/tags?post=2315"}],"curies":[{"name":"wp","href":"https:\/\/api.w.org\/{rel}","templated":true}]}}