{"id":230,"date":"2011-06-16T19:26:15","date_gmt":"2011-06-16T21:26:15","guid":{"rendered":"http:\/\/www.encontrabomretiro.com.br\/noticias\/?p=230"},"modified":"2019-04-29T18:05:05","modified_gmt":"2019-04-29T20:05:05","slug":"spfw-estilistas-do-bom-retiro-ganham-espaco","status":"publish","type":"post","link":"https:\/\/www.encontrabomretiro.com.br\/sobre\/spfw-estilistas-do-bom-retiro-ganham-espaco\/","title":{"rendered":"SPFW &#8211; Estilistas do Bom Retiro ganham espa\u00e7o"},"content":{"rendered":"<div class=\"228b65ae207de3c5c501cfe75875708b\" data-index=\"1\" style=\"float: none; margin:0px;\">\n<!-- Anuncio display - global -->\r\n<ins class=\"adsbygoogle\"\r\n     style=\"display:block\"\r\n     data-ad-client=\"ca-pub-8585364105181520\"\r\n     data-ad-slot=\"8789329856\"\r\n     data-ad-format=\"auto\"\r\n     data-full-width-responsive=\"true\"><\/ins>\r\n<script>\r\n     (adsbygoogle = window.adsbygoogle || []).push({});\r\n<\/script>\n<\/div>\n<p>Yoo Hee Lee faz parte de uma nova gera\u00e7\u00e3o de coreanas que cresceram no bairro do Bom Retiro, em S\u00e3o Paulo, um dos maiores polos atacadistas de moda do pa\u00eds, e agora come\u00e7am a ganhar espa\u00e7o no cen\u00e1rio fashion. Aos 22 anos, a estilista est\u00e1 entre os jovens talentos convidados para desenvolver a nova cole\u00e7\u00e3o da C&amp;A, a T Collection, lan\u00e7ada na S\u00e3o Paulo Fashion Week nesta quinta-feira (15). O projeto inicial previa apenas camisetas, mas, depois das estampas prontas, a empresa ampliou para bolsas e sapatilhas.<\/p>\n<p>Formada pela Faculdade Santa Marcelina h\u00e1 pouco mais de um ano, Yoo j\u00e1 apresentou uma cole\u00e7\u00e3o na Casa dos Criadores &#8211; evento de moda voltado aos novos talentos -, passou pela equipe de estilo da Ellus e agora integra o time da Cavalera. &#8220;Estou no grupo de estilo da cole\u00e7\u00e3o feminina comercial&#8221;, conta ela, para desassossego dos pais ansiosos por v\u00ea-la seguir os passos do irm\u00e3o mais velho. Ele passou a gerir os neg\u00f3cios da fam\u00edlia, a confec\u00e7\u00e3o Diotina, no Bom Retiro, assim que terminou a faculdade de Administra\u00e7\u00e3o. J\u00e1 Yoo quer estudar Moda em Londres e, quem sabe, at\u00e9 trabalhar por l\u00e1.<\/p>\n<p>Tamb\u00e9m do Bom Retiro, Nuri Choo, 28 anos, j\u00e1 foi mais longe do que a conterr\u00e2nea. H\u00e1 quatro anos vem trabalhando com Fernando Pires, marca conhecida pelos sapatos extravagantes, que entra na passarela desta edi\u00e7\u00e3o da SPFW nos desfiles da Cia Mar\u00edtima, Adriana Degreas, Fause Haten, Amap\u00f4 e Andr\u00e9 Lima. Agora ela virou s\u00f3cia e cuida da cole\u00e7\u00e3o chique da marca, mais comercial. Os sapatos dos desfiles s\u00e3o feitos \u00e0 m\u00e3o.<\/p>\n<p><strong>Cria\u00e7\u00f5es<\/strong><\/p>\n<p>Yoo Na Kim, outra coreana, 29 anos, est\u00e1 escrevendo mais um livro sobre moda no Bom Retiro. Neste terceiro volume, ela re\u00fane oito estilistas coreanas, que desenharam croquis com dicas de tend\u00eancias para o ver\u00e3o 2012. &#8220;Na moda todo mundo copia. Mas os coreanos agora tamb\u00e9m investem em equipes de cria\u00e7\u00e3o em suas cole\u00e7\u00f5es&#8221;, afirma.<\/p>\n<p>Entre elas est\u00e1 M\u00f4nica Kim, 48 anos, dona da Simple Life. &#8220;A Fashion Week s\u00f3 confirma as tend\u00eancias que vemos nos grandes desfiles internacionais&#8221;, diz a estilista, que tem cinco funcion\u00e1rios trabalhando na cria\u00e7\u00e3o das roupas de sua loja, direcionadas &#8220;a jovens senhoras&#8221;. Ela tem planos de colocar sua marca nas passarelas da Bienal na pr\u00f3xima edi\u00e7\u00e3o da semana de moda. &#8220;S\u00f3 n\u00e3o fiz isso ainda porque estava amadurecendo a ideia e tra\u00e7ando estrat\u00e9gias. Meu foco est\u00e1 muito direcionado a um determinado tipo de cliente. E isso tem de mudar.&#8221;<\/p>\n<p><em>Fonte: R7<\/em><\/p>\n\n<div style=\"font-size: 0px; height: 0px; line-height: 0px; margin: 0; padding: 0; clear: both;\"><\/div>","protected":false},"excerpt":{"rendered":"<p>Yoo Hee Lee faz parte de uma nova gera\u00e7\u00e3o de coreanas que cresceram no bairro do Bom Retiro, em S\u00e3o Paulo, um dos maiores polos atacadistas de moda do pa\u00eds, e agora come\u00e7am a ganhar espa\u00e7o no cen\u00e1rio fashion. Aos 22 anos, a estilista est\u00e1 entre os jovens talentos convidados para desenvolver a nova cole\u00e7\u00e3o da C&amp;A, a T Collection, lan\u00e7ada na S\u00e3o Paulo Fashion Week nesta quinta-feira (15). O projeto inicial previa apenas camisetas, mas, depois das estampas prontas, a empresa ampliou para bolsas e sapatilhas. Formada pela Faculdade Santa Marcelina h\u00e1 pouco mais de um ano, Yoo j\u00e1 <\/p>\n","protected":false},"author":1,"featured_media":0,"comment_status":"open","ping_status":"closed","sticky":false,"template":"","format":"standard","meta":{"footnotes":""},"categories":[6],"tags":[14],"class_list":["post-230","post","type-post","status-publish","format-standard","hentry","category-noticias-no-bom-retiro","tag-bom-retiro"],"aioseo_notices":[],"_links":{"self":[{"href":"https:\/\/www.encontrabomretiro.com.br\/sobre\/wp-json\/wp\/v2\/posts\/230","targetHints":{"allow":["GET"]}}],"collection":[{"href":"https:\/\/www.encontrabomretiro.com.br\/sobre\/wp-json\/wp\/v2\/posts"}],"about":[{"href":"https:\/\/www.encontrabomretiro.com.br\/sobre\/wp-json\/wp\/v2\/types\/post"}],"author":[{"embeddable":true,"href":"https:\/\/www.encontrabomretiro.com.br\/sobre\/wp-json\/wp\/v2\/users\/1"}],"replies":[{"embeddable":true,"href":"https:\/\/www.encontrabomretiro.com.br\/sobre\/wp-json\/wp\/v2\/comments?post=230"}],"version-history":[{"count":0,"href":"https:\/\/www.encontrabomretiro.com.br\/sobre\/wp-json\/wp\/v2\/posts\/230\/revisions"}],"wp:attachment":[{"href":"https:\/\/www.encontrabomretiro.com.br\/sobre\/wp-json\/wp\/v2\/media?parent=230"}],"wp:term":[{"taxonomy":"category","embeddable":true,"href":"https:\/\/www.encontrabomretiro.com.br\/sobre\/wp-json\/wp\/v2\/categories?post=230"},{"taxonomy":"post_tag","embeddable":true,"href":"https:\/\/www.encontrabomretiro.com.br\/sobre\/wp-json\/wp\/v2\/tags?post=230"}],"curies":[{"name":"wp","href":"https:\/\/api.w.org\/{rel}","templated":true}]}}