{"id":2293,"date":"2026-01-20T10:03:58","date_gmt":"2026-01-20T12:03:58","guid":{"rendered":"https:\/\/www.encontrabomretiro.com.br\/sobre\/programacao-do-sesc-verao-no-bom-retiro\/"},"modified":"2026-01-20T10:03:58","modified_gmt":"2026-01-20T12:03:58","slug":"programacao-do-sesc-verao-no-bom-retiro","status":"publish","type":"post","link":"https:\/\/www.encontrabomretiro.com.br\/sobre\/programacao-do-sesc-verao-no-bom-retiro\/","title":{"rendered":"Programa\u00e7\u00e3o do Sesc Ver\u00e3o no Bom Retiro"},"content":{"rendered":"<div class=\"228b65ae207de3c5c501cfe75875708b\" data-index=\"1\" style=\"float: none; margin:0px;\">\n<!-- Anuncio display - global -->\r\n<ins class=\"adsbygoogle\"\r\n     style=\"display:block\"\r\n     data-ad-client=\"ca-pub-8585364105181520\"\r\n     data-ad-slot=\"8789329856\"\r\n     data-ad-format=\"auto\"\r\n     data-full-width-responsive=\"true\"><\/ins>\r\n<script>\r\n     (adsbygoogle = window.adsbygoogle || []).push({});\r\n<\/script>\n<\/div>\n<h2>Bem-estar: Mobilidade Articular<\/h2>\n<p>As aulas de Mobilidade Articular s\u00e3o uma excelente oportunidade para quem deseja promover sa\u00fade e bem-estar atrav\u00e9s de movimentos que ajudam a melhorar a flexibilidade e a consci\u00eancia corporal. Essas aulas s\u00e3o especialmente ben\u00e9ficas para pessoas de todas as idades, pois a pr\u00e1tica regular de exerc\u00edcios que focam na mobilidade articular pode prevenir les\u00f5es, melhorar a postura e aumentar a amplitude de movimento, essenciais para a realiza\u00e7\u00e3o das atividades di\u00e1rias.<\/p>\n<p>Durante as aulas, que acontecem na Pra\u00e7a de Conviv\u00eancia, os participantes s\u00e3o guiados por educadores qualificados que introduzem uma s\u00e9rie de exerc\u00edcios destinados a facilitar a movimenta\u00e7\u00e3o das articula\u00e7\u00f5es. Por exemplo, exerc\u00edcios de alongamento suave, rota\u00e7\u00e3o e fortalecimento dos m\u00fasculos ao redor das articula\u00e7\u00f5es s\u00e3o frequentemente incorporados. Essas atividades n\u00e3o apenas promovem a sa\u00fade f\u00edsica, mas tamb\u00e9m ajudam a aliviar tens\u00f5es acumuladas devido ao estresse do cotidiano.<\/p>\n<p>A pr\u00e1tica conjunta tamb\u00e9m gera um ambiente social positivo, onde os participantes t\u00eam a oportunidade de interagir e se apoiar mutuamente. Assim, a mobilidade articular se transforma em uma atividade n\u00e3o apenas f\u00edsica, mas tamb\u00e9m social e emocional. Com o intuito de aumentar a consci\u00eancia corporal, os educadores incentivam os participantes a se concentrarem em cada movimento, promovendo um estado de presen\u00e7a e aten\u00e7\u00e3o plena que pode ser bastante revitalizante.<\/p>\n<p><img decoding=\"async\" src=\"https:\/\/www.encontrabomretiro.com.br\/sobre\/wp-content\/uploads\/2026\/01\/programacao-do-sesc-verao-no-bom-retiro.webp\" alt=\"Programa\u00e7\u00e3o do Sesc Ver\u00e3o no Bom Retiro\" loading=\"lazy\" \/><\/p>\n<p><strong>Idade:<\/strong> as aulas s\u00e3o voltadas para pessoas a partir de 12 anos. O espa\u00e7o \u00e9 aberto e as aulas s\u00e3o gratuitas, proporcionando uma alternativa acess\u00edvel para todos. Portanto, podemos afirmar que esse programa n\u00e3o s\u00f3 melhora a mobilidade f\u00edsica, mas tamb\u00e9m oferece um espa\u00e7o para o crescimento pessoal e social.<\/p>\n<h2>Aprendendo a Pedalar: Uma Atividade para Todos<\/h2>\n<p>O evento &#8220;Aprendendo a Pedalar&#8221; \u00e9 uma das iniciativas mais inclusivas oferecidas pelo Sesc Bom Retiro, incentivando pessoas de todas as idades a se envolverem em uma atividade ao ar livre que \u00e9 tanto divertida quanto saud\u00e1vel. Este programa \u00e9 especialmente voltado para crian\u00e7as e iniciantes de qualquer faixa et\u00e1ria, possibilitando que cada um aprenda a pedalar em um ambiente seguro e acolhedor.<\/p>\n<p>A atividade ocorre no Gin\u00e1sio, onde educadores experientes est\u00e3o dispon\u00edveis para fornecer orienta\u00e7\u00f5es e suporte. Durante as aulas, cada participante tem a oportunidade de praticar em seu pr\u00f3prio ritmo, sendo encorajado a desenvolver suas habilidades motoras e de equil\u00edbrio. Isso n\u00e3o s\u00f3 aumenta a confian\u00e7a dos novos ciclistas, mas tamb\u00e9m promove a coordena\u00e7\u00e3o e a percep\u00e7\u00e3o espacial.<\/p>\n<p>Al\u00e9m do aprendizado t\u00e9cnico sobre como pedalar, o Sesc garante que os participantes aprendam sobre seguran\u00e7a ao andar de bicicleta, como o uso de equipamentos adequados, normas de tr\u00e2nsito e a import\u00e2ncia de estar atento \u00e0s condi\u00e7\u00f5es do ambiente ao seu redor. Este conhecimento n\u00e3o apenas facilita a pr\u00e1tica do ciclismo como lazer, mas tamb\u00e9m prepara os participantes para a mobilidade urbana, que \u00e9 fundamental nos dias atuais.<\/p>\n<p>Outro aspecto interessante dessa atividade \u00e9 que ela promove h\u00e1bitos saud\u00e1veis desde a inf\u00e2ncia. Aprender a pedalar \u00e9 uma forma divertida de incentivar as crian\u00e7as a se movimentarem, contribuindo para a sa\u00fade cardiovascular e o desenvolvimento f\u00edsico. Por meio das aulas, \u00e9 poss\u00edvel despertar o interesse pelo ciclismo e atividades f\u00edsicas em geral, construindo assim um caminho para um estilo de vida ativo e saud\u00e1vel.<\/p>\n<p><strong>Data:<\/strong> As aulas acontecem de 3 a 11 de janeiro, motivando pais e filhos a participarem juntos dessa experi\u00eancia \u00fanica. Essa \u00e9 uma oportunidade rica para a forma\u00e7\u00e3o de mem\u00f3rias e o fortalecimento de la\u00e7os familiares.<\/p>\n<h2>Viv\u00eancias Esportivas: Experi\u00eancias Acess\u00edveis<\/h2>\n<p>As viv\u00eancias esportivas oferecidas pelo Sesc Bom Retiro s\u00e3o projetadas para serem inclusivas e acess\u00edveis a todos. O Sesc entende que o esporte deve ser uma experi\u00eancia para todos, independentemente de habilidades ou limita\u00e7\u00f5es. Aqui, diversas atividades est\u00e3o dispon\u00edveis, como Parkour, Bocha Paral\u00edmpica e Boxe, permitindo que cada participante encontre sua forma favorita de se mover.<\/p>\n<p>O Parkour, por exemplo, \u00e9 uma atividade voltada para o desvio de obst\u00e1culos urbanos e naturais, utilizando apenas o corpo do praticante. Essa atividade \u00e9 particularmente empolgante para aqueles que buscam uma abordagem din\u00e2mica e aventureira do movimento. As aulas, que ocorrer\u00e3o na Pra\u00e7a de Conviv\u00eancia, permitem que pessoas de todas as idades descubram suas capacidades f\u00edsicas de forma divertida e segura.<\/p>\n<p>Para pessoas com defici\u00eancia, a viv\u00eancia de Bocha Paral\u00edmpica oferece uma excelente oportunidade para engajamento e intera\u00e7\u00e3o social. Essa modalidade, que \u00e9 adapt\u00e1vel e inclusiva, \u00e9 uma forma de esporte que respeita as capacidades e interesses dos participantes, garantindo que todos tenham a chance de participar e aplicar sua habilidade.<\/p>\n<p>Outro destaque \u00e9 a introdu\u00e7\u00e3o ao boxe, que \u00e9 uma atividade que vai al\u00e9m do condicionamento f\u00edsico. O boxe ensina disciplina, foco e autoconfian\u00e7a. Durante as viv\u00eancias, educadores especializados guiam os alunos em um espa\u00e7o seguro, demonstrando os princ\u00edpios b\u00e1sicos desta pr\u00e1tica e permitindo que todos experimentem a sensa\u00e7\u00e3o de supera\u00e7\u00e3o e conquista ao aprender um novo esporte.<\/p>\n<p>A participa\u00e7\u00e3o em viv\u00eancias esportivas oferece n\u00e3o apenas desenvolvimentos f\u00edsicos, mas tamb\u00e9m a oportunidade de conhecer novas pessoas e formar amizades. A intera\u00e7\u00e3o entre os participantes \u00e9 uma b\u00ean\u00e7\u00e3o para a socializa\u00e7\u00e3o, promovendo um senso de comunidade e pertencimento, fundamentais para o bem-estar emocional.<\/p>\n<h2>Programa\u00e7\u00e3o de Dan\u00e7a: Movimento e Divers\u00e3o<\/h2>\n<p>Dan\u00e7ar \u00e9 uma das formas mais puras de express\u00e3o e, frequentemente, \u00e9 percebida como uma atividade prazerosa e libertadora. No Sesc Bom Retiro, a programa\u00e7\u00e3o de dan\u00e7a oferece uma variedade de estilos, permitindo que os participantes da 7\u00aa s\u00e9rie e de diferentes idades experimentem ritmos variados e desenvolvam sua t\u00e9cnica. Com aulas que s\u00e3o acess\u00edveis a todos, independentemente da experi\u00eancia pr\u00e9via, o evento assegura um ambiente acolhedor e empolgante.<\/p>\n<p>As aulas de dan\u00e7a s\u00e3o uma oportunidade n\u00e3o s\u00f3 para aprender, mas tamb\u00e9m para se divertir e se socializar. Com uma programa\u00e7\u00e3o que inclui estilos como Samba Rock, Forr\u00f3, Carimb\u00f3 e Hip Hop, cada sess\u00e3o traz uma energia \u00fanica e a chance de explorar a musicalidade e o movimento. Aprender um novo ritmo exige concentra\u00e7\u00e3o e entrega, proporcionando um excelente exerc\u00edcio para a mente e o corpo, enquanto os participantes se conectam com o mundo ao seu redor.<\/p>\n<p>Outro aspecto importante \u00e9 que, ao participar de aulas de dan\u00e7a, os indiv\u00edduos desenvolvem habilidades motoras, promo\u00e7\u00e3o da sa\u00fade cardiovascular e aumento da flexibilidade. A dan\u00e7a \u00e9 conhecida por ser uma atividade eficaz na redu\u00e7\u00e3o do estresse, j\u00e1 que a m\u00fasica e o movimento colaboram para uma eleva\u00e7\u00e3o do humor e sensa\u00e7\u00e3o de felicidade.<\/p>\n<p>Durante a dan\u00e7a, a express\u00e3o criativa se torna um alicerce, permitindo que cada um mostre sua individualidade e estilo pessoal. A intera\u00e7\u00e3o com os instrutores e outros participantes promove a troca de experi\u00eancias e gera um ambiente de apoio, onde todos se sentem \u00e0 vontade para se expressar. Assim, o Sesc transforma a dan\u00e7a em uma ponte para conex\u00f5es significativas e momentos memor\u00e1veis.<\/p>\n<p><strong>Data das aulas:<\/strong> As aulas de dan\u00e7a ocorrem de 6 a 30 de janeiro, com hor\u00e1rios repartidos ao longo da semana, facilitando a participa\u00e7\u00e3o de todos os interessados. Essa programa\u00e7\u00e3o promete trazer alegria e um novo aprendizado ao p\u00fablico do Sesc Bom Retiro.<\/p>\n<h2>Atividades para Idosos: Sa\u00fade e Lazer<\/h2>\n<p>As atividades voltadas para idosos s\u00e3o projetadas para garantir que esta faixa et\u00e1ria continue ativa, saud\u00e1vel e socialmente engajada. O programa inclui multimodalidades, que s\u00e3o pr\u00e1ticas esportivas adaptadas, proporcionando uma abordagem hol\u00edstica para o bem-estar. O foco das atividades para pessoas com mais de 59 anos \u00e9 a promo\u00e7\u00e3o da sa\u00fade f\u00edsica, socializa\u00e7\u00e3o e entretenimento.<\/p>\n<p>No espa\u00e7o do Sesc, os participantes poder\u00e3o experimentar diferentes modalidades, al\u00e9m de jogos recreativos que favorecem a forma\u00e7\u00e3o de la\u00e7os e a intera\u00e7\u00e3o social. Os educadores capacitados oferecem suporte durante as atividades, sempre respeitando o ritmo individual dos participantes e priorizando sua seguran\u00e7a e conforto.<\/p>\n<p>Praticar atividades f\u00edsicas \u00e9 fundamental para os idosos, pois contribui para melhorar a for\u00e7a, a resist\u00eancia e a flexibilidade, aspectos cruciais para a manuten\u00e7\u00e3o da autonomia e independ\u00eancia. Jogos recreativos, por sua vez, estimulam habilidades cognitivas e promovem a mem\u00f3ria, oferecendo aos idosos uma maneira divertida e engajadora de exercitar o c\u00e9rebro e a mente.<\/p>\n<p>Al\u00e9m dos benef\u00edcios f\u00edsicos e mentais, as atividades sociais criadas para os idosos promovem bem-estar emocional, diminuindo a sensa\u00e7\u00e3o de solid\u00e3o e contribuindo para um estado de esp\u00edrito positivo. A intera\u00e7\u00e3o com outros participantes em um ambiente acolhedor e divertido \u00e9 vital para a sa\u00fade mental, ajudando a construir comunidades de suporte e amizade.<\/p>\n<p><strong>Datas das atividades:<\/strong> O programa de atividades acontece de 6 de janeiro a 12 de fevereiro, com encontros \u00e0s ter\u00e7as e quintas-feiras, criando uma rotina que os participantes tendem a apreciar ao longo do tempo.<\/p>\n<h2>Jogos Gigantes: Recrea\u00e7\u00e3o em Grande Estilo<\/h2>\n<p>Os Jogos Gigantes s\u00e3o uma atra\u00e7\u00e3o l\u00fadica e inovadora que promove a divers\u00e3o em grande escala para todas as idades. Essas atividades s\u00e3o ideais para estimular a intera\u00e7\u00e3o social, o trabalho em equipe e a alegria, permitindo que os participantes se conectem com o esp\u00edrito l\u00fadico que existe em cada um de n\u00f3s, independentemente da idade.<\/p>\n<p>A proposta de recriar jogos cl\u00e1ssicos em vers\u00f5es gigantes permite que as pessoas experimentem a nostalgia e a alegria de jogar de forma diferente. Jogos como Bocha, Curling e Shufleboard de ca\u00e7apa t\u00eam a capacidade de unir amigos e fam\u00edlias, criando situa\u00e7\u00f5es de camaradagem e competi\u00e7\u00e3o saud\u00e1vel que s\u00e3o fundamentais para a constru\u00e7\u00e3o social e comunit\u00e1ria.<\/p>\n<p>Esses jogos n\u00e3o apenas promovem o lazer e a alegria, mas tamb\u00e9m ajudam a desenvolver habilidades importantes, como coordena\u00e7\u00e3o motora, racioc\u00ednio r\u00e1pido e capacidade de trabalhar em equipe. Em um ambiente descontra\u00eddo, os participantes s\u00e3o incentivados a se divertir, rindo, interagindo e desfrutando o momento, utilizando n\u00e3o apenas a habilidade f\u00edsica, mas tamb\u00e9m a estrat\u00e9gia para se destacar nas atividades.<\/p>\n<p>Para as crian\u00e7as, os Jogos Gigantes representam uma oportunidade valiosa para explorar e vivenciar, contribuindo para o desenvolvimento socioemocional atrav\u00e9s da ludicidade. \u00c9 um evento em que todos podem deixar a competi\u00e7\u00e3o de lado e apreciar o esp\u00edrito de jogo e camaradagem que \u00e9 cultivado a cada movimento.<\/p>\n<p><strong>Data:<\/strong> As atividades ocorrer\u00e3o durante o per\u00edodo do Sesc Ver\u00e3o, e s\u00e3o oferecidas em hor\u00e1rios acess\u00edveis para que todos possam participar e se divertir. N\u00e3o h\u00e1 d\u00favida de que a programa\u00e7\u00e3o de Jogos Gigantes promete ser um dos destaques da temporada!<\/p>\n<h2>Espa\u00e7o Sesc Ver\u00e3o para Beb\u00eas: Desenvolvimento L\u00fadico<\/h2>\n<p>O Espa\u00e7o Sesc Ver\u00e3o para Beb\u00eas \u00e9 uma iniciativa especialmente desenvolvida para atender os pequeninos at\u00e9 os tr\u00eas anos. Este espa\u00e7o l\u00fadico \u00e9 organizado para estimular o desenvolvimento neuropsicomotor dos beb\u00eas em um ambiente seguro e acolhedor. Usando bloco de estruturas de tecido e espuma, as crian\u00e7as s\u00e3o encorajadas a explorar e experimentar seus limites com total liberdade.<\/p>\n<p>Atrav\u00e9s de brincadeiras que envolvem escaladas, equil\u00edbrio e movimento, os beb\u00eas t\u00eam a chance de desenvolver as habilidades motoras finas e grossas, essenciais para o seu crescimento. Al\u00e9m disso, interagir com outras crian\u00e7as e adultos promovem habilidades sociais e emocionais, facilitando a forma\u00e7\u00e3o de la\u00e7os afetivos e a constru\u00e7\u00e3o de conex\u00f5es essenciais durante a inf\u00e2ncia.<\/p>\n<p>A experi\u00eancia n\u00e3o \u00e9 apenas valiosa para as crian\u00e7as, mas tamb\u00e9m para os adultos que as acompanham. O Espa\u00e7o atender\u00e1 as necessidades de intera\u00e7\u00e3o entre os pais ou respons\u00e1veis e os beb\u00eas, criando oportunidades para troca de experi\u00eancias e fortalecimento dos v\u00ednculos familiares. Esse envolvimento ativo \u00e9 fundamental para o desenvolvimento emocional saud\u00e1vel, e proporciona um espa\u00e7o onde todos podem sentir-se \u00e0 vontade para explorar e aprender juntos.<\/p>\n<p><strong>Data:<\/strong> A programa\u00e7\u00e3o do Espa\u00e7o Sesc Ver\u00e3o para Beb\u00eas acontece nos fins de semana entre 10 de janeiro e 1 de fevereiro, tornando-se um ponto de encontro para fam\u00edlias que buscam oferecer experi\u00eancias significativas para os seus pequenos.<\/p>\n<h2>Apresenta\u00e7\u00f5es Esportivas: Talentos em Cena<\/h2>\n<p>As apresenta\u00e7\u00f5es esportivas proporcionam uma janela para o talento e a dedica\u00e7\u00e3o de nossos atletas, celebrando as conquistas e a paix\u00e3o pelos esportes. Essas atividades s\u00e3o uma excelente forma de inspira\u00e7\u00e3o, uma vez que exibem habilidades desenvolvidas ao longo de anos de pr\u00e1tica e esfor\u00e7o. Entre os destaques, temos atletas renomados como Gustavo Bala Loka e Carol Santiago, cujas conquistas valiadas representam o esp\u00edrito de supera\u00e7\u00e3o e excel\u00eancia no esporte brasileiro.<\/p>\n<p>A apresenta\u00e7\u00e3o de Gustavo Bala Loka \u00e9 uma imers\u00e3o no mundo do BMX, um esporte que exige habilidade e coragem. Ao ver suas manobras criativas, os jovens e adultos s\u00e3o motivados a ver a import\u00e2ncia do esporte como forma de express\u00e3o e autodescoberta. Seu carisma e personalidade no esporte s\u00e3o aspectos que mostram que o triunfo vai muito al\u00e9m das medalhas e trof\u00e9us.<\/p>\n<p>Por outro lado, a apresenta\u00e7\u00e3o da atleta paral\u00edmpica Carol Santiago, a maior medalhista do Brasil nos 100 metros costas, traz um n\u00edvel inspirador de supera\u00e7\u00e3o e garra. A carreira dela n\u00e3o apenas inspira atletas em potencial, mas tamb\u00e9m educa o p\u00fablico sobre a import\u00e2ncia da inclus\u00e3o e da diversidade dentro do mundo esportivo. Cada apresenta\u00e7\u00e3o traz \u00e0 tona a beleza do esporte e compartilha hist\u00f3rias de vida que merecem ser celebradas e conhecidas.<\/p>\n<p>Al\u00e9m disso, temos a apresenta\u00e7\u00e3o da Sele\u00e7\u00e3o Brasileira de Gin\u00e1stica R\u00edtmica, que exibe habilidades que combinam t\u00e9cnica, arte e performance. Demonstrar os equipamentos t\u00edpicos da modalidade e valorizar o trabalho em equipe mostram como o esporte pode ser uma express\u00e3o cultural rica e diversificada. Essa fus\u00e3o entre esporte e arte \u00e9 uma plataforma para estimular o interesse e a participa\u00e7\u00e3o em atividades que promovem o corpo e a mente.<\/p>\n<p><strong>Datas das apresenta\u00e7\u00f5es:<\/strong> As apresenta\u00e7\u00f5es est\u00e3o programadas para o m\u00eas de janeiro, oferecendo um espet\u00e1culo emocionante e resultados inspiradores que s\u00e3o aguardados por todos. Isso promete ser um dos pontos altos da programa\u00e7\u00e3o cultural do Sesc Ver\u00e3o.<\/p>\n<h2>Acessibilidade: Inclus\u00e3o Para Todos<\/h2>\n<p>A acessibilidade \u00e9 um princ\u00edpio fundamental no Sesc Bom Retiro, e isso se reflete em sua programa\u00e7\u00e3o abrangente que busca garantir que todos tenham a oportunidade de participar e vivenciar as diversas atividades. O Sesc se empenha em criar um ambiente inclusivo onde pessoas com defici\u00eancias, assim como todos os demais, tenham acesso igualit\u00e1rio aos programas oferecidos, desde as viv\u00eancias esportivas at\u00e9 as apresenta\u00e7\u00f5es culturais.<\/p>\n<p>Todos os eventos s\u00e3o planejados levando em considera\u00e7\u00e3o as necessidades variadas dos participantes. Atividades como a Bocha Paral\u00edmpica, Esgrima em Cadeira de Rodas e Tiro com Arco Paral\u00edmpico foram projetadas para serem acess\u00edveis, permitindo que cada participante explore seu potencial. Isso demonstra o compromisso do Sesc em proporcionar experi\u00eancias que molem limites e promovam a inclus\u00e3o na sociedade.<\/p>\n<p>Al\u00e9m disso, o Sesc proporciona comunica\u00e7\u00e3o acess\u00edvel, como a tradu\u00e7\u00e3o em Libras durante as apresenta\u00e7\u00f5es. Essa aten\u00e7\u00e3o ao detalhe \u00e9 fundamental para garantir que cada momento seja aproveitado, e que todos possam compreender e participar ativamente das atividades. A inclus\u00e3o \u00e9 um valor essencial que deve ser promovido em cada n\u00edvel, e o Sesc promove isso ao maximizar a acessibilidade.<\/p>\n<p><strong>Oportunidades para todos:<\/strong> Ao criar um espa\u00e7o que acolhe a diversidade, o Sesc Bom Retiro reafirma a import\u00e2ncia de construir uma sociedade mais inclusiva e emp\u00e1tica. Os participantes s\u00e3o incentivados a se envolver e compartilhar suas hist\u00f3rias, enriquecendo ainda mais a experi\u00eancia de todos.<\/p>\n<h2>Aproveite o Ver\u00e3o: Dicas e Sugest\u00f5es<\/h2>\n<p>O Sesc Ver\u00e3o no Bom Retiro \u00e9 uma verdadeira celebra\u00e7\u00e3o do esporte, da arte e do bem-estar. Para aproveitar ao m\u00e1ximo essa programa\u00e7\u00e3o rica e variada, aqui v\u00e3o algumas dicas e sugest\u00f5es:<\/p>\n<ul>\n<li><strong>Participe Ativamente:<\/strong> N\u00e3o hesite em experimentar diferentes atividades. Cada viv\u00eancia traz uma experi\u00eancia \u00fanica, seja atrav\u00e9s da dan\u00e7a, do esporte ou da arte. Assim, voc\u00ea poder\u00e1 descobrir novas paix\u00f5es e interesses.<\/li>\n<li><strong>Traga Amigos e Fam\u00edlia:<\/strong> Incentive seus amigos e familiares a se juntarem a voc\u00ea! As atividades s\u00e3o mais divertidas quando curtidas em grupo e isso permite viv\u00eancias memor\u00e1veis juntos.<\/li>\n<li><strong>Mantenha-se Hidratado:<\/strong> Com a movimenta\u00e7\u00e3o, especialmente em um per\u00edodo quente, \u00e9 essencial beber \u00e1gua regularmente. Fique atento \u00e0 sua hidrata\u00e7\u00e3o durante as atividades.<\/li>\n<li><strong>Aproveite o Espa\u00e7o:<\/strong> O Sesc Bom Retiro oferece v\u00e1rias \u00e1reas de lazer. Reserve um tempo para relaxar, socializar e desfrutar do ambiente ao redor entre as atividades.<\/li>\n<li><strong>Esteja Aberto a Novas Experi\u00eancias:<\/strong> Programe-se para participar de atividades que voc\u00ea nunca fez antes. A \u00fanica maneira de realmente saber se voc\u00ea gosta de algo \u00e9 experiment\u00e1-lo!<\/li>\n<\/ul>\n<p>Por fim, o Sesc Ver\u00e3o \u00e9 mais do que apenas uma programa\u00e7\u00e3o de atividades; \u00e9 uma oportunidade para se divertir, aprender, se conectar e celebrar a vida. A programa\u00e7\u00e3o acess\u00edvel e diversificada promete uma experi\u00eancia enriquecedora, repleta de divers\u00e3o e momentos inesquec\u00edveis!<\/p>\n\n<div style=\"font-size: 0px; height: 0px; line-height: 0px; margin: 0; padding: 0; clear: both;\"><\/div>","protected":false},"excerpt":{"rendered":"<p>Explore a programa\u00e7\u00e3o do Sesc Ver\u00e3o no Bom Retiro e descubra atividades incr\u00edveis.<\/p>\n","protected":false},"author":1,"featured_media":2292,"comment_status":"open","ping_status":"closed","sticky":false,"template":"","format":"standard","meta":{"footnotes":""},"categories":[6],"tags":[],"class_list":["post-2293","post","type-post","status-publish","format-standard","has-post-thumbnail","hentry","category-noticias-no-bom-retiro","has_thumb"],"aioseo_notices":[],"_links":{"self":[{"href":"https:\/\/www.encontrabomretiro.com.br\/sobre\/wp-json\/wp\/v2\/posts\/2293","targetHints":{"allow":["GET"]}}],"collection":[{"href":"https:\/\/www.encontrabomretiro.com.br\/sobre\/wp-json\/wp\/v2\/posts"}],"about":[{"href":"https:\/\/www.encontrabomretiro.com.br\/sobre\/wp-json\/wp\/v2\/types\/post"}],"author":[{"embeddable":true,"href":"https:\/\/www.encontrabomretiro.com.br\/sobre\/wp-json\/wp\/v2\/users\/1"}],"replies":[{"embeddable":true,"href":"https:\/\/www.encontrabomretiro.com.br\/sobre\/wp-json\/wp\/v2\/comments?post=2293"}],"version-history":[{"count":0,"href":"https:\/\/www.encontrabomretiro.com.br\/sobre\/wp-json\/wp\/v2\/posts\/2293\/revisions"}],"wp:featuredmedia":[{"embeddable":true,"href":"https:\/\/www.encontrabomretiro.com.br\/sobre\/wp-json\/wp\/v2\/media\/2292"}],"wp:attachment":[{"href":"https:\/\/www.encontrabomretiro.com.br\/sobre\/wp-json\/wp\/v2\/media?parent=2293"}],"wp:term":[{"taxonomy":"category","embeddable":true,"href":"https:\/\/www.encontrabomretiro.com.br\/sobre\/wp-json\/wp\/v2\/categories?post=2293"},{"taxonomy":"post_tag","embeddable":true,"href":"https:\/\/www.encontrabomretiro.com.br\/sobre\/wp-json\/wp\/v2\/tags?post=2293"}],"curies":[{"name":"wp","href":"https:\/\/api.w.org\/{rel}","templated":true}]}}