{"id":2269,"date":"2026-01-13T09:57:27","date_gmt":"2026-01-13T11:57:27","guid":{"rendered":"https:\/\/www.encontrabomretiro.com.br\/sobre\/ferias-no-sesc-2026-guia-com-atividades-para-bebes-criancas-e-familias-em-sp\/"},"modified":"2026-01-13T09:57:27","modified_gmt":"2026-01-13T11:57:27","slug":"ferias-no-sesc-2026-guia-com-atividades-para-bebes-criancas-e-familias-em-sp","status":"publish","type":"post","link":"https:\/\/www.encontrabomretiro.com.br\/sobre\/ferias-no-sesc-2026-guia-com-atividades-para-bebes-criancas-e-familias-em-sp\/","title":{"rendered":"F\u00e9rias no Sesc 2026: guia com atividades para beb\u00eas, crian\u00e7as e fam\u00edlias em SP"},"content":{"rendered":"<div class=\"228b65ae207de3c5c501cfe75875708b\" data-index=\"1\" style=\"float: none; margin:0px;\">\n<!-- Anuncio display - global -->\r\n<ins class=\"adsbygoogle\"\r\n     style=\"display:block\"\r\n     data-ad-client=\"ca-pub-8585364105181520\"\r\n     data-ad-slot=\"8789329856\"\r\n     data-ad-format=\"auto\"\r\n     data-full-width-responsive=\"true\"><\/ins>\r\n<script>\r\n     (adsbygoogle = window.adsbygoogle || []).push({});\r\n<\/script>\n<\/div>\n<h2>Atividades Para Beb\u00eas: Est\u00edmulos e Aprendizado<\/h2>\n<p>No <strong>Sesc S\u00e3o Paulo<\/strong>, as <em>atividades para beb\u00eas<\/em> s\u00e3o cuidadosamente elaboradas para proporcionar est\u00edmulos sensoriais e experi\u00eancias de movimento. Essas atividades visam o desenvolvimento saud\u00e1vel e seguro das crian\u00e7as de 0 a 2 anos, promovendo a explora\u00e7\u00e3o atrav\u00e9s do jogo e do contato com diferentes texturas e ambientes.<\/p>\n<p>Um dos destaques \u00e9 a viv\u00eancia <strong>\u201cOmokekere\u201d<\/strong>, que acontece no <strong>Sesc 14 Bis<\/strong>. Durante essa oficina, os pequenos t\u00eam a chance de explorar um espa\u00e7o organizado como um laborat\u00f3rio de brincadeira, onde podem interagir com objetos e materiais variados. As datas se estendem de 10 a 25 de janeiro de 2026, aos s\u00e1bados e domingos, das 10h30 \u00e0s 12h30. O acesso \u00e9 gratuito, tornando essa experi\u00eancia acess\u00edvel a todos.<\/p>\n<p>Outra atividade recomendada \u00e9 o <strong>Circuito Pequenos Movimentos<\/strong>, realizado no <strong>Sesc Casa Verde<\/strong>. Este circuito \u00e9 projetado para estimular habilidades motoras fundamentais, oferecendo uma viv\u00eancia motora segura e divertida \u00e0s quintas-feiras, de 15 a 29 de janeiro, das 14h30 \u00e0s 16h. Essa atividade permite que os beb\u00eas desenvolvem suas capacidades motoras com apoio de profissionais qualificados.<\/p>\n<p><img decoding=\"async\" src=\"https:\/\/www.encontrabomretiro.com.br\/sobre\/wp-content\/uploads\/2026\/01\/ferias-no-sesc-2026-guia-com-atividades-para-bebes-criancas-e-familias-em-sp.webp\" alt=\"F\u00e9rias no Sesc 2026\" loading=\"lazy\" \/><\/p>\n<p>As <em>pranchinhas t\u00e1teis<\/em>, que tamb\u00e9m fazem parte da programa\u00e7\u00e3o, s\u00e3o uma excelente forma de introduzir experi\u00eancias sensoriais. Elas oferecem formas variadas para toque e explora\u00e7\u00e3o, permitindo que os beb\u00eas se familiarizem com o mundo que os cerca. Essa atividade est\u00e1 programada para o dia 31 de janeiro, das 10h30 \u00e0s 11h30, no <strong>Sesc Itaquera<\/strong>. As sess\u00f5es com o <strong>Ateli\u00ea dos Sentidos<\/strong> no <strong>Sesc Consola\u00e7\u00e3o<\/strong> ocorrem todos os s\u00e1bados e domingos de janeiro, sempre das 10h \u00e0s 17h, permitindo intera\u00e7\u00f5es sensoriais que despertam a imagina\u00e7\u00e3o dos pequenos.<\/p>\n<p>Al\u00e9m disso, o espet\u00e1culo <strong>A Casa que Espera<\/strong>, uma proposta c\u00eanica pensada especificamente para a primeira inf\u00e2ncia, ocorrer\u00e1 aos domingos, come\u00e7ando em 11 de janeiro at\u00e9 8 de fevereiro, sempre \u00e0s 15h, e estar\u00e1 dispon\u00edvel a partir de R$12. Com isso, a programa\u00e7\u00e3o do Sesc para beb\u00eas busca n\u00e3o apenas entreter, mas tamb\u00e9m educar por meio do brincar, promovendo um ambiente de aprendizado e desenvolvimento saud\u00e1vel.<\/p>\n<h2>Experi\u00eancias Para Crian\u00e7as Menores de 3 Anos<\/h2>\n<p>Para as crian\u00e7as at\u00e9 3 anos, o Sesc apresenta uma programa\u00e7\u00e3o rica e diversificada em suas unidades, envolvendo atividades que estimulam o c\u00e9rebro e o corpo por meio de jogos e intera\u00e7\u00f5es l\u00fadicas.<\/p>\n<p>Destaca-se o espet\u00e1culo <strong>Circo para Beb\u00eas: Broto de Circo<\/strong>, que ocorrer\u00e1 nos dias 17 e 24 de janeiro, no <strong>Sesc Itaquera<\/strong>, \u00e0s 11h. Com palha\u00e7os e m\u00fasica ao vivo, a atividade proporciona uma experi\u00eancia \u00fanica que estimula a audi\u00e7\u00e3o e a visualiza\u00e7\u00e3o atrav\u00e9s de cores vibrantes e sons alegres.<\/p>\n<p>Outra atividade incr\u00edvel \u00e9 <strong>Chu\u00e1, Chu\u00e1, Vem se Refrescar<\/strong>, que acontecer\u00e1 todos os domingos do m\u00eas de janeiro no <strong>Sesc Interlagos<\/strong>. Com um foco em brincar com \u00e1gua, essa proposta \u00e9 perfeita para os dias quentes de ver\u00e3o e inclui sess\u00f5es de brincadeiras livres, enfatizando o aprendizado por meio da divers\u00e3o. Agendada para os domingos, das 11h \u00e0s 13h30, a atividade \u00e9 gratuita e ideal para promover a socializa\u00e7\u00e3o entre os pequenos e suas fam\u00edlias.<\/p>\n<p>A experi\u00eancia rica e l\u00fadica n\u00e3o para por a\u00ed. As <em>Hist\u00f3rias Refrescantes<\/em>, com conta\u00e7\u00e3o de hist\u00f3rias dentro de um ambiente aqu\u00e1tico, ocorrem no <strong>Sesc Ipiranga<\/strong> aos s\u00e1bados e domingos, de 3 de janeiro a 1 de fevereiro, das 10h30 \u00e0s 14h30. Essa atividade \u00e9 especialmente pensada para fomentar o gosto pela leitura de modo descontra\u00eddo e interativo, proporcionando um ambiente que mant\u00e9m as crian\u00e7as entretidas e educadas ao mesmo tempo.<\/p>\n<h2>Programa\u00e7\u00e3o Rica Para Crian\u00e7as At\u00e9 6 Anos<\/h2>\n<p>A programa\u00e7\u00e3o destinada a crian\u00e7as at\u00e9 6 anos no Sesc \u00e9 especialmente envolvente, apresentando uma variedade de experi\u00eancias interativas que abrangem jogos, dan\u00e7as e muito mais.<\/p>\n<p>Um dos eventos mais aguardados \u00e9 a <strong>Praia di Kebrada<\/strong>, realizada no <strong>Sesc 14 Bis<\/strong>. Essa viv\u00eancia permitir\u00e1 que as crian\u00e7as experimentem atividades l\u00fadicas ligadas ao ambiente de praia, promovendo divers\u00e3o e intera\u00e7\u00e3o. As datas v\u00e3o de 10 a 25 de janeiro, aos s\u00e1bados e domingos, das 14h \u00e0s 17h, e a participa\u00e7\u00e3o \u00e9 gratuita.<\/p>\n<p>Outra atividade estimulante \u00e9 <strong>Fuzu\u00ea! Brincadeiras e Cantorias<\/strong>, onde as crian\u00e7as poder\u00e3o se divertir com cantigas tradicionais e jogos inspirados na cultura afro-brasileira. Esse programa acontece no mesmo Sesc, entre 8 e 30 de janeiro, a partir das 15h. S\u00e3o experi\u00eancias que exploram a musicalidade e a cultura popular de forma din\u00e2mica e divertida.<\/p>\n<p>Os encontros de <strong>Ocupa Xir\u00ea<\/strong>, que ocorrem no <strong>Sesc Campo Limpo<\/strong> de 10 de janeiro a 1 de fevereiro, proporcionam brincadeiras que combinam ritmo, m\u00fasica e elementos da natureza, criando um espa\u00e7o para que as crian\u00e7as interajam umas com as outras. S\u00e3o atra\u00e7\u00f5es que visam o desenvolvimento social e emocional atrav\u00e9s do reconhecimento da cultura e da natureza.<\/p>\n<p>Em um estilo mais tranquilo, o <strong>Cantos de Brincar<\/strong> traz encontros musicais com cantigas e brincadeiras tradicionais que ocorrem no <strong>Sesc Casa Verde<\/strong>, em hor\u00e1rios variados. Por sua vez, a atividade <strong>Banho de Livros<\/strong> acontecer\u00e1 em mesas de leitura dentro de piscinas de bolinhas no <strong>Sesc Campo Limpo<\/strong>. As crian\u00e7as poder\u00e3o mergulhar no mundo da imagina\u00e7\u00e3o enquanto brincam e leem simultaneamente, promovendo um ambiente pedag\u00f3gico \u00fanico e divertido.<\/p>\n<h2>Atividades Para Crian\u00e7as de 6 a 12 Anos<\/h2>\n<p>Para as crian\u00e7as de 6 a 12 anos, o Sesc oferece uma agenda variada que busca aprimorar as habilidades sociais e criativas, com oficinas e atividades enriquecedoras.<\/p>\n<p>Uma proposta empolgante \u00e9 a <strong>Oficina Perna de Pau<\/strong>, que acontece no <strong>Sesc 14 Bis<\/strong> entre 7 e 28 de janeiro. Aqui, as crian\u00e7as poder\u00e3o se aventurar a montar, customizar e usar perna de pau de forma segura, estimulando o desenvolvimento da coordena\u00e7\u00e3o motora e a autoconfian\u00e7a. Al\u00e9m disso, a atividade de <strong>MalabArtes<\/strong>, tamb\u00e9m no mesmo local, oferece a oportunidade de aprender malabares utilizando materiais reutiliz\u00e1veis.<\/p>\n<p>A <strong>Minicoisas<\/strong>, um ateli\u00ea de arte em pequenas dimens\u00f5es, estar\u00e1 dispon\u00edvel no <strong>Sesc Av. Paulista<\/strong>, com v\u00e1rias datas e hor\u00e1rios. Essa oficina permite a explora\u00e7\u00e3o da criatividade atrav\u00e9s da modelagem e pintura, essencial para o desenvolvimento art\u00edstico das crian\u00e7as.<\/p>\n<p>As atividades tamb\u00e9m incluem o <strong>Arte, Brincadeira e Imagina\u00e7\u00e3o<\/strong>, onde as crian\u00e7as poder\u00e3o experimentar diferentes linguagens art\u00edsticas de forma livre entre 10 de janeiro a 1 de fevereiro. \u00c9 uma oportunidade para expressar seus sentimentos e ideias de forma criativa. Para quem se interessa por constru\u00e7\u00e3o, a atividade <strong>Constru\u00e7\u00e3o de Brinquedo A\u00e9reo: Barangand\u00e3o<\/strong> no mesmo Sesc \u00e9 uma excelente op\u00e7\u00e3o para aprender sobre engenharia e design, promovendo o trabalho em equipe.<\/p>\n<p>As a\u00e7\u00f5es se complementam com a <strong>Criando com Cer\u00e2mica<\/strong>, onde as crian\u00e7as poder\u00e3o trabalhar com argila, uma pr\u00e1tica que foi agendada para o final de semana. Em paralelo, a viv\u00eancia <strong>Engenhoca com Bolinhas<\/strong>, que promover\u00e1 o desenvolvimento do racioc\u00ednio l\u00f3gico com circuitos feitos de bolinhas de gude, est\u00e1 programada para os \u00faltimos dias de janeiro.<\/p>\n<h2>Espet\u00e1culos Infantis Imperd\u00edveis<\/h2>\n<p>Os espet\u00e1culos infantis programados pelo Sesc para janeiro de 2026 s\u00e3o imperd\u00edveis e prometem agradar crian\u00e7as de v\u00e1rias idades. A programa\u00e7\u00e3o inclui op\u00e7\u00f5es tanto gratuitas quanto pagas, cada uma com seu encanto especial.<\/p>\n<p>Um dos espet\u00e1culos mais recomendados \u00e9 <strong>Eu S\u00f3 Dan\u00e7arei com Voc\u00ea<\/strong>, que combina dan\u00e7a, Libras e percuss\u00e3o corporal nos dias 3 e 4 de janeiro, sempre \u00e0s 16h, no <strong>Sesc 24 de Maio<\/strong>. Essa iniciativa \u00fanica visa promover a inclus\u00e3o, proporcionando uma experi\u00eancia rica em movimento e ritmo.<\/p>\n<p>Outros eventos not\u00e1veis s\u00e3o <strong>Barulhos<\/strong> e <strong>Uma Hist\u00f3ria de Jo\u00e3o e Maria<\/strong>, que prometem trazer hist\u00f3rias encantadoras e intera\u00e7\u00f5es l\u00fadicas. O <strong>Gato Malhado e a Andorinha Sinh\u00e1<\/strong> \u00e9 outra produ\u00e7\u00e3o a ser destacada, pois revive uma f\u00e1bula linda de Jorge Amado por meio de uma linguagem c\u00eanica envolvente. Todos esses espet\u00e1culos s\u00e3o transmitidos em um formato que enriquece o aprendizado e a divers\u00e3o, permitindo que as crian\u00e7as desenvolvam sua imagina\u00e7\u00e3o e apre\u00e7o pelas artes.<\/p>\n<p>Os dias 10 e 11 se destacam com o <strong>Calunguinha Canta o Brasil<\/strong>, que oferece um rico repert\u00f3rio de can\u00e7\u00f5es brasileiras, ideal para aproximar as crian\u00e7as da m\u00fasica popular. Para quem deseja algo mais interativo, o espet\u00e1culo <strong>Carnavalha\u00e7o<\/strong> se centrar\u00e1 na palha\u00e7aria, promovendo a participa\u00e7\u00e3o dos pequenos no dia 31 de janeiro, sempre \u00e0s 15h no <strong>Sesc S\u00e3o Caetano<\/strong>.<\/p>\n<h2>Oficinas para Toda a Fam\u00edlia<\/h2>\n<p>Al\u00e9m das atividades segmentadas por idade, as oficinas no <strong>Sesc<\/strong> foram pensadas para envolver toda a fam\u00edlia, criando um espa\u00e7o onde pais e filhos possam desfrutar de momentos de aprendizado conjunto.<\/p>\n<p>Uma das experi\u00eancias mais interessantes \u00e9 <strong>Criatividade no Movimento: Media\u00e7\u00e3o nos Brinquedos Naturalizados<\/strong>, que acontecer\u00e1 de 31 de janeiro a 28 de fevereiro no <strong>Sesc 14 Bis<\/strong>. Essa atividade encoraja a imagina\u00e7\u00e3o e a criatividade de todos os participantes. Al\u00e9m disso, a <strong>Esta\u00e7\u00f5es Brincantes<\/strong> prop\u00f5e uma ocupa\u00e7\u00e3o l\u00fadica que envolve jogos e brincadeiras tradicionais afro-brasileiras em um ambiente comunit\u00e1rio maravilhoso.<\/p>\n<p>Outro evento not\u00e1vel \u00e9 <strong>Insetos Gigantes<\/strong>, um percurso interativo sobre os insetos, que ser\u00e1 realizado no dia 17 de janeiro, repleto de atividades que proporcionam uma experi\u00eancia cient\u00edfica e art\u00edstica das mais envolventes para todas as idades.<\/p>\n<p>As oficinas de jardinagem, como <strong>Criando Kokedamas<\/strong>, promovem um contato com a natureza ao permitir que as fam\u00edlias aprendam a cultivar plantas usando t\u00e9cnicas tradicionais japonesas em um ambiente l\u00fadico e educativo.<\/p>\n<p>O <strong>Sesc<\/strong> tem se destacado por criar um espa\u00e7o inclusivo que n\u00e3o s\u00f3 diverte as crian\u00e7as, mas tamb\u00e9m promove a conviv\u00eancia familiar, por meio de atividades que fortalecem la\u00e7os e incentivam a criatividade.<\/p>\n<h2>Mais Atra\u00e7\u00f5es do Sesc em Janeiro<\/h2>\n<p>Al\u00e9m da programa\u00e7\u00e3o j\u00e1 mencionada, o Sesc apresenta uma vasta gama de atra\u00e7\u00f5es e atividades ao longo do m\u00eas de janeiro, que v\u00e3o al\u00e9m das oficinas e espet\u00e1culos.<\/p>\n<p>No <strong>Sesc Belenzinho<\/strong>, a programa\u00e7\u00e3o \u00e9 intensa, com eventos de circo, m\u00fasica, dan\u00e7a e teatro que v\u00e3o entrela\u00e7ar a variedade de vertentes art\u00edsticas para encantar toda a fam\u00edlia. A <strong>Roda Mundo, Roda Moinho, Roda Pi\u00e3o<\/strong> \u00e9 uma viv\u00eancia especial que envolve hist\u00f3rias e brincadeiras circulares, trazendo elementos da tradi\u00e7\u00e3o oral.<\/p>\n<p>O <strong>Sesc Campo Limpo<\/strong> tamb\u00e9m n\u00e3o fica para tr\u00e1s, apresentando a\u00e7\u00f5es que envolvem dan\u00e7a e pintura, como <strong>Saia Pintando<\/strong>, onde as crian\u00e7as poder\u00e3o criar enquanto se movimentam e se expressam artisticamente. Outra atra\u00e7\u00e3o rigorosamente interessante \u00e9 o <strong>Espa\u00e7o da Palavra: Lumbu Ya Kulu<\/strong>, promovendo a narrativa e a literatura negra.<\/p>\n<p>O <strong>Sesc Vila Mariana<\/strong> convida a todos para as <strong>Leituras Ancestrais<\/strong> e a <strong>Plantaria M\u00e1gica de Ossain<\/strong>, encontros que se baseiam em saberes afro-brasileiros, proporcionando uma perspectiva rica que entrela\u00e7a hist\u00f3ria, natureza e cultura em uma experi\u00eancia \u00fanica.<\/p>\n<h2>Programa\u00e7\u00e3o em Diferentes Unidades do Sesc<\/h2>\n<p>A programa\u00e7\u00e3o do Sesc \u00e9 ampla e distribu\u00edda por diversas unidades, cada uma com suas ofertas especiais que atendem \u00e0s diversas necessidades da popula\u00e7\u00e3o. No <strong>Sesc Itaquera<\/strong>, por exemplo, est\u00e3o agendadas atividades que favorecem a biodiversidade e a vida marinha, como o <strong>Oceano Azul<\/strong>, que apresenta viv\u00eancias educativas sobre a import\u00e2ncia dos oceanos.<\/p>\n<p>No <strong>Sesc Pinheiros<\/strong>, a proposta \u00e9 criar um espa\u00e7o de integra\u00e7\u00e3o e atividade f\u00edsica com propostas como a <strong>Rabiscorpo<\/strong>, explorando o movimento de forma interativa e art\u00edstica. O <strong>Sesc Consola\u00e7\u00e3o<\/strong> oferece o <strong>Ateli\u00ea dos Sentidos<\/strong>, que prop\u00f5e experi\u00eancias sensoriais envolventes para crian\u00e7as pequenas, permitindo uma intera\u00e7\u00e3o rica e prazerosa com o ambiente.<\/p>\n<p>Cada unidade do Sesc est\u00e1 comprometida em promover a cultura, entretenimento e o aprendizado em um espa\u00e7o que \u00e9 seguro, acess\u00edvel e acolhedor para todas as fam\u00edlias, criando um sentimento de comunidade e pertencimento.<\/p>\n<h2>Pre\u00e7os e Informa\u00e7\u00f5es de Acesso<\/h2>\n<p>A programa\u00e7\u00e3o do Sesc em janeiro \u00e9 amplamente gratuita, o que se revela uma excelente oportunidade para todas as fam\u00edlias aproveitarem o que a institui\u00e7\u00e3o tem a oferecer. Contudo, alguns espet\u00e1culos e atividades espec\u00edficas possuem uma taxa associada, que varia a partir de <strong>R$12<\/strong> (para portadores da <strong>Credencial Plena<\/strong>), <strong>R$20<\/strong> (meia-entrada) e <strong>R$40<\/strong> (ingresso inteiro). Vale lembrar que crian\u00e7as at\u00e9 12 anos t\u00eam entrada gratuita, o que refor\u00e7a o acesso democratizado a essas atividades culturais.<\/p>\n<p>As reservas de ingressos e informa\u00e7\u00f5es detalhadas sobre a programa\u00e7\u00e3o podem ser consultadas diretamente no site oficial do Sesc ou nas unidades, facilitando o planejamento das visitas e a participa\u00e7\u00e3o nos eventos.<\/p>\n<h2>Facilidades e Servi\u00e7os Dispon\u00edveis<\/h2>\n<p>Al\u00e9m das diversas atividades oferecidas, o Sesc conta com uma estrutura preparada para atender as necessidades das fam\u00edlias. H\u00e1 op\u00e7\u00f5es de alimenta\u00e7\u00e3o nos locais, proporcionando lanches saud\u00e1veis e refei\u00e7\u00f5es para toda a fam\u00edlia durante as visitas.<\/p>\n<p>O acesso \u00e0s unidades do Sesc \u00e9 facilitado por estacionamentos pagos, al\u00e9m de banheiros adaptados, garantindo que todos possam desfrutar confortavelmente das atividades propostas. Um diferencial importante do Sesc \u00e9 seu compromisso com a acessibilidade, que busca assegurar que todos, independente de sua condi\u00e7\u00e3o, possam participar dos eventos e atividades.<\/p>\n<p>Assim, o Sesc se consolida como um espa\u00e7o vital para a cultura e a educa\u00e7\u00e3o infantil, proporcionando oportunidades de aprendizado, divers\u00e3o e conviv\u00eancia em fam\u00edlia. O m\u00eas de janeiro se apresenta repleto de eventos que promovem intera\u00e7\u00e3o, educa\u00e7\u00e3o e um profundo engajamento comunit\u00e1rio.<\/p>\n\n<div style=\"font-size: 0px; height: 0px; line-height: 0px; margin: 0; padding: 0; clear: both;\"><\/div>","protected":false},"excerpt":{"rendered":"<p>F\u00e9rias no Sesc 2026 oferece atividades incr\u00edveis para beb\u00eas, crian\u00e7as e fam\u00edlias em S\u00e3o Paulo.<\/p>\n","protected":false},"author":1,"featured_media":2268,"comment_status":"open","ping_status":"closed","sticky":false,"template":"","format":"standard","meta":{"footnotes":""},"categories":[6],"tags":[],"class_list":["post-2269","post","type-post","status-publish","format-standard","has-post-thumbnail","hentry","category-noticias-no-bom-retiro","has_thumb"],"aioseo_notices":[],"_links":{"self":[{"href":"https:\/\/www.encontrabomretiro.com.br\/sobre\/wp-json\/wp\/v2\/posts\/2269","targetHints":{"allow":["GET"]}}],"collection":[{"href":"https:\/\/www.encontrabomretiro.com.br\/sobre\/wp-json\/wp\/v2\/posts"}],"about":[{"href":"https:\/\/www.encontrabomretiro.com.br\/sobre\/wp-json\/wp\/v2\/types\/post"}],"author":[{"embeddable":true,"href":"https:\/\/www.encontrabomretiro.com.br\/sobre\/wp-json\/wp\/v2\/users\/1"}],"replies":[{"embeddable":true,"href":"https:\/\/www.encontrabomretiro.com.br\/sobre\/wp-json\/wp\/v2\/comments?post=2269"}],"version-history":[{"count":0,"href":"https:\/\/www.encontrabomretiro.com.br\/sobre\/wp-json\/wp\/v2\/posts\/2269\/revisions"}],"wp:featuredmedia":[{"embeddable":true,"href":"https:\/\/www.encontrabomretiro.com.br\/sobre\/wp-json\/wp\/v2\/media\/2268"}],"wp:attachment":[{"href":"https:\/\/www.encontrabomretiro.com.br\/sobre\/wp-json\/wp\/v2\/media?parent=2269"}],"wp:term":[{"taxonomy":"category","embeddable":true,"href":"https:\/\/www.encontrabomretiro.com.br\/sobre\/wp-json\/wp\/v2\/categories?post=2269"},{"taxonomy":"post_tag","embeddable":true,"href":"https:\/\/www.encontrabomretiro.com.br\/sobre\/wp-json\/wp\/v2\/tags?post=2269"}],"curies":[{"name":"wp","href":"https:\/\/api.w.org\/{rel}","templated":true}]}}