{"id":226,"date":"2011-05-25T20:09:03","date_gmt":"2011-05-25T22:09:03","guid":{"rendered":"http:\/\/www.encontrabomretiro.com.br\/noticias\/?p=226"},"modified":"2019-04-29T18:05:05","modified_gmt":"2019-04-29T20:05:05","slug":"pimenta-neves-levou-livros-sobre-suicidio-e-punicao-para-cadeia-no-bom-retiro","status":"publish","type":"post","link":"https:\/\/www.encontrabomretiro.com.br\/sobre\/pimenta-neves-levou-livros-sobre-suicidio-e-punicao-para-cadeia-no-bom-retiro\/","title":{"rendered":"Pimenta Neves levou livros sobre suic\u00eddio e puni\u00e7\u00e3o para cadeia no Bom Retiro"},"content":{"rendered":"<div class=\"228b65ae207de3c5c501cfe75875708b\" data-index=\"1\" style=\"float: none; margin:0px;\">\n<!-- Anuncio display - global -->\r\n<ins class=\"adsbygoogle\"\r\n     style=\"display:block\"\r\n     data-ad-client=\"ca-pub-8585364105181520\"\r\n     data-ad-slot=\"8789329856\"\r\n     data-ad-format=\"auto\"\r\n     data-full-width-responsive=\"true\"><\/ins>\r\n<script>\r\n     (adsbygoogle = window.adsbygoogle || []).push({});\r\n<\/script>\n<\/div>\n<p>O jornalista Antonio Marcos Pimenta Neves, preso na noite desta ter\u00e7a-feira pelo assassinato da tamb\u00e9m jornalista Sandra Gomide em 2000, levou para a delegacia do Bom Retiro livros sobre pris\u00e3o, religi\u00e3o, suic\u00eddio e uma obra de Shakespeare.<\/p>\n<p>De acordo com o delegado Waldomiro Milanesi, da Divis\u00e3o de Capturas da Pol\u00edcia Civil, que atuou na pris\u00e3o do jornalista, ao ser abordado pelos policiais, Pimenta Neves disse que j\u00e1 tinha uma mala pronta h\u00e1 cerca de um m\u00eas e pediu permiss\u00e3o para levar alguns livros.<\/p>\n<p>As obras escolhidas foram &#8220;Vigiar e Punir&#8221;, de Michel Foucault (que fala sobre puni\u00e7\u00e3o e legisla\u00e7\u00e3o penal), &#8220;O Deus Selvagem&#8221;, de A. Alvarez (que fala sobre suic\u00eddio), &#8220;Serm\u00f5es&#8221;, de padre Ant\u00f4nio Vieira e um livro de Shakspeare, que o delegado n\u00e3o identificou.<\/p>\n<p>O delegado diz que cabe \u00e0 administra\u00e7\u00e3o penitenci\u00e1ria decidir agora se o jornalista poder\u00e1 ficar com os livros no pres\u00eddio.<\/p>\n<p>Milanesi conta que acompanhou a entrada do caso Pimenta Neves na pauta do STF (Supremo Tribunal Federal) e, quando o pedido de pris\u00e3o foi anunciado, uma equipe da pol\u00edcia j\u00e1 estava em frente \u00e0 casa do jornalista.<\/p>\n<p>&#8220;A equipe que chegou primeiro constatou que o im\u00f3vel tinha as luzes acesas, fez um policiamento na rua de tr\u00e1s para evitar eventual fuga e aguardou para que a gente pudesse chegar l\u00e1&#8221;, diz.<\/p>\n<p>Segundo Milanesi, Pimenta Neves se mostrou tranquilo na abordagem e pediu apenas para telefonar para seu advogado e levar os livros para a delegacia.<\/p>\n<p>&#8220;O comportamento dele estava tranquilo, concordando com as nossas decis\u00f5es. Ele falou que tem tr\u00eas irm\u00e3s e duas filhas, mas mora sozinho. N\u00e3o quis se comunicar com mais ningu\u00e9m, apenas com o advogado. Nem n\u00f3s nos manifestamos e nem ele falou sobre a decis\u00e3o que foi decretada pelo Supremo e nem sobre o caso dele&#8221;, afirma Milanesi.<\/p>\n<p><em>Fonte: Folha.com<\/em><\/p>\n\n<div style=\"font-size: 0px; height: 0px; line-height: 0px; margin: 0; padding: 0; clear: both;\"><\/div>","protected":false},"excerpt":{"rendered":"<p>O jornalista Antonio Marcos Pimenta Neves, preso na noite desta ter\u00e7a-feira pelo assassinato da tamb\u00e9m jornalista Sandra Gomide em 2000, levou para a delegacia do Bom Retiro livros sobre pris\u00e3o, religi\u00e3o, suic\u00eddio e uma obra de Shakespeare. De acordo com o delegado Waldomiro Milanesi, da Divis\u00e3o de Capturas da Pol\u00edcia Civil, que atuou na pris\u00e3o do jornalista, ao ser abordado pelos policiais, Pimenta Neves disse que j\u00e1 tinha uma mala pronta h\u00e1 cerca de um m\u00eas e pediu permiss\u00e3o para levar alguns livros. As obras escolhidas foram &#8220;Vigiar e Punir&#8221;, de Michel Foucault (que fala sobre puni\u00e7\u00e3o e legisla\u00e7\u00e3o penal), <\/p>\n","protected":false},"author":1,"featured_media":0,"comment_status":"open","ping_status":"closed","sticky":false,"template":"","format":"standard","meta":{"footnotes":""},"categories":[6],"tags":[14],"class_list":["post-226","post","type-post","status-publish","format-standard","hentry","category-noticias-no-bom-retiro","tag-bom-retiro"],"aioseo_notices":[],"aioseo_head":"\n\t\t<!-- All in One SEO 5.0.0.1 - aioseo.com -->\n\t<meta name=\"description\" content=\"O jornalista Antonio Marcos Pimenta Neves, preso na noite desta ter\u00e7a-feira pelo assassinato da tamb\u00e9m jornalista Sandra Gomide em 2000, levou para a delegacia do Bom Retiro livros sobre pris\u00e3o, religi\u00e3o, suic\u00eddio e uma obra de Shakespeare. De acordo com o delegado Waldomiro Milanesi, da Divis\u00e3o de Capturas da Pol\u00edcia Civil, que atuou na pris\u00e3o\" \/>\n\t<meta name=\"robots\" content=\"max-image-preview:large\" \/>\n\t<meta name=\"author\" content=\"Encontra Bom Retiro\"\/>\n\t<link rel=\"canonical\" href=\"https:\/\/www.encontrabomretiro.com.br\/sobre\/pimenta-neves-levou-livros-sobre-suicidio-e-punicao-para-cadeia-no-bom-retiro\/\" \/>\n\t<meta name=\"generator\" content=\"All in One SEO (AIOSEO) 5.0.0.1\" \/>\n\t\t<meta property=\"og:locale\" content=\"pt_BR\" \/>\n\t\t<meta property=\"og:site_name\" content=\"Encontra Bom Retiro | Not\u00edcias, eventos, informa\u00e7\u00f5es e dicas no bairro do Bom Retiro e regi\u00e3o.\" \/>\n\t\t<meta property=\"og:type\" content=\"article\" \/>\n\t\t<meta property=\"og:title\" content=\"Pimenta Neves levou livros sobre suic\u00eddio e puni\u00e7\u00e3o para cadeia no Bom Retiro | Encontra Bom Retiro\" \/>\n\t\t<meta property=\"og:description\" content=\"O jornalista Antonio Marcos Pimenta Neves, preso na noite desta ter\u00e7a-feira pelo assassinato da tamb\u00e9m jornalista Sandra Gomide em 2000, levou para a delegacia do Bom Retiro livros sobre pris\u00e3o, religi\u00e3o, suic\u00eddio e uma obra de Shakespeare. De acordo com o delegado Waldomiro Milanesi, da Divis\u00e3o de Capturas da Pol\u00edcia Civil, que atuou na pris\u00e3o\" \/>\n\t\t<meta property=\"og:url\" content=\"https:\/\/www.encontrabomretiro.com.br\/sobre\/pimenta-neves-levou-livros-sobre-suicidio-e-punicao-para-cadeia-no-bom-retiro\/\" \/>\n\t\t<meta property=\"article:published_time\" content=\"2011-05-25T22:09:03+00:00\" \/>\n\t\t<meta property=\"article:modified_time\" content=\"2019-04-29T20:05:05+00:00\" \/>\n\t\t<meta name=\"twitter:card\" content=\"summary_large_image\" \/>\n\t\t<meta name=\"twitter:title\" content=\"Pimenta Neves levou livros sobre suic\u00eddio e puni\u00e7\u00e3o para cadeia no Bom Retiro | Encontra Bom Retiro\" \/>\n\t\t<meta name=\"twitter:description\" content=\"O jornalista Antonio Marcos Pimenta Neves, preso na noite desta ter\u00e7a-feira pelo assassinato da tamb\u00e9m jornalista Sandra Gomide em 2000, levou para a delegacia do Bom Retiro livros sobre pris\u00e3o, religi\u00e3o, suic\u00eddio e uma obra de Shakespeare. De acordo com o delegado Waldomiro Milanesi, da Divis\u00e3o de Capturas da Pol\u00edcia Civil, que atuou na pris\u00e3o\" \/>\n\t\t<script type=\"application\/ld+json\" class=\"aioseo-schema\">\n\t\t\t{\"@context\":\"https:\\\/\\\/schema.org\",\"@graph\":[{\"@type\":\"Article\",\"@id\":\"https:\\\/\\\/www.encontrabomretiro.com.br\\\/sobre\\\/pimenta-neves-levou-livros-sobre-suicidio-e-punicao-para-cadeia-no-bom-retiro\\\/#article\",\"name\":\"Pimenta Neves levou livros sobre suic\\u00eddio e puni\\u00e7\\u00e3o para cadeia no Bom Retiro | Encontra Bom Retiro\",\"headline\":\"Pimenta Neves levou livros sobre suic\\u00eddio e puni\\u00e7\\u00e3o para cadeia no Bom Retiro\",\"author\":{\"@id\":\"https:\\\/\\\/www.encontrabomretiro.com.br\\\/sobre\\\/author\\\/ebomretiro\\\/#author\"},\"publisher\":{\"@id\":\"https:\\\/\\\/www.encontrabomretiro.com.br\\\/sobre\\\/#organization\"},\"datePublished\":\"2011-05-25T20:09:03-02:00\",\"dateModified\":\"2019-04-29T18:05:05-02:00\",\"inLanguage\":\"pt-BR\",\"mainEntityOfPage\":{\"@id\":\"https:\\\/\\\/www.encontrabomretiro.com.br\\\/sobre\\\/pimenta-neves-levou-livros-sobre-suicidio-e-punicao-para-cadeia-no-bom-retiro\\\/#webpage\"},\"isPartOf\":{\"@id\":\"https:\\\/\\\/www.encontrabomretiro.com.br\\\/sobre\\\/pimenta-neves-levou-livros-sobre-suicidio-e-punicao-para-cadeia-no-bom-retiro\\\/#webpage\"},\"articleSection\":\"Not\\u00edcias Bom Retiro, Bom Retiro\"},{\"@type\":\"BreadcrumbList\",\"@id\":\"https:\\\/\\\/www.encontrabomretiro.com.br\\\/sobre\\\/pimenta-neves-levou-livros-sobre-suicidio-e-punicao-para-cadeia-no-bom-retiro\\\/#breadcrumblist\",\"itemListElement\":[{\"@type\":\"ListItem\",\"@id\":\"https:\\\/\\\/www.encontrabomretiro.com.br\\\/sobre#listItem\",\"position\":1,\"name\":\"Dom\\u00e9stica\",\"item\":\"https:\\\/\\\/www.encontrabomretiro.com.br\\\/sobre\",\"nextItem\":{\"@type\":\"ListItem\",\"@id\":\"https:\\\/\\\/www.encontrabomretiro.com.br\\\/sobre\\\/noticias-no-bom-retiro\\\/#listItem\",\"name\":\"Not\\u00edcias Bom Retiro\"}},{\"@type\":\"ListItem\",\"@id\":\"https:\\\/\\\/www.encontrabomretiro.com.br\\\/sobre\\\/noticias-no-bom-retiro\\\/#listItem\",\"position\":2,\"name\":\"Not\\u00edcias Bom Retiro\",\"item\":\"https:\\\/\\\/www.encontrabomretiro.com.br\\\/sobre\\\/noticias-no-bom-retiro\\\/\",\"nextItem\":{\"@type\":\"ListItem\",\"@id\":\"https:\\\/\\\/www.encontrabomretiro.com.br\\\/sobre\\\/pimenta-neves-levou-livros-sobre-suicidio-e-punicao-para-cadeia-no-bom-retiro\\\/#listItem\",\"name\":\"Pimenta Neves levou livros sobre suic\\u00eddio e puni\\u00e7\\u00e3o para cadeia no Bom Retiro\"},\"previousItem\":{\"@type\":\"ListItem\",\"@id\":\"https:\\\/\\\/www.encontrabomretiro.com.br\\\/sobre#listItem\",\"name\":\"Dom\\u00e9stica\"}},{\"@type\":\"ListItem\",\"@id\":\"https:\\\/\\\/www.encontrabomretiro.com.br\\\/sobre\\\/pimenta-neves-levou-livros-sobre-suicidio-e-punicao-para-cadeia-no-bom-retiro\\\/#listItem\",\"position\":3,\"name\":\"Pimenta Neves levou livros sobre suic\\u00eddio e puni\\u00e7\\u00e3o para cadeia no Bom Retiro\",\"previousItem\":{\"@type\":\"ListItem\",\"@id\":\"https:\\\/\\\/www.encontrabomretiro.com.br\\\/sobre\\\/noticias-no-bom-retiro\\\/#listItem\",\"name\":\"Not\\u00edcias Bom Retiro\"}}]},{\"@type\":\"Organization\",\"@id\":\"https:\\\/\\\/www.encontrabomretiro.com.br\\\/sobre\\\/#organization\",\"name\":\"Encontra Bom Retiro\",\"description\":\"Not\\u00edcias, eventos, informa\\u00e7\\u00f5es e dicas no bairro do Bom Retiro e regi\\u00e3o.\",\"url\":\"https:\\\/\\\/www.encontrabomretiro.com.br\\\/sobre\\\/\"},{\"@type\":\"Person\",\"@id\":\"https:\\\/\\\/www.encontrabomretiro.com.br\\\/sobre\\\/author\\\/ebomretiro\\\/#author\",\"url\":\"https:\\\/\\\/www.encontrabomretiro.com.br\\\/sobre\\\/author\\\/ebomretiro\\\/\",\"name\":\"Encontra Bom Retiro\",\"image\":{\"@type\":\"ImageObject\",\"@id\":\"https:\\\/\\\/www.encontrabomretiro.com.br\\\/sobre\\\/pimenta-neves-levou-livros-sobre-suicidio-e-punicao-para-cadeia-no-bom-retiro\\\/#authorImage\",\"url\":\"https:\\\/\\\/secure.gravatar.com\\\/avatar\\\/507340682b8270222e1f208e23198b6ae7e2c6a1033ae84e99bc6bce4f82a387?s=96&d=mm&r=g\",\"width\":96,\"height\":96,\"caption\":\"Encontra Bom Retiro\"}},{\"@type\":\"WebPage\",\"@id\":\"https:\\\/\\\/www.encontrabomretiro.com.br\\\/sobre\\\/pimenta-neves-levou-livros-sobre-suicidio-e-punicao-para-cadeia-no-bom-retiro\\\/#webpage\",\"url\":\"https:\\\/\\\/www.encontrabomretiro.com.br\\\/sobre\\\/pimenta-neves-levou-livros-sobre-suicidio-e-punicao-para-cadeia-no-bom-retiro\\\/\",\"name\":\"Pimenta Neves levou livros sobre suic\\u00eddio e puni\\u00e7\\u00e3o para cadeia no Bom Retiro | Encontra Bom Retiro\",\"description\":\"O jornalista Antonio Marcos Pimenta Neves, preso na noite desta ter\\u00e7a-feira pelo assassinato da tamb\\u00e9m jornalista Sandra Gomide em 2000, levou para a delegacia do Bom Retiro livros sobre pris\\u00e3o, religi\\u00e3o, suic\\u00eddio e uma obra de Shakespeare. De acordo com o delegado Waldomiro Milanesi, da Divis\\u00e3o de Capturas da Pol\\u00edcia Civil, que atuou na pris\\u00e3o\",\"inLanguage\":\"pt-BR\",\"isPartOf\":{\"@id\":\"https:\\\/\\\/www.encontrabomretiro.com.br\\\/sobre\\\/#website\"},\"breadcrumb\":{\"@id\":\"https:\\\/\\\/www.encontrabomretiro.com.br\\\/sobre\\\/pimenta-neves-levou-livros-sobre-suicidio-e-punicao-para-cadeia-no-bom-retiro\\\/#breadcrumblist\"},\"author\":{\"@id\":\"https:\\\/\\\/www.encontrabomretiro.com.br\\\/sobre\\\/author\\\/ebomretiro\\\/#author\"},\"creator\":{\"@id\":\"https:\\\/\\\/www.encontrabomretiro.com.br\\\/sobre\\\/author\\\/ebomretiro\\\/#author\"},\"datePublished\":\"2011-05-25T20:09:03-02:00\",\"dateModified\":\"2019-04-29T18:05:05-02:00\"},{\"@type\":\"WebSite\",\"@id\":\"https:\\\/\\\/www.encontrabomretiro.com.br\\\/sobre\\\/#website\",\"url\":\"https:\\\/\\\/www.encontrabomretiro.com.br\\\/sobre\\\/\",\"name\":\"Encontra Bom Retiro\",\"description\":\"Not\\u00edcias, eventos, informa\\u00e7\\u00f5es e dicas no bairro do Bom Retiro e regi\\u00e3o.\",\"inLanguage\":\"pt-BR\",\"publisher\":{\"@id\":\"https:\\\/\\\/www.encontrabomretiro.com.br\\\/sobre\\\/#organization\"}}]}\n\t\t<\/script>\n\t\t<!-- All in One SEO -->\n\n","aioseo_head_json":{"title":"Pimenta Neves levou livros sobre suic\u00eddio e puni\u00e7\u00e3o para cadeia no Bom Retiro | Encontra Bom Retiro","description":"O jornalista Antonio Marcos Pimenta Neves, preso na noite desta ter\u00e7a-feira pelo assassinato da tamb\u00e9m jornalista Sandra Gomide em 2000, levou para a delegacia do Bom Retiro livros sobre pris\u00e3o, religi\u00e3o, suic\u00eddio e uma obra de Shakespeare. De acordo com o delegado Waldomiro Milanesi, da Divis\u00e3o de Capturas da Pol\u00edcia Civil, que atuou na pris\u00e3o","canonical_url":"https:\/\/www.encontrabomretiro.com.br\/sobre\/pimenta-neves-levou-livros-sobre-suicidio-e-punicao-para-cadeia-no-bom-retiro\/","robots":"max-image-preview:large","keywords":"","webmasterTools":{"miscellaneous":""},"schema":{"@context":"https:\/\/schema.org","@graph":[{"@type":"Article","@id":"https:\/\/www.encontrabomretiro.com.br\/sobre\/pimenta-neves-levou-livros-sobre-suicidio-e-punicao-para-cadeia-no-bom-retiro\/#article","name":"Pimenta Neves levou livros sobre suic\u00eddio e puni\u00e7\u00e3o para cadeia no Bom Retiro | Encontra Bom Retiro","headline":"Pimenta Neves levou livros sobre suic\u00eddio e puni\u00e7\u00e3o para cadeia no Bom Retiro","author":{"@id":"https:\/\/www.encontrabomretiro.com.br\/sobre\/author\/ebomretiro\/#author"},"publisher":{"@id":"https:\/\/www.encontrabomretiro.com.br\/sobre\/#organization"},"datePublished":"2011-05-25T20:09:03-02:00","dateModified":"2019-04-29T18:05:05-02:00","inLanguage":"pt-BR","mainEntityOfPage":{"@id":"https:\/\/www.encontrabomretiro.com.br\/sobre\/pimenta-neves-levou-livros-sobre-suicidio-e-punicao-para-cadeia-no-bom-retiro\/#webpage"},"isPartOf":{"@id":"https:\/\/www.encontrabomretiro.com.br\/sobre\/pimenta-neves-levou-livros-sobre-suicidio-e-punicao-para-cadeia-no-bom-retiro\/#webpage"},"articleSection":"Not\u00edcias Bom Retiro, Bom Retiro"},{"@type":"BreadcrumbList","@id":"https:\/\/www.encontrabomretiro.com.br\/sobre\/pimenta-neves-levou-livros-sobre-suicidio-e-punicao-para-cadeia-no-bom-retiro\/#breadcrumblist","itemListElement":[{"@type":"ListItem","@id":"https:\/\/www.encontrabomretiro.com.br\/sobre#listItem","position":1,"name":"Dom\u00e9stica","item":"https:\/\/www.encontrabomretiro.com.br\/sobre","nextItem":{"@type":"ListItem","@id":"https:\/\/www.encontrabomretiro.com.br\/sobre\/noticias-no-bom-retiro\/#listItem","name":"Not\u00edcias Bom Retiro"}},{"@type":"ListItem","@id":"https:\/\/www.encontrabomretiro.com.br\/sobre\/noticias-no-bom-retiro\/#listItem","position":2,"name":"Not\u00edcias Bom Retiro","item":"https:\/\/www.encontrabomretiro.com.br\/sobre\/noticias-no-bom-retiro\/","nextItem":{"@type":"ListItem","@id":"https:\/\/www.encontrabomretiro.com.br\/sobre\/pimenta-neves-levou-livros-sobre-suicidio-e-punicao-para-cadeia-no-bom-retiro\/#listItem","name":"Pimenta Neves levou livros sobre suic\u00eddio e puni\u00e7\u00e3o para cadeia no Bom Retiro"},"previousItem":{"@type":"ListItem","@id":"https:\/\/www.encontrabomretiro.com.br\/sobre#listItem","name":"Dom\u00e9stica"}},{"@type":"ListItem","@id":"https:\/\/www.encontrabomretiro.com.br\/sobre\/pimenta-neves-levou-livros-sobre-suicidio-e-punicao-para-cadeia-no-bom-retiro\/#listItem","position":3,"name":"Pimenta Neves levou livros sobre suic\u00eddio e puni\u00e7\u00e3o para cadeia no Bom Retiro","previousItem":{"@type":"ListItem","@id":"https:\/\/www.encontrabomretiro.com.br\/sobre\/noticias-no-bom-retiro\/#listItem","name":"Not\u00edcias Bom Retiro"}}]},{"@type":"Organization","@id":"https:\/\/www.encontrabomretiro.com.br\/sobre\/#organization","name":"Encontra Bom Retiro","description":"Not\u00edcias, eventos, informa\u00e7\u00f5es e dicas no bairro do Bom Retiro e regi\u00e3o.","url":"https:\/\/www.encontrabomretiro.com.br\/sobre\/"},{"@type":"Person","@id":"https:\/\/www.encontrabomretiro.com.br\/sobre\/author\/ebomretiro\/#author","url":"https:\/\/www.encontrabomretiro.com.br\/sobre\/author\/ebomretiro\/","name":"Encontra Bom Retiro","image":{"@type":"ImageObject","@id":"https:\/\/www.encontrabomretiro.com.br\/sobre\/pimenta-neves-levou-livros-sobre-suicidio-e-punicao-para-cadeia-no-bom-retiro\/#authorImage","url":"https:\/\/secure.gravatar.com\/avatar\/507340682b8270222e1f208e23198b6ae7e2c6a1033ae84e99bc6bce4f82a387?s=96&d=mm&r=g","width":96,"height":96,"caption":"Encontra Bom Retiro"}},{"@type":"WebPage","@id":"https:\/\/www.encontrabomretiro.com.br\/sobre\/pimenta-neves-levou-livros-sobre-suicidio-e-punicao-para-cadeia-no-bom-retiro\/#webpage","url":"https:\/\/www.encontrabomretiro.com.br\/sobre\/pimenta-neves-levou-livros-sobre-suicidio-e-punicao-para-cadeia-no-bom-retiro\/","name":"Pimenta Neves levou livros sobre suic\u00eddio e puni\u00e7\u00e3o para cadeia no Bom Retiro | Encontra Bom Retiro","description":"O jornalista Antonio Marcos Pimenta Neves, preso na noite desta ter\u00e7a-feira pelo assassinato da tamb\u00e9m jornalista Sandra Gomide em 2000, levou para a delegacia do Bom Retiro livros sobre pris\u00e3o, religi\u00e3o, suic\u00eddio e uma obra de Shakespeare. De acordo com o delegado Waldomiro Milanesi, da Divis\u00e3o de Capturas da Pol\u00edcia Civil, que atuou na pris\u00e3o","inLanguage":"pt-BR","isPartOf":{"@id":"https:\/\/www.encontrabomretiro.com.br\/sobre\/#website"},"breadcrumb":{"@id":"https:\/\/www.encontrabomretiro.com.br\/sobre\/pimenta-neves-levou-livros-sobre-suicidio-e-punicao-para-cadeia-no-bom-retiro\/#breadcrumblist"},"author":{"@id":"https:\/\/www.encontrabomretiro.com.br\/sobre\/author\/ebomretiro\/#author"},"creator":{"@id":"https:\/\/www.encontrabomretiro.com.br\/sobre\/author\/ebomretiro\/#author"},"datePublished":"2011-05-25T20:09:03-02:00","dateModified":"2019-04-29T18:05:05-02:00"},{"@type":"WebSite","@id":"https:\/\/www.encontrabomretiro.com.br\/sobre\/#website","url":"https:\/\/www.encontrabomretiro.com.br\/sobre\/","name":"Encontra Bom Retiro","description":"Not\u00edcias, eventos, informa\u00e7\u00f5es e dicas no bairro do Bom Retiro e regi\u00e3o.","inLanguage":"pt-BR","publisher":{"@id":"https:\/\/www.encontrabomretiro.com.br\/sobre\/#organization"}}]},"og:locale":"pt_BR","og:site_name":"Encontra Bom Retiro | Not\u00edcias, eventos, informa\u00e7\u00f5es e dicas no bairro do Bom Retiro e regi\u00e3o.","og:type":"article","og:title":"Pimenta Neves levou livros sobre suic\u00eddio e puni\u00e7\u00e3o para cadeia no Bom Retiro | Encontra Bom Retiro","og:description":"O jornalista Antonio Marcos Pimenta Neves, preso na noite desta ter\u00e7a-feira pelo assassinato da tamb\u00e9m jornalista Sandra Gomide em 2000, levou para a delegacia do Bom Retiro livros sobre pris\u00e3o, religi\u00e3o, suic\u00eddio e uma obra de Shakespeare. De acordo com o delegado Waldomiro Milanesi, da Divis\u00e3o de Capturas da Pol\u00edcia Civil, que atuou na pris\u00e3o","og:url":"https:\/\/www.encontrabomretiro.com.br\/sobre\/pimenta-neves-levou-livros-sobre-suicidio-e-punicao-para-cadeia-no-bom-retiro\/","article:published_time":"2011-05-25T22:09:03+00:00","article:modified_time":"2019-04-29T20:05:05+00:00","twitter:card":"summary_large_image","twitter:title":"Pimenta Neves levou livros sobre suic\u00eddio e puni\u00e7\u00e3o para cadeia no Bom Retiro | Encontra Bom Retiro","twitter:description":"O jornalista Antonio Marcos Pimenta Neves, preso na noite desta ter\u00e7a-feira pelo assassinato da tamb\u00e9m jornalista Sandra Gomide em 2000, levou para a delegacia do Bom Retiro livros sobre pris\u00e3o, religi\u00e3o, suic\u00eddio e uma obra de Shakespeare. De acordo com o delegado Waldomiro Milanesi, da Divis\u00e3o de Capturas da Pol\u00edcia Civil, que atuou na pris\u00e3o"},"aioseo_meta_data":{"post_id":"226","title":null,"description":null,"keywords":null,"keyphrases":null,"primary_term":null,"canonical_url":null,"og_title":null,"og_description":null,"og_object_type":"default","og_image_type":"default","og_image_url":null,"og_image_width":null,"og_image_height":null,"og_image_custom_url":null,"og_image_custom_fields":null,"og_video":null,"og_custom_url":null,"og_article_section":null,"og_article_tags":null,"twitter_use_og":false,"twitter_card":"default","twitter_image_type":"default","twitter_image_url":null,"twitter_image_custom_url":null,"twitter_image_custom_fields":null,"twitter_title":null,"twitter_description":null,"schema":{"blockGraphs":[],"customGraphs":[],"default":{"data":{"Article":[],"Course":[],"Dataset":[],"FAQPage":[],"Movie":[],"Person":[],"Product":[],"ProductReview":[],"Car":[],"Recipe":[],"Service":[],"SoftwareApplication":[],"WebPage":[]},"graphName":"","isEnabled":true},"graphs":[]},"schema_type":"default","schema_type_options":null,"pillar_content":false,"robots_default":true,"robots_noindex":false,"robots_noarchive":false,"robots_nosnippet":false,"robots_nofollow":false,"robots_noimageindex":false,"robots_noodp":false,"robots_notranslate":false,"robots_max_snippet":null,"robots_max_videopreview":null,"robots_max_imagepreview":"large","priority":null,"frequency":null,"local_seo":null,"breadcrumb_settings":null,"limit_modified_date":false,"ai":null,"created":"2023-10-16 13:05:38","updated":"2025-10-03 13:33:55","focus_keyword":null,"additional_keywords":null,"truseo_locale":null,"seo_analyzer_scan_date":null},"aioseo_breadcrumb":"<div class=\"aioseo-breadcrumbs\"><span class=\"aioseo-breadcrumb\">\n\t\t\t<a href=\"https:\/\/www.encontrabomretiro.com.br\/sobre\" title=\"Dom\u00e9stica\">Dom\u00e9stica<\/a>\n\t\t<\/span><span class=\"aioseo-breadcrumb-separator\">&raquo;<\/span><span class=\"aioseo-breadcrumb\">\n\t\t\t<a href=\"https:\/\/www.encontrabomretiro.com.br\/sobre\/noticias-no-bom-retiro\/\" title=\"Not\u00edcias Bom Retiro\">Not\u00edcias Bom Retiro<\/a>\n\t\t<\/span><span class=\"aioseo-breadcrumb-separator\">&raquo;<\/span><span class=\"aioseo-breadcrumb\">\n\t\t\tPimenta Neves levou livros sobre suic\u00eddio e puni\u00e7\u00e3o para cadeia no Bom Retiro\n\t\t<\/span><\/div>","aioseo_breadcrumb_json":[{"label":"Dom\u00e9stica","link":"https:\/\/www.encontrabomretiro.com.br\/sobre"},{"label":"Not\u00edcias Bom Retiro","link":"https:\/\/www.encontrabomretiro.com.br\/sobre\/noticias-no-bom-retiro\/"},{"label":"Pimenta Neves levou livros sobre suic\u00eddio e puni\u00e7\u00e3o para cadeia no Bom Retiro","link":"https:\/\/www.encontrabomretiro.com.br\/sobre\/pimenta-neves-levou-livros-sobre-suicidio-e-punicao-para-cadeia-no-bom-retiro\/"}],"_links":{"self":[{"href":"https:\/\/www.encontrabomretiro.com.br\/sobre\/wp-json\/wp\/v2\/posts\/226","targetHints":{"allow":["GET"]}}],"collection":[{"href":"https:\/\/www.encontrabomretiro.com.br\/sobre\/wp-json\/wp\/v2\/posts"}],"about":[{"href":"https:\/\/www.encontrabomretiro.com.br\/sobre\/wp-json\/wp\/v2\/types\/post"}],"author":[{"embeddable":true,"href":"https:\/\/www.encontrabomretiro.com.br\/sobre\/wp-json\/wp\/v2\/users\/1"}],"replies":[{"embeddable":true,"href":"https:\/\/www.encontrabomretiro.com.br\/sobre\/wp-json\/wp\/v2\/comments?post=226"}],"version-history":[{"count":0,"href":"https:\/\/www.encontrabomretiro.com.br\/sobre\/wp-json\/wp\/v2\/posts\/226\/revisions"}],"wp:attachment":[{"href":"https:\/\/www.encontrabomretiro.com.br\/sobre\/wp-json\/wp\/v2\/media?parent=226"}],"wp:term":[{"taxonomy":"category","embeddable":true,"href":"https:\/\/www.encontrabomretiro.com.br\/sobre\/wp-json\/wp\/v2\/categories?post=226"},{"taxonomy":"post_tag","embeddable":true,"href":"https:\/\/www.encontrabomretiro.com.br\/sobre\/wp-json\/wp\/v2\/tags?post=226"}],"curies":[{"name":"wp","href":"https:\/\/api.w.org\/{rel}","templated":true}]}}