{"id":2243,"date":"2026-01-09T06:29:15","date_gmt":"2026-01-09T08:29:15","guid":{"rendered":"https:\/\/www.encontrabomretiro.com.br\/sobre\/recuperacao-do-centro-de-sao-paulo-e-tema-de-serie-da-folha\/"},"modified":"2026-01-09T06:29:15","modified_gmt":"2026-01-09T08:29:15","slug":"recuperacao-do-centro-de-sao-paulo-e-tema-de-serie-da-folha","status":"publish","type":"post","link":"https:\/\/www.encontrabomretiro.com.br\/sobre\/recuperacao-do-centro-de-sao-paulo-e-tema-de-serie-da-folha\/","title":{"rendered":"Recupera\u00e7\u00e3o do centro de S\u00e3o Paulo \u00e9 tema de s\u00e9rie da Folha"},"content":{"rendered":"<div class=\"228b65ae207de3c5c501cfe75875708b\" data-index=\"1\" style=\"float: none; margin:0px;\">\n<!-- Anuncio display - global -->\r\n<ins class=\"adsbygoogle\"\r\n     style=\"display:block\"\r\n     data-ad-client=\"ca-pub-8585364105181520\"\r\n     data-ad-slot=\"8789329856\"\r\n     data-ad-format=\"auto\"\r\n     data-full-width-responsive=\"true\"><\/ins>\r\n<script>\r\n     (adsbygoogle = window.adsbygoogle || []).push({});\r\n<\/script>\n<\/div>\n<h2>Desafios Urbanos no Centro de SP<\/h2>\n<p>O <strong>centro de S\u00e3o Paulo<\/strong> enfrenta uma s\u00e9rie de desafios urbanos que impactam diretamente sua recupera\u00e7\u00e3o. Entre os problemas mais cr\u00edticos est\u00e3o a degrada\u00e7\u00e3o de espa\u00e7os p\u00fablicos, o aumento da marginaliza\u00e7\u00e3o social, a falta de infraestrutura adequada e a necessidade de revitaliza\u00e7\u00e3o de \u00e1reas hist\u00f3ricas. Este cen\u00e1rio se agrava com a concentra\u00e7\u00e3o de pobreza e a aus\u00eancia de pol\u00edticas p\u00fablicas eficazes voltadas para a revitaliza\u00e7\u00e3o e habita\u00e7\u00e3o acess\u00edvel.<\/p>\n<p>As <strong>ruas do centro<\/strong>, muitas vezes, apresentam sinais de abandono, com edif\u00edcios hist\u00f3ricos deteriorados e \u00e1reas antes vibrantes agora transformadas em espa\u00e7os ermos. Isso n\u00e3o apenas reduz a qualidade de vida para os residentes, mas tamb\u00e9m afeta a percep\u00e7\u00e3o da cidade por visitantes e investidores.<\/p>\n<p>Outro desafio significativo \u00e9 a seguran\u00e7a p\u00fablica. O aumento da criminalidade em \u00e1reas centrais tem afastado tanto os moradores quanto os visitantes, criando um ciclo vicioso de abandono e deteriora\u00e7\u00e3o. Para enfrentar essas quest\u00f5es, a cidade de S\u00e3o Paulo precisa de uma abordagem multifacetada que envolve planejamento urbano eficaz, investimento em infraestrutura e uma forte colabora\u00e7\u00e3o entre diferentes setores da sociedade, incluindo iniciativa privada, governo e comunidade.<\/p>\n<p><img decoding=\"async\" src=\"https:\/\/www.encontrabomretiro.com.br\/sobre\/wp-content\/uploads\/2026\/01\/recuperacao-do-centro-de-sao-paulo-e-tema-de-serie-da-folha.webp\" alt=\"recupera\u00e7\u00e3o do centro de SP\" loading=\"lazy\" \/><\/p>\n<h2>Propostas de Urbanismo e Revitaliza\u00e7\u00e3o<\/h2>\n<p>Diante dos desafios apresentados, especialistas em urbanismo t\u00eam proposto diversas <strong>interven\u00e7\u00f5es urbanas<\/strong> para revitalizar o centro de S\u00e3o Paulo. Essas propostas visam n\u00e3o apenas a recupera\u00e7\u00e3o de espa\u00e7os degradados, mas tamb\u00e9m a promo\u00e7\u00e3o de um ambiente mais inclusivo e acess\u00edvel para todos os cidad\u00e3os.<\/p>\n<p>Uma das propostas em destaque \u00e9 a transforma\u00e7\u00e3o do <strong>parque Dom Pedro II<\/strong> em uma ampla \u00e1rea ajardinada, criando um espa\u00e7o de lazer que conecte os bairros da S\u00e9 e Br\u00e1s. Essa iniciativa n\u00e3o apenas criaria um ponto de encontro para fam\u00edlias, mas tamb\u00e9m incentivaria o desenvolvimento habitacional na regi\u00e3o, outra necessidade premente da cidade.<\/p>\n<p>Ademais, a implementa\u00e7\u00e3o de <strong>corredores de pedestres<\/strong> que liguem as institui\u00e7\u00f5es culturais e museus no Bom Retiro poderia aumentar a presen\u00e7a do p\u00fablico, revitalizando n\u00e3o apenas o com\u00e9rcio local, mas tamb\u00e9m refor\u00e7ando a identidade cultural da \u00e1rea. Com a cria\u00e7\u00e3o de um ambiente mais pedestre, S\u00e3o Paulo pode se transformar em uma metr\u00f3pole mais amig\u00e1vel e menos dependente do transporte motorizado.<\/p>\n<h2>Minidocument\u00e1rio Sobre a Transforma\u00e7\u00e3o do Centro<\/h2>\n<p>Para disseminar essas ideias e fomentar o debate p\u00fablico, a <strong>Folha<\/strong> est\u00e1 lan\u00e7ando um <strong>minidocument\u00e1rio<\/strong> que acompanhar\u00e1 a s\u00e9rie de propostas para revitaliza\u00e7\u00e3o do centro de S\u00e3o Paulo. O document\u00e1rio ter\u00e1 como foco os cesparadores dos projetos e as suas ideias de requalifica\u00e7\u00e3o, proporcionando ao p\u00fablico uma vis\u00e3o mais clara sobre as interven\u00e7\u00f5es planejadas e os benef\u00edcios esperados.<\/p>\n<p>Isso n\u00e3o s\u00f3 estabelece um espa\u00e7o de di\u00e1logo entre especialistas e a popula\u00e7\u00e3o, mas tamb\u00e9m ilumina a import\u00e2ncia da participa\u00e7\u00e3o da comunidade no processo de revitaliza\u00e7\u00e3o. A produ\u00e7\u00e3o audiovisual ser\u00e1 lan\u00e7ada na v\u00e9spera do 472\u00ba anivers\u00e1rio de S\u00e3o Paulo, simbolizando n\u00e3o apenas um novo come\u00e7o, mas tamb\u00e9m uma oportunidade para refletir sobre o futuro da cidade.<\/p>\n<h2>A Import\u00e2ncia da Participa\u00e7\u00e3o Comunit\u00e1ria<\/h2>\n<p>A participa\u00e7\u00e3o da comunidade \u00e9 um aspecto crucial para a efic\u00e1cia das iniciativas de revitaliza\u00e7\u00e3o urbana. Os moradores t\u00eam um entendimento mais profundo das quest\u00f5es que os afetam e podem oferecer insights valiosos sobre as necessidades locais. Assim, a constru\u00e7\u00e3o de uma rela\u00e7\u00e3o de confian\u00e7a entre a administra\u00e7\u00e3o p\u00fablica e os cidad\u00e3os \u00e9 fundamental para o sucesso dessas interven\u00e7\u00f5es.<\/p>\n<p>Um <strong>exemplo de sucesso<\/strong> pode ser encontrado em projetos que utilizam oficinas de planejamento participativo. Nesses encontros, arquitetos, urbanistas e membros da comunidade colaboram na concep\u00e7\u00e3o de novas propostas para suas \u00e1reas, promovendo um sentimento de pertencimento e responsabilidade. Isso n\u00e3o s\u00f3 resulta em solu\u00e7\u00f5es mais adequadas \u00e0s necessidades locais, mas tamb\u00e9m aumenta a aceita\u00e7\u00e3o e apoio da comunidade para as mudan\u00e7as propostas.<\/p>\n<p>Al\u00e9m disso, a promo\u00e7\u00e3o de eventos comunit\u00e1rios, como feiras, apresenta\u00e7\u00f5es culturais e atividades esportivas, pode revitalizar o interesse e a frequ\u00eancia em \u00e1reas at\u00e9 ent\u00e3o negligenciadas. Estimulando o uso constante de determinados espa\u00e7os, a popula\u00e7\u00e3o come\u00e7a a restabelecer la\u00e7os com seu entorno e, assim, contribui para um ambiente urbano mais din\u00e2mico e acolhedor.<\/p>\n<h2>Novos Projetos para o Parque Dom Pedro II<\/h2>\n<p>Os novos projetos para o <strong>parque Dom Pedro II<\/strong> representam uma das principais iniciativas para a revitaliza\u00e7\u00e3o do centro de S\u00e3o Paulo. A transforma\u00e7\u00e3o deste espa\u00e7o p\u00fablico poderia incluir a cria\u00e7\u00e3o de novas \u00e1reas verdes, pra\u00e7as, caminhos para caminhadas e atividades recreativas, tudo voltado para promover um ambiente saud\u00e1vel e envolvente.<\/p>\n<p>Al\u00e9m das interven\u00e7\u00f5es paisag\u00edsticas, o projeto pode incorporar elementos de sustentabilidade, como a instala\u00e7\u00e3o de sistemas de irriga\u00e7\u00e3o eficientes, \u00e1reas para coleta de \u00e1gua de chuva e a promo\u00e7\u00e3o de jardins comunit\u00e1rios. Esses esfor\u00e7os n\u00e3o apenas embelezariam a \u00e1rea, mas tamb\u00e9m promoveriam a consci\u00eancia ambiental entre os cidad\u00e3os.<\/p>\n<p>Em termos de acessibilidade, \u00e9 essencial que o parque seja projetado para ser inclusivo, garantindo que todos os cidad\u00e3os, independentemente de sua condi\u00e7\u00e3o f\u00edsica, possam usufruir do espa\u00e7o. Isso pode incluir a instala\u00e7\u00e3o de caminhos pavimentados, \u00e1reas de descanso e equipamentos de gin\u00e1stica e recrea\u00e7\u00e3o adapt\u00e1veis.<\/p>\n<h2>Corredores de Pedestres e Cultura<\/h2>\n<p>A cria\u00e7\u00e3o de <strong>corredores de pedestres<\/strong> n\u00e3o \u00e9 apenas uma estrat\u00e9gia de mobilidade, mas uma oportunidade de revitaliza\u00e7\u00e3o cultural. Esses corredores poderiam ter uma significativa influ\u00eancia sobre como as pessoas interagem com o espa\u00e7o urbano, promovendo uma atmosfera em que a arte, a cultura e a hist\u00f3ria local possam ser celebradas e apreciadas.<\/p>\n<p>Considerando as diversas institui\u00e7\u00f5es culturais presentes no Bom Retiro e arredores, a implementa\u00e7\u00e3o de um corredor que ligue essas institui\u00e7\u00f5es poderia se tornar um importante circuito cultural. Museus, galerias e teatros situados em proximidade aumentariam a sinergia entre eles, atraindo tanto visitantes locais quanto turistas ansiosos por explorar a riqueza cultural da capital paulista.<\/p>\n<p>Eventos culturais, como exposi\u00e7\u00f5es ao ar livre, performances art\u00edsticas e festivais, poderiam ser organizados ao longo destes corredores, tornando o espa\u00e7o mais din\u00e2mico e atraente. Ao transformar a experi\u00eancia de caminhar pela cidade, seria poss\u00edvel proporcionar aos cidad\u00e3os um novo modo de relacionamento com seu ambiente, promovendo uma transforma\u00e7\u00e3o cultural significativa.<\/p>\n<h2>Reutiliza\u00e7\u00e3o de Edifica\u00e7\u00f5es Hist\u00f3ricas<\/h2>\n<p>A <strong>reutiliza\u00e7\u00e3o de edifica\u00e7\u00f5es hist\u00f3ricas<\/strong> \u00e9 um tema central nas propostas de revitaliza\u00e7\u00e3o do centro de S\u00e3o Paulo. Os casar\u00f5es e pr\u00e9dios antigos s\u00e3o parte integrante da identidade da cidade e sua preserva\u00e7\u00e3o e reaproveitamento s\u00e3o essenciais para manter a mem\u00f3ria cultural e hist\u00f3rica.<\/p>\n<p>Projetos que visam restaurar e integrar tais edifica\u00e7\u00f5es \u00e0 nova configura\u00e7\u00e3o urbana n\u00e3o apenas preservam a hist\u00f3ria, mas tamb\u00e9m oferecem novas oportunidades de uso. A convers\u00e3o de casar\u00f5es em apartamentos, espa\u00e7os culturais ou at\u00e9 mesmo em estabelecimentos comerciais pode injetar nova vida em \u00e1reas antes degradadas, criando um ciclo positivo de revitaliza\u00e7\u00e3o.<\/p>\n<p>Al\u00e9m dos benef\u00edcios econ\u00f4micos, a recupera\u00e7\u00e3o de estruturas ic\u00f4nicas pode fortalecer o turismo local, atraindo visitantes interessados em explorar a arquitetura e a hist\u00f3ria de S\u00e3o Paulo. Campanhas de conscientiza\u00e7\u00e3o que educam a popula\u00e7\u00e3o sobre a import\u00e2ncia da preserva\u00e7\u00e3o patrimonial tamb\u00e9m s\u00e3o essenciais para garantir que esses projetos sejam bem recebidos pela comunidade.<\/p>\n<h2>Transforma\u00e7\u00e3o do Vale do Anhangaba\u00fa<\/h2>\n<p>O <strong>Vale do Anhangaba\u00fa<\/strong> \u00e9 uma \u00e1rea central que possui um grande potencial para transforma\u00e7\u00e3o urbana. Antigamente um espa\u00e7o vibrante, o vale se tornou, com o tempo, subutilizado e frequentemente negligenciado. No entanto, iniciativas recentes buscam reimaginar este espa\u00e7o como um centro cultural e de conviv\u00eancia.<\/p>\n<p>Projetos que envolvem a cria\u00e7\u00e3o de \u00e1reas de lazer, espa\u00e7os para eventos outdoor e, sobretudo, conex\u00f5es com o restante do tecido urbano podem revitalizar o vale e transform\u00e1-lo em um marco de encontros e cultura na cidade. Por meio de uma abordagem que valorize a arte e a intera\u00e7\u00e3o social, o vale pode se tornar um espa\u00e7o onde a diversidade e a comunidade possam florescer.<\/p>\n<p>Iniciativas que busquem associar o vale a atividades culturais, art\u00edsticas e de entretenimento t\u00eam o potencial de torn\u00e1-lo n\u00e3o apenas um destino tur\u00edstico, mas um espa\u00e7o de identidade e pertencimento para os cidad\u00e3os de S\u00e3o Paulo.<\/p>\n<h2>O Papel do Setor Privado na Revitaliza\u00e7\u00e3o<\/h2>\n<p>O setor privado desempenha um papel vital na recupera\u00e7\u00e3o do centro de S\u00e3o Paulo. Por meio de parcerias com o governo e a sociedade civil, as empresas podem investir em projetos de real estate que respeitam as caracter\u00edsticas hist\u00f3ricas e sociais da regi\u00e3o, contribuindo para um desenvolvimento mais sustent\u00e1vel e inclusivo.<\/p>\n<p>Iniciativas de <strong>retrofit<\/strong> em edifica\u00e7\u00f5es antigas, por exemplo, podem n\u00e3o apenas modernizar os espa\u00e7os, mas tamb\u00e9m assegurar que a inten\u00e7\u00e3o original da arquitetura seja respeitada. Al\u00e9m disso, o investimento em espa\u00e7os comerciais e de coworking pode revitalizar a economia local, criando novos empregos e atrativos no centro da cidade.<\/p>\n<p>A responsabilidade social das empresas tamb\u00e9m se imp\u00f5e como uma prioridade, atrav\u00e9s de a\u00e7\u00f5es que visam engajar as comunidades locais em projetos de desenvolvimento e revitaliza\u00e7\u00e3o urbana. Empresas que priorizam a transpar\u00eancia e o di\u00e1logo s\u00e3o mais propensas a colher os benef\u00edcios de um ambiente de trabalho harm\u00f4nico e engajado.<\/p>\n<h2>Vis\u00f5es para um Futuro Sustent\u00e1vel em SP<\/h2>\n<p>Finalmente, as vis\u00f5es para um <strong>futuro sustent\u00e1vel<\/strong> em S\u00e3o Paulo devem incluir uma abordagem integrada que considere as necessidades culturais, sociais e ambientais. A cria\u00e7\u00e3o de espa\u00e7os p\u00fablicos acess\u00edveis, a valoriza\u00e7\u00e3o de arquiteturas hist\u00f3ricas e a participa\u00e7\u00e3o da comunidade nas decis\u00f5es urbanas s\u00e3o pilares centrais para a transforma\u00e7\u00e3o do centro da cidade.<\/p>\n<p>Al\u00e9m disso, \u00e9 fundamental que o desenvolvimento urbano leve em considera\u00e7\u00e3o a <strong>sustentabilidade<\/strong>, integrando pr\u00e1ticas que respeitem o meio ambiente e promovam a biodiversidade. A promo\u00e7\u00e3o de espa\u00e7os verdes nas cidades, como jardins verticais e telhados verdes, n\u00e3o apenas melhora a qualidade do ar, mas tamb\u00e9m contribui para o bem-estar da popula\u00e7\u00e3o.<\/p>\n<p>Por fim, a implementa\u00e7\u00e3o de solu\u00e7\u00f5es de mobilidade urbana que promovam o uso de transporte p\u00fablico e op\u00e7\u00f5es de n\u00e3o motoras deve ser uma prioridade na estrat\u00e9gia de revitaliza\u00e7\u00e3o. A press\u00e3o para um desenvolvimento mais sustent\u00e1vel exige um compromisso compartilhado entre autoridades p\u00fablicas, a sociedade civil e o setor privado para garantir que a transforma\u00e7\u00e3o do centro de S\u00e3o Paulo seja n\u00e3o apenas poss\u00edvel, mas tamb\u00e9m bem-sucedida.<\/p>\n\n<div style=\"font-size: 0px; height: 0px; line-height: 0px; margin: 0; padding: 0; clear: both;\"><\/div>","protected":false},"excerpt":{"rendered":"<p>Recupera\u00e7\u00e3o do centro de SP: propostas inovadoras para revitalizar \u00e1reas degradadas.<\/p>\n","protected":false},"author":1,"featured_media":2242,"comment_status":"open","ping_status":"closed","sticky":false,"template":"","format":"standard","meta":{"footnotes":""},"categories":[6],"tags":[],"class_list":["post-2243","post","type-post","status-publish","format-standard","has-post-thumbnail","hentry","category-noticias-no-bom-retiro","has_thumb"],"aioseo_notices":[],"_links":{"self":[{"href":"https:\/\/www.encontrabomretiro.com.br\/sobre\/wp-json\/wp\/v2\/posts\/2243","targetHints":{"allow":["GET"]}}],"collection":[{"href":"https:\/\/www.encontrabomretiro.com.br\/sobre\/wp-json\/wp\/v2\/posts"}],"about":[{"href":"https:\/\/www.encontrabomretiro.com.br\/sobre\/wp-json\/wp\/v2\/types\/post"}],"author":[{"embeddable":true,"href":"https:\/\/www.encontrabomretiro.com.br\/sobre\/wp-json\/wp\/v2\/users\/1"}],"replies":[{"embeddable":true,"href":"https:\/\/www.encontrabomretiro.com.br\/sobre\/wp-json\/wp\/v2\/comments?post=2243"}],"version-history":[{"count":0,"href":"https:\/\/www.encontrabomretiro.com.br\/sobre\/wp-json\/wp\/v2\/posts\/2243\/revisions"}],"wp:featuredmedia":[{"embeddable":true,"href":"https:\/\/www.encontrabomretiro.com.br\/sobre\/wp-json\/wp\/v2\/media\/2242"}],"wp:attachment":[{"href":"https:\/\/www.encontrabomretiro.com.br\/sobre\/wp-json\/wp\/v2\/media?parent=2243"}],"wp:term":[{"taxonomy":"category","embeddable":true,"href":"https:\/\/www.encontrabomretiro.com.br\/sobre\/wp-json\/wp\/v2\/categories?post=2243"},{"taxonomy":"post_tag","embeddable":true,"href":"https:\/\/www.encontrabomretiro.com.br\/sobre\/wp-json\/wp\/v2\/tags?post=2243"}],"curies":[{"name":"wp","href":"https:\/\/api.w.org\/{rel}","templated":true}]}}