{"id":2228,"date":"2025-12-28T07:38:00","date_gmt":"2025-12-28T09:38:00","guid":{"rendered":"https:\/\/www.encontrabomretiro.com.br\/sobre\/centro-de-sp-tera-maior-numero-de-policiais-neste-fim-de-ano\/"},"modified":"2025-12-28T07:38:00","modified_gmt":"2025-12-28T09:38:00","slug":"centro-de-sp-tera-maior-numero-de-policiais-neste-fim-de-ano","status":"publish","type":"post","link":"https:\/\/www.encontrabomretiro.com.br\/sobre\/centro-de-sp-tera-maior-numero-de-policiais-neste-fim-de-ano\/","title":{"rendered":"Centro de SP ter\u00e1 maior n\u00famero de policiais neste fim de ano"},"content":{"rendered":"<div class=\"228b65ae207de3c5c501cfe75875708b\" data-index=\"1\" style=\"float: none; margin:0px;\">\n<!-- Anuncio display - global -->\r\n<ins class=\"adsbygoogle\"\r\n     style=\"display:block\"\r\n     data-ad-client=\"ca-pub-8585364105181520\"\r\n     data-ad-slot=\"8789329856\"\r\n     data-ad-format=\"auto\"\r\n     data-full-width-responsive=\"true\"><\/ins>\r\n<script>\r\n     (adsbygoogle = window.adsbygoogle || []).push({});\r\n<\/script>\n<\/div>\n<h2>Opera\u00e7\u00e3o Compras: Seguran\u00e7a Refor\u00e7ada<\/h2>\n<p>A <strong>Opera\u00e7\u00e3o Compras<\/strong> foi lan\u00e7ada em S\u00e3o Paulo visando garantir a seguran\u00e7a dos consumidores durante o intenso per\u00edodo de compras de final de ano. Esta opera\u00e7\u00e3o, iniciada no Dia das Crian\u00e7as e que se estende at\u00e9 o final de dezembro, foca especificamente nas \u00e1reas de maior movimento econ\u00f4mico, como a <strong>25 de Mar\u00e7o<\/strong>, <strong>Br\u00e1s<\/strong> e <strong>Bom Retiro<\/strong>. A ideia central \u00e9 promover um ambiente seguro tanto para os compradores quanto para os vendedores, que frequentemente enfrentam a amea\u00e7a de crimes nas movimentadas ruas comerciais.<\/p>\n<p>Com a presen\u00e7a di\u00e1ria de cerca de <strong>250 policiais militares<\/strong> atuando em diversas modalidades, incluindo patrulhamento a p\u00e9, em viaturas, motocicletas e bicicletas, a opera\u00e7\u00e3o busca inibir a criminalidade e aumentar a sensa\u00e7\u00e3o de seguran\u00e7a. A execu\u00e7\u00e3o dessas medidas \u00e9 um esfor\u00e7o coordenado que envolve a Pol\u00edcia Militar e outras for\u00e7as de seguran\u00e7a, mostrando a determina\u00e7\u00e3o do governo para melhorar a seguran\u00e7a p\u00fablica nessa \u00e9poca do ano, onde o fluxo de pessoas aumenta consideravelmente.<\/p>\n<h2>Policiamento na 25 de Mar\u00e7o<\/h2>\n<p>Um dos focos principais dessa opera\u00e7\u00e3o \u00e9 a <strong>25 de Mar\u00e7o<\/strong>, um dos mais tradicionais centros de compras de S\u00e3o Paulo, conhecido por seus pre\u00e7os baixos e pela grande diversidade de produtos. Por ser um local bastante frequentado, a seguran\u00e7a se torna uma prioridade. O aumento no policiamento nesta \u00e1rea se deve ao alto n\u00famero de pessoas, que pode gerar n\u00e3o apenas oportunidades para compras, mas tamb\u00e9m para crimes como furtos e roubos.<\/p>\n<p>A presen\u00e7a constante dos agentes de seguran\u00e7a atua como um fator dissuasor. Os comerciantes locais notaram uma mudan\u00e7a positiva com a intensifica\u00e7\u00e3o das a\u00e7\u00f5es de policiamento, relatando uma diminui\u00e7\u00e3o nos epis\u00f3dios de inseguran\u00e7a em suas lojas, o que por sua vez, impacta positivamente o clima e o desempenho das vendas. A pol\u00edcia se comprometeu a adaptar suas t\u00e1ticas diariamente, ajustando a opera\u00e7\u00e3o com base nas informa\u00e7\u00f5es de movimento e nas queixas recebidas da comunidade.<\/p>\n<h2>A\u00e7\u00f5es da Pol\u00edcia Militar<\/h2>\n<p>A <strong>Pol\u00edcia Militar<\/strong> implementou uma s\u00e9rie de iniciativas dentro da Opera\u00e7\u00e3o Compras. Entre elas, o refor\u00e7o do patrulhamento em hor\u00e1rios de pico e a realiza\u00e7\u00e3o de opera\u00e7\u00f5es espec\u00edficas destinadas a combater crimes, como o <strong>com\u00e9rcio clandestino<\/strong> e a extors\u00e3o de flanelinhas. Essas a\u00e7\u00f5es s\u00e3o cruciais para manter a ordem e garantir que os consumidores se sintam seguros enquanto exploram as op\u00e7\u00f5es de compras.<\/p>\n<p>Al\u00e9m do patrulhamento tradicional, a pol\u00edcia tamb\u00e9m utiliza tecnologias modernas. C\u00e2meras de seguran\u00e7a e drones t\u00eam sido empregados para monitorar \u00e1reas com alto \u00edndice de criminalidade, permitindo uma resposta mais r\u00e1pida \u00e0s situa\u00e7\u00f5es que podem surgir. Esta combina\u00e7\u00e3o de a\u00e7\u00f5es preventivas e reativas \u00e9 fundamental para garantir a seguran\u00e7a p\u00fablica e aumentar a confian\u00e7a dos cidad\u00e3os nas opera\u00e7\u00f5es comerciais da regi\u00e3o.<\/p>\n<h2>Impacto na Sensa\u00e7\u00e3o de Seguran\u00e7a<\/h2>\n<p>Os efeitos da Opera\u00e7\u00e3o Compras na <strong>sensa\u00e7\u00e3o de seguran\u00e7a<\/strong> da popula\u00e7\u00e3o t\u00eam sido not\u00e1veis. Com a presen\u00e7a refor\u00e7ada das for\u00e7as de seguran\u00e7a, tanto consumidores quanto comerciantes relatam uma diminui\u00e7\u00e3o nos sentimentos de inseguran\u00e7a. O Capit\u00e3o da PM, Wesley Evandro Ribeiro, afirmou que a opera\u00e7\u00e3o tem sido bem-sucedida, com resultados vis\u00edveis na redu\u00e7\u00e3o da criminalidade e no aumento da confian\u00e7a dos cidad\u00e3os nas \u00e1reas policiadas.<\/p>\n<p>A continuidade deste esfor\u00e7o refor\u00e7a a import\u00e2ncia da seguran\u00e7a nas decis\u00f5es de compra dos consumidores. A sensa\u00e7\u00e3o de seguran\u00e7a \u00e9 um fator-chave que pode influenciar o comportamento dos consumidores; assim, um aumento na presen\u00e7a policial n\u00e3o s\u00f3 reduz os crimes, mas tamb\u00e9m encoraja mais pessoas a visitarem essas \u00e1reas comerciais, ajudando a movimentar a economia local.<\/p>\n<h2>Dados sobre Queda de Crimes<\/h2>\n<p>Dados recentes demonstram que o policiamento intensificado, decorrente da Opera\u00e7\u00e3o Compras, tem um impacto positivo na <strong>queda de crimes<\/strong>. Nos dez primeiros meses de 2025, os registros de roubo na regi\u00e3o mostraram uma diminui\u00e7\u00e3o de <strong>19,6%<\/strong> em rela\u00e7\u00e3o ao mesmo per\u00edodo do ano anterior, com uma queda ainda mais acentuada de <strong>31,2%<\/strong> apenas em outubro.<\/p>\n<p>Essas estat\u00edsticas indicam que as estrat\u00e9gias adotadas pela pol\u00edcia t\u00eam sido eficazes, n\u00e3o apenas na detec\u00e7\u00e3o, mas tamb\u00e9m na preven\u00e7\u00e3o de crimes. O aumento da visibilidade das for\u00e7as policiais nas ruas est\u00e1 diretamente correlacionado \u00e0 redu\u00e7\u00e3o das ocorr\u00eancias. A tend\u00eancia atual sugere que a continuidade desse tipo de policiamento pode resultar em um ambiente ainda mais seguro para os cidad\u00e3os.<\/p>\n<h2>Import\u00e2ncia do Policiamento Preventivo<\/h2>\n<p>O <strong>policiamento preventivo<\/strong> \u00e9 uma das chaves para o sucesso da Opera\u00e7\u00e3o Compras. Ao inv\u00e9s de simplesmente reagir a crimes j\u00e1 cometidos, a atua\u00e7\u00e3o proativa da Pol\u00edcia Militar visa desestimular a criminalidade antes que ela ocorra. Essa abordagem \u00e9 especialmente eficaz em per\u00edodos de grande movimento comercial, como o final de ano, quando as cidades atraem um n\u00famero elevado de visitantes e consumidores.<\/p>\n<p>Entre as a\u00e7\u00f5es preventivas est\u00e1 a presen\u00e7a de policiais em pontos estrat\u00e9gicos das \u00e1reas comerciais, que serve n\u00e3o apenas para inibir a\u00e7\u00f5es ilegais, mas tamb\u00e9m para aumentar a intera\u00e7\u00e3o com a comunidade. Policiais s\u00e3o vistos conversando com os lojistas e frequentadores, ajudando a criar uma rela\u00e7\u00e3o de confian\u00e7a que \u00e9 essencial para um policiamento mais efetivo.<\/p>\n<h2>Estrat\u00e9gias de Combate ao Com\u00e9rcio Irregular<\/h2>\n<p>Uma das metas da Opera\u00e7\u00e3o Compras \u00e9 o combate ao <strong>com\u00e9rcio irregular<\/strong>. Este fen\u00f4meno pode prejudicar tanto os comerciantes legais quanto os consumidores. Para isso, a Pol\u00edcia Militar, em conjunto com \u00f3rg\u00e3os de fiscaliza\u00e7\u00e3o, intensifica as a\u00e7\u00f5es na identifica\u00e7\u00e3o e erradica\u00e7\u00e3o de pr\u00e1ticas como a venda de produtos sem nota fiscal ou a explora\u00e7\u00e3o de vendedores informais sem alvar\u00e1s.<\/p>\n<p>Essas a\u00e7\u00f5es n\u00e3o apenas protegem os consumidores de produtos de qualidade duvidosa, mas tamb\u00e9m ajudam a manter um mercado mais justo para os comerciantes que operam legalmente. O esfor\u00e7o conjunto da pol\u00edcia e das autoridades fiscais visa a cria\u00e7\u00e3o de um ambiente comercial saud\u00e1vel e regulamentado, que beneficie todos os envolvidos.<\/p>\n<h2>Orienta\u00e7\u00f5es de Seguran\u00e7a para Compradores<\/h2>\n<p>Com a seguran\u00e7a sendo uma prioridade, a Pol\u00edcia Militar tamb\u00e9m tem fornecido <strong>orienta\u00e7\u00f5es de seguran\u00e7a<\/strong> para compradores. Algumas dicas incluem manter mochilas \u00e0 frente do corpo, evitar o uso de celulares em locais de risco, e ter cuidado especial ao acompanhar crian\u00e7as. Este tipo de conscientiza\u00e7\u00e3o \u00e9 crucial para garantir uma experi\u00eancia de compra mais segura.<\/p>\n<p>Al\u00e9m disso, a pol\u00edcia incentivou os consumidores a reportarem qualquer atividade suspeita imediatamente, ajudando a criar um ambiente colaborativo entre a comunidade e as for\u00e7as de seguran\u00e7a. A comunica\u00e7\u00e3o efetiva entre cidad\u00e3os e a pol\u00edcia \u00e9 um dos pilares para uma sociedade mais segura.<\/p>\n<h2>Colabora\u00e7\u00e3o entre Diferentes Equipes Policiais<\/h2>\n<p>A Opera\u00e7\u00e3o Compras destaca a import\u00e2ncia da <strong>colabora\u00e7\u00e3o entre diferentes equipes policiais<\/strong>. A uni\u00e3o de esfor\u00e7os entre a Pol\u00edcia Militar, as equipes de Atividade Delegada, o Policiamento de Tr\u00e2nsito e o Policiamento de Choque resultou em uma abordagem mais abrangente e eficaz. Cada equipe traz habilidades e experi\u00eancias \u00fanicas, o que enriquece a opera\u00e7\u00e3o e maximiza sua efic\u00e1cia.<\/p>\n<p>Essa colabora\u00e7\u00e3o se reflete em opera\u00e7\u00f5es bem-sucedidas que integram a mobiliza\u00e7\u00e3o de diferentes unidades, permitindo um tratamento mais completo das quest\u00f5es de seguran\u00e7a p\u00fablica. Ao compartilhar informa\u00e7\u00f5es e recursos, as for\u00e7as de seguran\u00e7a podem responder mais rapidamente a ocorr\u00eancias, aumentando assim a seguran\u00e7a nas \u00e1reas comerciais.<\/p>\n<h2>Expectativas para o Fim de Ano<\/h2>\n<p>Com a aproxima\u00e7\u00e3o do <strong>fim de ano<\/strong>, as expectativas s\u00e3o altas em rela\u00e7\u00e3o \u00e0 continuidade e amplia\u00e7\u00e3o das a\u00e7\u00f5es da Opera\u00e7\u00e3o Compras. Espera-se que o aumento do policiamento, combinado com a colabora\u00e7\u00e3o efetiva entre as diversas for\u00e7as de seguran\u00e7a, conduza a uma diminui\u00e7\u00e3o ainda maior na criminalidade.<\/p>\n<p>A esperan\u00e7a \u00e9 de que os comerciantes e consumidores se sintam cada vez mais seguros, resultando em um ambiente prop\u00edcio para o crescimento econ\u00f4mico da regi\u00e3o. As festividades de final de ano podem trazer n\u00e3o apenas um alto volume de vendas, mas tamb\u00e9m a oportunidade de refor\u00e7ar a sensa\u00e7\u00e3o de seguran\u00e7a, uma vez que essa combina\u00e7\u00e3o \u00e9 ben\u00e9fica para todos os envolvidos no com\u00e9rcio local.<\/p>\n\n<div style=\"font-size: 0px; height: 0px; line-height: 0px; margin: 0; padding: 0; clear: both;\"><\/div>","protected":false},"excerpt":{"rendered":"<p>Centro de SP ter\u00e1 maior n\u00famero de policiais para garantir seguran\u00e7a nas compras de fim de ano.<\/p>\n","protected":false},"author":1,"featured_media":0,"comment_status":"open","ping_status":"closed","sticky":false,"template":"","format":"standard","meta":{"footnotes":""},"categories":[6],"tags":[],"class_list":["post-2228","post","type-post","status-publish","format-standard","hentry","category-noticias-no-bom-retiro"],"aioseo_notices":[],"aioseo_head":"\n\t\t<!-- All in One SEO 5.0.0.1 - aioseo.com -->\n\t<meta name=\"description\" content=\"Centro de SP ter\u00e1 maior n\u00famero de policiais para garantir seguran\u00e7a nas compras de fim de ano.\" \/>\n\t<meta name=\"robots\" content=\"max-image-preview:large\" \/>\n\t<meta name=\"author\" content=\"Encontra Bom Retiro\"\/>\n\t<link rel=\"canonical\" href=\"https:\/\/www.encontrabomretiro.com.br\/sobre\/centro-de-sp-tera-maior-numero-de-policiais-neste-fim-de-ano\/\" \/>\n\t<meta name=\"generator\" content=\"All in One SEO (AIOSEO) 5.0.0.1\" \/>\n\t\t<meta property=\"og:locale\" content=\"pt_BR\" \/>\n\t\t<meta property=\"og:site_name\" content=\"Encontra Bom Retiro | Not\u00edcias, eventos, informa\u00e7\u00f5es e dicas no bairro do Bom Retiro e regi\u00e3o.\" \/>\n\t\t<meta property=\"og:type\" content=\"article\" \/>\n\t\t<meta property=\"og:title\" content=\"Centro de SP ter\u00e1 maior n\u00famero de policiais neste fim de ano | Encontra Bom Retiro\" \/>\n\t\t<meta property=\"og:description\" content=\"Centro de SP ter\u00e1 maior n\u00famero de policiais para garantir seguran\u00e7a nas compras de fim de ano.\" \/>\n\t\t<meta property=\"og:url\" content=\"https:\/\/www.encontrabomretiro.com.br\/sobre\/centro-de-sp-tera-maior-numero-de-policiais-neste-fim-de-ano\/\" \/>\n\t\t<meta property=\"article:published_time\" content=\"2025-12-28T09:38:00+00:00\" \/>\n\t\t<meta property=\"article:modified_time\" content=\"2025-12-28T09:38:00+00:00\" \/>\n\t\t<meta name=\"twitter:card\" content=\"summary_large_image\" \/>\n\t\t<meta name=\"twitter:title\" content=\"Centro de SP ter\u00e1 maior n\u00famero de policiais neste fim de ano | Encontra Bom Retiro\" \/>\n\t\t<meta name=\"twitter:description\" content=\"Centro de SP ter\u00e1 maior n\u00famero de policiais para garantir seguran\u00e7a nas compras de fim de ano.\" \/>\n\t\t<script type=\"application\/ld+json\" class=\"aioseo-schema\">\n\t\t\t{\"@context\":\"https:\\\/\\\/schema.org\",\"@graph\":[{\"@type\":\"Article\",\"@id\":\"https:\\\/\\\/www.encontrabomretiro.com.br\\\/sobre\\\/centro-de-sp-tera-maior-numero-de-policiais-neste-fim-de-ano\\\/#article\",\"name\":\"Centro de SP ter\\u00e1 maior n\\u00famero de policiais neste fim de ano | Encontra Bom Retiro\",\"headline\":\"Centro de SP ter\\u00e1 maior n\\u00famero de policiais neste fim de ano\",\"author\":{\"@id\":\"https:\\\/\\\/www.encontrabomretiro.com.br\\\/sobre\\\/author\\\/ebomretiro\\\/#author\"},\"publisher\":{\"@id\":\"https:\\\/\\\/www.encontrabomretiro.com.br\\\/sobre\\\/#organization\"},\"datePublished\":\"2025-12-28T07:38:00-02:00\",\"dateModified\":\"2025-12-28T07:38:00-02:00\",\"inLanguage\":\"pt-BR\",\"mainEntityOfPage\":{\"@id\":\"https:\\\/\\\/www.encontrabomretiro.com.br\\\/sobre\\\/centro-de-sp-tera-maior-numero-de-policiais-neste-fim-de-ano\\\/#webpage\"},\"isPartOf\":{\"@id\":\"https:\\\/\\\/www.encontrabomretiro.com.br\\\/sobre\\\/centro-de-sp-tera-maior-numero-de-policiais-neste-fim-de-ano\\\/#webpage\"},\"articleSection\":\"Not\\u00edcias Bom Retiro\"},{\"@type\":\"BreadcrumbList\",\"@id\":\"https:\\\/\\\/www.encontrabomretiro.com.br\\\/sobre\\\/centro-de-sp-tera-maior-numero-de-policiais-neste-fim-de-ano\\\/#breadcrumblist\",\"itemListElement\":[{\"@type\":\"ListItem\",\"@id\":\"https:\\\/\\\/www.encontrabomretiro.com.br\\\/sobre#listItem\",\"position\":1,\"name\":\"Dom\\u00e9stica\",\"item\":\"https:\\\/\\\/www.encontrabomretiro.com.br\\\/sobre\",\"nextItem\":{\"@type\":\"ListItem\",\"@id\":\"https:\\\/\\\/www.encontrabomretiro.com.br\\\/sobre\\\/noticias-no-bom-retiro\\\/#listItem\",\"name\":\"Not\\u00edcias Bom Retiro\"}},{\"@type\":\"ListItem\",\"@id\":\"https:\\\/\\\/www.encontrabomretiro.com.br\\\/sobre\\\/noticias-no-bom-retiro\\\/#listItem\",\"position\":2,\"name\":\"Not\\u00edcias Bom Retiro\",\"item\":\"https:\\\/\\\/www.encontrabomretiro.com.br\\\/sobre\\\/noticias-no-bom-retiro\\\/\",\"nextItem\":{\"@type\":\"ListItem\",\"@id\":\"https:\\\/\\\/www.encontrabomretiro.com.br\\\/sobre\\\/centro-de-sp-tera-maior-numero-de-policiais-neste-fim-de-ano\\\/#listItem\",\"name\":\"Centro de SP ter\\u00e1 maior n\\u00famero de policiais neste fim de ano\"},\"previousItem\":{\"@type\":\"ListItem\",\"@id\":\"https:\\\/\\\/www.encontrabomretiro.com.br\\\/sobre#listItem\",\"name\":\"Dom\\u00e9stica\"}},{\"@type\":\"ListItem\",\"@id\":\"https:\\\/\\\/www.encontrabomretiro.com.br\\\/sobre\\\/centro-de-sp-tera-maior-numero-de-policiais-neste-fim-de-ano\\\/#listItem\",\"position\":3,\"name\":\"Centro de SP ter\\u00e1 maior n\\u00famero de policiais neste fim de ano\",\"previousItem\":{\"@type\":\"ListItem\",\"@id\":\"https:\\\/\\\/www.encontrabomretiro.com.br\\\/sobre\\\/noticias-no-bom-retiro\\\/#listItem\",\"name\":\"Not\\u00edcias Bom Retiro\"}}]},{\"@type\":\"Organization\",\"@id\":\"https:\\\/\\\/www.encontrabomretiro.com.br\\\/sobre\\\/#organization\",\"name\":\"Encontra Bom Retiro\",\"description\":\"Not\\u00edcias, eventos, informa\\u00e7\\u00f5es e dicas no bairro do Bom Retiro e regi\\u00e3o.\",\"url\":\"https:\\\/\\\/www.encontrabomretiro.com.br\\\/sobre\\\/\"},{\"@type\":\"Person\",\"@id\":\"https:\\\/\\\/www.encontrabomretiro.com.br\\\/sobre\\\/author\\\/ebomretiro\\\/#author\",\"url\":\"https:\\\/\\\/www.encontrabomretiro.com.br\\\/sobre\\\/author\\\/ebomretiro\\\/\",\"name\":\"Encontra Bom Retiro\",\"image\":{\"@type\":\"ImageObject\",\"@id\":\"https:\\\/\\\/www.encontrabomretiro.com.br\\\/sobre\\\/centro-de-sp-tera-maior-numero-de-policiais-neste-fim-de-ano\\\/#authorImage\",\"url\":\"https:\\\/\\\/secure.gravatar.com\\\/avatar\\\/507340682b8270222e1f208e23198b6ae7e2c6a1033ae84e99bc6bce4f82a387?s=96&d=mm&r=g\",\"width\":96,\"height\":96,\"caption\":\"Encontra Bom Retiro\"}},{\"@type\":\"WebPage\",\"@id\":\"https:\\\/\\\/www.encontrabomretiro.com.br\\\/sobre\\\/centro-de-sp-tera-maior-numero-de-policiais-neste-fim-de-ano\\\/#webpage\",\"url\":\"https:\\\/\\\/www.encontrabomretiro.com.br\\\/sobre\\\/centro-de-sp-tera-maior-numero-de-policiais-neste-fim-de-ano\\\/\",\"name\":\"Centro de SP ter\\u00e1 maior n\\u00famero de policiais neste fim de ano | Encontra Bom Retiro\",\"description\":\"Centro de SP ter\\u00e1 maior n\\u00famero de policiais para garantir seguran\\u00e7a nas compras de fim de ano.\",\"inLanguage\":\"pt-BR\",\"isPartOf\":{\"@id\":\"https:\\\/\\\/www.encontrabomretiro.com.br\\\/sobre\\\/#website\"},\"breadcrumb\":{\"@id\":\"https:\\\/\\\/www.encontrabomretiro.com.br\\\/sobre\\\/centro-de-sp-tera-maior-numero-de-policiais-neste-fim-de-ano\\\/#breadcrumblist\"},\"author\":{\"@id\":\"https:\\\/\\\/www.encontrabomretiro.com.br\\\/sobre\\\/author\\\/ebomretiro\\\/#author\"},\"creator\":{\"@id\":\"https:\\\/\\\/www.encontrabomretiro.com.br\\\/sobre\\\/author\\\/ebomretiro\\\/#author\"},\"datePublished\":\"2025-12-28T07:38:00-02:00\",\"dateModified\":\"2025-12-28T07:38:00-02:00\"},{\"@type\":\"WebSite\",\"@id\":\"https:\\\/\\\/www.encontrabomretiro.com.br\\\/sobre\\\/#website\",\"url\":\"https:\\\/\\\/www.encontrabomretiro.com.br\\\/sobre\\\/\",\"name\":\"Encontra Bom Retiro\",\"description\":\"Not\\u00edcias, eventos, informa\\u00e7\\u00f5es e dicas no bairro do Bom Retiro e regi\\u00e3o.\",\"inLanguage\":\"pt-BR\",\"publisher\":{\"@id\":\"https:\\\/\\\/www.encontrabomretiro.com.br\\\/sobre\\\/#organization\"}}]}\n\t\t<\/script>\n\t\t<!-- All in One SEO -->\n\n","aioseo_head_json":{"title":"Centro de SP ter\u00e1 maior n\u00famero de policiais neste fim de ano | Encontra Bom Retiro","description":"Centro de SP ter\u00e1 maior n\u00famero de policiais para garantir seguran\u00e7a nas compras de fim de ano.","canonical_url":"https:\/\/www.encontrabomretiro.com.br\/sobre\/centro-de-sp-tera-maior-numero-de-policiais-neste-fim-de-ano\/","robots":"max-image-preview:large","keywords":"","webmasterTools":{"miscellaneous":""},"schema":{"@context":"https:\/\/schema.org","@graph":[{"@type":"Article","@id":"https:\/\/www.encontrabomretiro.com.br\/sobre\/centro-de-sp-tera-maior-numero-de-policiais-neste-fim-de-ano\/#article","name":"Centro de SP ter\u00e1 maior n\u00famero de policiais neste fim de ano | Encontra Bom Retiro","headline":"Centro de SP ter\u00e1 maior n\u00famero de policiais neste fim de ano","author":{"@id":"https:\/\/www.encontrabomretiro.com.br\/sobre\/author\/ebomretiro\/#author"},"publisher":{"@id":"https:\/\/www.encontrabomretiro.com.br\/sobre\/#organization"},"datePublished":"2025-12-28T07:38:00-02:00","dateModified":"2025-12-28T07:38:00-02:00","inLanguage":"pt-BR","mainEntityOfPage":{"@id":"https:\/\/www.encontrabomretiro.com.br\/sobre\/centro-de-sp-tera-maior-numero-de-policiais-neste-fim-de-ano\/#webpage"},"isPartOf":{"@id":"https:\/\/www.encontrabomretiro.com.br\/sobre\/centro-de-sp-tera-maior-numero-de-policiais-neste-fim-de-ano\/#webpage"},"articleSection":"Not\u00edcias Bom Retiro"},{"@type":"BreadcrumbList","@id":"https:\/\/www.encontrabomretiro.com.br\/sobre\/centro-de-sp-tera-maior-numero-de-policiais-neste-fim-de-ano\/#breadcrumblist","itemListElement":[{"@type":"ListItem","@id":"https:\/\/www.encontrabomretiro.com.br\/sobre#listItem","position":1,"name":"Dom\u00e9stica","item":"https:\/\/www.encontrabomretiro.com.br\/sobre","nextItem":{"@type":"ListItem","@id":"https:\/\/www.encontrabomretiro.com.br\/sobre\/noticias-no-bom-retiro\/#listItem","name":"Not\u00edcias Bom Retiro"}},{"@type":"ListItem","@id":"https:\/\/www.encontrabomretiro.com.br\/sobre\/noticias-no-bom-retiro\/#listItem","position":2,"name":"Not\u00edcias Bom Retiro","item":"https:\/\/www.encontrabomretiro.com.br\/sobre\/noticias-no-bom-retiro\/","nextItem":{"@type":"ListItem","@id":"https:\/\/www.encontrabomretiro.com.br\/sobre\/centro-de-sp-tera-maior-numero-de-policiais-neste-fim-de-ano\/#listItem","name":"Centro de SP ter\u00e1 maior n\u00famero de policiais neste fim de ano"},"previousItem":{"@type":"ListItem","@id":"https:\/\/www.encontrabomretiro.com.br\/sobre#listItem","name":"Dom\u00e9stica"}},{"@type":"ListItem","@id":"https:\/\/www.encontrabomretiro.com.br\/sobre\/centro-de-sp-tera-maior-numero-de-policiais-neste-fim-de-ano\/#listItem","position":3,"name":"Centro de SP ter\u00e1 maior n\u00famero de policiais neste fim de ano","previousItem":{"@type":"ListItem","@id":"https:\/\/www.encontrabomretiro.com.br\/sobre\/noticias-no-bom-retiro\/#listItem","name":"Not\u00edcias Bom Retiro"}}]},{"@type":"Organization","@id":"https:\/\/www.encontrabomretiro.com.br\/sobre\/#organization","name":"Encontra Bom Retiro","description":"Not\u00edcias, eventos, informa\u00e7\u00f5es e dicas no bairro do Bom Retiro e regi\u00e3o.","url":"https:\/\/www.encontrabomretiro.com.br\/sobre\/"},{"@type":"Person","@id":"https:\/\/www.encontrabomretiro.com.br\/sobre\/author\/ebomretiro\/#author","url":"https:\/\/www.encontrabomretiro.com.br\/sobre\/author\/ebomretiro\/","name":"Encontra Bom Retiro","image":{"@type":"ImageObject","@id":"https:\/\/www.encontrabomretiro.com.br\/sobre\/centro-de-sp-tera-maior-numero-de-policiais-neste-fim-de-ano\/#authorImage","url":"https:\/\/secure.gravatar.com\/avatar\/507340682b8270222e1f208e23198b6ae7e2c6a1033ae84e99bc6bce4f82a387?s=96&d=mm&r=g","width":96,"height":96,"caption":"Encontra Bom Retiro"}},{"@type":"WebPage","@id":"https:\/\/www.encontrabomretiro.com.br\/sobre\/centro-de-sp-tera-maior-numero-de-policiais-neste-fim-de-ano\/#webpage","url":"https:\/\/www.encontrabomretiro.com.br\/sobre\/centro-de-sp-tera-maior-numero-de-policiais-neste-fim-de-ano\/","name":"Centro de SP ter\u00e1 maior n\u00famero de policiais neste fim de ano | Encontra Bom Retiro","description":"Centro de SP ter\u00e1 maior n\u00famero de policiais para garantir seguran\u00e7a nas compras de fim de ano.","inLanguage":"pt-BR","isPartOf":{"@id":"https:\/\/www.encontrabomretiro.com.br\/sobre\/#website"},"breadcrumb":{"@id":"https:\/\/www.encontrabomretiro.com.br\/sobre\/centro-de-sp-tera-maior-numero-de-policiais-neste-fim-de-ano\/#breadcrumblist"},"author":{"@id":"https:\/\/www.encontrabomretiro.com.br\/sobre\/author\/ebomretiro\/#author"},"creator":{"@id":"https:\/\/www.encontrabomretiro.com.br\/sobre\/author\/ebomretiro\/#author"},"datePublished":"2025-12-28T07:38:00-02:00","dateModified":"2025-12-28T07:38:00-02:00"},{"@type":"WebSite","@id":"https:\/\/www.encontrabomretiro.com.br\/sobre\/#website","url":"https:\/\/www.encontrabomretiro.com.br\/sobre\/","name":"Encontra Bom Retiro","description":"Not\u00edcias, eventos, informa\u00e7\u00f5es e dicas no bairro do Bom Retiro e regi\u00e3o.","inLanguage":"pt-BR","publisher":{"@id":"https:\/\/www.encontrabomretiro.com.br\/sobre\/#organization"}}]},"og:locale":"pt_BR","og:site_name":"Encontra Bom Retiro | Not\u00edcias, eventos, informa\u00e7\u00f5es e dicas no bairro do Bom Retiro e regi\u00e3o.","og:type":"article","og:title":"Centro de SP ter\u00e1 maior n\u00famero de policiais neste fim de ano | Encontra Bom Retiro","og:description":"Centro de SP ter\u00e1 maior n\u00famero de policiais para garantir seguran\u00e7a nas compras de fim de ano.","og:url":"https:\/\/www.encontrabomretiro.com.br\/sobre\/centro-de-sp-tera-maior-numero-de-policiais-neste-fim-de-ano\/","article:published_time":"2025-12-28T09:38:00+00:00","article:modified_time":"2025-12-28T09:38:00+00:00","twitter:card":"summary_large_image","twitter:title":"Centro de SP ter\u00e1 maior n\u00famero de policiais neste fim de ano | Encontra Bom Retiro","twitter:description":"Centro de SP ter\u00e1 maior n\u00famero de policiais para garantir seguran\u00e7a nas compras de fim de ano."},"aioseo_meta_data":{"post_id":"2228","title":null,"description":null,"keywords":null,"keyphrases":null,"primary_term":null,"canonical_url":null,"og_title":null,"og_description":null,"og_object_type":"default","og_image_type":"default","og_image_url":null,"og_image_width":null,"og_image_height":null,"og_image_custom_url":null,"og_image_custom_fields":null,"og_video":null,"og_custom_url":null,"og_article_section":null,"og_article_tags":null,"twitter_use_og":false,"twitter_card":"default","twitter_image_type":"default","twitter_image_url":null,"twitter_image_custom_url":null,"twitter_image_custom_fields":null,"twitter_title":null,"twitter_description":null,"schema":{"blockGraphs":[],"customGraphs":[],"default":{"data":{"Article":[],"Course":[],"Dataset":[],"FAQPage":[],"Movie":[],"Person":[],"Product":[],"ProductReview":[],"Car":[],"Recipe":[],"Service":[],"SoftwareApplication":[],"WebPage":[]},"graphName":"Article","isEnabled":true},"graphs":[]},"schema_type":"default","schema_type_options":null,"pillar_content":false,"robots_default":true,"robots_noindex":false,"robots_noarchive":false,"robots_nosnippet":false,"robots_nofollow":false,"robots_noimageindex":false,"robots_noodp":false,"robots_notranslate":false,"robots_max_snippet":null,"robots_max_videopreview":null,"robots_max_imagepreview":"large","priority":null,"frequency":null,"local_seo":null,"breadcrumb_settings":null,"limit_modified_date":false,"ai":null,"created":"2025-12-29 20:45:42","updated":"2025-12-29 20:48:45","focus_keyword":null,"additional_keywords":null,"truseo_locale":null,"seo_analyzer_scan_date":null},"aioseo_breadcrumb":"<div class=\"aioseo-breadcrumbs\"><span class=\"aioseo-breadcrumb\">\n\t\t\t<a href=\"https:\/\/www.encontrabomretiro.com.br\/sobre\" title=\"Dom\u00e9stica\">Dom\u00e9stica<\/a>\n\t\t<\/span><span class=\"aioseo-breadcrumb-separator\">&raquo;<\/span><span class=\"aioseo-breadcrumb\">\n\t\t\t<a href=\"https:\/\/www.encontrabomretiro.com.br\/sobre\/noticias-no-bom-retiro\/\" title=\"Not\u00edcias Bom Retiro\">Not\u00edcias Bom Retiro<\/a>\n\t\t<\/span><span class=\"aioseo-breadcrumb-separator\">&raquo;<\/span><span class=\"aioseo-breadcrumb\">\n\t\t\tCentro de SP ter\u00e1 maior n\u00famero de policiais neste fim de ano\n\t\t<\/span><\/div>","aioseo_breadcrumb_json":[{"label":"Dom\u00e9stica","link":"https:\/\/www.encontrabomretiro.com.br\/sobre"},{"label":"Not\u00edcias Bom Retiro","link":"https:\/\/www.encontrabomretiro.com.br\/sobre\/noticias-no-bom-retiro\/"},{"label":"Centro de SP ter\u00e1 maior n\u00famero de policiais neste fim de ano","link":"https:\/\/www.encontrabomretiro.com.br\/sobre\/centro-de-sp-tera-maior-numero-de-policiais-neste-fim-de-ano\/"}],"_links":{"self":[{"href":"https:\/\/www.encontrabomretiro.com.br\/sobre\/wp-json\/wp\/v2\/posts\/2228","targetHints":{"allow":["GET"]}}],"collection":[{"href":"https:\/\/www.encontrabomretiro.com.br\/sobre\/wp-json\/wp\/v2\/posts"}],"about":[{"href":"https:\/\/www.encontrabomretiro.com.br\/sobre\/wp-json\/wp\/v2\/types\/post"}],"author":[{"embeddable":true,"href":"https:\/\/www.encontrabomretiro.com.br\/sobre\/wp-json\/wp\/v2\/users\/1"}],"replies":[{"embeddable":true,"href":"https:\/\/www.encontrabomretiro.com.br\/sobre\/wp-json\/wp\/v2\/comments?post=2228"}],"version-history":[{"count":0,"href":"https:\/\/www.encontrabomretiro.com.br\/sobre\/wp-json\/wp\/v2\/posts\/2228\/revisions"}],"wp:attachment":[{"href":"https:\/\/www.encontrabomretiro.com.br\/sobre\/wp-json\/wp\/v2\/media?parent=2228"}],"wp:term":[{"taxonomy":"category","embeddable":true,"href":"https:\/\/www.encontrabomretiro.com.br\/sobre\/wp-json\/wp\/v2\/categories?post=2228"},{"taxonomy":"post_tag","embeddable":true,"href":"https:\/\/www.encontrabomretiro.com.br\/sobre\/wp-json\/wp\/v2\/tags?post=2228"}],"curies":[{"name":"wp","href":"https:\/\/api.w.org\/{rel}","templated":true}]}}