{"id":2223,"date":"2025-12-16T13:30:00","date_gmt":"2025-12-16T15:30:00","guid":{"rendered":"https:\/\/www.encontrabomretiro.com.br\/sobre\/grande-sao-paulo-ainda-tem-mais-de-35-mil-casas-sem-luz\/"},"modified":"2025-12-16T13:30:00","modified_gmt":"2025-12-16T15:30:00","slug":"grande-sao-paulo-ainda-tem-mais-de-35-mil-casas-sem-luz","status":"publish","type":"post","link":"https:\/\/www.encontrabomretiro.com.br\/sobre\/grande-sao-paulo-ainda-tem-mais-de-35-mil-casas-sem-luz\/","title":{"rendered":"Grande S\u00e3o Paulo ainda tem mais de 35 mil casas sem luz"},"content":{"rendered":"<div class=\"228b65ae207de3c5c501cfe75875708b\" data-index=\"1\" style=\"float: none; margin:0px;\">\n<!-- Anuncio display - global -->\r\n<ins class=\"adsbygoogle\"\r\n     style=\"display:block\"\r\n     data-ad-client=\"ca-pub-8585364105181520\"\r\n     data-ad-slot=\"8789329856\"\r\n     data-ad-format=\"auto\"\r\n     data-full-width-responsive=\"true\"><\/ins>\r\n<script>\r\n     (adsbygoogle = window.adsbygoogle || []).push({});\r\n<\/script>\n<\/div>\n<h2>O impacto do apag\u00e3o na Grande S\u00e3o Paulo<\/h2>\n<p>A recente interrup\u00e7\u00e3o de energia que atingiu a Grande S\u00e3o Paulo teve um impacto significativo na vida de milhares de pessoas. Cerca de <strong>35 mil casas<\/strong> ficaram sem luz, afetando n\u00e3o apenas as resid\u00eancias, mas tamb\u00e9m o com\u00e9rcio e servi\u00e7os essenciais. A falta de eletricidade n\u00e3o apenas incomoda, mas tamb\u00e9m traz consequ\u00eancias diretas ao cotidiano das pessoas. Sem energia el\u00e9trica, as atividades di\u00e1rias, como cozinhar, estudar e trabalhar, foram drasticamente afetadas.<\/p>\n<p>Os efeitos mais imediatos da falta de luz podem ser observados em v\u00e1rios setores. Com\u00e9rcios enfrentaram dificuldades operacionais, levando a perdas financeiras consider\u00e1veis. Restaurantes, por exemplo, n\u00e3o puderam atender seus clientes, enquanto lojas de varejo viam seus lucros diminu\u00edrem drasticamente devido \u00e0 impossibilidade de realizar vendas. Al\u00e9m disso, a interrup\u00e7\u00e3o de servi\u00e7os como telefonia e internet tamb\u00e9m exacerbou a situa\u00e7\u00e3o, criando um cen\u00e1rio de confus\u00e3o e desconforto para muitos.<\/p>\n<h2>Causas do apag\u00e3o: ventos e falhas de infraestrutura<\/h2>\n<p>O apag\u00e3o que atingiu a Grande S\u00e3o Paulo n\u00e3o foi um caso isolado. Segundo os especialistas, as causas principais foram a combina\u00e7\u00e3o de ventos fortes, que chegaram a atingir velocidades de 98 km\/h, e falhas na infraestrutura de distribui\u00e7\u00e3o de energia el\u00e9trica. A <strong>Enel<\/strong>, concession\u00e1ria respons\u00e1vel pela distribui\u00e7\u00e3o na regi\u00e3o, enfrentou dificuldades em restaurar o servi\u00e7o de forma r\u00e1pida e eficaz, o que gerou uma onda de cr\u00edticas e insatisfa\u00e7\u00e3o entre os moradores.<\/p>\n<p>Por\u00e9m, o problema n\u00e3o se limita apenas \u00e0 for\u00e7a da natureza. A falta de manuten\u00e7\u00e3o adequada e investimentos em infraestrutura el\u00e9trica tamb\u00e9m contribu\u00edram para a fragilidade do sistema. Os ventos que causaram o apag\u00e3o evidenciaram defici\u00eancias no planejamento e na execu\u00e7\u00e3o das manuten\u00e7\u00f5es necess\u00e1rias para prevenir tais eventos. Isso leva \u00e0 reflex\u00e3o sobre a necessidade urgente de melhorias nas condi\u00e7\u00f5es das redes el\u00e9tricas.<\/p>\n<h2>N\u00famero alarmante: 35 mil casas sem luz<\/h2>\n<p>A situa\u00e7\u00e3o alarmante de <strong>35.208 instala\u00e7\u00f5es<\/strong> sem eletricidade em na Grande S\u00e3o Paulo n\u00e3o \u00e9 apenas um n\u00famero; representa o desamparo de milhares de fam\u00edlias que ficaram \u00e0 merc\u00ea das consequ\u00eancias de um apag\u00e3o massivo. O impacto foi mais vis\u00edvel na capital, onde <strong>24.275<\/strong> clientes enfrentaram a falta de luz. Contudo, a pobreza energ\u00e9tica tamb\u00e9m foi uma realidade para muitas pessoas em munic\u00edpios como Cotia, que, proporcionalmente, registrou um n\u00famero significativo de resid\u00eancias sem energia.<\/p>\n<p>Esse apag\u00e3o levanta quest\u00f5es s\u00e9rias sobre o planejamento urbano e a necessidade de garantir energia el\u00e9trica de maneira ininterrupta, especialmente em uma metr\u00f3pole como S\u00e3o Paulo. Em tempos em que a tecnologia e a conectividade s\u00e3o essenciais, a falta de energia n\u00e3o \u00e9 mais uma quest\u00e3o cotidiana, mas uma amea\u00e7a ao desenvolvimento e \u00e0 igualdade social.<\/p>\n<h2>Cidades mais afetadas pelo apag\u00e3o<\/h2>\n<p>Embora a capital paulista tenha sentido o maior impacto absoluto, outras cidades da Grande S\u00e3o Paulo tamb\u00e9m foram severamente afetadas. Munic\u00edpios como <strong>Cotia<\/strong>, por exemplo, apresentaram taxas muito altas de interrup\u00e7\u00e3o, onde <strong>1,78%<\/strong> das instala\u00e7\u00f5es ficaram sem fornecimento. Essa situa\u00e7\u00e3o n\u00e3o s\u00f3 causou transtornos imediatos, mas tamb\u00e9m deixou marcas duradouras nas comunidades, que dependem da eletricidade n\u00e3o apenas para conforto, mas para a preserva\u00e7\u00e3o da sa\u00fade e seguran\u00e7a.<\/p>\n<p>Bairros na Zona Sul, como <strong>Vila Andrade<\/strong>, e na Zona Leste, como <strong>S\u00e3o Mateus<\/strong>, tamb\u00e9m relataram prioridades em termos de restabelecimento, n\u00e3o apenas por serem regi\u00f5es densamente habitadas, mas tamb\u00e9m devido \u00e0 grande quantidade de servi\u00e7os p\u00fablicos que operam nessas \u00e1reas. A falta de comunica\u00e7\u00e3o clara da Enel sobre os prazos e medidas de recupera\u00e7\u00e3o agravou ainda mais a tens\u00e3o entre os moradores.<\/p>\n<h2>Resposta da Enel ao apag\u00e3o: O que foi feito?<\/h2>\n<p>Em resposta ao apag\u00e3o, a Enel declarou ter restabelecido o servi\u00e7o de forma gradual, implementando uma opera\u00e7\u00e3o de emerg\u00eancia que mobilizou t\u00e9cnicos para lidar com casos reportados na sequ\u00eancia da tempestade. A empresa afirmou que a opera\u00e7\u00e3o havia voltado ao <strong>padr\u00e3o de normalidade<\/strong> e que o objetivo era atender rapidamente as solicita\u00e7\u00f5es dos clientes afetados. Contudo, muitos moradores expressaram descontentamento quanto ao tempo que levou para que suas casas fossem reenergizadas.<\/p>\n<p>A comunica\u00e7\u00e3o da Enel deixou a desejar e a popula\u00e7\u00e3o clamou por mais transpar\u00eancia. O que deveria ter sido um processo \u00e1gil de recupera\u00e7\u00e3o se transformou em um cen\u00e1rio de preocupa\u00e7\u00e3o, onde muitos s\u00f3 obtiveram respostas ap\u00f3s longos per\u00edodos de espera. Al\u00e9m disso, foram in\u00fameras as den\u00fancias de fraudes cometidas por alguns funcion\u00e1rios, o que gerou desconfian\u00e7a e frustra\u00e7\u00e3o entre os consumidores.<\/p>\n<h2>Medidas de emerg\u00eancia e a\u00e7\u00f5es do governo<\/h2>\n<p>As autoridades municipais e estaduais tamb\u00e9m se mobilizaram diante da gravidade da situa\u00e7\u00e3o. O prefeito de S\u00e3o Paulo, <strong>Ricardo Nunes<\/strong>, e o governador de S\u00e3o Paulo, <strong>Tarc\u00edsio de Freitas<\/strong>, demandaram que o governo federal interviesse na gest\u00e3o da Enel, ressaltando que a companhia falhou em seu papel de garantir a continuidade do fornecimento de energia aos cidad\u00e3os.<\/p>\n<p>Uma das a\u00e7\u00f5es propostas foi o aumento da fiscaliza\u00e7\u00e3o e a implementa\u00e7\u00e3o de medidas de seguran\u00e7a para garantir que problemas semelhantes n\u00e3o ocorram no futuro. Al\u00e9m disso, v\u00e1rias lideran\u00e7as pol\u00edticas pressionaram a Ag\u00eancia Nacional de Energia El\u00e9trica (<strong>Aneel<\/strong>) para que revisasse a concess\u00e3o da empresa, questionando a capacidade da Enel em atender \u00e0s demandas crescentes da metr\u00f3pole.<\/p>\n<h2>A opini\u00e3o dos moradores afetados<\/h2>\n<p>Entre os moradores afetados pelo apag\u00e3o, a sensa\u00e7\u00e3o predominante \u00e9 de indigna\u00e7\u00e3o e frustra\u00e7\u00e3o. Para muitos, essa n\u00e3o \u00e9 a primeira vez que enfrentam interrup\u00e7\u00f5es no fornecimento de energia, apontando para um padr\u00e3o de recorr\u00eancia que sugere uma gest\u00e3o inadequada por parte da Enel. Cidad\u00e3os reclamam da falta de clareza nas informa\u00e7\u00f5es e da lentid\u00e3o nas respostas \u00e0s reclama\u00e7\u00f5es feitas.<\/p>\n<p>As opini\u00f5es variam, mas, em resumo, muitos se sentem isolados e desprotegidos, levando \u00e0 convoca\u00e7\u00e3o de reuni\u00f5es comunit\u00e1rias e grupos de apoio. Algumas iniciativas at\u00e9 mesmo usaram as redes sociais para organizar protestos pac\u00edficos contra a precariedade do servi\u00e7o. As vozes da popula\u00e7\u00e3o se uniram em um clamor por melhorias n\u00e3o apenas nas infraestruturas, mas tamb\u00e9m na gest\u00e3o das companhias respons\u00e1veis.<\/p>\n<h2>Cr\u00edticas \u00e0 Enel e sua gest\u00e3o<\/h2>\n<p>A Enel, enfrentando um mar de cr\u00edticas, n\u00e3o poderia escapar do escrut\u00ednio sobre sua capacidade de manter um fornecimento de energia confi\u00e1vel. Os cr\u00edticos ressaltaram as promessas n\u00e3o cumpridas da empresa em rela\u00e7\u00e3o \u00e0 manuten\u00e7\u00e3o e investimento em infraestrutura. Quest\u00f5es de falta de equipamentos, como transformadores e cabos adequados, foram levantadas como fatores que influenciam diretamente a capacidade de resposta das equipes de campo.<\/p>\n<p>Al\u00e9m disso, a comunica\u00e7\u00e3o deficiente e pouco eficaz durante a crise gerou revolta. Moradores relatam que tentaram entrar em contato com a empresa, mas encontraram linhas congestionadas ou ineficientes. Esse fato n\u00e3o apenas frustrou as pessoas, mas tamb\u00e9m alimentou um sentimento de desconfian\u00e7a em rela\u00e7\u00e3o \u00e0 Enel. O que era para ser um servi\u00e7o p\u00fablico essencial se tornou um problema de relacionamento com os consumidores.<\/p>\n<h2>Implica\u00e7\u00f5es pol\u00edticas do apag\u00e3o<\/h2>\n<p>O apag\u00e3o na Grande S\u00e3o Paulo n\u00e3o s\u00f3 gerou discuss\u00f5es sobre energia el\u00e9trica, mas tamb\u00e9m trouxe \u00e0 tona debates pol\u00edticos sobre a gest\u00e3o p\u00fablica e a responsabilidade corporativa. Com os l\u00edderes pol\u00edticos clamando por mudan\u00e7as, a situa\u00e7\u00e3o se torna um ponto focal na pauta eleitoral. Eleitores passaram a questionar a performance da administra\u00e7\u00e3o local e estadual, al\u00e9m da capacidade de resolu\u00e7\u00e3o de crises por parte da Enel.<\/p>\n<p>Al\u00e9m disso, essa situa\u00e7\u00e3o poderia potencialmente abrir espa\u00e7o para novas pol\u00edticas energ\u00e9ticas, com propostas que visam aumentar a efici\u00eancia e a seguran\u00e7a do fornecimento de energia. O evento tamb\u00e9m levanta um questionamento sobre a rela\u00e7\u00e3o entre o setor privado e a regula\u00e7\u00e3o p\u00fablica, considerando que a seguran\u00e7a energ\u00e9tica \u00e9 uma quest\u00e3o que afeta todos os cidad\u00e3os.<\/p>\n<h2>O futuro da energia em S\u00e3o Paulo<\/h2>\n<p>O incidente recente serve como um alerta sobre a necessidade de uma reavalia\u00e7\u00e3o da infraestrutura de energia na Grande S\u00e3o Paulo. Especialistas sugerem que o governo deveria considerar novas diretrizes para garantir um fornecimento de energia mais resiliente e eficiente. Isso inclui a necessidade de uma maior prioriza\u00e7\u00e3o em investimentos em tecnologia renov\u00e1vel e melhorias na rede el\u00e9trica.<\/p>\n<p>Assim, a espera por um futuro com energia garantida torna-se um desafio. A implementa\u00e7\u00e3o de projetos sustent\u00e1veis e a utiliza\u00e7\u00e3o de fontes alternativas s\u00e3o discutidas como solu\u00e7\u00f5es vi\u00e1veis para garantir um fornecimento cont\u00ednuo e menos vulner\u00e1vel a eventos clim\u00e1ticos extremos. O desafio est\u00e1 lan\u00e7ado: \u00e9 hora de transforma\u00e7\u00f5es profundas e significativas na gest\u00e3o energ\u00e9tica da metr\u00f3pole, que visem garantir n\u00e3o apenas uma energia acess\u00edvel, mas tamb\u00e9m segura e sustent\u00e1vel para todos os seus habitantes.<\/p>\n\n<div style=\"font-size: 0px; height: 0px; line-height: 0px; margin: 0; padding: 0; clear: both;\"><\/div>","protected":false},"excerpt":{"rendered":"<p>Grande S\u00e3o Paulo enfrenta problemas com mais de 35 mil casas sem luz desde o apag\u00e3o.<\/p>\n","protected":false},"author":1,"featured_media":0,"comment_status":"open","ping_status":"closed","sticky":false,"template":"","format":"standard","meta":{"footnotes":""},"categories":[6],"tags":[],"class_list":["post-2223","post","type-post","status-publish","format-standard","hentry","category-noticias-no-bom-retiro"],"aioseo_notices":[],"_links":{"self":[{"href":"https:\/\/www.encontrabomretiro.com.br\/sobre\/wp-json\/wp\/v2\/posts\/2223","targetHints":{"allow":["GET"]}}],"collection":[{"href":"https:\/\/www.encontrabomretiro.com.br\/sobre\/wp-json\/wp\/v2\/posts"}],"about":[{"href":"https:\/\/www.encontrabomretiro.com.br\/sobre\/wp-json\/wp\/v2\/types\/post"}],"author":[{"embeddable":true,"href":"https:\/\/www.encontrabomretiro.com.br\/sobre\/wp-json\/wp\/v2\/users\/1"}],"replies":[{"embeddable":true,"href":"https:\/\/www.encontrabomretiro.com.br\/sobre\/wp-json\/wp\/v2\/comments?post=2223"}],"version-history":[{"count":0,"href":"https:\/\/www.encontrabomretiro.com.br\/sobre\/wp-json\/wp\/v2\/posts\/2223\/revisions"}],"wp:attachment":[{"href":"https:\/\/www.encontrabomretiro.com.br\/sobre\/wp-json\/wp\/v2\/media?parent=2223"}],"wp:term":[{"taxonomy":"category","embeddable":true,"href":"https:\/\/www.encontrabomretiro.com.br\/sobre\/wp-json\/wp\/v2\/categories?post=2223"},{"taxonomy":"post_tag","embeddable":true,"href":"https:\/\/www.encontrabomretiro.com.br\/sobre\/wp-json\/wp\/v2\/tags?post=2223"}],"curies":[{"name":"wp","href":"https:\/\/api.w.org\/{rel}","templated":true}]}}