{"id":2181,"date":"2025-12-08T07:53:00","date_gmt":"2025-12-08T09:53:00","guid":{"rendered":"https:\/\/www.encontrabomretiro.com.br\/sobre\/oasis-seu-jorge-e-festival-vegano-o-que-fazer-em-sp-no-fim-de-semana\/"},"modified":"2025-12-08T07:53:00","modified_gmt":"2025-12-08T09:53:00","slug":"oasis-seu-jorge-e-festival-vegano-o-que-fazer-em-sp-no-fim-de-semana","status":"publish","type":"post","link":"https:\/\/www.encontrabomretiro.com.br\/sobre\/oasis-seu-jorge-e-festival-vegano-o-que-fazer-em-sp-no-fim-de-semana\/","title":{"rendered":"Oasis, Seu Jorge e festival vegano: o que fazer em SP no fim de semana"},"content":{"rendered":"<div class=\"228b65ae207de3c5c501cfe75875708b\" data-index=\"1\" style=\"float: none; margin:0px;\">\n<!-- Anuncio display - global -->\r\n<ins class=\"adsbygoogle\"\r\n     style=\"display:block\"\r\n     data-ad-client=\"ca-pub-8585364105181520\"\r\n     data-ad-slot=\"8789329856\"\r\n     data-ad-format=\"auto\"\r\n     data-full-width-responsive=\"true\"><\/ins>\r\n<script>\r\n     (adsbygoogle = window.adsbygoogle || []).push({});\r\n<\/script>\n<\/div>\n<h2>Shows Imperd\u00edveis de Oasis e Seu Jorge<\/h2>\n<p>S\u00e3o Paulo, uma capital pulsante de cultura e diversidade, oferece uma variedade incompar\u00e1vel de eventos e experi\u00eancias que atraem visitantes de todos os cantos. Neste final de semana, dois shows de artistas ic\u00f4nicos v\u00e3o iluminar a cidade: a banda brit\u00e2nica <strong>Oasis<\/strong>, famosa por seus cl\u00e1ssicos atemporais, e o talentoso <strong>Seu Jorge<\/strong>, que traz sua mistura de MPB e influ\u00eancias contempor\u00e2neas.<\/p>\n<p>A banda Oasis, conhecida por suas m\u00fasicas cl\u00e1ssicas, como &#8220;Wonderwall&#8221; e &#8220;Don\u2019t Look Back in Anger&#8221;, vai se apresentar no <strong>Est\u00e1dio do Morumbi<\/strong>, dias 22 e 23 de novembro. Ap\u00f3s um hiato de 16 anos, o grupo retornou para uma turn\u00ea comemorativa, e os f\u00e3s est\u00e3o ansiosos para reviver a magia desses sucessos. As apresenta\u00e7\u00f5es prometem ser um espet\u00e1culo vibrante, repleto de energia e emo\u00e7\u00e3o.<\/p>\n<p>O show de <strong>Seu Jorge<\/strong> no <strong>Varanda Estaiada<\/strong> no dia 23 de novembro \u00e9 outra atra\u00e7\u00e3o imperd\u00edvel. Conhecido por sua capacidade de misturar ritmos e estilos, Seu Jorge traz uma proposta que resgata o clima dos ver\u00f5es cariocas, criando uma conex\u00e3o especial com o p\u00fablico. A apresenta\u00e7\u00e3o ir\u00e1 contar com convidados especiais e ainda apresenta um repert\u00f3rio que vai do samba ao rock, criando uma atmosfera animada e acolhedora.<\/p>\n<p><img decoding=\"async\" src=\"https:\/\/www.encontrabomretiro.com.br\/sobre\/wp-content\/uploads\/2025\/12\/oasis-seu-jorge-e-festival-vegano-o-que-fazer-em-sp-no-fim-de-semana.webp\" alt=\"o que fazer em SP\" loading=\"lazy\" \/><\/p>\n<p><strong>Ambos os eventos s\u00e3o oportunidades \u00fanicas para testemunhar performances de alt\u00edssima qualidade e vivenciar o cen\u00e1rio musical vibrante de S\u00e3o Paulo.<\/strong><\/p>\n<h2>Funk Experience: Celebra\u00e7\u00e3o da Cultura Urbana<\/h2>\n<p>No dia 23 de novembro, o <strong>Suhai Music Hall<\/strong> ser\u00e1 palco de um evento que promete celebrar a cultura urbana por meio da m\u00fasica: o <strong>Funk Experience<\/strong>. Este festival reunir\u00e1 grandes nomes do funk, como <strong>MC Livinho<\/strong> e <strong>MC Hariel<\/strong>, reconhecidos por suas letras aut\u00eanticas que retratam a vida nas comunidades e a realidade do dia a dia.<\/p>\n<p>MC Livinho, com hits marcantes como &#8220;Cheia de Marra&#8221; e &#8220;Fazer Falta&#8221;, atrai um p\u00fablico fiel e entusiasta. Sua capacidade de se conectar com a juventude e transmitir mensagens de empoderamento e supera\u00e7\u00e3o o tornam um dos artistas mais influentes da cena do funk. MC Hariel, por sua vez, \u00e9 conhecido por sua habilidade em contar hist\u00f3rias por meio de suas letras e sua musicalidade \u00fanica.<\/p>\n<p>Esse evento \u00e9 uma oportunidade n\u00e3o apenas para os f\u00e3s do g\u00eanero, mas tamb\u00e9m para quem deseja conhecer mais sobre a cultura do funk, suas origens e sua evolu\u00e7\u00e3o ao longo dos anos. Al\u00e9m de proporcionar energia e divers\u00e3o, o <strong>Funk Experience<\/strong> contribui para a valoriza\u00e7\u00e3o da cultura urbana, mostrando ao p\u00fablico a riqueza desse estilo musical.<\/p>\n<h2>Exposi\u00e7\u00e3o: A alma humana e o universo de Jung<\/h2>\n<p>No campo das artes, a exposi\u00e7\u00e3o &#8220;<strong>A alma humana, voc\u00ea e o universo de Jung<\/strong>&#8221; no <strong>Museu da Imagem e Som (MIS)<\/strong> \u00e9 uma atra\u00e7\u00e3o que se destaca na programa\u00e7\u00e3o cultural de S\u00e3o Paulo. Inaugurada em 20 de novembro e aberta ao p\u00fablico at\u00e9 abril, essa mostra apresenta um convite ao autoconhecimento por meio do universo simb\u00f3lico da psicologia anal\u00edtica de Carl Gustav Jung.<\/p>\n<p>A exposi\u00e7\u00e3o \u00e9 uma verdadeira viagem pela psique humana, composta por instala\u00e7\u00f5es interativas que provocam reflex\u00f5es e questionamentos sobre a identidade, as emo\u00e7\u00f5es e os sonhos. Com enfoque pedag\u00f3gico, sensorial e provocativo, o visitante \u00e9 incentivado a explorar sua pr\u00f3pria alma e a entender melhor as complexidades do ser humano.<\/p>\n<p>As obras expostas oferecem uma vis\u00e3o abrangente dos conceitos junguianos, como o inconsciente, os arqu\u00e9tipos e a individua\u00e7\u00e3o, possibilitando uma experi\u00eancia envolvente. Para aqueles que buscam n\u00e3o apenas entretenimento, mas tamb\u00e9m um desenvolvimento pessoal e cultural, essa exposi\u00e7\u00e3o \u00e9 imperd\u00edvel.<\/p>\n<h2>SP Food Film Fest: Cinema e Gastronomia<\/h2>\n<p>Outro destaque do final de semana \u00e9 o <strong>SP Food Film Fest<\/strong>, um festival que combina cinema e gastronomia em uma experi\u00eancia sensorial \u00fanica. At\u00e9 23 de novembro, o evento ser\u00e1 realizado em dois importantes espa\u00e7os culturais: o <strong>Centro Cultural S\u00e3o Paulo<\/strong> e o <strong>Reserva Cultural<\/strong>.<\/p>\n<p>O festival apresenta uma s\u00e9rie de filmes que exploram a rela\u00e7\u00e3o entre comida e cultura, acompanhados de degusta\u00e7\u00f5es de pratos t\u00edpicos. Ao longo das sess\u00f5es, os participantes ter\u00e3o a oportunidade de assistir a document\u00e1rios e fic\u00e7\u00f5es que discutem temas relevantes, como agricultura sustent\u00e1vel, a hist\u00f3ria da culin\u00e1ria e quest\u00f5es sociais relacionadas \u00e0 alimenta\u00e7\u00e3o. Essa combina\u00e7\u00e3o de cinema e gastronomia \u00e9 ideal para aqueles que desejam expandir seus horizontes culturais e gastron\u00f4micos.<\/p>\n<p>A atmosfera criada durante as exibi\u00e7\u00f5es une amantes da s\u00e9tima arte e da boa mesa, com a possibilidade de discutir e trocar ideias sobre os temas abordados nas produ\u00e7\u00f5es. A participa\u00e7\u00e3o no SP Food Film Fest \u00e9 uma forma divertida e inspiradora de celebrar a gastronomia enquanto desfruta de excelentes filmes.<\/p>\n<h2>Pamplona Sessions: Jazz e Vinhos<\/h2>\n<p>Para os amantes da m\u00fasica e do vinho, o <strong>Pamplona Sessions Wine &#038; Jazz<\/strong> no <strong>Jardim Pamplona Shopping<\/strong> \u00e9 um evento que promete encantar com uma programa\u00e7\u00e3o recheada de jazz e boa gastronomia. Nos dias 22 e 23 de novembro, o rooftop do shopping se transforma em um espa\u00e7o requintado, oferecendo uma vista deslumbrante da cidade, perfeita para saborear vinhos enquanto escuta performances ao vivo.<\/p>\n<p>A m\u00fasica jazz, com suas ra\u00edzes profundas e variadas, ser\u00e1 representada por artistas locais e renomados, que trar\u00e3o ao p\u00fablico uma diversidade de estilos, desde o jazz cl\u00e1ssico at\u00e9 suas influ\u00eancias contempor\u00e2neas. Os participantes poder\u00e3o desfrutar de um ambiente sofisticado e relaxante, ideal para uma noite agrad\u00e1vel em boa companhia.<\/p>\n<p>Al\u00e9m do jazz, o evento tamb\u00e9m apresenta uma sele\u00e7\u00e3o de vinhos cuidadosamente escolhidos, proporcionando uma experi\u00eancia gustativa completa. Essa combina\u00e7\u00e3o de m\u00fasica e gastronomia \u00e9 uma oportunidade para os frequentadores se conectarem com a arte e a cultura de maneira \u00fanica.<\/p>\n<h2>Festival Concerto na Quebrada: M\u00fasica e Arte<\/h2>\n<p>No <strong>Centro Cultural Penha<\/strong>, o <strong>Festival Concerto na Quebrada<\/strong> ser\u00e1 realizado no dia 22 de novembro, reunindo m\u00fasicos e artistas para uma celebra\u00e7\u00e3o da m\u00fasica e da arte. Com apresenta\u00e7\u00f5es de grandes nomes como <strong>Renato Gama<\/strong> e <strong>Carlos Casemiro<\/strong>, o festival promete trazer uma programa\u00e7\u00e3o diversa e cheia de boas surpresas.<\/p>\n<p>Renato Gama \u00e9 um artista multifacetado, reconhecido por seu trabalho como compositor, cantor e dramaturgo. Sua abordagem criativa ao combinar diferentes linguagens art\u00edsticas proporciona ao p\u00fablico uma viv\u00eancia integrada da cultura brasileira. Carlos Casemiro, com sua vasta experi\u00eancia musical, traz uma nova perspectiva com a mistura de estilos que encantam o p\u00fablico.<\/p>\n<p>Esse festival, al\u00e9m de promover a m\u00fasica, \u00e9 uma forma de valoriza\u00e7\u00e3o da cultura local e dos artistas que se dedicam \u00e0 arte. A entrada gratuita torna o evento acess\u00edvel, proporcionando uma experi\u00eancia rica e inclusiva para aqueles que buscam se conectar com a cena art\u00edstica da cidade.<\/p>\n<h2>Festa do Kimchi: Uma Viagem Cultural<\/h2>\n<p>A Festa do Kimchi, que ocorre em 22 de novembro no <strong>Bom Retiro<\/strong>, \u00e9 uma celebra\u00e7\u00e3o da cultura coreana, destacando o <strong>kimchi<\/strong>, um dos pratos mais emblem\u00e1ticos do pa\u00eds, reconhecido pela UNESCO como Patrim\u00f4nio Cultural Imaterial da Humanidade. O evento promete uma imers\u00e3o na culin\u00e1ria coreana, com workshops que ensinam as receitas tradicionais e varia\u00e7\u00f5es do kimchi.<\/p>\n<p>Os visitantes poder\u00e3o aprender mais sobre a hist\u00f3ria e a import\u00e2ncia do kimchi na cultura coreana, al\u00e9m de participar de demonstra\u00e7\u00f5es de Taekwondo, uma arte marcial tradicional. Apresenta\u00e7\u00f5es art\u00edsticas, como dan\u00e7as e m\u00fasica, tamb\u00e9m far\u00e3o parte da programa\u00e7\u00e3o, criando um ambiente festivo e educativo.<\/p>\n<p>A festa \u00e9 uma oportunidade valiosa para aprofundar o conhecimento sobre a cultura coreana, bem como para experimentar o famoso kimchi em suas diversas formas, promovendo o interc\u00e2mbio cultural e a intera\u00e7\u00e3o entre as tradi\u00e7\u00f5es brasileiras e coreanas.<\/p>\n<h2>Festival Vegano de Gastronomia: Sabores Sustent\u00e1veis<\/h2>\n<p>Para aqueles que buscam uma alimenta\u00e7\u00e3o sustent\u00e1vel e saud\u00e1vel, o <strong>Festival Vegano de Gastronomia<\/strong>, que acontece no dia 23 de novembro na <strong>Vila Mariana<\/strong>, \u00e9 uma excelente op\u00e7\u00e3o. Com mais de 40 marcas autorais veganas presentes, o festival oferece uma ampla gama de op\u00e7\u00f5es, desde pratos salgados, doces, at\u00e9 bebidas e cosm\u00e9ticos naturais.<\/p>\n<p>O festival promove a\u00e7\u00f5es que incentivam a consci\u00eancia ambiental e a sustentabilidade, com expositores que trabalham com ingredientes agroecol\u00f3gicos e embalagens ecol\u00f3gicas. Al\u00e9m das deliciosas op\u00e7\u00f5es gastron\u00f4micas, os visitantes ter\u00e3o a chance de se conectar com produtos que respeitam o meio ambiente e promovem a sa\u00fade.<\/p>\n<p>Participar do Festival Vegano \u00e9 n\u00e3o apenas uma oportunidade de saborear diversas iguarias, mas tamb\u00e9m um ato de apoio a um estilo de vida mais consciente e \u00e9tico. Os interessados em adotar h\u00e1bitos mais saud\u00e1veis e sustent\u00e1veis encontrar\u00e3o nesse evento uma refei\u00e7\u00e3o rica em diversidade e responsabilidade.<\/p>\n<h2>Eventos Gratuitos em S\u00e3o Paulo<\/h2>\n<p>S\u00e3o Paulo \u00e9 uma cidade que oferece uma vasta gama de eventos gratuitos, permitindo que todos possam desfrutar da cultura e do entretenimento sem custos. Al\u00e9m dos j\u00e1 mencionados, outros eventos e atividades culturais ocorrem todos os finais de semana, como exposi\u00e7\u00f5es em museus, pe\u00e7as de teatro ao ar livre e concertos em parques.<\/p>\n<p>A programa\u00e7\u00e3o cultural da cidade frequentemente inclui eventos ao ar livre, como feiras de artesanato e festivais gastron\u00f4micos, onde todos podem vivenciar a rica diversidade cultural da capital. Museus como o <strong>Museu de Arte de S\u00e3o Paulo (MASP)<\/strong> e o <strong>Museu da Imagem e do Som (MIS)<\/strong> muitas vezes oferecem entrada gratuita em determinados dias, permitindo que mais pessoas tenham acesso a obras de arte ic\u00f4nicas e exposi\u00e7\u00f5es inovadoras.<\/p>\n<p>Essas op\u00e7\u00f5es n\u00e3o apenas enriquecem a experi\u00eancia dos habitantes locais, mas tamb\u00e9m atraem turistas que buscam se conectar com a ess\u00eancia cultural da metr\u00f3pole. S\u00e3o Paulo se destaca por essa generosidade cultural, fazendo com que a arte e o entretenimento sejam acess\u00edveis a todos.<\/p>\n<h2>Como Aproveitar o Fim de Semana em SP<\/h2>\n<p>Aproveitar um fim de semana em S\u00e3o Paulo pode ser uma experi\u00eancia incr\u00edvel, cheia de possibilidades. Para aqueles que desejam explorar a cidade, \u00e9 recomend\u00e1vel planejar com anteced\u00eancia e escolher as atra\u00e7\u00f5es que mais lhe interessam, equilibrando atividades em ambientes fechados e ao ar livre.<\/p>\n<p>Comece o dia com um passeio pelo centro hist\u00f3rico, visitando pontos tur\u00edsticas como a <strong>Pra\u00e7a da S\u00e9<\/strong> e a <strong>Teatro Municipal<\/strong>. Em seguida, aproveite para almo\u00e7ar em um dos diversos restaurantes que oferecem culin\u00e1rias de diferentes partes do mundo, refletindo a diversidade cultural de S\u00e3o Paulo.<\/p>\n<p>Ap\u00f3s o almo\u00e7o, explore algumas das exposi\u00e7\u00f5es tempor\u00e1rias em museus ou participe de eventos ao ar livre que estejam ocorrendo na cidade. Com um calend\u00e1rio repleto de shows, festivais e eventos culturais, \u00e9 f\u00e1cil encontrar algo que atraia seu interesse. finalizando o dia com um jantar em um dos bares ou restaurantes na <strong>Avenida Paulista<\/strong>, aproveitando a vista noturna da cidade.<\/p>\n<p>Com um pouco de planejamento e disposi\u00e7\u00e3o para explorar, o fim de semana em S\u00e3o Paulo pode ser repleto de experi\u00eancias memor\u00e1veis, contribuindo para uma viv\u00eancia rica e diversificada da cultura paulistana.<\/p>\n\n<div style=\"font-size: 0px; height: 0px; line-height: 0px; margin: 0; padding: 0; clear: both;\"><\/div>","protected":false},"excerpt":{"rendered":"<p>Descubra o que fazer em SP com shows e festivais veganos incr\u00edveis!<\/p>\n","protected":false},"author":1,"featured_media":2180,"comment_status":"open","ping_status":"closed","sticky":false,"template":"","format":"standard","meta":{"footnotes":""},"categories":[6],"tags":[],"class_list":["post-2181","post","type-post","status-publish","format-standard","has-post-thumbnail","hentry","category-noticias-no-bom-retiro","has_thumb"],"aioseo_notices":[],"_links":{"self":[{"href":"https:\/\/www.encontrabomretiro.com.br\/sobre\/wp-json\/wp\/v2\/posts\/2181","targetHints":{"allow":["GET"]}}],"collection":[{"href":"https:\/\/www.encontrabomretiro.com.br\/sobre\/wp-json\/wp\/v2\/posts"}],"about":[{"href":"https:\/\/www.encontrabomretiro.com.br\/sobre\/wp-json\/wp\/v2\/types\/post"}],"author":[{"embeddable":true,"href":"https:\/\/www.encontrabomretiro.com.br\/sobre\/wp-json\/wp\/v2\/users\/1"}],"replies":[{"embeddable":true,"href":"https:\/\/www.encontrabomretiro.com.br\/sobre\/wp-json\/wp\/v2\/comments?post=2181"}],"version-history":[{"count":0,"href":"https:\/\/www.encontrabomretiro.com.br\/sobre\/wp-json\/wp\/v2\/posts\/2181\/revisions"}],"wp:featuredmedia":[{"embeddable":true,"href":"https:\/\/www.encontrabomretiro.com.br\/sobre\/wp-json\/wp\/v2\/media\/2180"}],"wp:attachment":[{"href":"https:\/\/www.encontrabomretiro.com.br\/sobre\/wp-json\/wp\/v2\/media?parent=2181"}],"wp:term":[{"taxonomy":"category","embeddable":true,"href":"https:\/\/www.encontrabomretiro.com.br\/sobre\/wp-json\/wp\/v2\/categories?post=2181"},{"taxonomy":"post_tag","embeddable":true,"href":"https:\/\/www.encontrabomretiro.com.br\/sobre\/wp-json\/wp\/v2\/tags?post=2181"}],"curies":[{"name":"wp","href":"https:\/\/api.w.org\/{rel}","templated":true}]}}