{"id":2174,"date":"2025-12-07T11:49:00","date_gmt":"2025-12-07T13:49:00","guid":{"rendered":"https:\/\/www.encontrabomretiro.com.br\/sobre\/?p=2174"},"modified":"2025-12-07T11:49:00","modified_gmt":"2025-12-07T13:49:00","slug":"liga","status":"publish","type":"post","link":"https:\/\/www.encontrabomretiro.com.br\/sobre\/liga\/","title":{"rendered":"Liga"},"content":{"rendered":"<div class=\"228b65ae207de3c5c501cfe75875708b\" data-index=\"1\" style=\"float: none; margin:0px;\">\n<!-- Anuncio display - global -->\r\n<ins class=\"adsbygoogle\"\r\n     style=\"display:block\"\r\n     data-ad-client=\"ca-pub-8585364105181520\"\r\n     data-ad-slot=\"8789329856\"\r\n     data-ad-format=\"auto\"\r\n     data-full-width-responsive=\"true\"><\/ins>\r\n<script>\r\n     (adsbygoogle = window.adsbygoogle || []).push({});\r\n<\/script>\n<\/div>\n<h2>A Grande Festa do Lan\u00e7amento<\/h2>\n<p>O <strong>Carnaval de S\u00e3o Paulo<\/strong> \u00e9 uma das maiores e mais emblem\u00e1ticas comemora\u00e7\u00f5es do Brasil, atraindo milh\u00f5es de pessoas todos os anos. A Festa de Lan\u00e7amento dos Sambas-Enredo marca o in\u00edcio das festividades e tem um papel significativo tanto para os integrantes das escolas de samba quanto para os admiradores do evento. Neste ano, a festa ocorrer\u00e1 na <strong>F\u00e1brica do Samba<\/strong>, localizada no tradicional <strong>Bom Retiro<\/strong>, no dia <strong>6 de dezembro de 2025<\/strong>. O evento come\u00e7ar\u00e1 \u00e0s 14h, levando todos a uma verdadeira imers\u00e3o na cultura do samba, da alegria e da uni\u00e3o.<\/p>\n<p>Durante a festa, as 32 escolas de samba filiadas \u00e0 <strong>Liga-SP<\/strong> apresentar\u00e3o seus sambas-enredo, que s\u00e3o composi\u00e7\u00f5es que contam hist\u00f3rias e temas que ser\u00e3o desenvolvidos durante o desfile no Samb\u00f3dromo do Anhembi. O p\u00fablico tamb\u00e9m poder\u00e1 desfrutar de um espet\u00e1culo musical com o renomado artista <strong>Xande de Pilares<\/strong>, prometendo uma noite cheia de vibra\u00e7\u00f5es positivas.<\/p>\n<p>Essas apresenta\u00e7\u00f5es t\u00eam grande import\u00e2ncia, pois refletem a diversidade cultural da cidade de S\u00e3o Paulo e a paix\u00e3o do povo pela m\u00fasica e dan\u00e7a. Al\u00e9m de ser um momento para os apaixonados pelo samba, a festa tamb\u00e9m fomenta a intera\u00e7\u00e3o entre as comunidades que representam cada escola, envolvendo milhares de pessoas que se dedicam ao Carnaval.<\/p>\n<h2>Show de Xande de Pilares<\/h2>\n<p>O show de <strong>Xande de Pilares<\/strong>, marcado para \u00e0s 21h, \u00e9 um dos pontos altos da Festa de Lan\u00e7amento dos Sambas-Enredo. Conhecido por sua voz marcante e por sua trajet\u00f3ria no samba, Xande promete oferecer aos presentes um espet\u00e1culo inesquec\u00edvel, cheio de energia e emo\u00e7\u00e3o.<\/p>\n<p>O artista, que \u00e9 ex-vocalista do <strong>Revela\u00e7\u00e3o<\/strong>, um dos grupos de samba mais tradicionais do Brasil, traz consigo uma bagagem musical rica que encanta f\u00e3s por onde passa. Durante seu show, os espectadores poder\u00e3o cantar junto com seus sucessos e se deixar levar pelo ritmo contagiante do samba. Essa performance, al\u00e9m de promover a cultura, \u00e9 um exemplo do poder do samba em unir pessoas de diversas origens em um mesmo espa\u00e7o, celebrando a magia do Carnaval.<\/p>\n<h2>Localiza\u00e7\u00e3o: F\u00e1brica do Samba<\/h2>\n<p>A <strong>F\u00e1brica do Samba<\/strong> \u00e9 um espa\u00e7o ic\u00f4nico para os amantes do Carnaval em S\u00e3o Paulo. Situada na <strong>Avenida Dr. Abra\u00e3o Ribeiro, 505<\/strong>, no Bom Retiro, a F\u00e1brica \u00e9 o cora\u00e7\u00e3o da produ\u00e7\u00e3o dos desfiles, onde as escolas de samba confeccionam suas fantasias e alegorias deslumbrantes. <\/p>\n<p>Este local n\u00e3o apenas abriga eventos importantes, como a Festa de Lan\u00e7amento, mas tamb\u00e9m serve como um centro cultural, onde os cidad\u00e3os podem se envolver diretamente no processo criativo do Carnaval. Este ambiente de trabalho se transforma em um fascinante espa\u00e7o de lazer e celebra\u00e7\u00e3o, especialmente durante o per\u00edodo que antecede as festividades.<\/p>\n<p>O acesso ao local \u00e9 facilitado por transporte p\u00fablico, e a seguran\u00e7a do evento ser\u00e1 uma prioridade, garantindo que todos possam aproveitar a festa com tranquilidade e conforto. Al\u00e9m disso, a F\u00e1brica do Samba \u00e9 um espa\u00e7o que merece ser visitado ao longo do ano, oferecendo atividades variadas que destacam a rica tradi\u00e7\u00e3o do samba e da cultura paulista.<\/p>\n<h2>Participa\u00e7\u00e3o das Escolas de Samba<\/h2>\n<p>As escolas de samba s\u00e3o a alma do Carnaval. Neste ano, 32 delas participar\u00e3o da Festa de Lan\u00e7amento, representando grupos do Especial, de Acesso I e Acesso II. Cada escola trar\u00e1 seu samba-enredo, que foi cuidadosamente preparado e ensaiado ao longo do ano, refletindo temas que v\u00e3o desde hist\u00f3rias hist\u00f3ricas a narrativas do cotidiano da comunidade.<\/p>\n<p>As apresenta\u00e7\u00f5es ocorrer\u00e3o em uma ordem espec\u00edfica, que ser\u00e1 a mesma que no desfile no Samb\u00f3dromo. Isso cria uma expectativa entre os integrantes e antecipa\u00e7\u00e3o para o p\u00fablico, que j\u00e1 anseia pelas grandes performances e desfiles que ocorrer\u00e3o em fevereiro de 2026. Participar desse evento \u00e9 uma oportunidade \u00fanica para os f\u00e3s e simpatizantes do samba de conhecerem em primeira m\u00e3o os enredos propostos para o pr\u00f3ximo carnaval.<\/p>\n<h2>Solidariedade: O que Levar<\/h2>\n<p>Um aspecto importante da Festa de Lan\u00e7amento dos Sambas-Enredo \u00e9 a campanha de solidariedade. Para participar do evento, cada visitante deve levar 1 kg de alimento n\u00e3o perec\u00edvel (exceto sal e fub\u00e1), que ser\u00e1 doado a institui\u00e7\u00f5es que trabalham com vulnerabilidade social. Essa a\u00e7\u00e3o reflete o compromisso das escolas de samba com a responsabilidade social e a import\u00e2ncia do aux\u00edlio \u00e0s comunidades em situa\u00e7\u00e3o de necessidade.<\/p>\n<p>Al\u00e9m de proporcionar entretenimento e cultura, o Carnaval, por meio de eventos como este, tamb\u00e9m promove a solidariedade e mostra que, em meio \u00e0 festa, a preocupa\u00e7\u00e3o com o pr\u00f3ximo \u00e9 fundamental. Ao contribuir com essa campanha, os visitantes se tornam parte de uma corrente do bem, que ajuda a alimentar aqueles que mais precisam.<\/p>\n<h2>Programa\u00e7\u00e3o do Evento<\/h2>\n<p>A programa\u00e7\u00e3o do evento \u00e9 rica e diversificada, come\u00e7ando com a abertura dos port\u00f5es \u00e0s 14h, seguido do desfile de escolas de samba. Cada apresenta\u00e7\u00e3o ter\u00e1 seu tempo designado, o que garante uma experi\u00eancia fluida e animada. As primeiras escolas come\u00e7ar\u00e3o a se apresentar a partir das 15h, e a sequ\u00eancia das apresenta\u00e7\u00f5es ser\u00e1 a mesma em que os desfiles ocorrer\u00e3o no Samb\u00f3dromo do Anhembi.<\/p>\n<p>A expectativa \u00e9 que a festa atinja o cl\u00edmax com o show de Xande de Pilares, atraindo um grande p\u00fablico, que certamente lotar\u00e1 a F\u00e1brica do Samba. Ap\u00f3s o show, a divers\u00e3o dar\u00e1 continuidade com interven\u00e7\u00f5es musicais, dan\u00e7as e outras atra\u00e7\u00f5es que prometem estender a celebra\u00e7\u00e3o at\u00e9 altas horas da noite.<\/p>\n<h2>Expectativas para o Carnaval 2026<\/h2>\n<p>As expectativas para o Carnaval de 2026 s\u00e3o alt\u00edssimas. A festa de lan\u00e7amento dos sambas-enredo \u00e9 apenas o come\u00e7o de uma s\u00e9rie de acontecimentos que culminar\u00e3o nos desfiles grandiosos no Samb\u00f3dromo. Este ano, h\u00e1 um interesse especial na intera\u00e7\u00e3o entre as escolas e o p\u00fablico, com um foco em proporcionar uma experi\u00eancia mais imersiva e conectada.<\/p>\n<p>Os enredos prometem ser inovadores, refletindo a diversidade e a multiculturalidade de S\u00e3o Paulo. Os temas abordados nas can\u00e7\u00f5es variam de celebra\u00e7\u00f5es da cultura afro-brasileira a quest\u00f5es contempor\u00e2neas como meio ambiente, igualdade e a valoriza\u00e7\u00e3o da hist\u00f3ria local. Essa combina\u00e7\u00e3o de tradi\u00e7\u00e3o e inova\u00e7\u00e3o \u00e9 o que torna o Carnaval paulista um dos mais emocionantes do pa\u00eds.<\/p>\n<h2>Como Funciona o Desfile<\/h2>\n<p>O desfile das escolas de samba \u00e9 um espet\u00e1culo fascinante que envolve meses de prepara\u00e7\u00e3o. Cada escola \u00e9 respons\u00e1vel por desenvolver sua apresenta\u00e7\u00e3o, que inclui sambas-enredo, fantasias, carros aleg\u00f3ricos e coreografias. Os desfiles ocorrem em um formato competitivo; o objetivo \u00e9 conquistar o t\u00edtulo de campe\u00e3, que traz prest\u00edgio e reconhecimento.<\/p>\n<p>Cada escola tem um enredo que ser\u00e1 narrado atrav\u00e9s de suas m\u00fasicas e apresenta\u00e7\u00f5es. Os jurados avaliam aspectos como a evolu\u00e7\u00e3o, a harmonia, a bateria, o casal de mestre-sala e porta-bandeira, al\u00e9m das fantasias e alegorias. O resultado \u00e9 anunciado ap\u00f3s os desfiles, criando uma expectativa emocionante entre os participantes e o p\u00fablico.<\/p>\n<h2>Import\u00e2ncia da Cultura Sambeira<\/h2>\n<p>A cultura samba \u00e9 um patrim\u00f4nio cultural do Brasil e, mais especificamente, de S\u00e3o Paulo. Ela reflete a hist\u00f3ria, as viv\u00eancias e as tradi\u00e7\u00f5es das comunidades. O Carnaval \u00e9 uma vitrine para isso, permitindo que as vozes diversas sejam ouvidas e celebradas. Al\u00e9m de ser uma festa popular, o samba \u00e9 uma forma de express\u00e3o art\u00edstica que promove a inclus\u00e3o social, o respeito \u00e0 diversidade e a valoriza\u00e7\u00e3o da identidade cultural.<\/p>\n<p>O Carnaval de S\u00e3o Paulo, em particular, se destaca pela sua capacidade de unir diferentes grupos em uma celebra\u00e7\u00e3o de alegria e celebra\u00e7\u00e3o. Ao valorizar a cultura do samba, promovem-se di\u00e1logos e reflex\u00f5es sobre o papel da arte na sociedade e sua influ\u00eancia em aspectos sociais, pol\u00edticos e econ\u00f4micos no Brasil.<\/p>\n<h2>Dicas para Aproveitar o Evento<\/h2>\n<p>Para que os visitantes possam tirar o m\u00e1ximo proveito da Festa de Lan\u00e7amento dos Sambas-Enredo, aqui v\u00e3o algumas dicas:<\/p>\n<ul>\n<li><strong>Chegue cedo:<\/strong> Para garantir um bom lugar e aproveitar todas as atra\u00e7\u00f5es, chegue logo no in\u00edcio da programa\u00e7\u00e3o.<\/li>\n<li><strong>Use roupas confort\u00e1veis:<\/strong> Prepare-se para dan\u00e7ar e se mover. Trajes leves e sapatos confort\u00e1veis s\u00e3o essenciais.<\/li>\n<li><strong>Incentive a intera\u00e7\u00e3o:<\/strong> Participe e cante as m\u00fasicas junto com os integrantes das escolas de samba.<\/li>\n<li><strong>Leve seus amigos:<\/strong> Isso torna a experi\u00eancia ainda mais divertida e memor\u00e1vel.<\/li>\n<li><strong>Fique atento \u00e0 programa\u00e7\u00e3o:<\/strong> Acompanhe o cronograma das apresenta\u00e7\u00f5es para n\u00e3o perder nenhuma escola ou atra\u00e7\u00e3o.<\/li>\n<li><strong>Contribua com a campanha de alimentos:<\/strong> Leve seu 1 kg de alimento e fa\u00e7a a diferen\u00e7a na vida de quem precisa.<\/li>\n<\/ul>\n<p>Aproveitar a Festa de Lan\u00e7amento dos Sambas-Enredo \u00e9, sem d\u00favida, uma forma excelente de iniciar a celebra\u00e7\u00e3o do Carnaval e vivenciar a cultura samba de maneira intensa.<\/p>\n\n<div style=\"font-size: 0px; height: 0px; line-height: 0px; margin: 0; padding: 0; clear: both;\"><\/div>","protected":false},"excerpt":{"rendered":"<p>Liga-SP apresenta sambas-enredo com desfile e show de Xande de Pilares.<\/p>\n","protected":false},"author":1,"featured_media":0,"comment_status":"open","ping_status":"closed","sticky":false,"template":"","format":"standard","meta":{"footnotes":""},"categories":[4],"tags":[],"class_list":["post-2174","post","type-post","status-publish","format-standard","hentry","category-empregos-no-bom-retiro"],"aioseo_notices":[],"_links":{"self":[{"href":"https:\/\/www.encontrabomretiro.com.br\/sobre\/wp-json\/wp\/v2\/posts\/2174","targetHints":{"allow":["GET"]}}],"collection":[{"href":"https:\/\/www.encontrabomretiro.com.br\/sobre\/wp-json\/wp\/v2\/posts"}],"about":[{"href":"https:\/\/www.encontrabomretiro.com.br\/sobre\/wp-json\/wp\/v2\/types\/post"}],"author":[{"embeddable":true,"href":"https:\/\/www.encontrabomretiro.com.br\/sobre\/wp-json\/wp\/v2\/users\/1"}],"replies":[{"embeddable":true,"href":"https:\/\/www.encontrabomretiro.com.br\/sobre\/wp-json\/wp\/v2\/comments?post=2174"}],"version-history":[{"count":0,"href":"https:\/\/www.encontrabomretiro.com.br\/sobre\/wp-json\/wp\/v2\/posts\/2174\/revisions"}],"wp:attachment":[{"href":"https:\/\/www.encontrabomretiro.com.br\/sobre\/wp-json\/wp\/v2\/media?parent=2174"}],"wp:term":[{"taxonomy":"category","embeddable":true,"href":"https:\/\/www.encontrabomretiro.com.br\/sobre\/wp-json\/wp\/v2\/categories?post=2174"},{"taxonomy":"post_tag","embeddable":true,"href":"https:\/\/www.encontrabomretiro.com.br\/sobre\/wp-json\/wp\/v2\/tags?post=2174"}],"curies":[{"name":"wp","href":"https:\/\/api.w.org\/{rel}","templated":true}]}}