{"id":2169,"date":"2025-12-05T09:25:00","date_gmt":"2025-12-05T11:25:00","guid":{"rendered":"https:\/\/www.encontrabomretiro.com.br\/sobre\/pinacoteca-revisita-os-seus-120-anos-em-livro-que-reune-acervo-e-analises\/"},"modified":"2025-12-05T09:25:00","modified_gmt":"2025-12-05T11:25:00","slug":"pinacoteca-revisita-os-seus-120-anos-em-livro-que-reune-acervo-e-analises","status":"publish","type":"post","link":"https:\/\/www.encontrabomretiro.com.br\/sobre\/pinacoteca-revisita-os-seus-120-anos-em-livro-que-reune-acervo-e-analises\/","title":{"rendered":"Pinacoteca revisita os seus 120 anos em livro que re\u00fane acervo e an\u00e1lises"},"content":{"rendered":"<div class=\"228b65ae207de3c5c501cfe75875708b\" data-index=\"1\" style=\"float: none; margin:0px;\">\n<!-- Anuncio display - global -->\r\n<ins class=\"adsbygoogle\"\r\n     style=\"display:block\"\r\n     data-ad-client=\"ca-pub-8585364105181520\"\r\n     data-ad-slot=\"8789329856\"\r\n     data-ad-format=\"auto\"\r\n     data-full-width-responsive=\"true\"><\/ins>\r\n<script>\r\n     (adsbygoogle = window.adsbygoogle || []).push({});\r\n<\/script>\n<\/div>\n<h2>O Legado Cultural da Pinacoteca de S\u00e3o Paulo<\/h2>\n<p>A Pinacoteca de S\u00e3o Paulo, conhecida por sua rica cole\u00e7\u00e3o de obras de arte, n\u00e3o \u00e9 apenas um dos museus mais importantes do Brasil, mas tamb\u00e9m um verdadeiro \u00edcone do legado cultural do pa\u00eds. Inaugurada em 1905, a Pinacoteca carrega consigo mais de um s\u00e9culo de hist\u00f3ria, que reflete as transforma\u00e7\u00f5es art\u00edsticas e sociais do Brasil. Sua cole\u00e7\u00e3o \u00e9 um testemunho da evolu\u00e7\u00e3o da arte nacional, com obras que v\u00e3o desde o per\u00edodo colonial at\u00e9 a produ\u00e7\u00e3o contempor\u00e2nea.<\/p>\n<p>O acervo da Pinacoteca \u00e9 vasto e diversificado, abrigando mais de 10 mil obras de artistas brasileiros e internacionais. Isso torna o espa\u00e7o um ponto de encontro n\u00e3o s\u00f3 para os amantes da arte, mas tamb\u00e9m para estudantes, pesquisadores e o p\u00fablico em geral que busca compreender a trajet\u00f3ria da arte em um contexto mais amplo. As exposi\u00e7\u00f5es realizadas na Pinacoteca frequentemente ressaltam a import\u00e2ncia da arte na constru\u00e7\u00e3o da identidade brasileira, enfatizando a diversidade cultural e a riqueza est\u00e9tica do pa\u00eds.<\/p>\n<p>Al\u00e9m das obras de renomados artistas como Tarsila do Amaral, Almeida J\u00fanior e Portinari, a Pinacoteca tamb\u00e9m tem se dedicado a dar visibilidade a novos talentos e a produzir exposi\u00e7\u00f5es que discutem quest\u00f5es contempor\u00e2neas. Este compromisso com a diversidade e a inclus\u00e3o \u00e9 fundamental para seu papel como  um espa\u00e7o educativo e cultural. Assim, a Pinacoteca se posiciona como um organismo vivo que se adapta \u00e0s demandas sociais e culturais, celebrando a arte em todas as suas formas.<\/p>\n<p><img decoding=\"async\" src=\"https:\/\/www.encontrabomretiro.com.br\/sobre\/wp-content\/uploads\/2025\/12\/pinacoteca-revisita-os-seus-120-anos-em-livro-que-reune-acervo-e-analises.webp\" alt=\"Pinacoteca de S\u00e3o Paulo\" loading=\"lazy\" \/><\/p>\n<p><strong>O Papel Educativo da Pinacoteca<\/strong><\/p>\n<p>A Pinacoteca de S\u00e3o Paulo tamb\u00e9m \u00e9 reconhecida por seu forte compromisso com a educa\u00e7\u00e3o. O museu desenvolve uma s\u00e9rie de atividades educativas que buscam democratizar o acesso \u00e0 arte, oferecendo visitas guiadas, oficinas e palestras que incentivam a intera\u00e7\u00e3o do p\u00fablico com o acervo. Atrav\u00e9s de sua proposta pedag\u00f3gica, a Pinacoteca busca n\u00e3o apenas formar novos apreciadores da arte, mas tamb\u00e9m estimular o pensamento cr\u00edtico e a reflex\u00e3o sobre quest\u00f5es sociais que permeiam a produ\u00e7\u00e3o art\u00edstica.<\/p>\n<p>O p\u00fablico jovem, em especial, \u00e9 incentivado a explorar e compreender a arte de maneira cr\u00edtica. Programas voltados para escolas e universidades s\u00e3o frequentes, permitindo que os estudantes vivenciem a arte e a cultura de forma imersiva. Essa abordagem n\u00e3o s\u00f3 promove a forma\u00e7\u00e3o de novos apreciadores da arte, mas tamb\u00e9m fomenta um ambiente de discuss\u00e3o sobre a atualidade, tradi\u00e7\u00e3o e inova\u00e7\u00e3o na arte.<\/p>\n<h2>Arte e Hist\u00f3ria: Uma Rela\u00e7\u00e3o Intr\u00ednseca<\/h2>\n<p>A rela\u00e7\u00e3o entre arte e hist\u00f3ria \u00e9 um dos principais focos de estudo da Pinacoteca. O museu \u00e9 um espa\u00e7o onde a hist\u00f3ria da arte brasileira \u00e9 contada atrav\u00e9s de suas cole\u00e7\u00f5es e exposi\u00e7\u00f5es. Desde suas ra\u00edzes no movimento modernista at\u00e9 as mais recentes tend\u00eancias contempor\u00e2neas, a Pinacoteca apresenta um panorama que reflete a din\u00e2mica cultural do Brasil ao longo das d\u00e9cadas. Cada obra conta uma hist\u00f3ria, n\u00e3o apenas sobre o artista, mas tamb\u00e9m sobre o contexto social, pol\u00edtico e econ\u00f4mico de sua \u00e9poca.<\/p>\n<p>Por exemplo, a obra &#8220;Caipira Picando Fumo&#8221;, de Almeida J\u00fanior, \u00e9 um dos marcos do realismo na pintura brasileira, ao retratar com sensibilidade a vida rural paulista. A pe\u00e7a n\u00e3o s\u00f3 \u00e9 uma representa\u00e7\u00e3o da est\u00e9tica da \u00e9poca, mas tamb\u00e9m um retrato sociocultural que revela os desafios e as belezas da vida no campo. Essa express\u00e3o de \u00e2nimo e realidade \u00e9 o que torna a arte especialmente poderosa e relevante na narrativa hist\u00f3rica do pa\u00eds.<\/p>\n<p>Al\u00e9m disso, a Pinacoteca realiza exposi\u00e7\u00f5es tem\u00e1ticas que dialogam com a hist\u00f3ria brasileira, discutindo temas como identidade, mem\u00f3ria e resist\u00eancia. Atrav\u00e9s desses di\u00e1logos, o museu convida o p\u00fablico a refletir sobre quest\u00f5es contempor\u00e2neas que possuem ra\u00edzes no passado, construindo uma ponte entre as tradi\u00e7\u00f5es e os desafios do presente.<\/p>\n<p><strong>A Relev\u00e2ncia Pol\u00edtica e Social da Arte<\/strong><\/p>\n<p>Outro aspecto relevante da rela\u00e7\u00e3o entre arte e hist\u00f3ria na Pinacoteca \u00e9 a sua fun\u00e7\u00e3o como um espa\u00e7o de resist\u00eancia e cr\u00edtica social. A arte frequentemente serve como uma ferramenta de protesta e reflex\u00e3o sobre quest\u00f5es pol\u00edticas e sociais. Durante diferentes per\u00edodos da hist\u00f3ria do Brasil, artistas usaram suas obras para expressar indigna\u00e7\u00e3o e vis\u00f5es cr\u00edticas sobre pr\u00e1ticas sociais injustas.<\/p>\n<p>Atualmente, a Pinacoteca continua a ser um espa\u00e7o de di\u00e1logo sobre temas como desigualdade social, racismo, e direitos humanos, utilizando a arte como um meio de provocar discuss\u00f5es importantes. As exposi\u00e7\u00f5es contempor\u00e2neas frequentemente apresentam obras que questionam o status quo e incentivam a participa\u00e7\u00e3o ativa do p\u00fablico em reflex\u00f5es sobre o mundo ao nosso redor. A arte, neste sentido, se torna um catalisador de mudan\u00e7a e um meio de empoderamento.<\/p>\n<h2>Lan\u00e7amento do Livro: Detalhes do Evento<\/h2>\n<p>Em comemora\u00e7\u00e3o aos seus 120 anos, a Pinacoteca de S\u00e3o Paulo lan\u00e7ou o livro &#8220;Pinacoteca de S\u00e3o Paulo: 120 Anos&#8221;, uma publica\u00e7\u00e3o que revisita sua rica trajet\u00f3ria e destaca a import\u00e2ncia hist\u00f3rica e cultural do museu. O livro \u00e9 uma colagem de vozes e perspectivas, contendo ensaios de diversos autores, incluindo Djamila Ribeiro, Clarissa Ximenes e muitos outros que trazem reflex\u00f5es sobre o acervo, a arquitetura do museu e sua programa\u00e7\u00e3o educativa. Este livro n\u00e3o serve apenas como um registro comemorativo, mas como uma reflex\u00e3o cr\u00edtica sobre o papel da Pinacoteca na sociedade contempor\u00e2nea e sua capacidade de acolhimento e transforma\u00e7\u00e3o.<\/p>\n<p>O lan\u00e7amento do livro aconteceu no audit\u00f3rio da Pina Luz, um espa\u00e7o que simboliza a moderniza\u00e7\u00e3o e a amplia\u00e7\u00e3o do museu. Durante o evento, houve uma conversa aberta entre os organizadores Jochen Volz e Ana Maria Maia, que discutiram a import\u00e2ncia do livro e do museu na forma\u00e7\u00e3o da cultura brasileira. Os visitantes puderam dialogar sobre a relev\u00e2ncia do patrim\u00f4nio cultural e as maneiras em que a Pinacoteca se adapta \u00e0s novas realidades do cen\u00e1rio art\u00edstico atual.<\/p>\n<p>Mais do que uma celebra\u00e7\u00e3o do passado, o evento trouxe \u00e0 tona a reflex\u00e3o sobre o futuro e os desafios que o museu enfrentar\u00e1 nos pr\u00f3ximos anos. A Pinacoteca se reafirma como um espa\u00e7o aberto a novas experi\u00eancias, vozes e narrativas, consolidando sua posi\u00e7\u00e3o como um dos principais centros de arte do Brasil.<\/p>\n<h2>Obras que Marcaram Eras na Pinacoteca<\/h2>\n<p>Um dos aspectos mais fascinantes da Pinacoteca de S\u00e3o Paulo \u00e9 seu acervo diversificado, que conta com v\u00e1rias obras que marcaram eras na arte brasileira. Entre os destaques est\u00e3o obras ic\u00f4nicas que falam n\u00e3o apenas da t\u00e9cnica e estilo dos seus criadores, mas tamb\u00e9m das correntes art\u00edsticas que dominavam o cen\u00e1rio brasileiro nas diferentes \u00e9pocas em que foram produzidas.<\/p>\n<p>Como mencionado anteriormente, &#8220;Caipira Picando Fumo&#8221; de Almeida J\u00fanior \u00e9 um exemplo emblem\u00e1tico do realismo no Brasil, representando a vida cotidiana do homem do campo de forma \u00edntima e respeitosa. Outro exemplo \u00e9 a famosa obra &#8220;Antropofagia&#8221; de Tarsila do Amaral, que encapsula o Modernismo brasileiro ao mesclar influ\u00eancias europeias com elementos da cultura ind\u00edgena e africana. Esta obra \u00e9 ic\u00f4nica n\u00e3o apenas pela sua beleza est\u00e9tica, mas tamb\u00e9m pelo discurso que provoca sobre a identidade brasileira e a apropria\u00e7\u00e3o cultural.<\/p>\n<p>Outras obras contempor\u00e2neas, como as de artistas como Dalton Paula e Alice Yura, trazem novas camadas de significado e discuss\u00e3o para o acervo da Pinacoteca. Esses artistas exploram temas como identidade racial, g\u00eanero e quest\u00f5es ambientais, renovando a conversa sobre o que a arte brasileira pode ser e como ela pode refletir as realidades contempor\u00e2neas. A intera\u00e7\u00e3o entre cl\u00e1ssicos e contempor\u00e2neos no acervo da Pinacoteca permite que os visitantes experimentem um di\u00e1logo constante entre diferentes per\u00edodos e estilos, em um espa\u00e7o onde a tradi\u00e7\u00e3o e a inova\u00e7\u00e3o coexistem.<\/p>\n<h2>Artistas Contempor\u00e2neos em Destaque<\/h2>\n<p>Al\u00e9m das obras hist\u00f3ricas, a Pinacoteca tamb\u00e9m tem se dedicado a promover artistas contempor\u00e2neos que refletem as quest\u00f5es e as realidades do Brasil moderno. Artistas como Randolpho Lamonier e Carm\u00e9zia Emiliano est\u00e3o ganhando destaque no cen\u00e1rio nacional e internacional, trazendo novas narrativas e est\u00e9ticas para o debate art\u00edstico atual. Lamonier, conhecido por suas obras que abordam a cultura afro-brasileira, utiliza uma linguagem visual que provoca discuss\u00f5es sobre identidade e pertencimento, enquanto Emiliano explora a rela\u00e7\u00e3o entre corpo e espa\u00e7o, questionando normas de beleza e representa\u00e7\u00e3o.<\/p>\n<p>Esses artistas n\u00e3o s\u00e3o apenas representados no acervo do museu, mas tamb\u00e9m t\u00eam suas obras expostas em mostras tempor\u00e1rias que atraem o interesse do p\u00fablico. A Pinacoteca se torna, assim, um importante ponto de encontro para a arte contempor\u00e2nea, funcionando como um espa\u00e7o onde novas vozes podem se expressar e ser valorizadas.<\/p>\n<p>O compromisso da Pinacoteca com a arte contempor\u00e2nea demonstra sua consci\u00eancia e responsabilidade em rela\u00e7\u00e3o ao papel que desempenha na sociedade. Ao destacar esses artistas e suas obras, o museu ressalta a import\u00e2ncia de dar visibilidade a narrativas que muitas vezes s\u00e3o marginalizadas, contribuindo assim para um debate mais inclusivo sobre a arte no Brasil.<\/p>\n<h2>Reflex\u00f5es sobre a Arquitetura da Pinacoteca<\/h2>\n<p>A arquitetura da Pinacoteca de S\u00e3o Paulo tamb\u00e9m merece destaque. O edif\u00edcio original foi projetado no estilo neocl\u00e1ssico por  <strong>Francisco de Paula Ramos de Azevedo<\/strong> e reflete a ess\u00eancia de um tempo onde a grandiosidade e a ornamenta\u00e7\u00e3o eram essenciais para os espa\u00e7os culturais. Em 2002, uma ampla renova\u00e7\u00e3o, que incluiu a constru\u00e7\u00e3o da Pina Contempor\u00e2nea, trouxe uma nova face ao museu, combinando o antigo e o novo em uma harmonia impressionante.<\/p>\n<p>A nova ala, projetada pelo escrit\u00f3rio Arquitetos Associados, representa uma abordagem contempor\u00e2nea na arquitetura museol\u00f3gica. Seu design \u00e9 simultaneamente acolhedor e funcional, proporcionando aos visitantes uma experi\u00eancia imersiva ao explorar o acervo. As mudan\u00e7as arquitet\u00f4nicas adotadas buscam um di\u00e1logo respeitoso com o edif\u00edcio original, criando espa\u00e7os que favorecem a circula\u00e7\u00e3o e a intera\u00e7\u00e3o com a arte.<\/p>\n<p>O espa\u00e7o tamb\u00e9m \u00e9 pensado para ser mais acess\u00edvel a todos os p\u00fablicos, refletindo a \u00eanfase do museu em ser um local de inclus\u00e3o. O futuro da arquitetura museol\u00f3gica certamente inclui esse tipo de abordagem, enfatizando a import\u00e2ncia de comunidades e a conex\u00e3o da arte com seu entorno.<\/p>\n<p><strong>O Desafio da Sustentabilidade na Arquitetura<\/strong><\/p>\n<p>A Pinacoteca tem consci\u00eancia tamb\u00e9m dos desafios da sustentabilidade na constru\u00e7\u00e3o e opera\u00e7\u00e3o de museus. O projeto da Pina Contempor\u00e2nea prev\u00ea solu\u00e7\u00f5es que n\u00e3o s\u00f3 procuram promover efici\u00eancia energ\u00e9tica, mas tamb\u00e9m valorizar a rela\u00e7\u00e3o do museu com a natureza, criando espa\u00e7os verdes e \u00e1reas de conviv\u00eancia que enriquecem a experi\u00eancia dos visitantes.<\/p>\n<p>Essa preocupa\u00e7\u00e3o com a sustentabilidade \u00e9 fundamental, pois a arquitetura n\u00e3o deve ser apenas uma quest\u00e3o est\u00e9tica, mas tamb\u00e9m um reflexo da responsabilidade social e ambiental. Assim, a Pinacoteca se posiciona como um espa\u00e7o que n\u00e3o apenas preserva a arte, mas tamb\u00e9m promove a reflex\u00e3o sobre a sua rela\u00e7\u00e3o com o mundo que habitamos.<\/p>\n<h2>A Import\u00e2ncia da Educa\u00e7\u00e3o na Arte<\/h2>\n<p>A educa\u00e7\u00e3o \u00e9 um dos pilares fundamentais da atua\u00e7\u00e3o da Pinacoteca de S\u00e3o Paulo. O museu compreende que a arte n\u00e3o deve ser vista como algo exclusivo, mas sim como uma linguagem acess\u00edvel que pode e deve ser apreciada por todos. Nesse sentido, as iniciativas educativas est\u00e3o em constante evolu\u00e7\u00e3o, buscando atingir diferentes p\u00fablicos e promover um entendimento mais abrangente da arte.<\/p>\n<p>Programas voltados para escolas, jovens e adultos, s\u00e3o um aspecto importante deste compromisso. As visitas guiadas personalizadas, workshops e cursos s\u00e3o algumas das maneiras pelas quais o museu procura incentivar o di\u00e1logo e a intera\u00e7\u00e3o com o acervo. Tamb\u00e9m s\u00e3o realizadas atividades que incentivam a produ\u00e7\u00e3o art\u00edstica, permitindo que os participantes explorem suas pr\u00f3prias criatividades em um ambiente estimulante.<\/p>\n<p><strong>Intera\u00e7\u00e3o e Acessibilidade<\/strong><\/p>\n<p>Nos \u00faltimos anos, a Pinacoteca tem se empenhado em tornar suas atividades mais interativas e din\u00e2micas. As exposi\u00e7\u00f5es minorit\u00e1rias e os eventos comunit\u00e1rios s\u00e3o oportunidades para o p\u00fablico se conectar de maneira mais profunda com a arte, promovendo um ambiente de aprendizado coletivo. Esse olhar atento \u00e0 acessibilidade busca garantir que todos, independentemente de sua forma\u00e7\u00e3o ou experi\u00eancia anterior com arte, possam encontrar seu espa\u00e7o dentro do museu.<\/p>\n<p>Al\u00e9m disso, a utiliza\u00e7\u00e3o de tecnologias digitais e novas m\u00eddias tem sido uma estrat\u00e9gia adotada para expandir o alcance das atividades educativas. Aplicativos e plataformas online s\u00e3o utilizados para proporcionar experi\u00eancias imersivas que tornam o aprendizado sobre arte mais atraente e envolvente.<\/p>\n<h2>Ensaios que Enriquecem o Livro<\/h2>\n<p>O livro &#8220;Pinacoteca de S\u00e3o Paulo: 120 Anos&#8221; cont\u00e9m uma sele\u00e7\u00e3o de ensaios que enriqueceram a discuss\u00e3o sobre a hist\u00f3ria e o impacto do museu ao longo dos anos. Escritos por autores diversos, esses textos oferecem uma variedade de perspectivas, discutindo temas que v\u00e3o desde a preserva\u00e7\u00e3o do patrim\u00f4nio cultural at\u00e9 a inova\u00e7\u00e3o na educa\u00e7\u00e3o e programa\u00e7\u00e3o art\u00edstica do museu.<\/p>\n<p>Esses ensaios proporcionam um panorama abrangente da evolu\u00e7\u00e3o dos museus no Brasil e do papel insubstitu\u00edvel da Pinacoteca nesse cen\u00e1rio. Cada autor traz sua voz, experi\u00eancias e opini\u00f5es, criando um mosaico de ideias que celebram os 120 anos de hist\u00f3ria do museu. A leitura desses textos \u00e9 n\u00e3o s\u00f3 intrigante, mas tamb\u00e9m fornece um contexto cr\u00edtico importante para a interpreta\u00e7\u00e3o das obras presentes no acervo.<\/p>\n<p>Os ensaios de Djamila Ribeiro e Clarissa Ximenes s\u00e3o particularmente not\u00e1veis, pois abordam a arte atrav\u00e9s das lentes da diversidade e inclus\u00e3o, destacando a responsabilidade social das institui\u00e7\u00f5es culturais no Brasil contempor\u00e2neo. Ao enfatizar a necessidade de um olhar plural e biodiverso sobre a arte, eles apresentam um argumento convincente sobre como a Pinacoteca pode e deve se posicionar para o futuro.<\/p>\n<p><strong>Voices that Shape the Future<\/strong><\/p>\n<p>Em um momento hist\u00f3rico em que temas de diversidade e inclus\u00e3o ocupam o centro das discuss\u00f5es sociais, esses ensaios contribuem para a forma\u00e7\u00e3o de uma nova vis\u00e3o sobre o espa\u00e7o cultural no Brasil. Ao reconhecer a multiplicidade de vozes que comp\u00f5em a narrativa art\u00edstica, a Pinacoteca reafirma seu compromisso em promover um espa\u00e7o que n\u00e3o s\u00f3 preserva a arte, mas tamb\u00e9m defende a pluralidade e a relev\u00e2ncia social da cria\u00e7\u00e3o art\u00edstica.<\/p>\n<h2>Como o Museu se Reinventa ao Longo do Tempo<\/h2>\n<p>A Pinacoteca de S\u00e3o Paulo \u00e9 um exemplo vivo de como um museu pode se reinventar e se adaptar \u00e0s necessidades e desafios de seu tempo. Desde sua funda\u00e7\u00e3o, o espa\u00e7o tem sido uma refer\u00eancia em termos de inova\u00e7\u00e3o e dinamismo no cen\u00e1rio cultural brasileiro. O compromisso da Pinacoteca com a moderniza\u00e7\u00e3o \u00e9 evidente em suas exposi\u00e7\u00f5es, programas educativos e suas iniciativas de inclus\u00e3o.<\/p>\n<p>A hist\u00f3ria do museu \u00e9 marcada por constantes transforma\u00e7\u00f5es e atualiza\u00e7\u00f5es que visam manter sua relev\u00e2ncia em um mundo em r\u00e1pida mudan\u00e7a. A recente adi\u00e7\u00e3o do espa\u00e7o Pina Contempor\u00e2nea \u00e9 um exemplo claro desse desejo de inovar e expandir suas atividades. Este novo espa\u00e7o permite que o museu abrace a arte contempor\u00e2nea de maneira mais eficaz, apoiando a produ\u00e7\u00e3o e a difus\u00e3o de novas linguagens art\u00edsticas.<\/p>\n<p><strong>O Museu Como Espa\u00e7o de Experimenta\u00e7\u00e3o<\/strong><\/p>\n<p>O museu \u00e9 visto n\u00e3o apenas como um lugar de exposi\u00e7\u00e3o, mas tamb\u00e9m como um espa\u00e7o de experimenta\u00e7\u00e3o e criatividade. A Pinacoteca realiza resid\u00eancias art\u00edsticas e encontros que proporcionam aos artistas a oportunidade de interagir com o p\u00fablico e colaborar entre si. Essas iniciativas s\u00e3o fundamentais para o desenvolvimento de novos projetos que refletem as din\u00e2micas contempor\u00e2neas.<\/p>\n<p>Al\u00e9m disso, a Pinacoteca tamb\u00e9m se reivindica como um centro de pesquisa e desenvolvimento na \u00e1rea das artes visuais, promovendo semin\u00e1rios e confer\u00eancias que estimulam a discuss\u00e3o cr\u00edtica sobre o estado da arte e a sua rela\u00e7\u00e3o com a sociedade. Ao fomentar a troca de ideias e experi\u00eancias, o museu se coloca como um protagonista nas transforma\u00e7\u00f5es culturais que ocorrem no Brasil.<\/p>\n<h2>Futuro da Pinacoteca: Caminhos e Possibilidades<\/h2>\n<p>O futuro da Pinacoteca de S\u00e3o Paulo parece promissor e cheio de possibilidades. \u00c0 medida que a arte se transforma e evolui, a institui\u00e7\u00e3o se compromete a acompanhar essas mudan\u00e7as, reafirmando seu papel como um espa\u00e7o inclusivo, acess\u00edvel e din\u00e2mico. Os pr\u00f3ximos anos ser\u00e3o cruciais para a defini\u00e7\u00e3o da trajet\u00f3ria do museu, especialmente em tempos de mudan\u00e7as sociais e culturais.<\/p>\n<p>A Pinacoteca deve continuar investindo em estrat\u00e9gias que fortalecem sua conex\u00e3o com a comunidade. Por meio de parcerias com escolas, universidades, e outras institui\u00e7\u00f5es culturais, o museu poder\u00e1 expandir seu alcance e impactar ainda mais a popula\u00e7\u00e3o. O compromisso em criar programas participativos e ambientes acolhedores continuar\u00e1 a ser uma prioridade, assegurando que todos tenham a oportunidade de vivenciar a arte.<\/p>\n<p>Al\u00e9m disso, a Pinacoteca est\u00e1 posicionada para abra\u00e7ar as novas tecnologias e explorar formas inovadoras de intera\u00e7\u00e3o com o p\u00fablico. A utiliza\u00e7\u00e3o de plataformas digitais e experi\u00eancias imersivas ser\u00e1 crescente, permitindo que o museu chegue a um p\u00fablico ainda mais amplo e diversificado. Essa adapta\u00e7\u00e3o ao contexto contempor\u00e2neo ser\u00e1 fundamental para garantir que a institui\u00e7\u00e3o permane\u00e7a relevante e atraente.<\/p>\n<p><strong>Um Legado para as Novas Gera\u00e7\u00f5es<\/strong><\/p>\n<p>Por fim, o legado da Pinacoteca transcende sua cole\u00e7\u00e3o de arte. O museu se torna um pilar fundamental na forma\u00e7\u00e3o de novas gera\u00e7\u00f5es de apreciadores da arte e cidad\u00e3os cr\u00edticos. Ao promover di\u00e1logos abertos e acess\u00edveis, a Pinacoteca se coloca no centro das discuss\u00f5es que moldam a sociedade contempor\u00e2nea, convidando todos a participar de sua rica tape\u00e7aria cultural.<\/p>\n<p>\u00c9 com essa vis\u00e3o de inclus\u00e3o, inova\u00e7\u00e3o e comprometimento social que a Pinacoteca de S\u00e3o Paulo se alinha aos desafios do futuro, reafirmando sua fun\u00e7\u00e3o como um espa\u00e7o vital para a cultura e a educa\u00e7\u00e3o no Brasil.<\/p>\n\n<div style=\"font-size: 0px; height: 0px; line-height: 0px; margin: 0; padding: 0; clear: both;\"><\/div>","protected":false},"excerpt":{"rendered":"<p>Pinacoteca de S\u00e3o Paulo 120 anos: evento imperd\u00edvel na cultura brasileira.<\/p>\n","protected":false},"author":1,"featured_media":2168,"comment_status":"open","ping_status":"closed","sticky":false,"template":"","format":"standard","meta":{"footnotes":""},"categories":[6],"tags":[],"class_list":["post-2169","post","type-post","status-publish","format-standard","has-post-thumbnail","hentry","category-noticias-no-bom-retiro","has_thumb"],"aioseo_notices":[],"_links":{"self":[{"href":"https:\/\/www.encontrabomretiro.com.br\/sobre\/wp-json\/wp\/v2\/posts\/2169","targetHints":{"allow":["GET"]}}],"collection":[{"href":"https:\/\/www.encontrabomretiro.com.br\/sobre\/wp-json\/wp\/v2\/posts"}],"about":[{"href":"https:\/\/www.encontrabomretiro.com.br\/sobre\/wp-json\/wp\/v2\/types\/post"}],"author":[{"embeddable":true,"href":"https:\/\/www.encontrabomretiro.com.br\/sobre\/wp-json\/wp\/v2\/users\/1"}],"replies":[{"embeddable":true,"href":"https:\/\/www.encontrabomretiro.com.br\/sobre\/wp-json\/wp\/v2\/comments?post=2169"}],"version-history":[{"count":0,"href":"https:\/\/www.encontrabomretiro.com.br\/sobre\/wp-json\/wp\/v2\/posts\/2169\/revisions"}],"wp:featuredmedia":[{"embeddable":true,"href":"https:\/\/www.encontrabomretiro.com.br\/sobre\/wp-json\/wp\/v2\/media\/2168"}],"wp:attachment":[{"href":"https:\/\/www.encontrabomretiro.com.br\/sobre\/wp-json\/wp\/v2\/media?parent=2169"}],"wp:term":[{"taxonomy":"category","embeddable":true,"href":"https:\/\/www.encontrabomretiro.com.br\/sobre\/wp-json\/wp\/v2\/categories?post=2169"},{"taxonomy":"post_tag","embeddable":true,"href":"https:\/\/www.encontrabomretiro.com.br\/sobre\/wp-json\/wp\/v2\/tags?post=2169"}],"curies":[{"name":"wp","href":"https:\/\/api.w.org\/{rel}","templated":true}]}}