{"id":2163,"date":"2025-12-04T09:39:00","date_gmt":"2025-12-04T11:39:00","guid":{"rendered":"https:\/\/www.encontrabomretiro.com.br\/sobre\/agenda-viva-sp-reune-danca-musica-feiras-criativas-e-experiencias-imersivas\/"},"modified":"2025-12-04T09:39:00","modified_gmt":"2025-12-04T11:39:00","slug":"agenda-viva-sp-reune-danca-musica-feiras-criativas-e-experiencias-imersivas","status":"publish","type":"post","link":"https:\/\/www.encontrabomretiro.com.br\/sobre\/agenda-viva-sp-reune-danca-musica-feiras-criativas-e-experiencias-imersivas\/","title":{"rendered":"Agenda Viva SP re\u00fane dan\u00e7a, m\u00fasica, feiras criativas e experi\u00eancias imersivas"},"content":{"rendered":"<div class=\"228b65ae207de3c5c501cfe75875708b\" data-index=\"1\" style=\"float: none; margin:0px;\">\n<!-- Anuncio display - global -->\r\n<ins class=\"adsbygoogle\"\r\n     style=\"display:block\"\r\n     data-ad-client=\"ca-pub-8585364105181520\"\r\n     data-ad-slot=\"8789329856\"\r\n     data-ad-format=\"auto\"\r\n     data-full-width-responsive=\"true\"><\/ins>\r\n<script>\r\n     (adsbygoogle = window.adsbygoogle || []).push({});\r\n<\/script>\n<\/div>\n<h2>Novidades da Agenda Viva SP<\/h2>\n<p>A Agenda Viva SP se tornou um verdadeiro \u00edcone da cultura e da arte na cidade de S\u00e3o Paulo, sendo um espa\u00e7o onde se re\u00fanem diversas manifesta\u00e7\u00f5es art\u00edsticas e culturais. Recentemente, a programa\u00e7\u00e3o trouxe uma s\u00e9rie de novidades que encantaram a popula\u00e7\u00e3o, destacando-se n\u00e3o apenas pela variedade, mas tamb\u00e9m pela acessibilidade das atividades oferecidas.<\/p>\n<p>Entre os eventos mais destacados, temos shows, oficinas, feiras e experi\u00eancias imersivas que proporcionam momentos \u00fanicos ao p\u00fablico. Com o empenho das autoridades e a participa\u00e7\u00e3o ativa da comunidade, a Agenda Viva SP busca tornar a cultura mais acess\u00edvel, contribuindo para a democratiza\u00e7\u00e3o do acesso \u00e0 arte.<\/p>\n<p>Uma das novidades mais animadoras \u00e9 a inclus\u00e3o de iniciativas voltadas para a juventude e para a forma\u00e7\u00e3o de novos artistas. Atrav\u00e9s de workshops e programas de mentoria, jovens talentos t\u00eam a oportunidade de se desenvolver artisticamente, recebendo orienta\u00e7\u00e3o de profissionais da ind\u00fastria cultural. Esse investimento em novas vozes promete revigorar a cena cultural paulistana.<\/p>\n<p><img decoding=\"async\" src=\"https:\/\/www.encontrabomretiro.com.br\/sobre\/wp-content\/uploads\/2025\/12\/agenda-viva-sp-reune-danca-musica-feiras-criativas-e-experiencias-imersivas.webp\" alt=\"Agenda Viva SP\" loading=\"lazy\" \/><\/p>\n<p>Uma caracter\u00edstica importante da Agenda Viva SP \u00e9 a colabora\u00e7\u00e3o com artistas e institui\u00e7\u00f5es diversas, o que fomenta um ecossistema cultural rico e din\u00e2mico. Todos podem participar, enviar suas cria\u00e7\u00f5es e fazer parte desse movimento colaborativo. Isso n\u00e3o s\u00f3 amplia o n\u00famero de eventos, mas tamb\u00e9m diversifica as propostas apresentadas, refletindo a pluralidade cultural de S\u00e3o Paulo.<\/p>\n<h2>Pina em Festa: Celebra\u00e7\u00e3o de 120 Anos<\/h2>\n<p>Um dos eventos mais marcantes da Agenda Viva SP \u00e9 o <strong>Pina em Festa<\/strong>, que celebrou os 120 anos da <em>Pinacoteca de S\u00e3o Paulo<\/em>. Essa celebra\u00e7\u00e3o se tornou um ponto de encontro n\u00e3o apenas para amantes da arte, mas para todos que desejam vivenciar uma experi\u00eancia cultural enriquecedora.<\/p>\n<p>O <strong>Pina em Festa<\/strong> foi um verdadeiro sucesso, reunindo uma programa\u00e7\u00e3o diversificada que incluiu oficinas, visitas guiadas, apresenta\u00e7\u00f5es art\u00edsticas e muito mais. O evento fez um esfor\u00e7o especial para incluir atividades que dialogavam com o p\u00fablico, tornando a arte acess\u00edvel a todos. As atividades educativas e as a\u00e7\u00f5es colaborativas foram especialmente projetadas para envolver a comunidade, permitindo que as pessoas se sentissem parte da celebra\u00e7\u00e3o.<\/p>\n<p>Um dos grandes destaques da festa foi a apresenta\u00e7\u00e3o da <em>Mocidade Unida da Mooca<\/em>, que trouxe um brilho especial ao evento com sua apresenta\u00e7\u00e3o vibrante, conectando-se com a exposi\u00e7\u00e3o em cartaz e proporcionando uma atmosfera festiva. Esse tipo de sinergia entre arte e cultura popular destaca a import\u00e2ncia de eventos como o <strong>Pina em Festa<\/strong> para a promo\u00e7\u00e3o de uma cultura inclusiva e integrada.<\/p>\n<p>Al\u00e9m das atividades art\u00edsticas, o <strong>Pina em Festa<\/strong> tamb\u00e9m facilitou a reinaugura\u00e7\u00e3o do Jardim de Esculturas, um espa\u00e7o que merece aten\u00e7\u00e3o especial e que se tornou um novo ponto de refer\u00eancia cultural na cidade. A intera\u00e7\u00e3o entre arte, natureza e comunidade foi um presente a todos os visitantes, refor\u00e7ando a fun\u00e7\u00e3o social da Pinacoteca.<\/p>\n<h2>Espet\u00e1culos Imperd\u00edveis na Capital<\/h2>\n<p>Na programa\u00e7\u00e3o da Agenda Viva SP, os espet\u00e1culos de dan\u00e7a e m\u00fasica t\u00eam um lugar de destaque. Um dos eventos mais esperados foi o <strong>&#8220;S\u00e1bados Flamencos \u2013 Tatu Ol\u00e9&#8221;<\/strong>, que promete encantar o p\u00fablico com a tradi\u00e7\u00e3o e a vivacidade do flamenco, misturado a sons da m\u00fasica cl\u00e1ssica e l\u00edrica. Este evento, realizado no <em>Complexo Cultural Oswald de Andrade<\/em>, foi uma festa cativante que encerrou um ciclo de apresenta\u00e7\u00f5es, proporcionando uma experi\u00eancia imersiva e emocional para todos os participantes.<\/p>\n<p>Al\u00e9m disso, o <strong>Festival Charles Edward<\/strong> trouxe uma edi\u00e7\u00e3o dedicada ao rock, permitindo que bandas locais compartilhassem seu talento e sua paix\u00e3o pela m\u00fasica. Com um repert\u00f3rio que mistura cl\u00e1ssicos do rock e trabalhos autorais, o festival se firmou como uma excelente oportunidade para as novas gera\u00e7\u00f5es conhecerem e se inspirarem na rica hist\u00f3ria desse g\u00eanero musical.<\/p>\n<p>Esses eventos n\u00e3o s\u00e3o apenas uma atra\u00e7\u00e3o para os amantes da cultura; eles desempenham um papel fundamental na revitaliza\u00e7\u00e3o de \u00e1reas urbanas. A possibilidade de apreciar arte e m\u00fasica em lugares p\u00fablicos melhora a qualidade de vida dos cidad\u00e3os e aumenta a coes\u00e3o social, promovendo um ambiente onde a cultura \u00e9 valorizada e celebrada.<\/p>\n<h2>Feira Luz Criativa: Um Mercado Cultural<\/h2>\n<p>A <strong>Feira Luz Criativa<\/strong>, realizada no <em>Museu da L\u00edngua Portuguesa<\/em>, destaca-se como uma vitrine da criatividade local. O evento apresentou uma variedade de expositores que trouxeram suas cria\u00e7\u00f5es inspiradas em culturas africanas e afrodiasp\u00f3ricas. Com mais de 20 barracas oferecendo produtos \u00fanicos, a feira se tornou um ponto de encontro para aqueles que apreciam o trabalho artesanal e a culin\u00e1ria diversificada.<\/p>\n<p>Al\u00e9m de promover o empreendedorismo local, a feira contou com uma programa\u00e7\u00e3o musical vibrante, apresentando DJs que trouxeram ritmos como samba, soul e afrobeat. Isso n\u00e3o apenas proporcionou divers\u00e3o, mas tamb\u00e9m valorizou a cultura e a diversidade presentes em S\u00e3o Paulo. A mistura de arte, comida e m\u00fasica fez da Feira Luz Criativa um sucesso absoluto entre os visitantes.<\/p>\n<p>Essas feiras n\u00e3o apenas apoiam microempres\u00e1rios e artes\u00e3os locais, mas tamb\u00e9m promovem um di\u00e1logo cultural fundamental. Ao reunir pessoas em torno de experi\u00eancias e produtos que refletem a diversidade cultural da cidade, a feira contribui para a constru\u00e7\u00e3o de uma sociedade mais coesa e inclusiva.<\/p>\n<h2>O Festival Charles Edward e suas Atra\u00e7\u00f5es<\/h2>\n<p>O <strong>Festival Charles Edward<\/strong> \u00e9 um de seus eventos mais emocionantes, atraindo n\u00e3o apenas amantes do rock, mas todos aqueles que buscam uma experi\u00eancia musical \u00fanica. O festival re\u00fane diversas bandas e artistas que trazem repert\u00f3rios variados, com \u00eanfase em cl\u00e1ssicos do rock e composi\u00e7\u00f5es originais. Isso traz n\u00e3o apenas entretenimento, mas uma plataforma para artistas se destacarem.<\/p>\n<p>Com a participa\u00e7\u00e3o de bandas como <em>Rolls Rock<\/em> e <em>Queen Legend<\/em>, o festival se tornou um \u00edcone cultural, promovendo a m\u00fasica e a uni\u00e3o entre v\u00e1rias gera\u00e7\u00f5es. Uma caracter\u00edstica interessante do evento \u00e9 a energia contagiante que permeia as apresenta\u00e7\u00f5es, despertando o esp\u00edrito comunit\u00e1rio entre os espectadores.<\/p>\n<p>O esp\u00edrito inovador do <strong>Festival Charles Edward<\/strong> tamb\u00e9m se reflete na proposta de unir rock e m\u00fasica orquestral por meio do <em>Rockphonic<\/em>, onde a m\u00fasica cl\u00e1ssica se encontra com a for\u00e7a do rock. Essa fus\u00e3o gera novas experi\u00eancias auditivas e amplia o alcance da m\u00fasica, mostrando que a cultura \u00e9 um campo em constante evolu\u00e7\u00e3o.<\/p>\n<h2>Cultural na Estrada: Cinesolar em Dracena<\/h2>\n<p>Outra atra\u00e7\u00e3o not\u00e1vel na Agenda Viva SP \u00e9 o projeto <strong>CULTSP na Estrada<\/strong>, que traz o <em>Cinesolar<\/em> para diferentes localidades do estado. Este cinema itinerante \u00e9 movido a energia solar, o que demonstra um compromisso n\u00e3o apenas com a cultura, mas tamb\u00e9m com a sustentabilidade. Em Dracena, o Cinesolar promove sess\u00f5es de cinema, levando entretenimento para locais que muitas vezes carecem de op\u00e7\u00f5es culturais.<\/p>\n<p>O <em>Cinesolar<\/em> \u00e9 um exemplo de como a arte pode ser m\u00f3vel e acess\u00edvel, transformando comunidades e promovendo a inclus\u00e3o. As exibi\u00e7\u00f5es s\u00e3o gratuitas e atraem pessoas de todas as idades, reunindo fam\u00edlias e amigos em torno da magia do cinema.<\/p>\n<p>Esse projeto n\u00e3o apenas entret\u00e9m, mas tamb\u00e9m educa e sensibiliza sobre a import\u00e2ncia da sustentabilidade. Ao utilizar energia solar, o <strong>CINESOLAR<\/strong> exemplifica que \u00e9 poss\u00edvel fazer arte de maneira respons\u00e1vel e consciente, inspirando novas gera\u00e7\u00f5es a se preocupar com o meio ambiente.<\/p>\n<h2>Atra\u00e7\u00f5es da Feira de Natal M\u00e1gico<\/h2>\n<p>A <strong>Feira de Natal M\u00e1gico<\/strong>, que acontece em Holambra, se transforma em um espet\u00e1culo que encanta moradores e visitantes. Com uma decora\u00e7\u00e3o deslumbrante e diversas atividades programadas at\u00e9 o dia 22 de dezembro, o evento traz alegria e esp\u00edrito natalino para todos. Desde a chegada do Papai Noel at\u00e9 as apresenta\u00e7\u00f5es art\u00edsticas, o Natal em Holambra \u00e9 uma experi\u00eancia que combina tradi\u00e7\u00e3o e modernidade.<\/p>\n<p>As pra\u00e7as de Holambra se enchem de luzes e sorrisos durante a feira, e as atra\u00e7\u00f5es garantem entretenimento para toda a fam\u00edlia. Al\u00e9m da beleza da decora\u00e7\u00e3o, o evento oferece uma variedade de comidas e bebidas t\u00edpicas, celebrando o melhor da culin\u00e1ria local.<\/p>\n<p>O <strong>Natal M\u00e1gico<\/strong> \u00e9 um exemplo de como eventos sazonais podem fortalecer os la\u00e7os comunit\u00e1rios, permitindo que as pessoas compartilhem momentos de alegria e celebra\u00e7\u00e3o. \u00c9 tamb\u00e9m uma oportunidade para empreendedores locais, que podem apresentar seus produtos e atrair novos clientes durante a alta temporada.<\/p>\n<h2>Interven\u00e7\u00f5es Art\u00edsticas em Esp\u00edrito Santo do Pinhal<\/h2>\n<p>O <strong>Circuito CultSP<\/strong> trouxe para Esp\u00edrito Santo do Pinhal uma interven\u00e7\u00e3o art\u00edstica do arquiteto e designer <em>Kiko Schuler<\/em>, evidenciando a import\u00e2ncia da arte na revitaliza\u00e7\u00e3o urbana. Projetos como esse demonstram como a arte pode transformar espa\u00e7os e criar novas intera\u00e7\u00f5es dentro da comunidade.<\/p>\n<p>As interven\u00e7\u00f5es art\u00edsticas buscam dialogar com o cotidiano das pessoas, instigando reflex\u00f5es e novas percep\u00e7\u00f5es sobre o ambiente urbano. Por meio dessas pr\u00e1ticas, a popula\u00e7\u00e3o \u00e9 incentivada a olhar para a cidade com novos olhos, reconhecendo a beleza e o potencial dos lugares que muitas vezes passam despercebidos.<\/p>\n<p>Essas iniciativas s\u00e3o fundamentais para fortalecer a identidade cultural da localidade e promover um sentido de pertencimento. Ao envolver a comunidade em processos criativos, a Agenda Viva SP contribui para a constru\u00e7\u00e3o de uma cidade mais acolhedora e vibrante.<\/p>\n<h2>Locais de Destaque na Agenda Cultural<\/h2>\n<p>Dentre os diversos locais que acolhem as atividades da Agenda Viva SP, alguns se destacam pela sua relev\u00e2ncia cultural e hist\u00f3ricas. Museus, teatros e centros culturais se transformam em palcos para express\u00f5es art\u00edsticas, permitindo que o p\u00fablico tenha acesso a uma ampla variedade de experi\u00eancias. A Pinacoteca de S\u00e3o Paulo, por exemplo, n\u00e3o apenas atua como um espa\u00e7o de exposi\u00e7\u00f5es, mas tamb\u00e9m como um centro de aprendizado e intera\u00e7\u00e3o com a arte.<\/p>\n<p>Outros locais de destaque incluem o <em>Complexo Cultural Oswald de Andrade<\/em>, que tem se mostrado um grande aglutinador de movimentos art\u00edsticos contempor\u00e2neos. O local promove a troca cultural e a forma\u00e7\u00e3o de novas parcerias, realizando uma programa\u00e7\u00e3o que atrai p\u00fablicos diversos.<\/p>\n<p>Al\u00e9m disso, espa\u00e7os como o <em>Sesc<\/em> sempre oferecem uma s\u00e9rie de atividades que v\u00e3o al\u00e9m da m\u00fasica, abrangendo cinema, dan\u00e7a, literatura e artes visuais, tornando-se verdadeiros centros de cultura que enriquecem a vida da cidade.<\/p>\n<h2>Como Participar e Contribuir com a Agenda<\/h2>\n<p>Para aqueles que desejam participar da Agenda Viva SP, existem v\u00e1rias formas de envolvimento. Artistas, produtores e institui\u00e7\u00f5es culturais s\u00e3o convidados a contribuir com suas propostas, tornando a agenda mais rica e diversa. O site da Agenda Viva SP serve como uma plataforma colaborativa onde qualquer um pode divulgar seus eventos, desde que sejam gratuitos e voltados para a comunidade.<\/p>\n<p>Al\u00e9m disso, a popula\u00e7\u00e3o em geral \u00e9 incentivada a comparecer e apoiar as atividades, participando ativamente como espectadores e contribuintes. Cada evento oferece uma oportunidade para vivenciar a cultura ao seu redor e para interagir com artistas e criadores locais.<\/p>\n<p>Esse esp\u00edrito de colabora\u00e7\u00e3o n\u00e3o s\u00f3 fortalece a cena cultural, mas tamb\u00e9m constr\u00f3i uma comunidade mais unida, onde todos sentem que fazem parte do processo criativo. Ao participar das atividades da Agenda Viva SP, voc\u00ea est\u00e1 contribuindo para a valoriza\u00e7\u00e3o da cultura e da diversidade.<\/p>\n<p>Em suma, a Agenda Viva SP representa a uni\u00e3o da arte, diversidade e inclus\u00e3o, sendo uma plataforma rica e din\u00e2mica que merece o apoio e a participa\u00e7\u00e3o de todos. Ao celebrar a cultura como uma forma de vida e identidade, todos n\u00f3s podemos desfrutar de experi\u00eancias enriquecedoras e transformadoras.<\/p>\n\n<div style=\"font-size: 0px; height: 0px; line-height: 0px; margin: 0; padding: 0; clear: both;\"><\/div>","protected":false},"excerpt":{"rendered":"<p>Descubra a vibrante Agenda Viva SP, com dan\u00e7a, m\u00fasica e experi\u00eancias culturais imperd\u00edveis.<\/p>\n","protected":false},"author":1,"featured_media":2162,"comment_status":"open","ping_status":"closed","sticky":false,"template":"","format":"standard","meta":{"footnotes":""},"categories":[6],"tags":[],"class_list":["post-2163","post","type-post","status-publish","format-standard","has-post-thumbnail","hentry","category-noticias-no-bom-retiro","has_thumb"],"aioseo_notices":[],"_links":{"self":[{"href":"https:\/\/www.encontrabomretiro.com.br\/sobre\/wp-json\/wp\/v2\/posts\/2163","targetHints":{"allow":["GET"]}}],"collection":[{"href":"https:\/\/www.encontrabomretiro.com.br\/sobre\/wp-json\/wp\/v2\/posts"}],"about":[{"href":"https:\/\/www.encontrabomretiro.com.br\/sobre\/wp-json\/wp\/v2\/types\/post"}],"author":[{"embeddable":true,"href":"https:\/\/www.encontrabomretiro.com.br\/sobre\/wp-json\/wp\/v2\/users\/1"}],"replies":[{"embeddable":true,"href":"https:\/\/www.encontrabomretiro.com.br\/sobre\/wp-json\/wp\/v2\/comments?post=2163"}],"version-history":[{"count":0,"href":"https:\/\/www.encontrabomretiro.com.br\/sobre\/wp-json\/wp\/v2\/posts\/2163\/revisions"}],"wp:featuredmedia":[{"embeddable":true,"href":"https:\/\/www.encontrabomretiro.com.br\/sobre\/wp-json\/wp\/v2\/media\/2162"}],"wp:attachment":[{"href":"https:\/\/www.encontrabomretiro.com.br\/sobre\/wp-json\/wp\/v2\/media?parent=2163"}],"wp:term":[{"taxonomy":"category","embeddable":true,"href":"https:\/\/www.encontrabomretiro.com.br\/sobre\/wp-json\/wp\/v2\/categories?post=2163"},{"taxonomy":"post_tag","embeddable":true,"href":"https:\/\/www.encontrabomretiro.com.br\/sobre\/wp-json\/wp\/v2\/tags?post=2163"}],"curies":[{"name":"wp","href":"https:\/\/api.w.org\/{rel}","templated":true}]}}