{"id":2161,"date":"2025-12-04T07:04:00","date_gmt":"2025-12-04T09:04:00","guid":{"rendered":"https:\/\/www.encontrabomretiro.com.br\/sobre\/o-final-de-semana-esta-otimo-para-o-samba-ney-lopes-se-apresenta-em-sao-paulo-e-tia-surica-no-rio\/"},"modified":"2025-12-04T07:04:00","modified_gmt":"2025-12-04T09:04:00","slug":"o-final-de-semana-esta-otimo-para-o-samba-ney-lopes-se-apresenta-em-sao-paulo-e-tia-surica-no-rio","status":"publish","type":"post","link":"https:\/\/www.encontrabomretiro.com.br\/sobre\/o-final-de-semana-esta-otimo-para-o-samba-ney-lopes-se-apresenta-em-sao-paulo-e-tia-surica-no-rio\/","title":{"rendered":"O final de semana est\u00e1 \u00f3timo para o samba; Ney Lopes se apresenta em S\u00e3o Paulo e Tia Surica, no Rio"},"content":{"rendered":"<div class=\"228b65ae207de3c5c501cfe75875708b\" data-index=\"1\" style=\"float: none; margin:0px;\">\n<!-- Anuncio display - global -->\r\n<ins class=\"adsbygoogle\"\r\n     style=\"display:block\"\r\n     data-ad-client=\"ca-pub-8585364105181520\"\r\n     data-ad-slot=\"8789329856\"\r\n     data-ad-format=\"auto\"\r\n     data-full-width-responsive=\"true\"><\/ins>\r\n<script>\r\n     (adsbygoogle = window.adsbygoogle || []).push({});\r\n<\/script>\n<\/div>\n<h2>A trajet\u00f3ria de Ney Lopes no samba<\/h2>\n<p>Ney Lopes, um dos compositores mais influentes do samba brasileiro, nasceu no dia 9 de maio de 1942, na simp\u00e1tica regi\u00e3o de Iraj\u00e1, no Rio de Janeiro. Desde cedo, Ney Lopes se destacou pela sua habilidade de compor e pela sua paix\u00e3o pelo samba, uma manifesta\u00e7\u00e3o cultural que tem profundas ra\u00edzes na sociedade brasileira. Seu amor pela m\u00fasica se desenvolveu em meio \u00e0s tradi\u00e7\u00f5es familiares, que sempre valorizaram as artes e a cultura popular. Ao longo de sua vida, Ney Lopes n\u00e3o apenas produziu m\u00fasica, mas tamb\u00e9m contribuiu significativamente para a pesquisa e a preserva\u00e7\u00e3o da hist\u00f3ria do samba.<\/p>\n<p>Como compositor, Ney Lopes escreveu mais de 300 can\u00e7\u00f5es, algumas das quais se tornaram cl\u00e1ssicos do repert\u00f3rio samba. Ele colaborou com grandes nomes da m\u00fasica brasileira, como Zeca Pagodinho, Beth Carvalho e Elza Soares, entre outros. Essas parcerias n\u00e3o apenas solidificaram sua reputa\u00e7\u00e3o no cen\u00e1rio musical, mas tamb\u00e9m ajudaram a enriquecer a cultura do samba, promovendo um interc\u00e2mbio de ideias e estilos.<\/p>\n<p>Ney tamb\u00e9m se destaca como um pesquisador e escritor, tendo publicado obras que analisam a hist\u00f3ria social do samba, uma forma de arte que vai muito al\u00e9m da m\u00fasica, refletindo as lutas, alegrias e desafios da popula\u00e7\u00e3o afro-brasileira. Seu livro &#8220;Dicion\u00e1rio da Hist\u00f3ria Social do Samba&#8221; \u00e9 um exemplo de como ele utiliza seu conhecimento para educar e informar, garantindo que as novas gera\u00e7\u00f5es entendam o impacto cultural do samba no Brasil. Ao longo de sua carreira, Ney Lopes provou ser um verdadeiro guardi\u00e3o do samba, dedicando sua vida \u00e0 sua preserva\u00e7\u00e3o e \u00e0 celebra\u00e7\u00e3o de sua hist\u00f3ria.<\/p>\n<p><img decoding=\"async\" src=\"https:\/\/www.encontrabomretiro.com.br\/sobre\/wp-content\/uploads\/2025\/12\/o-final-de-semana-esta-otimo-para-o-samba-ney-lopes-se-apresenta-em-sao-paulo-e-tia-surica-no-rio.webp\" alt=\"samba\" loading=\"lazy\" \/><\/p>\n<h2>Quem \u00e9 Tia Surica, a matriarca do samba?<\/h2>\n<p>Tia Surica, cujo nome verdadeiro \u00e9 Iranette Ferreira Barcellos, \u00e9 uma das figuras mais emblem\u00e1ticas do samba. Nascida no dia 17 de novembro de 1938, na famosa regi\u00e3o de Madureira, Rio de Janeiro, Tia Surica \u00e9 conhecidamente a matriarca do samba, uma honraria que reflete n\u00e3o apenas sua import\u00e2ncia no g\u00eanero musical, mas tamb\u00e9m seu papel como mentora e inspiradora de muitos sambistas jovens. Desde pequena, Tia Surica vivenciou o samba em sua ess\u00eancia, participando de desfiles e eventos relacionados \u00e0 festa que simboliza a cultura brasileira.<\/p>\n<p>Ao longo de sua carreira, Tia Surica conquistou muitos admiradores e respeitadores por sua voz potente e interpreta\u00e7\u00e3o \u00fanica. Ela se destacou como a primeira mulher a interpretar um samba na avenida durante o Carnaval, um evento que j\u00e1 teve sua import\u00e2ncia reconhecida como uma das festas culturais mais significativas do Brasil. Em 1966, sua interpreta\u00e7\u00e3o do samba &#8220;Mem\u00f3rias de um Sargento de Mil\u00edcias&#8221;, de Paulinho da Viola, marcou sua entrada nas grandes ligas do samba.<\/p>\n<p>Al\u00e9m de suas performances, Tia Surica tamb\u00e9m ocupou cargos importantes dentro da Portela, uma das escolas de samba mais tradicionais do Rio de Janeiro, onde atuou como presidente de honra. Isso demonstra n\u00e3o s\u00f3 seu talento musical, mas tamb\u00e9m seu compromisso em garantir que a cultura do samba continue a prosperar. Seus \u00e1lbuns, como &#8220;Surica&#8221; de 2004, re\u00fanem composi\u00e7\u00f5es de grandes autores e fazem parte do legado cultural que ela deixa.<\/p>\n<h2>A import\u00e2ncia do samba na cultura brasileira<\/h2>\n<p>O samba n\u00e3o \u00e9 apenas uma forma de m\u00fasica; \u00e9 uma express\u00e3o cultural que carrega consigo hist\u00f3ria, identidade e emo\u00e7\u00f5es. Nascido nas comunidades afro-brasileiras no final do s\u00e9culo XIX, o samba evoluiu como uma forma de resist\u00eancia cultural, refletindo as viv\u00eancias e as lutas da popula\u00e7\u00e3o negra no Brasil. O g\u00eanero, com suas batidas contagiantes e letras que falam de amor, dor, alegria e cotidiano, \u00e9 um testemunho vivo da rica heran\u00e7a africana no Brasil.<\/p>\n<p>Atrav\u00e9s do samba, as comunidades encontraram uma forma de se unir e expressar suas hist\u00f3rias e desafios. Isso \u00e9 evidente nos desfiles das escolas de samba durante o Carnaval, onde a criatividade e a paix\u00e3o se manifestam em performances grandiosas que atraem milh\u00f5es de espectadores. Al\u00e9m disso, o samba promove a inclus\u00e3o social, reunindo pessoas de diferentes origens e classes sociais em um espa\u00e7o comum onde a m\u00fasica e a dan\u00e7a s\u00e3o as protagonistas.<\/p>\n<p>Hoje em dia, o samba continua a ser um dos pilares da cultura brasileira. Ele influencia n\u00e3o apenas a m\u00fasica, mas tamb\u00e9m a dan\u00e7a, a moda, a culin\u00e1ria e as artes visuais. O samba \u00e9 um s\u00edmbolo de resist\u00eancia e um remanescente do rico legado africano que moldou o Brasil. Atrav\u00e9s da celebra\u00e7\u00e3o do samba, a cultura afro-brasileira n\u00e3o s\u00f3 sobrevive, mas tamb\u00e9m prospera, inspirando novas gera\u00e7\u00f5es a abra\u00e7ar suas ra\u00edzes e compartilhar suas hist\u00f3rias.<\/p>\n<h2>Os melhores sambas de Tia Surica<\/h2>\n<p>Tia Surica, ao longo de sua vasta carreira, gravou v\u00e1rios sambas que se tornaram cl\u00e1ssicos do g\u00eanero. Entre os seus \u00e1lbuns, destaque para &#8220;Surica&#8221;, de 2004, que apresenta uma combina\u00e7\u00e3o de composi\u00e7\u00f5es de renomados sambistas. Entre as faixas mais amadas est\u00e3o &#8220;Cafofo da Surica&#8221;, que homenageia o famoso ponto de encontro da matriarca, e &#8220;Que lugar&#8221;, de Argemiro, que ilustra a rica tradi\u00e7\u00e3o do samba.<\/p>\n<p>Entre as melhores can\u00e7\u00f5es, n\u00e3o podemos deixar de mencionar \u201cLama\u201d, de Mauro Duarte, que reflete a conex\u00e3o da sambista com seu passado e suas ra\u00edzes. A m\u00fasica fala sobre a vida simples e os altos e baixos que fazem parte da caminhada da vida, uma tem\u00e1tica frequentemente explorada em suas composi\u00e7\u00f5es. Outra can\u00e7\u00e3o memor\u00e1vel \u00e9 &#8220;Preciso Me Encontrar&#8221;, de Candeia. Essa m\u00fasica capta um sentimento de busca e reflex\u00e3o, ressoando profundamente com aqueles que j\u00e1 sentiram a necessidade de retornar \u00e0s suas ra\u00edzes e reconectar-se com sua verdadeira ess\u00eancia.<\/p>\n<p>Al\u00e9m destas, Tia Surica tamb\u00e9m reinterpreta cl\u00e1ssicos que homenageiam seus colegas da Velha Guarda da Portela, tornando suas apresenta\u00e7\u00f5es n\u00e3o s\u00f3 uma celebra\u00e7\u00e3o de sua pr\u00f3pria carreira, mas tamb\u00e9m um tributo \u00e0 hist\u00f3ria do samba. A for\u00e7a de sua voz e a profundidade de suas letras combinadas com sua trajet\u00f3ria de vida fazem de suas performances uma experi\u00eancia rica e emocionante, que continua a encantar o p\u00fablico.<\/p>\n<h2>Ney Lopes: um artista multifacetado<\/h2>\n<p>Ney Lopes n\u00e3o \u00e9 apenas um compositor de samba; ele \u00e9 um artista multifacetado que tamb\u00e9m se destaca como escritor e pesquisador. Sua contribui\u00e7\u00e3o ao samba e \u00e0 cultura brasileira \u00e9 amplamente reconhecida, e seu trabalho abrange desde a composi\u00e7\u00e3o at\u00e9 a pesquisa hist\u00f3rica. Suas can\u00e7\u00f5es, muitas vezes inspiradas no cotidiano e nas viv\u00eancias do povo brasileiro, s\u00e3o um testamento de sua habilidade em traduzir experi\u00eancias em m\u00fasica.<\/p>\n<p>Com mais de 50 anos de carreira musical, Ney Lopes lan\u00e7ou v\u00e1rios \u00e1lbuns que s\u00e3o essenciais para entender a evolu\u00e7\u00e3o do samba. Ele tem um papel ativo em preservar a hist\u00f3ria do samba, colaborando com outros artistas e partilhando seu conhecimento com a nova gera\u00e7\u00e3o. Sua discografia \u00e9 repleta de can\u00e7\u00f5es ic\u00f4nicas, como &#8220;Vara de Fam\u00edlia&#8221; e &#8220;Goiabada Casc\u00e3o&#8221;, que capturam o esp\u00edrito alegre e aut\u00eantico do samba.<\/p>\n<p>Al\u00e9m disso, a dedica\u00e7\u00e3o de Ney Lopes \u00e0 literatura \u00e9 admir\u00e1vel. Ele escreveu mais de 40 livros, muitos dos quais abordam a cultura africana e a hist\u00f3ria do samba. O reconhecimento de seu trabalho \u00e9 evidenciado pela premia\u00e7\u00e3o que recebeu, incluindo o Pr\u00eamio Jabuti, um dos mais prestigiados do Brasil. Ney n\u00e3o apenas comp\u00f5e e pesquisa, mas tamb\u00e9m educa, tendo contribu\u00eddo para formar a base de conhecimento sobre a cultura afro-brasileira e garantindo que ela seja apreciada e aprendida por todos.<\/p>\n<h2>O papel do samba como resist\u00eancia cultural<\/h2>\n<p>O samba \u00e9 muitas vezes descrito como a voz da resist\u00eancia cultural no Brasil. Surgindo em um contexto hist\u00f3rico onde a popula\u00e7\u00e3o afro-brasileira enfrentava discrimina\u00e7\u00e3o, o samba tornou-se uma forma de autoafirma\u00e7\u00e3o e resist\u00eancia. As letras das m\u00fasicas frequentemente abordam temas de luta, amor, amizade e a busca pela liberdade, refletindo as experi\u00eancias vividas pelo povo.<\/p>\n<p>Hoje, o samba continua a ser uma poderosa ferramenta de resist\u00eancia. Artistas utilizam suas can\u00e7\u00f5es para levantar quest\u00f5es sociais, abordando problemas como desigualdade, racismo e injusti\u00e7a. O samba serve como um meio de resist\u00eancia, permitindo que artistas e comunidades expressem sua diversidade e identidades culturais em um espa\u00e7o que \u00e9 frequentemente dominado pela homogeneidade.<\/p>\n<p>Atrav\u00e9s do samba, muitos artistas se tornam porta-vozes da luta por justi\u00e7a social, utilizando sua plataforma para promover mudan\u00e7as positivas. O g\u00eanero, portanto, n\u00e3o \u00e9 apenas entretenimento, mas um movimento cultural que desafia a opress\u00e3o e celebra a identidade afro-brasileira. Em um mundo onde a luta por igualdade e respeito continua, o samba se mant\u00e9m como uma for\u00e7a vital, mantendo vivas as hist\u00f3rias e as lutas que moldam a sociedade brasileira.<\/p>\n<h2>Como o samba influenciou a m\u00fasica brasileira<\/h2>\n<p>O samba, ao longo das d\u00e9cadas, influenciou profundamente a m\u00fasica brasileira e tornou-se um dos g\u00eaneros mais emblem\u00e1ticos do pa\u00eds. Sua batida contagiante e suas letras apaixonadas inspiraram diversos estilos musicais que emergiram no Brasil. O g\u00eanero \u00e9 uma fus\u00e3o de ritmos africanos, ind\u00edgenas e europeus, refletindo a rica diversidade cultural que comp\u00f5e a identidade brasileira.<\/p>\n<p>A influ\u00eancia do samba \u00e9 vis\u00edvel em muitos outros g\u00eaneros, como bossa nova, MPB, pagode e funk carioca. A bossa nova, por exemplo, surgiu nos anos 50 e incorporou elementos suaves do samba, criando um estilo que balan\u00e7ou o mundo inteiro e continua a gerar admiradores. M\u00fasicos como Tom Jobim e Jo\u00e3o Gilberto carregaram a ess\u00eancia do samba em suas obras, alavancando-o para o p\u00fablico internacional.<\/p>\n<p>Al\u00e9m disso, o samba tamb\u00e9m desempenhou um papel crucial no desenvolvimento do Carnaval, uma das maiores festas do mundo. Esta celebra\u00e7\u00e3o n\u00e3o s\u00f3 valoriza a m\u00fasica, mas tamb\u00e9m uni\u00e3o e a diversidade, refletindo o esp\u00edrito do povo brasileiro. Atrav\u00e9s do samba, as comunidades se re\u00fanem para celebrar sua cultura e identidade, fazendo do Carnaval um espa\u00e7o de resist\u00eancia e visibilidade.<\/p>\n<h2>As apresenta\u00e7\u00f5es imperd\u00edveis deste final de semana<\/h2>\n<p>Com a rica tradi\u00e7\u00e3o do samba presente na agenda cultural deste final de semana, n\u00e3o h\u00e1 como perder a oportunidade de prestigiar Tia Surica e Ney Lopes. Tia Surica, em sua apresenta\u00e7\u00e3o no Teatro Rival Petrobras, no Rio de Janeiro, comemora seu anivers\u00e1rio, trazendo \u00e0 tona m\u00fasicas que celebram sua carreira e a cultura do samba. \u00c9 uma chance \u00fanica de ver a matriarca do samba em a\u00e7\u00e3o, cercada de amigos e admiradores que se reunir\u00e3o para homenage\u00e1-la.<\/p>\n<p>Por outro lado, Ney Lopes apresenta seu show &#8220;Sambeab\u00e1&#8221; no Sesc Bom Retiro, em S\u00e3o Paulo, onde ele compartilha novas composi\u00e7\u00f5es e cl\u00e1ssicos que marcaram sua carreira. Ambas as apresenta\u00e7\u00f5es prometem ser uma verdadeira celebra\u00e7\u00e3o do samba, com momentos de emo\u00e7\u00e3o e alegria que capturam a ess\u00eancia da m\u00fasica brasileira. Participar de um desses shows \u00e9 mais do que entretenimento; \u00e9 uma experi\u00eancia cultural que enriquece a conex\u00e3o entre passado e presente no universo do samba.<\/p>\n<h2>O que esperar dos shows de Ney Lopes e Tia Surica<\/h2>\n<p>Os shows de Ney Lopes e Tia Surica s\u00e3o esperados com grande entusiasmo por f\u00e3s do samba. Tia Surica, com sua longa carreira, promete trazer ao palco um repert\u00f3rio recheado de sambas que marcam sua trajet\u00f3ria, interpretados com a for\u00e7a e a emo\u00e7\u00e3o que s\u00f3 ela \u00e9 capaz de transmitir. Ser\u00e1 uma oportunidade de recordar cl\u00e1ssicos e celebrar os novos talentos que se juntam a ela no palco.<\/p>\n<p>Por sua vez, Ney Lopes oferecer\u00e1 ao p\u00fablico uma sele\u00e7\u00e3o de can\u00e7\u00f5es que refletem suas mais de cinco d\u00e9cadas de experi\u00eancia musical. Os espectadores podem esperar um show vibrante, que n\u00e3o apenas conta a hist\u00f3ria do samba, mas tamb\u00e9m dialoga com o presente, destacando a relev\u00e2ncia cont\u00ednua do samba na cultura brasileira. A passagem de Ney pelo palco \u00e9 sempre um mix de ritmo, emo\u00e7\u00e3o e reflex\u00e3o, convidando todos a se conectarem com a verdadeira ess\u00eancia do samba.<\/p>\n<h2>Como o samba representa a for\u00e7a da comunidade afro-brasileira<\/h2>\n<p>O samba n\u00e3o \u00e9 apenas um g\u00eanero musical; \u00e9 uma representa\u00e7\u00e3o vibrante da for\u00e7a, resili\u00eancia e influ\u00eancia da comunidade afro-brasileira. Sua origem est\u00e1 profundamente entrela\u00e7ada com a hist\u00f3ria da popula\u00e7\u00e3o negra no Brasil, sendo um reflexo das lutas, alegrias e tradi\u00e7\u00f5es que moldaram essa comunidade ao longo dos anos. Atrav\u00e9s do samba, as vozes e hist\u00f3rias dessas comunidades prevalecem, conservando suas identidades e assegurando sua visibilidade.<\/p>\n<p>A presen\u00e7a do samba em eventos culturais, como o Carnaval, ilustra a celebra\u00e7\u00e3o da cultura africana no Brasil. \u00c9 um momento onde as tradi\u00e7\u00f5es s\u00e3o exaltadas, e a m\u00fasica e a dan\u00e7a tornam-se ferramentas de express\u00e3o coletiva. O samba \u00e9 uma forma de resist\u00eancia que desafia a opress\u00e3o e promove a igualdade e a uni\u00e3o entre as pessoas, independentemente de sua origem.<\/p>\n<p>Essa for\u00e7a do samba se reflete na forma como ele conecta pessoas, gera\u00e7\u00f5es e culturas, trazendo \u00e0 tona a hist\u00f3ria e as vozes de uma comunidade que continua a lutar por reconhecimento e igualdade. O samba, portanto, transcende a m\u00fasica; ele \u00e9 uma forma de arte que abriga e propaga a riqu\u00edssima cultura afro-brasileira, celebrando o passado e desafiando o futuro.<\/p>\n\n<div style=\"font-size: 0px; height: 0px; line-height: 0px; margin: 0; padding: 0; clear: both;\"><\/div>","protected":false},"excerpt":{"rendered":"<p>O final de semana \u00e9 ideal para aproveitar o samba em ritmo alegre.<\/p>\n","protected":false},"author":1,"featured_media":2160,"comment_status":"open","ping_status":"closed","sticky":false,"template":"","format":"standard","meta":{"footnotes":""},"categories":[6],"tags":[],"class_list":["post-2161","post","type-post","status-publish","format-standard","has-post-thumbnail","hentry","category-noticias-no-bom-retiro","has_thumb"],"aioseo_notices":[],"_links":{"self":[{"href":"https:\/\/www.encontrabomretiro.com.br\/sobre\/wp-json\/wp\/v2\/posts\/2161","targetHints":{"allow":["GET"]}}],"collection":[{"href":"https:\/\/www.encontrabomretiro.com.br\/sobre\/wp-json\/wp\/v2\/posts"}],"about":[{"href":"https:\/\/www.encontrabomretiro.com.br\/sobre\/wp-json\/wp\/v2\/types\/post"}],"author":[{"embeddable":true,"href":"https:\/\/www.encontrabomretiro.com.br\/sobre\/wp-json\/wp\/v2\/users\/1"}],"replies":[{"embeddable":true,"href":"https:\/\/www.encontrabomretiro.com.br\/sobre\/wp-json\/wp\/v2\/comments?post=2161"}],"version-history":[{"count":0,"href":"https:\/\/www.encontrabomretiro.com.br\/sobre\/wp-json\/wp\/v2\/posts\/2161\/revisions"}],"wp:featuredmedia":[{"embeddable":true,"href":"https:\/\/www.encontrabomretiro.com.br\/sobre\/wp-json\/wp\/v2\/media\/2160"}],"wp:attachment":[{"href":"https:\/\/www.encontrabomretiro.com.br\/sobre\/wp-json\/wp\/v2\/media?parent=2161"}],"wp:term":[{"taxonomy":"category","embeddable":true,"href":"https:\/\/www.encontrabomretiro.com.br\/sobre\/wp-json\/wp\/v2\/categories?post=2161"},{"taxonomy":"post_tag","embeddable":true,"href":"https:\/\/www.encontrabomretiro.com.br\/sobre\/wp-json\/wp\/v2\/tags?post=2161"}],"curies":[{"name":"wp","href":"https:\/\/api.w.org\/{rel}","templated":true}]}}