{"id":2104,"date":"2025-11-20T07:48:00","date_gmt":"2025-11-20T09:48:00","guid":{"rendered":"https:\/\/www.encontrabomretiro.com.br\/sobre\/acalanto-palavras-de-cuidado-palavras-de-ninar\/"},"modified":"2025-11-20T07:48:00","modified_gmt":"2025-11-20T09:48:00","slug":"acalanto-palavras-de-cuidado-palavras-de-ninar","status":"publish","type":"post","link":"https:\/\/www.encontrabomretiro.com.br\/sobre\/acalanto-palavras-de-cuidado-palavras-de-ninar\/","title":{"rendered":"Acalanto: Palavras de Cuidado, Palavras de Ninar"},"content":{"rendered":"<div class=\"228b65ae207de3c5c501cfe75875708b\" data-index=\"1\" style=\"float: none; margin:0px;\">\n<!-- Anuncio display - global -->\r\n<ins class=\"adsbygoogle\"\r\n     style=\"display:block\"\r\n     data-ad-client=\"ca-pub-8585364105181520\"\r\n     data-ad-slot=\"8789329856\"\r\n     data-ad-format=\"auto\"\r\n     data-full-width-responsive=\"true\"><\/ins>\r\n<script>\r\n     (adsbygoogle = window.adsbygoogle || []).push({});\r\n<\/script>\n<\/div>\n<h2>Acalanto: Uma Jornada de Cuidado e Imagina\u00e7\u00e3o<\/h2>\n<p>O conceito de <strong>Acalanto<\/strong> \u00e9 profundamente enraizado na cultura brasileira, representando uma forma de carinho e conforto. O ato de acalentar remete ao cuidado e \u00e0 prote\u00e7\u00e3o, especialmente quando se trata de crian\u00e7as. Em um mundo que muitas vezes parece ca\u00f3tico e indiferente, \u00e9 essencial preservar esses momentos de ternura e amor. O livro <em>Acalanto: Palavras de Cuidado, Palavras de Ninar<\/em> \u00e9 um convite para explorar esse universo de sentimentos, emo\u00e7\u00f5es e a beleza da imagina\u00e7\u00e3o que tudo isso pode oferecer.<\/p>\n<p>A narrativa presente na obra n\u00e3o apenas instrui, mas tamb\u00e9m oferece um espa\u00e7o para as crian\u00e7as aprenderem sobre a sua pr\u00f3pria sensibilidade e a import\u00e2ncia do afeto em suas vidas. Conforme as palavras se desenrolam, somos levados por uma jornada onde a criatividade e o cuidado se entrela\u00e7am, criando um ambiente segura, onde cada leitor pode encontrar conforto e esperan\u00e7a. O livro \u00e9 um recurso inestim\u00e1vel que convida \u00e0 reflex\u00e3o sobre as rela\u00e7\u00f5es familiares e a passagem do tempo, um elemento central que ressoa em cada p\u00e1gina.<\/p>\n<h2>O Lan\u00e7amento do Livro e Seus Convidados Especiais<\/h2>\n<p>O lan\u00e7amento de <em>Acalanto<\/em> foi um evento que reuniu figuras influentes do mundo liter\u00e1rio, cultural e social. Entre os convidados estava o autor Renato Gama, um talento emergente na literatura infantil. O evento aconteceu em um espa\u00e7o acolhedor e inspirador, projetado para transmitir aos participantes n\u00e3o apenas as palavras do livro, mas tamb\u00e9m a energia densa de solidariedade e conex\u00e3o que permeia sua mensagem.<\/p>\n<p>Os convidados especiais trouxeram suas pr\u00f3prias hist\u00f3rias de vida e experi\u00eancias, contribuindo para uma discuss\u00e3o rica e envolvente. As hist\u00f3rias de cada um se entrela\u00e7aram de maneiras inesperadas, proporcionando momentos de reflex\u00e3o e risos. Esse ambiente cheio de troca de ideias e sentimentos fez com que todos se sentissem parte de uma grande fam\u00edlia, destacando a import\u00e2ncia da literatura na forma\u00e7\u00e3o de la\u00e7os afetivos e sociais.<\/p>\n<h2>Quem \u00e9 Renato Gama? O Autor por Tr\u00e1s da Obra<\/h2>\n<p><strong>Renato Gama<\/strong> \u00e9 um nome que est\u00e1 se tornando sin\u00f4nimo de qualidade na literatura infantil. Com uma trajet\u00f3ria que abrange diversas \u00e1reas art\u00edsticas como composi\u00e7\u00e3o, dramaturgia e musicoterapia, Renato traz uma perspectiva \u00fanica para suas obras. O seu comprometimento em promover o bem-estar emocional e psicol\u00f3gico das crian\u00e7as por meio de suas hist\u00f3rias \u00e9 not\u00e1vel.<\/p>\n<p>O autor \u00e9 conhecido por sua habilidade em contar hist\u00f3rias que n\u00e3o apenas entret\u00eam, mas tamb\u00e9m educam e confortam. O seu livro anterior, <em>Neguinha, Sim!<\/em>, foi aclamado e finalista de importantes pr\u00eamios, consolidando sua posi\u00e7\u00e3o como uma voz importante na literatura voltada para o p\u00fablico infantil. Atrav\u00e9s de sua narrativa, ele busca reduzir as dist\u00e2ncias entre sonho e realidade, criando um espa\u00e7o onde as crian\u00e7as podem sentir e compreender suas emo\u00e7\u00f5es.<\/p>\n<h2>A Import\u00e2ncia da Literatura Infantil na Forma\u00e7\u00e3o<\/h2>\n<p>A literatura infantil desempenha um papel crucial na forma\u00e7\u00e3o das crian\u00e7as, proporcionando tanto entretenimento quanto aprendizagem. \u00c9 atrav\u00e9s das hist\u00f3rias que as crian\u00e7as exploram o mundo, desenvolvem a empatia e ampliam seu vocabul\u00e1rio. Livros como <em>Acalanto<\/em> s\u00e3o fundamentais para cultivar o amor pela leitura desde cedo.<\/p>\n<p>Al\u00e9m disso, a literatura infantil serve como um meio de comunica\u00e7\u00e3o entre a crian\u00e7a e o adulto, facilitando discuss\u00f5es sobre sentimentos, valores e experi\u00eancias de vida. Esse di\u00e1logo pode ser enriquecedor e transformador, permitindo que as crian\u00e7as se sintam vistas e ouvidas em suas incertezas e curiosidades. Contar hist\u00f3rias e ouvir hist\u00f3rias n\u00e3o \u00e9 apenas divertido, mas tamb\u00e9m uma pr\u00e1tica que prepara as crian\u00e7as para a vida, ajudando-as a se tornarem indiv\u00edduos mais conscientes, solid\u00e1rios e cr\u00edticos.<\/p>\n<h2>Convidados do Evento: Conhe\u00e7a os Participantes<\/h2>\n<p>O lan\u00e7amento de <em>Acalanto<\/em> n\u00e3o seria o mesmo sem a presen\u00e7a de convidados marcantes que enriqueceram a conversa. Personalidades como <strong>Claudia Ad\u00e3o<\/strong>, uma assistente social e doula, trouxeram reflex\u00f5es sobre o cuidado e a solidariedade nas rela\u00e7\u00f5es humanas. Seu trabalho destaca a import\u00e2ncia de construir comunidades que oferecem suporte e amor, especialmente para os mais vulner\u00e1veis.<\/p>\n<p>Outro convidado not\u00e1vel foi <strong>Beth Beli<\/strong>, uma figura influente na m\u00fasica e arte afro-brasileira. A sua contribui\u00e7\u00e3o para a arte, como regente de um bloco afro, evidencia a intersec\u00e7\u00e3o entre cultura e educa\u00e7\u00e3o. Ela compartilhou suas experi\u00eancias sobre como a m\u00fasica pode ser uma ferramenta poderosa para a constru\u00e7\u00e3o de identidades e a promo\u00e7\u00e3o de di\u00e1logos sociais importantes.<\/p>\n<h2>Como a Saudade \u00e9 Retratada em Acalanto<\/h2>\n<p>A saudade \u00e9 um tema profundamente presente na cultura brasileira e, no livro <em>Acalanto<\/em>, ela \u00e9 abordada de maneira delicada e carinhosa. Atrav\u00e9s das p\u00e1ginas, os leitores poder\u00e3o explorar como a saudade, embora muitas vezes dolorosa, tamb\u00e9m pode ser um espa\u00e7o para o crescimento e a aprendizagem. O menino da hist\u00f3ria experimenta a aus\u00eancia da m\u00e3e de uma forma que permite a ele criar novas mem\u00f3rias e sonhar com um futuro onde o amor materno ainda est\u00e1 presente, mesmo que fisicamente distante.<\/p>\n<p>Essa abordagem \u00e0 saudade como parte da vida mostra que, embora as aus\u00eancias possam ser dif\u00edceis, elas tamb\u00e9m podem abrir portas para novas possibilidades e formas de conex\u00e3o, como a rela\u00e7\u00e3o com a av\u00f3 e os seres fant\u00e1sticos que surgem em suas noites solit\u00e1rias. O livro se torna, assim, uma celebra\u00e7\u00e3o da vida e da for\u00e7a do amor que transcende tempos e espa\u00e7os.<\/p>\n<h2>A Rela\u00e7\u00e3o entre M\u00fasica e Literatura no Livro<\/h2>\n<p>A intersec\u00e7\u00e3o entre m\u00fasica e literatura \u00e9 um dos pontos altos do livro <em>Acalanto<\/em>. Renato Gama, sendo um musicoterapeuta, utiliza ritmos e melodias como ferramentas para enriquecer a narrativa e criar um ambiente sonoro rico que complementa o texto. A m\u00fasica n\u00e3o s\u00f3 serve como um pano de fundo, mas tamb\u00e9m como um personagem em si, ajudando a construir as emo\u00e7\u00f5es e a atmosfera da hist\u00f3ria.<\/p>\n<p>Essa uni\u00e3o proposta no livro ressalta a import\u00e2ncia de ouvir e contar hist\u00f3rias de maneira harmoniosa, onde cada elemento se complementa. Al\u00e9m disso, a m\u00fasica tem o poder de incentivar a mem\u00f3ria afetiva e facilitar a assimila\u00e7\u00e3o de sentimentos complexos entre as crian\u00e7as, tornando a experi\u00eancia de leitura ainda mais rica e envolvente. A m\u00fasica, assim, torna-se uma ponte que conecta o texto \u00e0s emo\u00e7\u00f5es sentidas pelo protagonista.<\/p>\n<h2>Acalanto e Seus Temas de Cuidado e Amor<\/h2>\n<p>Os temas de cuidado e amor permeiam cada p\u00e1gina de <em>Acalanto<\/em>, exemplificando a import\u00e2ncia dessas emo\u00e7\u00f5es nas rela\u00e7\u00f5es humanas. A hist\u00f3ria traz \u00e0 tona o valor do acolhimento e do cuidado entre gera\u00e7\u00f5es, criando um espa\u00e7o para que as crian\u00e7as compreendam e absorvam a import\u00e2ncia desses sentimentos em suas vidas.<\/p>\n<p>O livro encoraja crian\u00e7as a expressar carinho e a buscar conex\u00f5es, seja com fam\u00edlia, amigos ou at\u00e9 mesmo com o pr\u00f3prio eu interior. A maneira como Renato Gama descreve o protagonismo da av\u00f3 na vida do menino enfatiza que o amor n\u00e3o se restringe a rela\u00e7\u00f5es parentais diretas, podendo ser encontrado em todas as formas de intera\u00e7\u00e3o humana.<\/p>\n<h2>Inscreva-se para o Evento no Sesc S\u00e3o Paulo<\/h2>\n<p>A participa\u00e7\u00e3o em eventos liter\u00e1rios como o lan\u00e7amento de <em>Acalanto<\/em> n\u00e3o s\u00f3 enriquece o conhecimento sobre a obra, mas tamb\u00e9m proporciona um espa\u00e7o para trocar ideias e viv\u00eancias com outros amantes da literatura. Inscrever-se para eventos no <strong>Sesc S\u00e3o Paulo<\/strong> \u00e9 uma experi\u00eancia que vale a pena, pois permite um contato direto com autores e especialistas na \u00e1rea, al\u00e9m de promover uma sensa\u00e7\u00e3o de comunidade entre os participantes.<\/p>\n<p>Os eventos organizados pelo Sesc buscam integrar a arte, a cultura e a educa\u00e7\u00e3o, oferecendo uma s\u00e9rie de atividades que atendem a diferentes faixas et\u00e1rias e interesses, desde palestras at\u00e9 workshops e apresenta\u00e7\u00f5es art\u00edsticas. N\u00e3o perca a oportunidade de fazer parte dessa jornada e se inscrever para a programa\u00e7\u00e3o, que \u00e9 frequentemente atualizada e conta com diversas atividades relevantes ao universo cultural.<\/p>\n<h2>Por Que Ler Acalanto \u00e9 Importante para Crian\u00e7as?<\/h2>\n<p>Realizar a leitura de <em>Acalanto<\/em> \u00e9 mais do que apenas entreter as crian\u00e7as; \u00e9 uma forma de investir no seu desenvolvimento emocional e social. Atrav\u00e9s das hist\u00f3rias contadas, as crian\u00e7as t\u00eam a oportunidade de se confrontar com seus sentimentos, aprendendo a nome\u00e1-los e a enfrent\u00e1-los de forma saud\u00e1vel. O livro tamb\u00e9m estimula a criatividade, permitindo que os pequenos imaginem e explorem novos mundos.<\/p>\n<p>A leitura da obra possibilita di\u00e1logos entre crian\u00e7as e adultos, criando uma possibilidade real de reflex\u00e3o sobre temas como a saudade, o amor e o cuidado, que s\u00e3o essenciais para o desenvolvimento de rela\u00e7\u00f5es interpessoais saud\u00e1veis. Os impactos positivos da leitura se estendem ao car\u00e1ter, \u00e0 empatia e ao entendimento das din\u00e2micas sociais, tornando a literatura uma ferramenta poderosa na forma\u00e7\u00e3o do cidad\u00e3o consciente e cr\u00edtico.<\/p>\n<p>Com toda a riqueza que <em>Acalanto<\/em> traz, n\u00e3o \u00e9 apenas uma leitura, mas sim uma experi\u00eancia transformadora, que se prop\u00f5e a ficar na mem\u00f3ria e no cora\u00e7\u00e3o de cada pequeno leitor. Portanto, \u00e9 fundamental incentivar e proporcionar o acesso a obras que conduzam as crian\u00e7as a essa autodescoberta e crescimento pessoal.<\/p>\n\n<div style=\"font-size: 0px; height: 0px; line-height: 0px; margin: 0; padding: 0; clear: both;\"><\/div>","protected":false},"excerpt":{"rendered":"<p>Acalanto traz palavras de cuidado e ninar em um novo livro emocionante.<\/p>\n","protected":false},"author":1,"featured_media":0,"comment_status":"open","ping_status":"closed","sticky":false,"template":"","format":"standard","meta":{"footnotes":""},"categories":[17],"tags":[],"class_list":["post-2104","post","type-post","status-publish","format-standard","hentry","category-cultura-no-bom-retiro"],"aioseo_notices":[],"_links":{"self":[{"href":"https:\/\/www.encontrabomretiro.com.br\/sobre\/wp-json\/wp\/v2\/posts\/2104","targetHints":{"allow":["GET"]}}],"collection":[{"href":"https:\/\/www.encontrabomretiro.com.br\/sobre\/wp-json\/wp\/v2\/posts"}],"about":[{"href":"https:\/\/www.encontrabomretiro.com.br\/sobre\/wp-json\/wp\/v2\/types\/post"}],"author":[{"embeddable":true,"href":"https:\/\/www.encontrabomretiro.com.br\/sobre\/wp-json\/wp\/v2\/users\/1"}],"replies":[{"embeddable":true,"href":"https:\/\/www.encontrabomretiro.com.br\/sobre\/wp-json\/wp\/v2\/comments?post=2104"}],"version-history":[{"count":0,"href":"https:\/\/www.encontrabomretiro.com.br\/sobre\/wp-json\/wp\/v2\/posts\/2104\/revisions"}],"wp:attachment":[{"href":"https:\/\/www.encontrabomretiro.com.br\/sobre\/wp-json\/wp\/v2\/media?parent=2104"}],"wp:term":[{"taxonomy":"category","embeddable":true,"href":"https:\/\/www.encontrabomretiro.com.br\/sobre\/wp-json\/wp\/v2\/categories?post=2104"},{"taxonomy":"post_tag","embeddable":true,"href":"https:\/\/www.encontrabomretiro.com.br\/sobre\/wp-json\/wp\/v2\/tags?post=2104"}],"curies":[{"name":"wp","href":"https:\/\/api.w.org\/{rel}","templated":true}]}}