{"id":2099,"date":"2025-11-19T07:30:00","date_gmt":"2025-11-19T09:30:00","guid":{"rendered":"https:\/\/www.encontrabomretiro.com.br\/sobre\/abram-szajman-lideranca-e-representatividade\/"},"modified":"2025-11-19T07:30:00","modified_gmt":"2025-11-19T09:30:00","slug":"abram-szajman-lideranca-e-representatividade","status":"publish","type":"post","link":"https:\/\/www.encontrabomretiro.com.br\/sobre\/abram-szajman-lideranca-e-representatividade\/","title":{"rendered":"Abram Szajman: lideran\u00e7a e representatividade"},"content":{"rendered":"<div class=\"228b65ae207de3c5c501cfe75875708b\" data-index=\"1\" style=\"float: none; margin:0px;\">\n<!-- Anuncio display - global -->\r\n<ins class=\"adsbygoogle\"\r\n     style=\"display:block\"\r\n     data-ad-client=\"ca-pub-8585364105181520\"\r\n     data-ad-slot=\"8789329856\"\r\n     data-ad-format=\"auto\"\r\n     data-full-width-responsive=\"true\"><\/ins>\r\n<script>\r\n     (adsbygoogle = window.adsbygoogle || []).push({});\r\n<\/script>\n<\/div>\n<h2>A ascens\u00e3o de Abram Szajman no com\u00e9rcio<\/h2>\n<p>Abram Szajman \u00e9 um nome que ressoa fortemente no cen\u00e1rio do com\u00e9rcio e dos servi\u00e7os no Brasil. Sua trajet\u00f3ria transmite li\u00e7\u00f5es valiosas sobre lideran\u00e7a e a import\u00e2ncia de uma representa\u00e7\u00e3o s\u00f3lida no setor. Desde os primeiros passos no mundo dos neg\u00f3cios, at\u00e9 a posi\u00e7\u00e3o de destaque que ocupa hoje, Szajman exemplifica a dedica\u00e7\u00e3o e a vis\u00e3o necess\u00e1ria para enfrentar os desafios do com\u00e9rcio.<\/p>\n<p>Nascido em uma fam\u00edlia de imigrantes judeus poloneses, Abram cresceu em uma realidade modesta no Bom Retiro, bairro de S\u00e3o Paulo conhecido por seu dinamismo comercial e multiculturalismo. Desde jovem, ele teve uma compreens\u00e3o primordial sobre a import\u00e2ncia do trabalho duro. Sua experi\u00eancia inicial como office-boy na loja de seu tio foi o in\u00edcio de um percurso que o levaria a se tornar um dos mais influentes l\u00edderes do com\u00e9rcio no pa\u00eds. Szajman percebeu, desde cedo, que sua forma\u00e7\u00e3o precisava ser cont\u00ednua e ampliada. Ele investiu em sua educa\u00e7\u00e3o formal, cursando contabilidade e se envolvendo em atividades que o inseriram no meio comercial, o que proporcionou uma base s\u00f3lida para seus projetos futuros.<\/p>\n<p>Com uma trajet\u00f3ria pautada em aprendizado e crescimento, Szajman se filiou a sindicatos da classe patronal e rapidamente subiu na hierarquia, assumindo cargos de dire\u00e7\u00e3o. Esse movimento n\u00e3o apenas consolidou sua posi\u00e7\u00e3o como um l\u00edder respeitado, mas tamb\u00e9m o preparou para desafios cada vez maiores, que viriam a se arranjar em sua carreira. Sua maior conquista at\u00e9 o momento tem sido, sem d\u00favida, a presid\u00eancia da FecomercioSP, entidade que defende os interesses das classes comerciais e de servi\u00e7os do estado de S\u00e3o Paulo e que, sob sua lideran\u00e7a, se modernizou e teve seu papel social muito bem reestruturado.<\/p>\n<p><img decoding=\"async\" src=\"https:\/\/www.encontrabomretiro.com.br\/sobre\/wp-content\/uploads\/2025\/11\/abram-szajman-lideranca-e-representatividade.webp\" alt=\"lideran\u00e7a e representatividade\" loading=\"lazy\" \/><\/p>\n<h2>Experi\u00eancias de inf\u00e2ncia que moldaram um l\u00edder<\/h2>\n<p>A inf\u00e2ncia de Szajman \u00e9 um reflexo de sua determina\u00e7\u00e3o e foco no futuro. Crescendo em um lar onde os desafios eram a constante, a criatividade e a resili\u00eancia se tornaram suas melhores aliadas. Os jogos de futebol nas ruas de paralelep\u00edpedos e as intera\u00e7\u00f5es com a comunidade o ensinaram sobre trabalho coletivo e colabora\u00e7\u00e3o.<\/p>\n<p>Al\u00e9m disso, a diversidade cultural do Bom Retiro foi crucial em sua forma\u00e7\u00e3o. Interagir com uma mir\u00edade de culturas e tradi\u00e7\u00f5es n\u00e3o s\u00f3 ampliou sua vis\u00e3o de mundo, mas ensinou a import\u00e2ncia da inclus\u00e3o e da aceita\u00e7\u00e3o. Szajman aprendeu que a for\u00e7a de uma comunidade reside na diversidade de suas vozes. Essa li\u00e7\u00e3o tamb\u00e9m o acompanharia garantindo que sua abordagem no com\u00e9rcio sempre considerasse a representatividade e a inclus\u00e3o.<\/p>\n<p>Outro aspecto importante de sua inf\u00e2ncia foi a experi\u00eancia no pequeno neg\u00f3cio da fam\u00edlia, que n\u00e3o s\u00f3 ensinou sobre finan\u00e7as, mas tamb\u00e9m o preparou para entender os desafios do mercado mesmo antes de se tornar um empres\u00e1rio. As noites passadas organizando a pequena confec\u00e7\u00e3o familiar o ajudaram a desenvolver uma \u00e9tica de trabalho e a compreender a responsabilidade que vem junto \u00e0 lideran\u00e7a. Essa combina\u00e7\u00e3o de experi\u00eancias moldou um l\u00edder preparado para os desafios maiores que viriam na sua trajet\u00f3ria.<\/p>\n<h2>O papel do Sesc na sociedade brasileira<\/h2>\n<p>O Sesc (Servi\u00e7o Social do Com\u00e9rcio) ocupa um espa\u00e7o singular na sociedade brasileira, oferecendo servi\u00e7os que v\u00e3o al\u00e9m do simples entretenimento. Sob a lideran\u00e7a de Abram Szajman, a pol\u00edtica de expans\u00e3o do Sesc se transformou em um verdadeiro projeto social, com um foco claro em promover cidadania, educa\u00e7\u00e3o e sa\u00fade para a popula\u00e7\u00e3o.<\/p>\n<p>Desde o in\u00edcio de sua gest\u00e3o, Szajman tinha uma vis\u00e3o clara: o Sesc deveria ser uma ponte para acessibilidade e inclus\u00e3o. Implementou programas que levaram servi\u00e7os de sa\u00fade, educa\u00e7\u00e3o e atividades culturais para as comunidades, especialmente nas regi\u00f5es mais carentes de S\u00e3o Paulo. Isso n\u00e3o s\u00f3 ampliou o alcance e a relev\u00e2ncia da institui\u00e7\u00e3o, mas tamb\u00e9m a transformou em um pilar de apoio crucial para a popula\u00e7\u00e3o, especialmente em momentos de crise econ\u00f4mica e social.<\/p>\n<p>Al\u00e9m disso, sob sua dire\u00e7\u00e3o, o Sesc se tornou um espa\u00e7o para o fomento da cultura e da arte. As unidades do Sesc sempre se destacaram pela realiza\u00e7\u00e3o de eventos culturais, pe\u00e7as de teatro, exposi\u00e7\u00f5es de arte e uma infinidade de atividades que antes eram restritas apenas a certos grupos. Isso democratizou o acesso \u00e0 cultura e incentivou a participa\u00e7\u00e3o ativa da comunidade nos eventos, fortalecendo os la\u00e7os sociais.<\/p>\n<p>Em resumo, Szajman percebeu que o Sesc n\u00e3o era apenas uma entidade para atender interesses comerciais, mas um agente transformador na sociedade. Ele liderou a institui\u00e7\u00e3o em dire\u00e7\u00f5es que garantiram n\u00e3o somente seu reconhecimento, mas tamb\u00e9m sua relev\u00e2ncia cont\u00ednua como um servi\u00e7o essencial ao povo brasileiro.<\/p>\n<h2>Transforma\u00e7\u00f5es no Senac sob sua lideran\u00e7a<\/h2>\n<p>Como presidente da FecomercioSP, Abram Szajman tamb\u00e9m teve um papel decisivo na reestrutura\u00e7\u00e3o do Senac (Servi\u00e7o Nacional de Aprendizagem Comercial) em S\u00e3o Paulo. O Senac, conhecido por sua excel\u00eancia na educa\u00e7\u00e3o profissional, passou por uma verdadeira revolu\u00e7\u00e3o durante sua gest\u00e3o, com foco na moderniza\u00e7\u00e3o e relev\u00e2ncia curricular.<\/p>\n<p>Szajman percebeu que a r\u00e1pida evolu\u00e7\u00e3o do mercado de trabalho demandava uma abordagem inovadora no ensino. Ele liderou iniciativas para atualizar curr\u00edculos, garantindo que os cursos oferecidos no Senac estivessem alinhados com as necessidades do mercado. A implementa\u00e7\u00e3o de cursos voltados para novas tecnologias, marketing digital e desenvolvimento de compet\u00eancias sociais foram algumas das suas medidas-chave. Essa atualiza\u00e7\u00e3o n\u00e3o s\u00f3 melhorou a forma\u00e7\u00e3o dos alunos, mas tamb\u00e9m aumentou a empregabilidade dos mesmos, refletindo diretamente no crescimento do setor comercial.<\/p>\n<p>Adicionalmente, o Senac se tornou um exemplo de inclus\u00e3o ao estabelecer programas que atendem \u00e0 popula\u00e7\u00e3o em situa\u00e7\u00e3o de vulnerabilidade. Szajman e sua equipe criaram parcerias com empresas que se comprometeram a oferecer est\u00e1gios e oportunidades de emprego para os alunos do Senac, o que melhorou significativamente as perspectivas deles no mercado de trabalho. Essa abordagem n\u00e3o apenas promoveu a responsabilidade social das empresas, mas tamb\u00e9m garantiu uma for\u00e7a de trabalho mais qualificada e pronta para os desafios do futuro.<\/p>\n<p>Essa transforma\u00e7\u00e3o no Senac possui um impacto duradouro na educa\u00e7\u00e3o e capacita\u00e7\u00e3o profissional de milhares de jovens brasileiros, refletindo a vis\u00e3o de Szajman de criar um sistema educacional que n\u00e3o apenas ensina, mas tamb\u00e9m prepara os alunos para prosseguirem em suas carreiras.<\/p>\n<h2>Moderniza\u00e7\u00e3o dos servi\u00e7os prestados<\/h2>\n<p>Uma das caracter\u00edsticas mais marcantes da gest\u00e3o de Abram Szajman na FecomercioSP foi sua capacidade de modernizar os servi\u00e7os oferecidos pela entidade. Ele entendeu que, em um cen\u00e1rio em constante mudan\u00e7a, a moderniza\u00e7\u00e3o n\u00e3o era apenas um objetivo desej\u00e1vel, mas uma necessidade urgente para garantir a competitividade e a efic\u00e1cia das institui\u00e7\u00f5es que representa.<\/p>\n<p>Szajman liderou a ado\u00e7\u00e3o de novas tecnologias tanto no Sesc quanto no Senac, facilitando o acesso a uma gama mais ampla de servi\u00e7os. O uso de plataformas digitais para inscri\u00e7\u00e3o em cursos, o desenvolvimento de aplicativos para facilitar a intera\u00e7\u00e3o com a popula\u00e7\u00e3o e a implementa\u00e7\u00e3o de m\u00e9todos de ensino \u00e0 dist\u00e2ncia foram apenas algumas das inova\u00e7\u00f5es introduzidas durante sua gest\u00e3o.<\/p>\n<p>Essas mudan\u00e7as n\u00e3o apenas tornaram os servi\u00e7os mais acess\u00edveis, mas tamb\u00e9m abriram novas oportunidades para aqueles que, antes, enfrentavam barreiras para ter acesso \u00e0 educa\u00e7\u00e3o e cultura. A utiliza\u00e7\u00e3o de tecnologias emergentes e o aprimoramento da infraestrutura das institui\u00e7\u00f5es fez de Sesc e Senac refer\u00eancias em inova\u00e7\u00e3o no Brasil.<\/p>\n<p>Ao promover essa moderniza\u00e7\u00e3o, Szajman n\u00e3o apenas melhorou a efici\u00eancia organizacional, mas tamb\u00e9m elevou o padr\u00e3o de qualidade dos servi\u00e7os prestados. Isso se traduziu em um aumento significativo na satisfa\u00e7\u00e3o dos usu\u00e1rios e um maior reconhecimento social das institui\u00e7\u00f5es. A moderniza\u00e7\u00e3o se tornou uma forma de atender \u00e0s necessidades da sociedade contempor\u00e2nea, refletindo a filosofia de Szajman de que o servi\u00e7o prestado deve sempre evoluir para melhor servir \u00e0 popula\u00e7\u00e3o.<\/p>\n<h2>Reconhecimento nacional e legado<\/h2>\n<p>O reconhecimento nacional de Abram Szajman \u00e9 o resultado de anos de trabalho incans\u00e1vel e compromisso com a melhoria das condi\u00e7\u00f5es comerciais e sociais no Brasil. Sua atua\u00e7\u00e3o nas frentes do com\u00e9rcio e dos servi\u00e7os n\u00e3o passou despercebida, e isso se reflete em uma s\u00e9rie de homenagens e pr\u00eamios que ele recebeu ao longo de sua carreira.<\/p>\n<p>Szajman conquistou respeito n\u00e3o apenas entre seus pares do setor, mas tamb\u00e9m entre l\u00edderes pol\u00edticos e sociais. Muitas foram as vezes que ele foi chamado para compartilhar sua vis\u00e3o em confer\u00eancias e pain\u00e9is, onde defendeu uma agenda de mudan\u00e7as que ainda precisam ser implementadas na esfera econ\u00f4mica e social do Brasil. Seu compromisso com a moderniza\u00e7\u00e3o do com\u00e9rcio e a defesa dos direitos dos trabalhadores s\u00e3o pe\u00e7as centrais de seu legado.<\/p>\n<p>Al\u00e9m disso, sua lideran\u00e7a tamb\u00e9m se estendeu a programas e projetos que visam o desenvolvimento de pol\u00edticas publicas voltadas ao com\u00e9rcio, com a inten\u00e7\u00e3o de criar um ambiente mais favor\u00e1vel ao crescimento e \u00e0 inova\u00e7\u00e3o. Essa vis\u00e3o futurista \u00e9 um testemunho de seu reconhecimento como um verdadeiro l\u00edder no setor, que se preocupa n\u00e3o apenas com o presente, mas tamb\u00e9m com as gera\u00e7\u00f5es futuras.<\/p>\n<p>O legado de Abram Szajman vai al\u00e9m de sua trajet\u00f3ria pessoal; \u00e9 uma heran\u00e7a que estabelece novos padr\u00f5es para a atua\u00e7\u00e3o no com\u00e9rcio. Sua compreens\u00e3o das necessidades do mercado, sua disposi\u00e7\u00e3o para ouvir e inovar, e sua preocupa\u00e7\u00e3o com o bem-estar social s\u00e3o marcas que continuar\u00e3o a influenciar a maneira como o com\u00e9rcio e os servi\u00e7os operam no Brasil.<\/p>\n<h2>Contribui\u00e7\u00f5es para o desenvolvimento econ\u00f4mico<\/h2>\n<p>Ao longo de sua carreira, Abram Szajman n\u00e3o apenas se destacou como l\u00edder de entidades importantes, mas tamb\u00e9m como um defensor incans\u00e1vel do desenvolvimento econ\u00f4mico do Brasil. Ele entende que o com\u00e9rcio \u00e9 um motor fundamental para o crescimento e a gera\u00e7\u00e3o de empregos, e sua atua\u00e7\u00e3o na FecomercioSP foi pautada na promo\u00e7\u00e3o de pol\u00edticas que estimulam esse crescimento. <\/p>\n<p>Entre suas principais contribui\u00e7\u00f5es est\u00e3o a implementa\u00e7\u00e3o de programas de capacita\u00e7\u00e3o para empreendedores e o fomento ao empreendedorismo, especialmente entre as pequenas e m\u00e9dias empresas (PMEs). Szajman sempre enfatizou que as PMEs s\u00e3o essenciais para a economia, respons\u00e1veis por uma fra\u00e7\u00e3o significativa das revendas e gera\u00e7\u00e3o de empregos no Brasil. Ao integrar economias locais e regionais, essas empresas impulsionam crescimento econ\u00f4mico e desenvolvimento sustent\u00e1vel.<\/p>\n<p>Neste sentido, Szajman atuou na cria\u00e7\u00e3o de ambientes favor\u00e1veis \u00e0 formaliza\u00e7\u00e3o de pequenos neg\u00f3cios e \u00e0 capacita\u00e7\u00e3o cont\u00ednua de seus propriet\u00e1rios. Seu trabalho frente \u00e0 cria\u00e7\u00e3o de pol\u00edticas e apoio financeiro para estas pequenas empresas n\u00e3o apenas promoveu o crescimento econ\u00f4mico, mas tamb\u00e9m a inclus\u00e3o social, um aspecto que sempre fez parte de sua agenda.<\/p>\n<p>Esses caminhos trilhados por Szajman s\u00e3o sin\u00f4nimos de uma vis\u00e3o hol\u00edstica de desenvolvimento econ\u00f4mico, que envolve a conscientiza\u00e7\u00e3o sobre a import\u00e2ncia de pol\u00edticas p\u00fablicas que apoiem n\u00e3o apenas o empresariado, mas tamb\u00e9m todo o ecossistema ao redor dele. O resultado \u00e9 um com\u00e9rcio mais forte, diversificado e preparado para enfrentar os desafios do futuro.<\/p>\n<h2>Abram Szajman e a import\u00e2ncia do com\u00e9rcio<\/h2>\n<p>A lideran\u00e7a de Abram Szajman possui uma relev\u00e2ncia vital para a compreens\u00e3o da import\u00e2ncia do com\u00e9rcio na sociedade. Ele sempre defendeu que o com\u00e9rcio vai al\u00e9m da simples troca de bens e servi\u00e7os; \u00e9 uma componente essencial da vida social e econ\u00f4mica de qualquer comunidade. Szajman entende que o com\u00e9rcio gera dentidade comunit\u00e1ria, conecta pessoas e influencia diretamente o desenvolvimento social.<\/p>\n<p>O seu trabalho em institui\u00e7\u00f5es como a FecomercioSP colocou em evid\u00eancia a relev\u00e2ncia do com\u00e9rcio com iniciativas que elevam a discuss\u00e3o sobre o papel das entidades de classe na representa\u00e7\u00e3o dos empres\u00e1rios e na media\u00e7\u00e3o de seus interesses junto ao governo. Ele luta constantemente para que as vozes dos comerciantes sejam ouvidas e consideradas na formula\u00e7\u00e3o de pol\u00edticas p\u00fablicas.<\/p>\n<p>Esse constante engajamento para amplificar a experi\u00eancia e a representa\u00e7\u00e3o dos empres\u00e1rios demonstra que o com\u00e9rcio \u00e9 uma forma de express\u00e3o da diversidade e das tradi\u00e7\u00f5es culturais. Sob sua orienta\u00e7\u00e3o, diversos eventos e semin\u00e1rios foram realizados, proporcionando espa\u00e7o para o di\u00e1logo e a troca de ideias entre diferentes setores. Dessa forma, Szajman sempre promoveu a valoriza\u00e7\u00e3o de um com\u00e9rcio que respeita e enriquece a cultura local.<\/p>\n<p>Por meio de suas a\u00e7\u00f5es, ele consolidou a ideia de que o com\u00e9rcio \u00e9 essencial para o desenvolvimento n\u00e3o apenas econ\u00f4mico, mas social. Essa vis\u00e3o hol\u00edstica \u00e9 um dos legados que Szajman deixa como l\u00edder; uma compreens\u00e3o clara de que o com\u00e9rcio deve ser um agente transformador das comunidades e da sociedade como um todo.<\/p>\n<h2>A vis\u00e3o para pequenas e m\u00e9dias empresas<\/h2>\n<p>Durante sua trajet\u00f3ria, Abram Szajman n\u00e3o deixou de se preocupar com as pequenas e m\u00e9dias empresas, fundamentais para a economia nacional. Ele acredita que estas empresas s\u00e3o o cora\u00e7\u00e3o do com\u00e9rcio, impulsionando a inova\u00e7\u00e3o, gerando empregos e fomentando a economia local. Sua vis\u00e3o sobre como apoiar esse segmento sempre foi clara e focada.<\/p>\n<p>Szajman tem sido um defensor apaixonado por pol\u00edticas que desburocratizem o ambiente de neg\u00f3cios e que criem um ecossistema favor\u00e1vel \u00e0 prosperidade das PMEs. Sob sua lideran\u00e7a, iniciativas foram implementadas para oferecer suporte t\u00e9cnico, financeiro e formativo a esses neg\u00f3cios, ajudando-os a enfrentar desafios comuns como o acesso ao cr\u00e9dito e a formaliza\u00e7\u00e3o.<\/p>\n<p>Uma das suas grandes contribui\u00e7\u00f5es foi a promo\u00e7\u00e3o de programas de capacita\u00e7\u00e3o espec\u00edficos que atenderam \u00e0s necessidades dos pequenos empres\u00e1rios. Esses programas foram projetados para aprimorar as habilidades de gest\u00e3o, marketing e inova\u00e7\u00e3o, permitindo que esses empreendedores se tornassem mais competitivos em um mercado cada vez mais desafiador.<\/p>\n<p>Outra estrat\u00e9gia essencial na vis\u00e3o de Szajman era o fortalecimento das redes de colabora\u00e7\u00e3o entre PMEs. Ele incentivou a cria\u00e7\u00e3o de cooperativas e associa\u00e7\u00f5es que facilitam o compartilhamento de recursos, experi\u00eancias e at\u00e9 mesmo a\u00e7\u00f5es de marketing conjunto, criando um senso de comunidade que beneficia todos os envolvidos. Essa rede de apoio \u00e9 fundamental para a sobreviv\u00eancia e prosperidade das pequenas empresas no Brasil.<\/p>\n<h2>O futuro do com\u00e9rcio com Abram Szajman<\/h2>\n<p>Com um olhar voltado para o futuro, Abram Szajman demonstra confian\u00e7a na capacidade do com\u00e9rcio de se reinventar. Em um cen\u00e1rio global em constante transforma\u00e7\u00e3o, ele acredita que o com\u00e9rcio tem o potencial de se adaptar e prosperar atrav\u00e9s da inova\u00e7\u00e3o e da digitaliza\u00e7\u00e3o. Szajman est\u00e1 ciente de que \u00e9 vital acompanhar as tend\u00eancias eletr\u00f4nicas e os comportamentos dos consumidores, especialmente com o crescente uso de tecnologias digitais.<\/p>\n<p>Ele tem trabalhado para promover a integra\u00e7\u00e3o entre neg\u00f3cios tradicionais e novas plataformas digitais, garantindo que os comerciantes se mantenham relevantes neste novo cen\u00e1rio. Projetos que incentivam a presen\u00e7a online e o fortalecimento da e-commerce s\u00e3o essenciais para que as empresas se adaptarem e alcan\u00e7arem novos p\u00fablicos.<\/p>\n<p>A vis\u00e3o de Szajman envolve tamb\u00e9m a promo\u00e7\u00e3o da sustentabilidade e da responsabilidade social no com\u00e9rcio. Ele acredita que a novas tend\u00eancias do mercado devem ser alinhadas com pr\u00e1ticas que beneficiem tanto o meio ambiente quanto a sociedade, criando um ciclo positivo que impulsiona o com\u00e9rcio e promove melhorias nas condi\u00e7\u00f5es de vida da popula\u00e7\u00e3o.<\/p>\n<p>Em resumo, Abram Szajman compreende que o futuro do com\u00e9rcio vai muito al\u00e9m das transa\u00e7\u00f5es econ\u00f4micas; trata-se de criar uma infraestrutura que permita que as empresas prosperem, inovem e, ao mesmo tempo, contribuam para uma sociedade melhor. Suas iniciativas e vis\u00e3o para o futuro est\u00e3o moldando o com\u00e9rcio brasileiro de maneira positiva, refletindo um compromisso com a excel\u00eancia, a representa\u00e7\u00e3o e o avan\u00e7o socioecon\u00f4mico.<\/p>\n\n<div style=\"font-size: 0px; height: 0px; line-height: 0px; margin: 0; padding: 0; clear: both;\"><\/div>","protected":false},"excerpt":{"rendered":"<p>Abram Szajman traz lideran\u00e7a e representatividade ao com\u00e9rcio brasileiro.<\/p>\n","protected":false},"author":1,"featured_media":2098,"comment_status":"open","ping_status":"closed","sticky":false,"template":"","format":"standard","meta":{"footnotes":""},"categories":[6],"tags":[],"class_list":["post-2099","post","type-post","status-publish","format-standard","has-post-thumbnail","hentry","category-noticias-no-bom-retiro","has_thumb"],"aioseo_notices":[],"_links":{"self":[{"href":"https:\/\/www.encontrabomretiro.com.br\/sobre\/wp-json\/wp\/v2\/posts\/2099","targetHints":{"allow":["GET"]}}],"collection":[{"href":"https:\/\/www.encontrabomretiro.com.br\/sobre\/wp-json\/wp\/v2\/posts"}],"about":[{"href":"https:\/\/www.encontrabomretiro.com.br\/sobre\/wp-json\/wp\/v2\/types\/post"}],"author":[{"embeddable":true,"href":"https:\/\/www.encontrabomretiro.com.br\/sobre\/wp-json\/wp\/v2\/users\/1"}],"replies":[{"embeddable":true,"href":"https:\/\/www.encontrabomretiro.com.br\/sobre\/wp-json\/wp\/v2\/comments?post=2099"}],"version-history":[{"count":0,"href":"https:\/\/www.encontrabomretiro.com.br\/sobre\/wp-json\/wp\/v2\/posts\/2099\/revisions"}],"wp:featuredmedia":[{"embeddable":true,"href":"https:\/\/www.encontrabomretiro.com.br\/sobre\/wp-json\/wp\/v2\/media\/2098"}],"wp:attachment":[{"href":"https:\/\/www.encontrabomretiro.com.br\/sobre\/wp-json\/wp\/v2\/media?parent=2099"}],"wp:term":[{"taxonomy":"category","embeddable":true,"href":"https:\/\/www.encontrabomretiro.com.br\/sobre\/wp-json\/wp\/v2\/categories?post=2099"},{"taxonomy":"post_tag","embeddable":true,"href":"https:\/\/www.encontrabomretiro.com.br\/sobre\/wp-json\/wp\/v2\/tags?post=2099"}],"curies":[{"name":"wp","href":"https:\/\/api.w.org\/{rel}","templated":true}]}}