{"id":2063,"date":"2025-11-11T09:23:00","date_gmt":"2025-11-11T11:23:00","guid":{"rendered":"https:\/\/www.encontrabomretiro.com.br\/sobre\/3a-festa-do-kimchi-celebra-cultura-e-gastronomia-coreana-no-bom-retiro\/"},"modified":"2025-11-11T09:23:00","modified_gmt":"2025-11-11T11:23:00","slug":"3a-festa-do-kimchi-celebra-cultura-e-gastronomia-coreana-no-bom-retiro","status":"publish","type":"post","link":"https:\/\/www.encontrabomretiro.com.br\/sobre\/3a-festa-do-kimchi-celebra-cultura-e-gastronomia-coreana-no-bom-retiro\/","title":{"rendered":"3\u00aa Festa do Kimchi celebra cultura e gastronomia coreana no Bom Retiro"},"content":{"rendered":"<div class=\"228b65ae207de3c5c501cfe75875708b\" data-index=\"1\" style=\"float: none; margin:0px;\">\n<!-- Anuncio display - global -->\r\n<ins class=\"adsbygoogle\"\r\n     style=\"display:block\"\r\n     data-ad-client=\"ca-pub-8585364105181520\"\r\n     data-ad-slot=\"8789329856\"\r\n     data-ad-format=\"auto\"\r\n     data-full-width-responsive=\"true\"><\/ins>\r\n<script>\r\n     (adsbygoogle = window.adsbygoogle || []).push({});\r\n<\/script>\n<\/div>\n<h2>O que esperar da 3\u00aa Festa do Kimchi<\/h2>\n<p>A <strong>3\u00aa Festa do Kimchi<\/strong> promete ser um evento inesquec\u00edvel, repleto de experi\u00eancias \u00fanicas e emocionantes. Os visitantes podem esperar uma imers\u00e3o profunda na cultura coreana, com destaque para a rica tradi\u00e7\u00e3o gastron\u00f4mica que envolve o famoso kimchi. Este festival \u00e9 um verdadeiro convite aos sentidos, com aromas vibrantes, sabores marcantes e cores fascinantes.<\/p>\n<p>Durante a festa, o p\u00fablico ter\u00e1 a oportunidade de aprender sobre a prepara\u00e7\u00e3o do kimchi, participando de oficinas e demonstra\u00e7\u00f5es. Al\u00e9m disso, ser\u00e3o oferecidas v\u00e1rias op\u00e7\u00f5es de alimentos, bebidas e apresenta\u00e7\u00f5es culturais que celebram a heran\u00e7a coreana. \u00c9 uma \u00f3tima chance de se conectar com a comunidade e experimentar a cultura de uma maneira \u00fanica.<\/p>\n<h2>Kimchi: O Protagonista da Gastronomia Coreana<\/h2>\n<p>O <strong>kimchi<\/strong> \u00e9 muito mais do que um acompanhamento para os pratos coreanos; ele \u00e9 o verdadeiro protagonista da culin\u00e1ria da Coreia do Sul. Este prato cl\u00e1ssico \u00e9 feito de vegetais fermentados, como repolho napa e rabanete, combinado com uma mistura especial de temperos, incluindo pimenta vermelha, alho e gengibre. O resultado \u00e9 um alimento rico em sabor e cheio de sa\u00fade.<\/p>\n<p>Atrav\u00e9s da fermenta\u00e7\u00e3o, o kimchi desenvolve probi\u00f3ticos que ajudam na digest\u00e3o e trazem benef\u00edcios \u00e0 sa\u00fade. Em cada regi\u00e3o da Coreia, h\u00e1 varia\u00e7\u00f5es de kimchi, refletindo a diversidade cultural do pa\u00eds. Durante a festa, os participantes poder\u00e3o descobrir diferentes receitas e hist\u00f3rias por tr\u00e1s deste prato ic\u00f4nico, que \u00e9 o cora\u00e7\u00e3o da tradi\u00e7\u00e3o alimentar coreana.<\/p>\n<h2>Experimente Diversas Vers\u00f5es do Kimchi<\/h2>\n<p>Na <strong>3\u00aa Festa do Kimchi<\/strong>, uma das grandes atra\u00e7\u00f5es ser\u00e1 a variedade de <em>vers\u00f5es do kimchi<\/em> dispon\u00edveis para degusta\u00e7\u00e3o. Desde o cl\u00e1ssico kimchi de repolho at\u00e9 op\u00e7\u00f5es menos conhecidas, como kimchi de pepino ou de nabo, h\u00e1 algo para todos os gostos. Cada tipo de kimchi oferece um sabor \u00fanico e uma experi\u00eancia distinta, permitindo que os visitantes explorem a rica diversidade culin\u00e1ria da Coreia.<\/p>\n<p>A festa contar\u00e1 com estandes de diferentes chefs e cozinheiros, que compartilhar\u00e3o suas receitas familiares e t\u00e9cnicas de fermenta\u00e7\u00e3o. Al\u00e9m disso, haver\u00e1 a possibilidade de participar de <strong>oficinas interativas<\/strong>, onde os participantes poder\u00e3o aprender a fazer seu pr\u00f3prio kimchi, levando um peda\u00e7o da cultura coreana para casa.<\/p>\n<h2>Programa\u00e7\u00e3o Cultural da Festa do Kimchi<\/h2>\n<p>A <strong>programa\u00e7\u00e3o cultural<\/strong> da festa ser\u00e1 recheada de atividades art\u00edsticas e apresenta\u00e7\u00f5es que celebram a rica tradi\u00e7\u00e3o coreana. Os visitantes poder\u00e3o desfrutar de dan\u00e7as t\u00edpicas, performances musicais e at\u00e9 teatros que refletem a hist\u00f3ria e as lendas da Coreia. Entre as atra\u00e7\u00f5es, podemos destacar:<\/p>\n<ul>\n<li><strong>Dan\u00e7a Fan Dance:<\/strong> Uma dan\u00e7a tradicional que usa leques coloridos, representando a beleza da cultura coreana.<\/li>\n<li><strong>Performance de Pansori:<\/strong> Canto narrativo que combina m\u00fasica e drama, contando hist\u00f3rias cativantes.<\/li>\n<li><strong>Oficinas de Caligrafia:<\/strong> Onde os visitantes poder\u00e3o aprender a arte da escrita coreana.<\/li>\n<\/ul>\n<p>Essas atividades v\u00e3o enriquecer a experi\u00eancia do visitante e proporcionar uma compreens\u00e3o mais profunda da cultura coreana e de suas tradi\u00e7\u00f5es.<\/p>\n<h2>A Conviv\u00eancia Multicultural no Bom Retiro<\/h2>\n<p>A Festa do Kimchi acontece no <strong>Bairro do Bom Retiro<\/strong>, que \u00e9 conhecido por sua rica mistura cultural. Este local \u00e9 um lar para diversas comunidades, incluindo a coreana, que traz uma vibrante contribui\u00e7\u00e3o \u00e0 cidade de S\u00e3o Paulo. Durante a festa, visitantes de todas as origens s\u00e3o bem-vindos para se juntar \u00e0 celebra\u00e7\u00e3o e compartilhar suas experi\u00eancias e culturas.<\/p>\n<p>A conviv\u00eancia multicultural \u00e9 um aspecto importante do evento, pois promove o di\u00e1logo entre diferentes tradi\u00e7\u00f5es e estilos de vida. Os visitantes poder\u00e3o conhecer pessoas de diversas partes do mundo, ampliando seus horizontes e promovendo uma maior compreens\u00e3o cultural.<\/p>\n<h2>Tradi\u00e7\u00f5es Coreanas: M\u00fasica e Dan\u00e7as T\u00edpicas<\/h2>\n<p>M\u00fasica e dan\u00e7as s\u00e3o parte fundamental da celebra\u00e7\u00e3o na <strong>3\u00aa Festa do Kimchi<\/strong>. Os participantes poder\u00e3o assistir a apresenta\u00e7\u00f5es que incluem dan\u00e7as folcl\u00f3ricas e performances musicais autenticamente coreanas. Entre as dan\u00e7as, destacam-se:<\/p>\n<ul>\n<li><strong>Buchaechum (Dan\u00e7a das Flores):<\/strong> Uma t\u00edpica dan\u00e7a coreana que utiliza flores e leques, muito apreciada por sua beleza e gra\u00e7a.<\/li>\n<li><strong>Ganggangsullae:<\/strong> Uma dan\u00e7a em grupo que \u00e9 tradicionalmente dan\u00e7ada durante a lua cheia, simbolizando a uni\u00e3o e a festividade.<\/li>\n<\/ul>\n<p>Essas dan\u00e7as n\u00e3o s\u00f3 entret\u00eam, mas tamb\u00e9m educam os visitantes sobre a profundidade da cultura coreana, enriquecendo ainda mais a experi\u00eancia da festa.<\/p>\n<h2>Artigos e Artesanato Coreano no Evento<\/h2>\n<p>Al\u00e9m da gastronomia e da m\u00fasica, a festa tamb\u00e9m oferece um mercado com <strong>artigos e artesanato coreano<\/strong>. Os visitantes poder\u00e3o explorar uma variedade de produtos, desde roupas tradicionais, como o <em>hanbok<\/em>, at\u00e9 utens\u00edlios de cozinha e decora\u00e7\u00e3o t\u00edpica. Essa \u00e9 uma excelente oportunidade para adquirir souvenirs aut\u00eanticos e apoiar os artes\u00e3os locais.<\/p>\n<p>Os estandes apresentar\u00e3o produtos feitos \u00e0 m\u00e3o, refletindo a habilidade e a arte dos artes\u00e3os coreanos. Os visitantes poder\u00e3o aprender sobre as t\u00e9cnicas de produ\u00e7\u00e3o e a hist\u00f3ria por tr\u00e1s de cada item, oferecendo uma conex\u00e3o mais profunda com a cultura coreana.<\/p>\n<h2>Integrando Culturas: O Objetivo da Festa<\/h2>\n<p>A <strong>Festa do Kimchi<\/strong> vai al\u00e9m da celebra\u00e7\u00e3o da culin\u00e1ria coreana. O evento tem como objetivo principal <em>integrar culturas<\/em> e promover o respeito e a compreens\u00e3o m\u00fatua. Atrav\u00e9s de atividades que envolvem a cultura coreana, todos s\u00e3o convidados a participar e conhecer um pouco mais sobre as tradi\u00e7\u00f5es e h\u00e1bitos que moldam a identidade coreana.<\/p>\n<p>Este esfor\u00e7o de integra\u00e7\u00e3o \u00e9 importante em um mundo cada vez mais globalizado. O evento promove a solidariedade entre as comunidades, incentivando o di\u00e1logo e a troca de experi\u00eancias, criando la\u00e7os mais fortes entre as diferentes culturas presentes no Brasil.<\/p>\n<h2>Informa\u00e7\u00f5es Importantes Sobre o Evento<\/h2>\n<p>Para que voc\u00ea possa aproveitar ao m\u00e1ximo a <strong>3\u00aa Festa do Kimchi<\/strong>, aqui est\u00e3o algumas informa\u00e7\u00f5es essenciais:<\/p>\n<ul>\n<li><strong>Data:<\/strong> A festa ser\u00e1 realizada no pr\u00f3ximo m\u00eas. Confira a programa\u00e7\u00e3o espec\u00edfica em nosso site.<\/li>\n<li><strong>Local:<\/strong> O evento acontecer\u00e1 no cora\u00e7\u00e3o do <strong>Bairro do Bom Retiro<\/strong>, que \u00e9 facilmente acess\u00edvel por transporte p\u00fablico.<\/li>\n<li><strong>Ingressos:<\/strong> O ingresso ser\u00e1 gratuito, mas algumas atividades podem exigir inscri\u00e7\u00f5es antecipadas.<\/li>\n<li><strong>Hor\u00e1rio:<\/strong> A festa come\u00e7ar\u00e1 \u00e0s 10h e ir\u00e1 at\u00e9 \u00e0s 22h, proporcionando um dia inteiro de festividades.<\/li>\n<\/ul>\n<h2>Imperd\u00edveis: O Melhor do Bom Retiro<\/h2>\n<p>Durante a <strong>3\u00aa Festa do Kimchi<\/strong>, n\u00e3o deixe de explorar o <strong>Bairro do Bom Retiro<\/strong>. Al\u00e9m das del\u00edcias do kimchi, h\u00e1 diversos outros atrativos, como:<\/p>\n<ul>\n<li><strong>Restaurantes Coreanos:<\/strong> Experimente pratos aut\u00eanticos, como bulgogi e bibimbap.<\/li>\n<li><strong>Loja de K-Pop:<\/strong> Para os f\u00e3s de m\u00fasica, aproveite para comprar produtos relacionados \u00e0s suas bandas favoritas.<\/li>\n<li><strong>Feiras de Artesanato:<\/strong> Encontre pe\u00e7as exclusivas e conhe\u00e7a os artes\u00e3os que as criam.<\/li>\n<\/ul>\n<p>Participar da Festa do Kimchi ser\u00e1 uma experi\u00eancia rica e diversificada, que n\u00e3o s\u00f3 agradar\u00e1 ao paladar, mas tamb\u00e9m ao cora\u00e7\u00e3o. Venha celebrar a cultura coreana conosco e descubra um mundo de sabores e tradi\u00e7\u00f5es!<\/p>\n\n<div style=\"font-size: 0px; height: 0px; line-height: 0px; margin: 0; padding: 0; clear: both;\"><\/div>","protected":false},"excerpt":{"rendered":"<p>A 3\u00aa Festa do Kimchi traz cultura e gastronomia coreana ao Bom Retiro.<\/p>\n","protected":false},"author":1,"featured_media":2062,"comment_status":"open","ping_status":"closed","sticky":false,"template":"","format":"standard","meta":{"footnotes":""},"categories":[6],"tags":[],"class_list":["post-2063","post","type-post","status-publish","format-standard","has-post-thumbnail","hentry","category-noticias-no-bom-retiro","has_thumb"],"aioseo_notices":[],"aioseo_head":"\n\t\t<!-- All in One SEO 5.0.0.1 - aioseo.com -->\n\t<meta name=\"description\" content=\"A 3\u00aa Festa do Kimchi traz cultura e gastronomia coreana ao Bom Retiro.\" \/>\n\t<meta name=\"robots\" content=\"max-image-preview:large\" \/>\n\t<meta name=\"author\" content=\"Encontra Bom Retiro\"\/>\n\t<link rel=\"canonical\" href=\"https:\/\/www.encontrabomretiro.com.br\/sobre\/3a-festa-do-kimchi-celebra-cultura-e-gastronomia-coreana-no-bom-retiro\/\" \/>\n\t<meta name=\"generator\" content=\"All in One SEO (AIOSEO) 5.0.0.1\" \/>\n\t\t<meta property=\"og:locale\" content=\"pt_BR\" \/>\n\t\t<meta property=\"og:site_name\" content=\"Encontra Bom Retiro | Not\u00edcias, eventos, informa\u00e7\u00f5es e dicas no bairro do Bom Retiro e regi\u00e3o.\" \/>\n\t\t<meta property=\"og:type\" content=\"article\" \/>\n\t\t<meta property=\"og:title\" content=\"3\u00aa Festa do Kimchi celebra cultura e gastronomia coreana no Bom Retiro | Encontra Bom Retiro\" \/>\n\t\t<meta property=\"og:description\" content=\"A 3\u00aa Festa do Kimchi traz cultura e gastronomia coreana ao Bom Retiro.\" \/>\n\t\t<meta property=\"og:url\" content=\"https:\/\/www.encontrabomretiro.com.br\/sobre\/3a-festa-do-kimchi-celebra-cultura-e-gastronomia-coreana-no-bom-retiro\/\" \/>\n\t\t<meta property=\"article:published_time\" content=\"2025-11-11T11:23:00+00:00\" \/>\n\t\t<meta property=\"article:modified_time\" content=\"2025-11-11T11:23:00+00:00\" \/>\n\t\t<meta name=\"twitter:card\" content=\"summary_large_image\" \/>\n\t\t<meta name=\"twitter:title\" content=\"3\u00aa Festa do Kimchi celebra cultura e gastronomia coreana no Bom Retiro | Encontra Bom Retiro\" \/>\n\t\t<meta name=\"twitter:description\" content=\"A 3\u00aa Festa do Kimchi traz cultura e gastronomia coreana ao Bom Retiro.\" \/>\n\t\t<script type=\"application\/ld+json\" class=\"aioseo-schema\">\n\t\t\t{\"@context\":\"https:\\\/\\\/schema.org\",\"@graph\":[{\"@type\":\"Article\",\"@id\":\"https:\\\/\\\/www.encontrabomretiro.com.br\\\/sobre\\\/3a-festa-do-kimchi-celebra-cultura-e-gastronomia-coreana-no-bom-retiro\\\/#article\",\"name\":\"3\\u00aa Festa do Kimchi celebra cultura e gastronomia coreana no Bom Retiro | Encontra Bom Retiro\",\"headline\":\"3\\u00aa Festa do Kimchi celebra cultura e gastronomia coreana no Bom Retiro\",\"author\":{\"@id\":\"https:\\\/\\\/www.encontrabomretiro.com.br\\\/sobre\\\/author\\\/ebomretiro\\\/#author\"},\"publisher\":{\"@id\":\"https:\\\/\\\/www.encontrabomretiro.com.br\\\/sobre\\\/#organization\"},\"image\":{\"@type\":\"ImageObject\",\"url\":\"https:\\\/\\\/www.encontrabomretiro.com.br\\\/sobre\\\/wp-content\\\/uploads\\\/2025\\\/11\\\/3-festa-do-kimchi-celebra-cultura-e-gastronomia-coreana-no-bom-retiro.webp\",\"width\":320,\"height\":280,\"caption\":\"Festa do Kimchi\"},\"datePublished\":\"2025-11-11T09:23:00-02:00\",\"dateModified\":\"2025-11-11T09:23:00-02:00\",\"inLanguage\":\"pt-BR\",\"mainEntityOfPage\":{\"@id\":\"https:\\\/\\\/www.encontrabomretiro.com.br\\\/sobre\\\/3a-festa-do-kimchi-celebra-cultura-e-gastronomia-coreana-no-bom-retiro\\\/#webpage\"},\"isPartOf\":{\"@id\":\"https:\\\/\\\/www.encontrabomretiro.com.br\\\/sobre\\\/3a-festa-do-kimchi-celebra-cultura-e-gastronomia-coreana-no-bom-retiro\\\/#webpage\"},\"articleSection\":\"Not\\u00edcias Bom Retiro\"},{\"@type\":\"BreadcrumbList\",\"@id\":\"https:\\\/\\\/www.encontrabomretiro.com.br\\\/sobre\\\/3a-festa-do-kimchi-celebra-cultura-e-gastronomia-coreana-no-bom-retiro\\\/#breadcrumblist\",\"itemListElement\":[{\"@type\":\"ListItem\",\"@id\":\"https:\\\/\\\/www.encontrabomretiro.com.br\\\/sobre#listItem\",\"position\":1,\"name\":\"Dom\\u00e9stica\",\"item\":\"https:\\\/\\\/www.encontrabomretiro.com.br\\\/sobre\",\"nextItem\":{\"@type\":\"ListItem\",\"@id\":\"https:\\\/\\\/www.encontrabomretiro.com.br\\\/sobre\\\/noticias-no-bom-retiro\\\/#listItem\",\"name\":\"Not\\u00edcias Bom Retiro\"}},{\"@type\":\"ListItem\",\"@id\":\"https:\\\/\\\/www.encontrabomretiro.com.br\\\/sobre\\\/noticias-no-bom-retiro\\\/#listItem\",\"position\":2,\"name\":\"Not\\u00edcias Bom Retiro\",\"item\":\"https:\\\/\\\/www.encontrabomretiro.com.br\\\/sobre\\\/noticias-no-bom-retiro\\\/\",\"nextItem\":{\"@type\":\"ListItem\",\"@id\":\"https:\\\/\\\/www.encontrabomretiro.com.br\\\/sobre\\\/3a-festa-do-kimchi-celebra-cultura-e-gastronomia-coreana-no-bom-retiro\\\/#listItem\",\"name\":\"3\\u00aa Festa do Kimchi celebra cultura e gastronomia coreana no Bom Retiro\"},\"previousItem\":{\"@type\":\"ListItem\",\"@id\":\"https:\\\/\\\/www.encontrabomretiro.com.br\\\/sobre#listItem\",\"name\":\"Dom\\u00e9stica\"}},{\"@type\":\"ListItem\",\"@id\":\"https:\\\/\\\/www.encontrabomretiro.com.br\\\/sobre\\\/3a-festa-do-kimchi-celebra-cultura-e-gastronomia-coreana-no-bom-retiro\\\/#listItem\",\"position\":3,\"name\":\"3\\u00aa Festa do Kimchi celebra cultura e gastronomia coreana no Bom Retiro\",\"previousItem\":{\"@type\":\"ListItem\",\"@id\":\"https:\\\/\\\/www.encontrabomretiro.com.br\\\/sobre\\\/noticias-no-bom-retiro\\\/#listItem\",\"name\":\"Not\\u00edcias Bom Retiro\"}}]},{\"@type\":\"Organization\",\"@id\":\"https:\\\/\\\/www.encontrabomretiro.com.br\\\/sobre\\\/#organization\",\"name\":\"Encontra Bom Retiro\",\"description\":\"Not\\u00edcias, eventos, informa\\u00e7\\u00f5es e dicas no bairro do Bom Retiro e regi\\u00e3o.\",\"url\":\"https:\\\/\\\/www.encontrabomretiro.com.br\\\/sobre\\\/\"},{\"@type\":\"Person\",\"@id\":\"https:\\\/\\\/www.encontrabomretiro.com.br\\\/sobre\\\/author\\\/ebomretiro\\\/#author\",\"url\":\"https:\\\/\\\/www.encontrabomretiro.com.br\\\/sobre\\\/author\\\/ebomretiro\\\/\",\"name\":\"Encontra Bom Retiro\",\"image\":{\"@type\":\"ImageObject\",\"@id\":\"https:\\\/\\\/www.encontrabomretiro.com.br\\\/sobre\\\/3a-festa-do-kimchi-celebra-cultura-e-gastronomia-coreana-no-bom-retiro\\\/#authorImage\",\"url\":\"https:\\\/\\\/secure.gravatar.com\\\/avatar\\\/507340682b8270222e1f208e23198b6ae7e2c6a1033ae84e99bc6bce4f82a387?s=96&d=mm&r=g\",\"width\":96,\"height\":96,\"caption\":\"Encontra Bom Retiro\"}},{\"@type\":\"WebPage\",\"@id\":\"https:\\\/\\\/www.encontrabomretiro.com.br\\\/sobre\\\/3a-festa-do-kimchi-celebra-cultura-e-gastronomia-coreana-no-bom-retiro\\\/#webpage\",\"url\":\"https:\\\/\\\/www.encontrabomretiro.com.br\\\/sobre\\\/3a-festa-do-kimchi-celebra-cultura-e-gastronomia-coreana-no-bom-retiro\\\/\",\"name\":\"3\\u00aa Festa do Kimchi celebra cultura e gastronomia coreana no Bom Retiro | Encontra Bom Retiro\",\"description\":\"A 3\\u00aa Festa do Kimchi traz cultura e gastronomia coreana ao Bom Retiro.\",\"inLanguage\":\"pt-BR\",\"isPartOf\":{\"@id\":\"https:\\\/\\\/www.encontrabomretiro.com.br\\\/sobre\\\/#website\"},\"breadcrumb\":{\"@id\":\"https:\\\/\\\/www.encontrabomretiro.com.br\\\/sobre\\\/3a-festa-do-kimchi-celebra-cultura-e-gastronomia-coreana-no-bom-retiro\\\/#breadcrumblist\"},\"author\":{\"@id\":\"https:\\\/\\\/www.encontrabomretiro.com.br\\\/sobre\\\/author\\\/ebomretiro\\\/#author\"},\"creator\":{\"@id\":\"https:\\\/\\\/www.encontrabomretiro.com.br\\\/sobre\\\/author\\\/ebomretiro\\\/#author\"},\"image\":{\"@type\":\"ImageObject\",\"url\":\"https:\\\/\\\/www.encontrabomretiro.com.br\\\/sobre\\\/wp-content\\\/uploads\\\/2025\\\/11\\\/3-festa-do-kimchi-celebra-cultura-e-gastronomia-coreana-no-bom-retiro.webp\",\"@id\":\"https:\\\/\\\/www.encontrabomretiro.com.br\\\/sobre\\\/3a-festa-do-kimchi-celebra-cultura-e-gastronomia-coreana-no-bom-retiro\\\/#mainImage\",\"width\":320,\"height\":280,\"caption\":\"Festa do Kimchi\"},\"primaryImageOfPage\":{\"@id\":\"https:\\\/\\\/www.encontrabomretiro.com.br\\\/sobre\\\/3a-festa-do-kimchi-celebra-cultura-e-gastronomia-coreana-no-bom-retiro\\\/#mainImage\"},\"datePublished\":\"2025-11-11T09:23:00-02:00\",\"dateModified\":\"2025-11-11T09:23:00-02:00\"},{\"@type\":\"WebSite\",\"@id\":\"https:\\\/\\\/www.encontrabomretiro.com.br\\\/sobre\\\/#website\",\"url\":\"https:\\\/\\\/www.encontrabomretiro.com.br\\\/sobre\\\/\",\"name\":\"Encontra Bom Retiro\",\"description\":\"Not\\u00edcias, eventos, informa\\u00e7\\u00f5es e dicas no bairro do Bom Retiro e regi\\u00e3o.\",\"inLanguage\":\"pt-BR\",\"publisher\":{\"@id\":\"https:\\\/\\\/www.encontrabomretiro.com.br\\\/sobre\\\/#organization\"}}]}\n\t\t<\/script>\n\t\t<!-- All in One SEO -->\n\n","aioseo_head_json":{"title":"3\u00aa Festa do Kimchi celebra cultura e gastronomia coreana no Bom Retiro | Encontra Bom Retiro","description":"A 3\u00aa Festa do Kimchi traz cultura e gastronomia coreana ao Bom Retiro.","canonical_url":"https:\/\/www.encontrabomretiro.com.br\/sobre\/3a-festa-do-kimchi-celebra-cultura-e-gastronomia-coreana-no-bom-retiro\/","robots":"max-image-preview:large","keywords":"","webmasterTools":{"miscellaneous":""},"schema":{"@context":"https:\/\/schema.org","@graph":[{"@type":"Article","@id":"https:\/\/www.encontrabomretiro.com.br\/sobre\/3a-festa-do-kimchi-celebra-cultura-e-gastronomia-coreana-no-bom-retiro\/#article","name":"3\u00aa Festa do Kimchi celebra cultura e gastronomia coreana no Bom Retiro | Encontra Bom Retiro","headline":"3\u00aa Festa do Kimchi celebra cultura e gastronomia coreana no Bom Retiro","author":{"@id":"https:\/\/www.encontrabomretiro.com.br\/sobre\/author\/ebomretiro\/#author"},"publisher":{"@id":"https:\/\/www.encontrabomretiro.com.br\/sobre\/#organization"},"image":{"@type":"ImageObject","url":"https:\/\/www.encontrabomretiro.com.br\/sobre\/wp-content\/uploads\/2025\/11\/3-festa-do-kimchi-celebra-cultura-e-gastronomia-coreana-no-bom-retiro.webp","width":320,"height":280,"caption":"Festa do Kimchi"},"datePublished":"2025-11-11T09:23:00-02:00","dateModified":"2025-11-11T09:23:00-02:00","inLanguage":"pt-BR","mainEntityOfPage":{"@id":"https:\/\/www.encontrabomretiro.com.br\/sobre\/3a-festa-do-kimchi-celebra-cultura-e-gastronomia-coreana-no-bom-retiro\/#webpage"},"isPartOf":{"@id":"https:\/\/www.encontrabomretiro.com.br\/sobre\/3a-festa-do-kimchi-celebra-cultura-e-gastronomia-coreana-no-bom-retiro\/#webpage"},"articleSection":"Not\u00edcias Bom Retiro"},{"@type":"BreadcrumbList","@id":"https:\/\/www.encontrabomretiro.com.br\/sobre\/3a-festa-do-kimchi-celebra-cultura-e-gastronomia-coreana-no-bom-retiro\/#breadcrumblist","itemListElement":[{"@type":"ListItem","@id":"https:\/\/www.encontrabomretiro.com.br\/sobre#listItem","position":1,"name":"Dom\u00e9stica","item":"https:\/\/www.encontrabomretiro.com.br\/sobre","nextItem":{"@type":"ListItem","@id":"https:\/\/www.encontrabomretiro.com.br\/sobre\/noticias-no-bom-retiro\/#listItem","name":"Not\u00edcias Bom Retiro"}},{"@type":"ListItem","@id":"https:\/\/www.encontrabomretiro.com.br\/sobre\/noticias-no-bom-retiro\/#listItem","position":2,"name":"Not\u00edcias Bom Retiro","item":"https:\/\/www.encontrabomretiro.com.br\/sobre\/noticias-no-bom-retiro\/","nextItem":{"@type":"ListItem","@id":"https:\/\/www.encontrabomretiro.com.br\/sobre\/3a-festa-do-kimchi-celebra-cultura-e-gastronomia-coreana-no-bom-retiro\/#listItem","name":"3\u00aa Festa do Kimchi celebra cultura e gastronomia coreana no Bom Retiro"},"previousItem":{"@type":"ListItem","@id":"https:\/\/www.encontrabomretiro.com.br\/sobre#listItem","name":"Dom\u00e9stica"}},{"@type":"ListItem","@id":"https:\/\/www.encontrabomretiro.com.br\/sobre\/3a-festa-do-kimchi-celebra-cultura-e-gastronomia-coreana-no-bom-retiro\/#listItem","position":3,"name":"3\u00aa Festa do Kimchi celebra cultura e gastronomia coreana no Bom Retiro","previousItem":{"@type":"ListItem","@id":"https:\/\/www.encontrabomretiro.com.br\/sobre\/noticias-no-bom-retiro\/#listItem","name":"Not\u00edcias Bom Retiro"}}]},{"@type":"Organization","@id":"https:\/\/www.encontrabomretiro.com.br\/sobre\/#organization","name":"Encontra Bom Retiro","description":"Not\u00edcias, eventos, informa\u00e7\u00f5es e dicas no bairro do Bom Retiro e regi\u00e3o.","url":"https:\/\/www.encontrabomretiro.com.br\/sobre\/"},{"@type":"Person","@id":"https:\/\/www.encontrabomretiro.com.br\/sobre\/author\/ebomretiro\/#author","url":"https:\/\/www.encontrabomretiro.com.br\/sobre\/author\/ebomretiro\/","name":"Encontra Bom Retiro","image":{"@type":"ImageObject","@id":"https:\/\/www.encontrabomretiro.com.br\/sobre\/3a-festa-do-kimchi-celebra-cultura-e-gastronomia-coreana-no-bom-retiro\/#authorImage","url":"https:\/\/secure.gravatar.com\/avatar\/507340682b8270222e1f208e23198b6ae7e2c6a1033ae84e99bc6bce4f82a387?s=96&d=mm&r=g","width":96,"height":96,"caption":"Encontra Bom Retiro"}},{"@type":"WebPage","@id":"https:\/\/www.encontrabomretiro.com.br\/sobre\/3a-festa-do-kimchi-celebra-cultura-e-gastronomia-coreana-no-bom-retiro\/#webpage","url":"https:\/\/www.encontrabomretiro.com.br\/sobre\/3a-festa-do-kimchi-celebra-cultura-e-gastronomia-coreana-no-bom-retiro\/","name":"3\u00aa Festa do Kimchi celebra cultura e gastronomia coreana no Bom Retiro | Encontra Bom Retiro","description":"A 3\u00aa Festa do Kimchi traz cultura e gastronomia coreana ao Bom Retiro.","inLanguage":"pt-BR","isPartOf":{"@id":"https:\/\/www.encontrabomretiro.com.br\/sobre\/#website"},"breadcrumb":{"@id":"https:\/\/www.encontrabomretiro.com.br\/sobre\/3a-festa-do-kimchi-celebra-cultura-e-gastronomia-coreana-no-bom-retiro\/#breadcrumblist"},"author":{"@id":"https:\/\/www.encontrabomretiro.com.br\/sobre\/author\/ebomretiro\/#author"},"creator":{"@id":"https:\/\/www.encontrabomretiro.com.br\/sobre\/author\/ebomretiro\/#author"},"image":{"@type":"ImageObject","url":"https:\/\/www.encontrabomretiro.com.br\/sobre\/wp-content\/uploads\/2025\/11\/3-festa-do-kimchi-celebra-cultura-e-gastronomia-coreana-no-bom-retiro.webp","@id":"https:\/\/www.encontrabomretiro.com.br\/sobre\/3a-festa-do-kimchi-celebra-cultura-e-gastronomia-coreana-no-bom-retiro\/#mainImage","width":320,"height":280,"caption":"Festa do Kimchi"},"primaryImageOfPage":{"@id":"https:\/\/www.encontrabomretiro.com.br\/sobre\/3a-festa-do-kimchi-celebra-cultura-e-gastronomia-coreana-no-bom-retiro\/#mainImage"},"datePublished":"2025-11-11T09:23:00-02:00","dateModified":"2025-11-11T09:23:00-02:00"},{"@type":"WebSite","@id":"https:\/\/www.encontrabomretiro.com.br\/sobre\/#website","url":"https:\/\/www.encontrabomretiro.com.br\/sobre\/","name":"Encontra Bom Retiro","description":"Not\u00edcias, eventos, informa\u00e7\u00f5es e dicas no bairro do Bom Retiro e regi\u00e3o.","inLanguage":"pt-BR","publisher":{"@id":"https:\/\/www.encontrabomretiro.com.br\/sobre\/#organization"}}]},"og:locale":"pt_BR","og:site_name":"Encontra Bom Retiro | Not\u00edcias, eventos, informa\u00e7\u00f5es e dicas no bairro do Bom Retiro e regi\u00e3o.","og:type":"article","og:title":"3\u00aa Festa do Kimchi celebra cultura e gastronomia coreana no Bom Retiro | Encontra Bom Retiro","og:description":"A 3\u00aa Festa do Kimchi traz cultura e gastronomia coreana ao Bom Retiro.","og:url":"https:\/\/www.encontrabomretiro.com.br\/sobre\/3a-festa-do-kimchi-celebra-cultura-e-gastronomia-coreana-no-bom-retiro\/","article:published_time":"2025-11-11T11:23:00+00:00","article:modified_time":"2025-11-11T11:23:00+00:00","twitter:card":"summary_large_image","twitter:title":"3\u00aa Festa do Kimchi celebra cultura e gastronomia coreana no Bom Retiro | Encontra Bom Retiro","twitter:description":"A 3\u00aa Festa do Kimchi traz cultura e gastronomia coreana ao Bom Retiro."},"aioseo_meta_data":{"post_id":"2063","title":null,"description":null,"keywords":null,"keyphrases":null,"primary_term":null,"canonical_url":null,"og_title":null,"og_description":null,"og_object_type":"default","og_image_type":"default","og_image_url":null,"og_image_width":null,"og_image_height":null,"og_image_custom_url":null,"og_image_custom_fields":null,"og_video":null,"og_custom_url":null,"og_article_section":null,"og_article_tags":null,"twitter_use_og":false,"twitter_card":"default","twitter_image_type":"default","twitter_image_url":null,"twitter_image_custom_url":null,"twitter_image_custom_fields":null,"twitter_title":null,"twitter_description":null,"schema":{"blockGraphs":[],"customGraphs":[],"default":{"data":{"Article":[],"Course":[],"Dataset":[],"FAQPage":[],"Movie":[],"Person":[],"Product":[],"ProductReview":[],"Car":[],"Recipe":[],"Service":[],"SoftwareApplication":[],"WebPage":[]},"graphName":"Article","isEnabled":true},"graphs":[]},"schema_type":"default","schema_type_options":null,"pillar_content":false,"robots_default":true,"robots_noindex":false,"robots_noarchive":false,"robots_nosnippet":false,"robots_nofollow":false,"robots_noimageindex":false,"robots_noodp":false,"robots_notranslate":false,"robots_max_snippet":null,"robots_max_videopreview":null,"robots_max_imagepreview":"large","priority":null,"frequency":null,"local_seo":null,"breadcrumb_settings":null,"limit_modified_date":false,"ai":null,"created":"2025-11-11 14:04:16","updated":"2025-11-11 14:05:16","focus_keyword":null,"additional_keywords":null,"truseo_locale":null,"seo_analyzer_scan_date":null},"aioseo_breadcrumb":"<div class=\"aioseo-breadcrumbs\"><span class=\"aioseo-breadcrumb\">\n\t\t\t<a href=\"https:\/\/www.encontrabomretiro.com.br\/sobre\" title=\"Dom\u00e9stica\">Dom\u00e9stica<\/a>\n\t\t<\/span><span class=\"aioseo-breadcrumb-separator\">&raquo;<\/span><span class=\"aioseo-breadcrumb\">\n\t\t\t<a href=\"https:\/\/www.encontrabomretiro.com.br\/sobre\/noticias-no-bom-retiro\/\" title=\"Not\u00edcias Bom Retiro\">Not\u00edcias Bom Retiro<\/a>\n\t\t<\/span><span class=\"aioseo-breadcrumb-separator\">&raquo;<\/span><span class=\"aioseo-breadcrumb\">\n\t\t\t3\u00aa Festa do Kimchi celebra cultura e gastronomia coreana no Bom Retiro\n\t\t<\/span><\/div>","aioseo_breadcrumb_json":[{"label":"Dom\u00e9stica","link":"https:\/\/www.encontrabomretiro.com.br\/sobre"},{"label":"Not\u00edcias Bom Retiro","link":"https:\/\/www.encontrabomretiro.com.br\/sobre\/noticias-no-bom-retiro\/"},{"label":"3\u00aa Festa do Kimchi celebra cultura e gastronomia coreana no Bom Retiro","link":"https:\/\/www.encontrabomretiro.com.br\/sobre\/3a-festa-do-kimchi-celebra-cultura-e-gastronomia-coreana-no-bom-retiro\/"}],"_links":{"self":[{"href":"https:\/\/www.encontrabomretiro.com.br\/sobre\/wp-json\/wp\/v2\/posts\/2063","targetHints":{"allow":["GET"]}}],"collection":[{"href":"https:\/\/www.encontrabomretiro.com.br\/sobre\/wp-json\/wp\/v2\/posts"}],"about":[{"href":"https:\/\/www.encontrabomretiro.com.br\/sobre\/wp-json\/wp\/v2\/types\/post"}],"author":[{"embeddable":true,"href":"https:\/\/www.encontrabomretiro.com.br\/sobre\/wp-json\/wp\/v2\/users\/1"}],"replies":[{"embeddable":true,"href":"https:\/\/www.encontrabomretiro.com.br\/sobre\/wp-json\/wp\/v2\/comments?post=2063"}],"version-history":[{"count":0,"href":"https:\/\/www.encontrabomretiro.com.br\/sobre\/wp-json\/wp\/v2\/posts\/2063\/revisions"}],"wp:featuredmedia":[{"embeddable":true,"href":"https:\/\/www.encontrabomretiro.com.br\/sobre\/wp-json\/wp\/v2\/media\/2062"}],"wp:attachment":[{"href":"https:\/\/www.encontrabomretiro.com.br\/sobre\/wp-json\/wp\/v2\/media?parent=2063"}],"wp:term":[{"taxonomy":"category","embeddable":true,"href":"https:\/\/www.encontrabomretiro.com.br\/sobre\/wp-json\/wp\/v2\/categories?post=2063"},{"taxonomy":"post_tag","embeddable":true,"href":"https:\/\/www.encontrabomretiro.com.br\/sobre\/wp-json\/wp\/v2\/tags?post=2063"}],"curies":[{"name":"wp","href":"https:\/\/api.w.org\/{rel}","templated":true}]}}