{"id":2055,"date":"2025-11-09T12:26:00","date_gmt":"2025-11-09T14:26:00","guid":{"rendered":"https:\/\/www.encontrabomretiro.com.br\/sobre\/raquel-apresenta-o-album-nao-incendiei-a-casa-por-milagre\/"},"modified":"2025-11-09T12:26:00","modified_gmt":"2025-11-09T14:26:00","slug":"raquel-apresenta-o-album-nao-incendiei-a-casa-por-milagre","status":"publish","type":"post","link":"https:\/\/www.encontrabomretiro.com.br\/sobre\/raquel-apresenta-o-album-nao-incendiei-a-casa-por-milagre\/","title":{"rendered":"Raquel apresenta o \u00e1lbum \u201cN\u00e3o incendiei a casa por milagre\u201d,"},"content":{"rendered":"<div class=\"228b65ae207de3c5c501cfe75875708b\" data-index=\"1\" style=\"float: none; margin:0px;\">\n<!-- Anuncio display - global -->\r\n<ins class=\"adsbygoogle\"\r\n     style=\"display:block\"\r\n     data-ad-client=\"ca-pub-8585364105181520\"\r\n     data-ad-slot=\"8789329856\"\r\n     data-ad-format=\"auto\"\r\n     data-full-width-responsive=\"true\"><\/ins>\r\n<script>\r\n     (adsbygoogle = window.adsbygoogle || []).push({});\r\n<\/script>\n<\/div>\n<h2>Raquel: Uma Voz Aut\u00eantica na M\u00fasica Brasileira<\/h2>\n<p>Raquel \u00e9 uma artista que tem se destacado como uma <strong>voz aut\u00eantica na m\u00fasica brasileira<\/strong>. Sua capacidade de transmitir emo\u00e7\u00e3o e contar hist\u00f3rias atrav\u00e9s de suas can\u00e7\u00f5es conquista o p\u00fablico a cada apresenta\u00e7\u00e3o. Nascida em uma fam\u00edlia de m\u00fasicos, Raquel come\u00e7ou sua trajet\u00f3ria musical ainda jovem. Desde ent\u00e3o, tem explorado diferentes estilos e influ\u00eancias, trazendo um som \u00fanico que mistura elementos de MPB, rock e pop.<\/p>\n<p>Seu talento \u00e9 not\u00e1vel, n\u00e3o apenas como cantora, mas tamb\u00e9m como compositora. Raquel escreve letras profundas que refletem suas viv\u00eancias e observa\u00e7\u00f5es sobre a vida. Suas can\u00e7\u00f5es trazem mensagens que ressoam com muitas pessoas, criando uma conex\u00e3o especial com o p\u00fablico.<\/p>\n<h2>O Processo Criativo de \u201cN\u00e3o incendiei a casa por milagre\u201d<\/h2>\n<p>O \u00e1lbum \u201c<strong>N\u00e3o incendiei a casa por milagre<\/strong>\u201d \u00e9 um marco na trajet\u00f3ria de Raquel e foi resultado de um <em>diligente processo criativo<\/em>. Durante a produ\u00e7\u00e3o do disco, Raquel se dedicou a compor novas m\u00fasicas e revisitar algumas de suas cria\u00e7\u00f5es anteriores. O \u00e1lbum reflete suas experi\u00eancias, desafios e a evolu\u00e7\u00e3o de sua sonoridade.<\/p>\n<p>Raquel envolveu-se profundamente na produ\u00e7\u00e3o, colaborando com outros compositores e m\u00fasicos para criar uma obra que fosse a cara dela. O processo de sele\u00e7\u00e3o das faixas foi minucioso, garantindo que cada m\u00fasica representasse um peda\u00e7o de sua ess\u00eancia.<\/p>\n<h2>A Dire\u00e7\u00e3o Musical de Moreno Veloso<\/h2>\n<p>A dire\u00e7\u00e3o musical do \u00e1lbum ficou sob a responsabilidade de <strong>Moreno Veloso<\/strong>, um renomado m\u00fasico e produtor. Moreno trouxe sua experi\u00eancia e sensibilidade \u00e0 produ\u00e7\u00e3o, ajudando Raquel a moldar o som do disco. A combina\u00e7\u00e3o do estilo \u00fanico de Raquel com a expertise de Moreno resultou em um trabalho coeso e inovador.<\/p>\n<p>Moreno \u00e9 conhecido por explorar novas sonoridades, e isso se reflete em \u201cN\u00e3o incendiei a casa por milagre\u201d. A colabora\u00e7\u00e3o entre os dois artistas trouxe frescor e originalidade, aproximando a obra das tend\u00eancias atuais da m\u00fasica brasileira.<\/p>\n<h2>Faixas Destacadas do \u00c1lbum<\/h2>\n<p>O \u00e1lbum \u00e9 recheado de faixas que merecem destaque. Algumas das m\u00fasicas mais impactantes incluem:<\/p>\n<ul>\n<li><strong>\u201cUm Dia de Cada Vez\u201d:<\/strong> Uma can\u00e7\u00e3o que fala sobre a supera\u00e7\u00e3o e a import\u00e2ncia de viver com leveza.<\/li>\n<li><strong>\u201cCaminhos\u201d:<\/strong> Esta faixa revisita mem\u00f3rias e escolhas numa melodia envolvente.<\/li>\n<li><strong>\u201cMar de Esperan\u00e7a\u201d:<\/strong> Uma balada que evoca sentimentos de amor e esperan\u00e7a, perfeita para momentos de introspec\u00e7\u00e3o.<\/li>\n<li><strong>\u201cBrilho do Sol\u201d:<\/strong> Com um ritmo contagiante, esta can\u00e7\u00e3o celebra a alegria e a beleza da vida.<\/li>\n<\/ul>\n<p>Cada m\u00fasica do \u00e1lbum oferece uma experi\u00eancia \u00fanica, mostrando a versatilidade de Raquel como artista e compositora.<\/p>\n<h2>Emo\u00e7\u00f5es e Temas no Repert\u00f3rio<\/h2>\n<p>As letras do \u00e1lbum abordam <strong>emo\u00e7\u00f5es e temas diversos<\/strong>, refletindo a complexidade da experi\u00eancia humana. Raquel explora quest\u00f5es como amor, perda, esperan\u00e7a e resist\u00eancia. As can\u00e7\u00f5es s\u00e3o honestas e diretas, permitindo que os ouvintes se identifiquem com suas hist\u00f3rias.<\/p>\n<p>Al\u00e9m disso, o \u00e1lbum traz uma reflex\u00e3o sobre os desafios enfrentados na sociedade atual, como ansiedade e press\u00e3o social. Raquel utiliza sua m\u00fasica como uma forma de comentar quest\u00f5es relevantes e conectar-se com aqueles que enfrentam realidades semelhantes.<\/p>\n<h2>O Projeto Alquimia Musical no Sesc<\/h2>\n<p>O lan\u00e7amento do \u00e1lbum foi muito bem recebido durante o projeto <strong>Alquimia Musical<\/strong>, realizado pelo <strong>Sesc<\/strong>. Este projeto visa promover a m\u00fasica brasileira, oferecendo aos artistas um espa\u00e7o para se apresentarem e se conectarem com o p\u00fablico.<\/p>\n<p>No evento, Raquel n\u00e3o apenas apresentou seu novo \u00e1lbum, mas tamb\u00e9m interagiu com o p\u00fablico, compartilhando hist\u00f3rias sobre o processo criativo e o significado das can\u00e7\u00f5es. O Sesc se mostrou um ambiente acolhedor, prop\u00edcio para a troca de experi\u00eancias e a celebra\u00e7\u00e3o da m\u00fasica.<\/p>\n<h2>Raquel e Suas Contribui\u00e7\u00f5es ao Mundo da M\u00fasica<\/h2>\n<p>Raquel n\u00e3o \u00e9 apenas uma cantora; ela \u00e9 uma <strong>contribuidora ativa no cen\u00e1rio musical brasileiro<\/strong>. Sua entrega e paix\u00e3o pela m\u00fasica a tornam uma refer\u00eancia para jovens artistas e f\u00e3s. Al\u00e9m de suas produ\u00e7\u00f5es musicais, Raquel participa de workshops e projetos sociais, incentivando a forma\u00e7\u00e3o de novos talentos.<\/p>\n<p>Seus esfor\u00e7os v\u00e3o al\u00e9m da m\u00fasica, pois Raquel utiliza sua plataforma para apoiar causas sociais importantes. Isso a torna uma artista admir\u00e1vel, cujo impacto transcende o entretenimento.<\/p>\n<h2>Resenha do Show no Sesc Bom Retiro<\/h2>\n<p>O show de lan\u00e7amento de \u201cN\u00e3o incendiei a casa por milagre\u201d no <strong>Sesc Bom Retiro<\/strong> foi uma experi\u00eancia inesquec\u00edvel. Raquel subiu ao palco com determina\u00e7\u00e3o, transmitindo energia e emo\u00e7\u00e3o por meio de cada can\u00e7\u00e3o. Os f\u00e3s foram brindados com uma performance apaixonada e cheia de sentimentos.<\/p>\n<p>Durante o show, Raquel interagiu com a plateia, criando um ambiente intimista. O p\u00fablico cantou junto e vivenciou um momento de conex\u00e3o verdadeiro. A escolha do repert\u00f3rio trouxe um equil\u00edbrio entre hits mais conhecidos e as novas faixas do \u00e1lbum, cativando a aten\u00e7\u00e3o de todos.<\/p>\n<h2>O Impacto do \u00c1lbum na Carreira de Raquel<\/h2>\n<p>O lan\u00e7amento de \u201cN\u00e3o incendiei a casa por milagre\u201d representa um <strong>divisor de \u00e1guas na carreira de Raquel<\/strong>. O \u00e1lbum consolidou seu espa\u00e7o na cena musical brasileira, atraindo a aten\u00e7\u00e3o de cr\u00edticos e f\u00e3s. Raquel passou a ser reconhecida n\u00e3o apenas por sua voz, mas tamb\u00e9m por sua habilidade de contar hist\u00f3rias atrav\u00e9s da m\u00fasica.<\/p>\n<p>Com o sucesso do \u00e1lbum, novas oportunidades surgiram, e Raquel vem participando de festivais e colabora\u00e7\u00f5es com outros artistas renomados. O reconhecimento chegou tamb\u00e9m nas redes sociais, onde Raquel tem visto um aumento em seu n\u00famero de seguidores e intera\u00e7\u00f5es.<\/p>\n<h2>Como Adquirir Ingressos para o Show<\/h2>\n<p>Os interessados em assistir ao show de Raquel devem ficar atentos ao <strong>site do Sesc<\/strong> e \u00e0s redes sociais da artista para informa\u00e7\u00f5es sobre novos shows e lan\u00e7amentos de ingressos. Geralmente, os ingressos s\u00e3o vendidos online e podem se esgotar rapidamente, dada a popularidade da artista.<\/p>\n<p>Al\u00e9m disso, \u00e9 recomendado acompanhar as divulga\u00e7\u00f5es de eventos, j\u00e1 que Raquel tem participado de apresenta\u00e7\u00f5es especiais em diferentes locais. N\u00e3o perca a chance de vivenciar sua m\u00fasica ao vivo!<\/p>\n\n<div style=\"font-size: 0px; height: 0px; line-height: 0px; margin: 0; padding: 0; clear: both;\"><\/div>","protected":false},"excerpt":{"rendered":"<p>Raquel apresenta seu novo \u00e1lbum \u201cN\u00e3o incendiei a casa por milagre\u201d em show no Sesc Bom Retiro.<\/p>\n","protected":false},"author":1,"featured_media":2054,"comment_status":"open","ping_status":"closed","sticky":false,"template":"","format":"standard","meta":{"footnotes":""},"categories":[6],"tags":[],"class_list":["post-2055","post","type-post","status-publish","format-standard","has-post-thumbnail","hentry","category-noticias-no-bom-retiro","has_thumb"],"aioseo_notices":[],"_links":{"self":[{"href":"https:\/\/www.encontrabomretiro.com.br\/sobre\/wp-json\/wp\/v2\/posts\/2055","targetHints":{"allow":["GET"]}}],"collection":[{"href":"https:\/\/www.encontrabomretiro.com.br\/sobre\/wp-json\/wp\/v2\/posts"}],"about":[{"href":"https:\/\/www.encontrabomretiro.com.br\/sobre\/wp-json\/wp\/v2\/types\/post"}],"author":[{"embeddable":true,"href":"https:\/\/www.encontrabomretiro.com.br\/sobre\/wp-json\/wp\/v2\/users\/1"}],"replies":[{"embeddable":true,"href":"https:\/\/www.encontrabomretiro.com.br\/sobre\/wp-json\/wp\/v2\/comments?post=2055"}],"version-history":[{"count":0,"href":"https:\/\/www.encontrabomretiro.com.br\/sobre\/wp-json\/wp\/v2\/posts\/2055\/revisions"}],"wp:featuredmedia":[{"embeddable":true,"href":"https:\/\/www.encontrabomretiro.com.br\/sobre\/wp-json\/wp\/v2\/media\/2054"}],"wp:attachment":[{"href":"https:\/\/www.encontrabomretiro.com.br\/sobre\/wp-json\/wp\/v2\/media?parent=2055"}],"wp:term":[{"taxonomy":"category","embeddable":true,"href":"https:\/\/www.encontrabomretiro.com.br\/sobre\/wp-json\/wp\/v2\/categories?post=2055"},{"taxonomy":"post_tag","embeddable":true,"href":"https:\/\/www.encontrabomretiro.com.br\/sobre\/wp-json\/wp\/v2\/tags?post=2055"}],"curies":[{"name":"wp","href":"https:\/\/api.w.org\/{rel}","templated":true}]}}