{"id":2033,"date":"2025-11-06T11:32:00","date_gmt":"2025-11-06T13:32:00","guid":{"rendered":"https:\/\/www.encontrabomretiro.com.br\/sobre\/festival-do-dia-do-kimchi-chega-a-3a-edicao-com-programacao-gratuita-no-bom-retiro\/"},"modified":"2025-11-06T11:32:00","modified_gmt":"2025-11-06T13:32:00","slug":"festival-do-dia-do-kimchi-chega-a-3a-edicao-com-programacao-gratuita-no-bom-retiro","status":"publish","type":"post","link":"https:\/\/www.encontrabomretiro.com.br\/sobre\/festival-do-dia-do-kimchi-chega-a-3a-edicao-com-programacao-gratuita-no-bom-retiro\/","title":{"rendered":"Festival do Dia do Kimchi chega \u00e0 3\u00aa edi\u00e7\u00e3o com programa\u00e7\u00e3o gratuita no Bom Retiro"},"content":{"rendered":"<div class=\"228b65ae207de3c5c501cfe75875708b\" data-index=\"1\" style=\"float: none; margin:0px;\">\n<!-- Anuncio display - global -->\r\n<ins class=\"adsbygoogle\"\r\n     style=\"display:block\"\r\n     data-ad-client=\"ca-pub-8585364105181520\"\r\n     data-ad-slot=\"8789329856\"\r\n     data-ad-format=\"auto\"\r\n     data-full-width-responsive=\"true\"><\/ins>\r\n<script>\r\n     (adsbygoogle = window.adsbygoogle || []).push({});\r\n<\/script>\n<\/div>\n<h2>O que esperar do Festival do Dia do Kimchi<\/h2>\n<p>O <strong>Festival do Dia do Kimchi<\/strong> \u00e9 um evento vibrante que celebra um dos pratos mais emblem\u00e1ticos da culin\u00e1ria coreana. Durante o festival, visitantes podem esperar uma experi\u00eancia rica em cultura, sabor e tradi\u00e7\u00e3o. O evento re\u00fane comunidades, amantes da comida e curiosos, todos ansiosos para mergulhar na cultura coreana.<\/p>\n<p>Entre as atra\u00e7\u00f5es principais, est\u00e3o as tradicionais demonstra\u00e7\u00f5es de como o kimchi \u00e9 preparado, a oportunidade de provar v\u00e1rias receitas e tamb\u00e9m as atividades culturais que oferecem uma vis\u00e3o do estilo de vida coreano.<\/p>\n<h2>Import\u00e2ncia do Kimchi na Culin\u00e1ria Coreana<\/h2>\n<p>O <strong>kimchi<\/strong> \u00e9 muito mais do que um simples acompanhamento. Ele \u00e9 um <em>alimento b\u00e1sico<\/em> na Coreia do Sul e faz parte da hist\u00f3ria e identidade do povo coreano. O prato, feito normalmente de repolho fermentado e temperos, traz benef\u00edcios nutricionais e \u00e9 rico em probi\u00f3ticos, contribuindo para uma boa digest\u00e3o.<\/p>\n<p>Al\u00e9m disso, o kimchi \u00e9 um s\u00edmbolo de resist\u00eancia e adapta\u00e7\u00e3o, tendo sido aperfei\u00e7oado ao longo dos s\u00e9culos. \u00c9 dif\u00edcil imaginar uma refei\u00e7\u00e3o coreana sem a presen\u00e7a do kimchi, que complementa cada prato, oferecendo um equil\u00edbrio de sabores.<\/p>\n<h2>Programa\u00e7\u00e3o Cultural do Festival<\/h2>\n<p>A programa\u00e7\u00e3o do Festival do Dia do Kimchi \u00e9 repleta de atividades culturalmente enriquecedoras. Os visitantes podem desfrutar de:<\/p>\n<ul>\n<li><strong>Demonstra\u00e7\u00f5es Gastron\u00f4micas:<\/strong> Chefes de cozinha coreanos experientes compartilham suas receitas e segredos sobre como preparar o kimchi perfeito.<\/li>\n<li><strong>Palestras sobre a Hist\u00f3ria do Kimchi:<\/strong> Estudiosos e especialistas discutem a evolu\u00e7\u00e3o do kimchi e seu impacto cultural.<\/li>\n<li><strong>Feiras de Produtos T\u00edpicos:<\/strong> Os visitantes podem explorar barracas que vendem ingredientes frescos e produtos t\u00edpicos coreanos.<\/li>\n<\/ul>\n<p>N\u00e3o perca as oportunidades de aprender mais sobre a import\u00e2ncia do kimchi na dieta e na cultura coreana!<\/p>\n<h2>Oficinas Pr\u00e1ticas: Aprenda a Fazer Kimchi<\/h2>\n<p>Uma das atra\u00e7\u00f5es mais esperadas do Festival do Dia do Kimchi s\u00e3o as <strong>oficinas pr\u00e1ticas<\/strong> onde os participantes podem aprender a fazer seu pr\u00f3prio kimchi. Estas oficinas s\u00e3o conduzidas por chefs experientes que ensinam a t\u00e9cnica de fermenta\u00e7\u00e3o e os temperos usados na receita. <\/p>\n<p>Os participantes recebem:<\/p>\n<ul>\n<li><strong>Ingredientes frescos:<\/strong> Para garantir o melhor sabor e qualidade.<\/li>\n<li><strong>Receitas passo a passo:<\/strong> Para que possam replicar em casa.<\/li>\n<li><strong>Dicas de armazenamento:<\/strong> Para preservar o kimchi feito em casa.<\/li>\n<\/ul>\n<p>Essas oficinas s\u00e3o interativas e permitem um aprendizado divertido e pr\u00e1tico!<\/p>\n<h2>Experimente Pratos T\u00edpicos da Coreia<\/h2>\n<p>Al\u00e9m do kimchi, o festival tamb\u00e9m destaca uma variedade de <strong>pratos t\u00edpicos coreanos<\/strong>. Alguns dos destaques incluem:<\/p>\n<ul>\n<li><strong>Bulgogi:<\/strong> Carne marinada em molho de soja, a\u00e7\u00facar, alho e \u00f3leo de gergelim, grelhada at\u00e9 ficar suculenta.<\/li>\n<li><strong>Bibimbap:<\/strong> Arroz misturado com legumes variados, carne e um ovo frito, servido com pasta de pimenta.<\/li>\n<li><strong>Tteokbokki:<\/strong> Bolinhos de arroz em molho picante, uma verdadeira iguaria de rua da Coreia.<\/li>\n<\/ul>\n<p>Os visitantes podem degustar estas del\u00edcias em food trucks e estandes ao redor do festival, garantindo uma verdadeira experi\u00eancia gastron\u00f4mica coreana.<\/p>\n<h2>Apresenta\u00e7\u00f5es de M\u00fasica e Dan\u00e7a Coreana<\/h2>\n<p>A <strong>cultura coreana<\/strong> \u00e9 rica n\u00e3o apenas na culin\u00e1ria, mas tamb\u00e9m nas artes perform\u00e1ticas. Durante o festival, haver\u00e1 apresenta\u00e7\u00f5es de m\u00fasica e dan\u00e7a que celebram essa heran\u00e7a cultural. Os visitantes poder\u00e3o assistir a:<\/p>\n<ul>\n<li><strong>Dan\u00e7as tradicionais:<\/strong> Grupos de dan\u00e7a que realizam coreografias folcl\u00f3ricas.<\/li>\n<li><strong>Musica contempor\u00e2nea:<\/strong> Bandas e artistas locais que trazem um toque moderno \u00e0 m\u00fasica coreana.<\/li>\n<li><strong>Performance de B-boy:<\/strong> Mostrando a influ\u00eancia da cultura pop e do hip-hop na Coreia.<\/li>\n<\/ul>\n<p>Essas performances s\u00e3o uma \u00f3tima forma de se conectar com a cultura coreana de uma maneira din\u00e2mica e envolvente.<\/p>\n<h2>Atra\u00e7\u00f5es de K-Pop e Desfiles de Hanbok<\/h2>\n<p>O <strong>K-Pop<\/strong> \u00e9 um dos maiores fen\u00f4menos culturais da atualidade, e o festival n\u00e3o deixa de fora essa atra\u00e7\u00e3o. Os f\u00e3s podem participar de:<\/p>\n<ul>\n<li><strong>Concursos de dan\u00e7a:<\/strong> Com grupos se apresentando com coreografias de seus grupos de K-Pop favoritos.<\/li>\n<li><strong>Apresenta\u00e7\u00f5es ao vivo:<\/strong> Artistas locais que fazem covers de grandes sucessos do K-Pop.<\/li>\n<\/ul>\n<p> Al\u00e9m disso, haver\u00e1 <strong>desfiles de hanbok<\/strong>, o vestu\u00e1rio tradicional coreano, com modelos mostrando as diversas cores e estilos dessas roupas, que s\u00e3o verdadeiros \u00edcones culturais.<\/p>\n<h2>Exposi\u00e7\u00f5es sobre K-Dramas e Caligrafia<\/h2>\n<p>Em um espa\u00e7o dedicado, o festival contar\u00e1 com <strong>exposi\u00e7\u00f5es sobre K-Dramas<\/strong>, que s\u00e3o muito amados tanto na Coreia quanto internacionalmente. Os visitantes poder\u00e3o ver:<\/p>\n<ul>\n<li><strong>Pain\u00e9is interativos:<\/strong> Com informa\u00e7\u00f5es sobre os dramas mais assistidos e seus protagonistas.<\/li>\n<li><strong>Atividades tem\u00e1ticas:<\/strong> Para os f\u00e3s se envolverem e vivenciarem suas cenas favoritas.<\/li>\n<\/ul>\n<p>A tamb\u00e9m haver\u00e1 uma exposi\u00e7\u00e3o de <strong>caligrafia coreana<\/strong>, onde visitantes poder\u00e3o aprender a arte de escrever em Hangul, o alfabeto coreano. Workshops estar\u00e3o dispon\u00edveis para aqueles que querem experimentar essa forma de arte.<\/p>\n<h2>Como Chegar ao Festival no Bom Retiro<\/h2>\n<p>O <strong>Bom Retiro<\/strong> \u00e9 um dos bairros mais animados de S\u00e3o Paulo, conhecido por sua grande comunidade coreana. Chegar ao festival \u00e9 f\u00e1cil:<\/p>\n<ul>\n<li><strong>Transporte P\u00fablico:<\/strong> A esta\u00e7\u00e3o de metr\u00f4 mais pr\u00f3xima \u00e9 a <em>S\u00e3o Bento<\/em>, que est\u00e1 a poucos minutos a p\u00e9 do local do festival.<\/li>\n<li><strong>\u00d4nibus:<\/strong> V\u00e1rias linhas de \u00f4nibus atendem a regi\u00e3o, facilitando o acesso.<\/li>\n<li><strong>Carro:<\/strong> Existem v\u00e1rias op\u00e7\u00f5es de estacionamentos nas proximidades, mas recomenda-se chegar cedo para garantir vaga.<\/li>\n<\/ul>\n<p>Una-se a milhares de pessoas que celebram a cultura coreana nesse vibrante evento!<\/p>\n<h2>Comemora\u00e7\u00f5es do Dia do Kimchi em S\u00e3o Paulo<\/h2>\n<p>Al\u00e9m do festival principal, v\u00e1rias outras comemora\u00e7\u00f5es do <strong>Dia do Kimchi<\/strong> acontecem em S\u00e3o Paulo. Restaurantes coreanos realizam promo\u00e7\u00f5es, oferecendo pratos especiais \u00e0 base de kimchi. Algumas atividades incluem:<\/p>\n<ul>\n<li><strong>Aulas de culin\u00e1ria:<\/strong> Alguns estabelecimentos oferecem aulas sobre como fazer kimchi.<\/li>\n<li><strong>Promo\u00e7\u00f5es:<\/strong> Restaurantes promovem pratos com desconto no dia do kimchi.<\/li>\n<li><strong>Eventos Tem\u00e1ticos:<\/strong> Eventos em bares e espa\u00e7os culturais que celebram a cultura coreana com festas e m\u00fasica.<\/li>\n<\/ul>\n<p>Portanto, o Dia do Kimchi \u00e9 uma oportunidade para os amantes da cultura coreana se unirem e explorarem essa deliciosa tradi\u00e7\u00e3o. N\u00e3o perca a chance de participar e celebrar esta iguaria incr\u00edvel!<\/p>\n\n<div style=\"font-size: 0px; height: 0px; line-height: 0px; margin: 0; padding: 0; clear: both;\"><\/div>","protected":false},"excerpt":{"rendered":"<p>Festival do Dia do Kimchi promete divers\u00e3o e cultura no Bom Retiro.<\/p>\n","protected":false},"author":1,"featured_media":2032,"comment_status":"open","ping_status":"closed","sticky":false,"template":"","format":"standard","meta":{"footnotes":""},"categories":[6],"tags":[],"class_list":["post-2033","post","type-post","status-publish","format-standard","has-post-thumbnail","hentry","category-noticias-no-bom-retiro","has_thumb"],"aioseo_notices":[],"aioseo_head":"\n\t\t<!-- All in One SEO 5.0.0.1 - aioseo.com -->\n\t<meta name=\"description\" content=\"Festival do Dia do Kimchi promete divers\u00e3o e cultura no Bom Retiro.\" \/>\n\t<meta name=\"robots\" content=\"max-image-preview:large\" \/>\n\t<meta name=\"author\" content=\"Encontra Bom Retiro\"\/>\n\t<link rel=\"canonical\" href=\"https:\/\/www.encontrabomretiro.com.br\/sobre\/festival-do-dia-do-kimchi-chega-a-3a-edicao-com-programacao-gratuita-no-bom-retiro\/\" \/>\n\t<meta name=\"generator\" content=\"All in One SEO (AIOSEO) 5.0.0.1\" \/>\n\t\t<meta property=\"og:locale\" content=\"pt_BR\" \/>\n\t\t<meta property=\"og:site_name\" content=\"Encontra Bom Retiro | Not\u00edcias, eventos, informa\u00e7\u00f5es e dicas no bairro do Bom Retiro e regi\u00e3o.\" \/>\n\t\t<meta property=\"og:type\" content=\"article\" \/>\n\t\t<meta property=\"og:title\" content=\"Festival do Dia do Kimchi chega \u00e0 3\u00aa edi\u00e7\u00e3o com programa\u00e7\u00e3o gratuita no Bom Retiro | Encontra Bom Retiro\" \/>\n\t\t<meta property=\"og:description\" content=\"Festival do Dia do Kimchi promete divers\u00e3o e cultura no Bom Retiro.\" \/>\n\t\t<meta property=\"og:url\" content=\"https:\/\/www.encontrabomretiro.com.br\/sobre\/festival-do-dia-do-kimchi-chega-a-3a-edicao-com-programacao-gratuita-no-bom-retiro\/\" \/>\n\t\t<meta property=\"article:published_time\" content=\"2025-11-06T13:32:00+00:00\" \/>\n\t\t<meta property=\"article:modified_time\" content=\"2025-11-06T13:32:00+00:00\" \/>\n\t\t<meta name=\"twitter:card\" content=\"summary_large_image\" \/>\n\t\t<meta name=\"twitter:title\" content=\"Festival do Dia do Kimchi chega \u00e0 3\u00aa edi\u00e7\u00e3o com programa\u00e7\u00e3o gratuita no Bom Retiro | Encontra Bom Retiro\" \/>\n\t\t<meta name=\"twitter:description\" content=\"Festival do Dia do Kimchi promete divers\u00e3o e cultura no Bom Retiro.\" \/>\n\t\t<script type=\"application\/ld+json\" class=\"aioseo-schema\">\n\t\t\t{\"@context\":\"https:\\\/\\\/schema.org\",\"@graph\":[{\"@type\":\"Article\",\"@id\":\"https:\\\/\\\/www.encontrabomretiro.com.br\\\/sobre\\\/festival-do-dia-do-kimchi-chega-a-3a-edicao-com-programacao-gratuita-no-bom-retiro\\\/#article\",\"name\":\"Festival do Dia do Kimchi chega \\u00e0 3\\u00aa edi\\u00e7\\u00e3o com programa\\u00e7\\u00e3o gratuita no Bom Retiro | Encontra Bom Retiro\",\"headline\":\"Festival do Dia do Kimchi chega \\u00e0 3\\u00aa edi\\u00e7\\u00e3o com programa\\u00e7\\u00e3o gratuita no Bom Retiro\",\"author\":{\"@id\":\"https:\\\/\\\/www.encontrabomretiro.com.br\\\/sobre\\\/author\\\/ebomretiro\\\/#author\"},\"publisher\":{\"@id\":\"https:\\\/\\\/www.encontrabomretiro.com.br\\\/sobre\\\/#organization\"},\"image\":{\"@type\":\"ImageObject\",\"url\":\"https:\\\/\\\/www.encontrabomretiro.com.br\\\/sobre\\\/wp-content\\\/uploads\\\/2025\\\/11\\\/festival-do-dia-do-kimchi-chega-a-3-edicao-com-programacao-gratuita-no-bom-retiro.webp\",\"width\":320,\"height\":280,\"caption\":\"Festival do Dia do Kimchi\"},\"datePublished\":\"2025-11-06T11:32:00-02:00\",\"dateModified\":\"2025-11-06T11:32:00-02:00\",\"inLanguage\":\"pt-BR\",\"mainEntityOfPage\":{\"@id\":\"https:\\\/\\\/www.encontrabomretiro.com.br\\\/sobre\\\/festival-do-dia-do-kimchi-chega-a-3a-edicao-com-programacao-gratuita-no-bom-retiro\\\/#webpage\"},\"isPartOf\":{\"@id\":\"https:\\\/\\\/www.encontrabomretiro.com.br\\\/sobre\\\/festival-do-dia-do-kimchi-chega-a-3a-edicao-com-programacao-gratuita-no-bom-retiro\\\/#webpage\"},\"articleSection\":\"Not\\u00edcias Bom Retiro\"},{\"@type\":\"BreadcrumbList\",\"@id\":\"https:\\\/\\\/www.encontrabomretiro.com.br\\\/sobre\\\/festival-do-dia-do-kimchi-chega-a-3a-edicao-com-programacao-gratuita-no-bom-retiro\\\/#breadcrumblist\",\"itemListElement\":[{\"@type\":\"ListItem\",\"@id\":\"https:\\\/\\\/www.encontrabomretiro.com.br\\\/sobre#listItem\",\"position\":1,\"name\":\"Dom\\u00e9stica\",\"item\":\"https:\\\/\\\/www.encontrabomretiro.com.br\\\/sobre\",\"nextItem\":{\"@type\":\"ListItem\",\"@id\":\"https:\\\/\\\/www.encontrabomretiro.com.br\\\/sobre\\\/noticias-no-bom-retiro\\\/#listItem\",\"name\":\"Not\\u00edcias Bom Retiro\"}},{\"@type\":\"ListItem\",\"@id\":\"https:\\\/\\\/www.encontrabomretiro.com.br\\\/sobre\\\/noticias-no-bom-retiro\\\/#listItem\",\"position\":2,\"name\":\"Not\\u00edcias Bom Retiro\",\"item\":\"https:\\\/\\\/www.encontrabomretiro.com.br\\\/sobre\\\/noticias-no-bom-retiro\\\/\",\"nextItem\":{\"@type\":\"ListItem\",\"@id\":\"https:\\\/\\\/www.encontrabomretiro.com.br\\\/sobre\\\/festival-do-dia-do-kimchi-chega-a-3a-edicao-com-programacao-gratuita-no-bom-retiro\\\/#listItem\",\"name\":\"Festival do Dia do Kimchi chega \\u00e0 3\\u00aa edi\\u00e7\\u00e3o com programa\\u00e7\\u00e3o gratuita no Bom Retiro\"},\"previousItem\":{\"@type\":\"ListItem\",\"@id\":\"https:\\\/\\\/www.encontrabomretiro.com.br\\\/sobre#listItem\",\"name\":\"Dom\\u00e9stica\"}},{\"@type\":\"ListItem\",\"@id\":\"https:\\\/\\\/www.encontrabomretiro.com.br\\\/sobre\\\/festival-do-dia-do-kimchi-chega-a-3a-edicao-com-programacao-gratuita-no-bom-retiro\\\/#listItem\",\"position\":3,\"name\":\"Festival do Dia do Kimchi chega \\u00e0 3\\u00aa edi\\u00e7\\u00e3o com programa\\u00e7\\u00e3o gratuita no Bom Retiro\",\"previousItem\":{\"@type\":\"ListItem\",\"@id\":\"https:\\\/\\\/www.encontrabomretiro.com.br\\\/sobre\\\/noticias-no-bom-retiro\\\/#listItem\",\"name\":\"Not\\u00edcias Bom Retiro\"}}]},{\"@type\":\"Organization\",\"@id\":\"https:\\\/\\\/www.encontrabomretiro.com.br\\\/sobre\\\/#organization\",\"name\":\"Encontra Bom Retiro\",\"description\":\"Not\\u00edcias, eventos, informa\\u00e7\\u00f5es e dicas no bairro do Bom Retiro e regi\\u00e3o.\",\"url\":\"https:\\\/\\\/www.encontrabomretiro.com.br\\\/sobre\\\/\"},{\"@type\":\"Person\",\"@id\":\"https:\\\/\\\/www.encontrabomretiro.com.br\\\/sobre\\\/author\\\/ebomretiro\\\/#author\",\"url\":\"https:\\\/\\\/www.encontrabomretiro.com.br\\\/sobre\\\/author\\\/ebomretiro\\\/\",\"name\":\"Encontra Bom Retiro\",\"image\":{\"@type\":\"ImageObject\",\"@id\":\"https:\\\/\\\/www.encontrabomretiro.com.br\\\/sobre\\\/festival-do-dia-do-kimchi-chega-a-3a-edicao-com-programacao-gratuita-no-bom-retiro\\\/#authorImage\",\"url\":\"https:\\\/\\\/secure.gravatar.com\\\/avatar\\\/507340682b8270222e1f208e23198b6ae7e2c6a1033ae84e99bc6bce4f82a387?s=96&d=mm&r=g\",\"width\":96,\"height\":96,\"caption\":\"Encontra Bom Retiro\"}},{\"@type\":\"WebPage\",\"@id\":\"https:\\\/\\\/www.encontrabomretiro.com.br\\\/sobre\\\/festival-do-dia-do-kimchi-chega-a-3a-edicao-com-programacao-gratuita-no-bom-retiro\\\/#webpage\",\"url\":\"https:\\\/\\\/www.encontrabomretiro.com.br\\\/sobre\\\/festival-do-dia-do-kimchi-chega-a-3a-edicao-com-programacao-gratuita-no-bom-retiro\\\/\",\"name\":\"Festival do Dia do Kimchi chega \\u00e0 3\\u00aa edi\\u00e7\\u00e3o com programa\\u00e7\\u00e3o gratuita no Bom Retiro | Encontra Bom Retiro\",\"description\":\"Festival do Dia do Kimchi promete divers\\u00e3o e cultura no Bom Retiro.\",\"inLanguage\":\"pt-BR\",\"isPartOf\":{\"@id\":\"https:\\\/\\\/www.encontrabomretiro.com.br\\\/sobre\\\/#website\"},\"breadcrumb\":{\"@id\":\"https:\\\/\\\/www.encontrabomretiro.com.br\\\/sobre\\\/festival-do-dia-do-kimchi-chega-a-3a-edicao-com-programacao-gratuita-no-bom-retiro\\\/#breadcrumblist\"},\"author\":{\"@id\":\"https:\\\/\\\/www.encontrabomretiro.com.br\\\/sobre\\\/author\\\/ebomretiro\\\/#author\"},\"creator\":{\"@id\":\"https:\\\/\\\/www.encontrabomretiro.com.br\\\/sobre\\\/author\\\/ebomretiro\\\/#author\"},\"image\":{\"@type\":\"ImageObject\",\"url\":\"https:\\\/\\\/www.encontrabomretiro.com.br\\\/sobre\\\/wp-content\\\/uploads\\\/2025\\\/11\\\/festival-do-dia-do-kimchi-chega-a-3-edicao-com-programacao-gratuita-no-bom-retiro.webp\",\"@id\":\"https:\\\/\\\/www.encontrabomretiro.com.br\\\/sobre\\\/festival-do-dia-do-kimchi-chega-a-3a-edicao-com-programacao-gratuita-no-bom-retiro\\\/#mainImage\",\"width\":320,\"height\":280,\"caption\":\"Festival do Dia do Kimchi\"},\"primaryImageOfPage\":{\"@id\":\"https:\\\/\\\/www.encontrabomretiro.com.br\\\/sobre\\\/festival-do-dia-do-kimchi-chega-a-3a-edicao-com-programacao-gratuita-no-bom-retiro\\\/#mainImage\"},\"datePublished\":\"2025-11-06T11:32:00-02:00\",\"dateModified\":\"2025-11-06T11:32:00-02:00\"},{\"@type\":\"WebSite\",\"@id\":\"https:\\\/\\\/www.encontrabomretiro.com.br\\\/sobre\\\/#website\",\"url\":\"https:\\\/\\\/www.encontrabomretiro.com.br\\\/sobre\\\/\",\"name\":\"Encontra Bom Retiro\",\"description\":\"Not\\u00edcias, eventos, informa\\u00e7\\u00f5es e dicas no bairro do Bom Retiro e regi\\u00e3o.\",\"inLanguage\":\"pt-BR\",\"publisher\":{\"@id\":\"https:\\\/\\\/www.encontrabomretiro.com.br\\\/sobre\\\/#organization\"}}]}\n\t\t<\/script>\n\t\t<!-- All in One SEO -->\n\n","aioseo_head_json":{"title":"Festival do Dia do Kimchi chega \u00e0 3\u00aa edi\u00e7\u00e3o com programa\u00e7\u00e3o gratuita no Bom Retiro | Encontra Bom Retiro","description":"Festival do Dia do Kimchi promete divers\u00e3o e cultura no Bom Retiro.","canonical_url":"https:\/\/www.encontrabomretiro.com.br\/sobre\/festival-do-dia-do-kimchi-chega-a-3a-edicao-com-programacao-gratuita-no-bom-retiro\/","robots":"max-image-preview:large","keywords":"","webmasterTools":{"miscellaneous":""},"schema":{"@context":"https:\/\/schema.org","@graph":[{"@type":"Article","@id":"https:\/\/www.encontrabomretiro.com.br\/sobre\/festival-do-dia-do-kimchi-chega-a-3a-edicao-com-programacao-gratuita-no-bom-retiro\/#article","name":"Festival do Dia do Kimchi chega \u00e0 3\u00aa edi\u00e7\u00e3o com programa\u00e7\u00e3o gratuita no Bom Retiro | Encontra Bom Retiro","headline":"Festival do Dia do Kimchi chega \u00e0 3\u00aa edi\u00e7\u00e3o com programa\u00e7\u00e3o gratuita no Bom Retiro","author":{"@id":"https:\/\/www.encontrabomretiro.com.br\/sobre\/author\/ebomretiro\/#author"},"publisher":{"@id":"https:\/\/www.encontrabomretiro.com.br\/sobre\/#organization"},"image":{"@type":"ImageObject","url":"https:\/\/www.encontrabomretiro.com.br\/sobre\/wp-content\/uploads\/2025\/11\/festival-do-dia-do-kimchi-chega-a-3-edicao-com-programacao-gratuita-no-bom-retiro.webp","width":320,"height":280,"caption":"Festival do Dia do Kimchi"},"datePublished":"2025-11-06T11:32:00-02:00","dateModified":"2025-11-06T11:32:00-02:00","inLanguage":"pt-BR","mainEntityOfPage":{"@id":"https:\/\/www.encontrabomretiro.com.br\/sobre\/festival-do-dia-do-kimchi-chega-a-3a-edicao-com-programacao-gratuita-no-bom-retiro\/#webpage"},"isPartOf":{"@id":"https:\/\/www.encontrabomretiro.com.br\/sobre\/festival-do-dia-do-kimchi-chega-a-3a-edicao-com-programacao-gratuita-no-bom-retiro\/#webpage"},"articleSection":"Not\u00edcias Bom Retiro"},{"@type":"BreadcrumbList","@id":"https:\/\/www.encontrabomretiro.com.br\/sobre\/festival-do-dia-do-kimchi-chega-a-3a-edicao-com-programacao-gratuita-no-bom-retiro\/#breadcrumblist","itemListElement":[{"@type":"ListItem","@id":"https:\/\/www.encontrabomretiro.com.br\/sobre#listItem","position":1,"name":"Dom\u00e9stica","item":"https:\/\/www.encontrabomretiro.com.br\/sobre","nextItem":{"@type":"ListItem","@id":"https:\/\/www.encontrabomretiro.com.br\/sobre\/noticias-no-bom-retiro\/#listItem","name":"Not\u00edcias Bom Retiro"}},{"@type":"ListItem","@id":"https:\/\/www.encontrabomretiro.com.br\/sobre\/noticias-no-bom-retiro\/#listItem","position":2,"name":"Not\u00edcias Bom Retiro","item":"https:\/\/www.encontrabomretiro.com.br\/sobre\/noticias-no-bom-retiro\/","nextItem":{"@type":"ListItem","@id":"https:\/\/www.encontrabomretiro.com.br\/sobre\/festival-do-dia-do-kimchi-chega-a-3a-edicao-com-programacao-gratuita-no-bom-retiro\/#listItem","name":"Festival do Dia do Kimchi chega \u00e0 3\u00aa edi\u00e7\u00e3o com programa\u00e7\u00e3o gratuita no Bom Retiro"},"previousItem":{"@type":"ListItem","@id":"https:\/\/www.encontrabomretiro.com.br\/sobre#listItem","name":"Dom\u00e9stica"}},{"@type":"ListItem","@id":"https:\/\/www.encontrabomretiro.com.br\/sobre\/festival-do-dia-do-kimchi-chega-a-3a-edicao-com-programacao-gratuita-no-bom-retiro\/#listItem","position":3,"name":"Festival do Dia do Kimchi chega \u00e0 3\u00aa edi\u00e7\u00e3o com programa\u00e7\u00e3o gratuita no Bom Retiro","previousItem":{"@type":"ListItem","@id":"https:\/\/www.encontrabomretiro.com.br\/sobre\/noticias-no-bom-retiro\/#listItem","name":"Not\u00edcias Bom Retiro"}}]},{"@type":"Organization","@id":"https:\/\/www.encontrabomretiro.com.br\/sobre\/#organization","name":"Encontra Bom Retiro","description":"Not\u00edcias, eventos, informa\u00e7\u00f5es e dicas no bairro do Bom Retiro e regi\u00e3o.","url":"https:\/\/www.encontrabomretiro.com.br\/sobre\/"},{"@type":"Person","@id":"https:\/\/www.encontrabomretiro.com.br\/sobre\/author\/ebomretiro\/#author","url":"https:\/\/www.encontrabomretiro.com.br\/sobre\/author\/ebomretiro\/","name":"Encontra Bom Retiro","image":{"@type":"ImageObject","@id":"https:\/\/www.encontrabomretiro.com.br\/sobre\/festival-do-dia-do-kimchi-chega-a-3a-edicao-com-programacao-gratuita-no-bom-retiro\/#authorImage","url":"https:\/\/secure.gravatar.com\/avatar\/507340682b8270222e1f208e23198b6ae7e2c6a1033ae84e99bc6bce4f82a387?s=96&d=mm&r=g","width":96,"height":96,"caption":"Encontra Bom Retiro"}},{"@type":"WebPage","@id":"https:\/\/www.encontrabomretiro.com.br\/sobre\/festival-do-dia-do-kimchi-chega-a-3a-edicao-com-programacao-gratuita-no-bom-retiro\/#webpage","url":"https:\/\/www.encontrabomretiro.com.br\/sobre\/festival-do-dia-do-kimchi-chega-a-3a-edicao-com-programacao-gratuita-no-bom-retiro\/","name":"Festival do Dia do Kimchi chega \u00e0 3\u00aa edi\u00e7\u00e3o com programa\u00e7\u00e3o gratuita no Bom Retiro | Encontra Bom Retiro","description":"Festival do Dia do Kimchi promete divers\u00e3o e cultura no Bom Retiro.","inLanguage":"pt-BR","isPartOf":{"@id":"https:\/\/www.encontrabomretiro.com.br\/sobre\/#website"},"breadcrumb":{"@id":"https:\/\/www.encontrabomretiro.com.br\/sobre\/festival-do-dia-do-kimchi-chega-a-3a-edicao-com-programacao-gratuita-no-bom-retiro\/#breadcrumblist"},"author":{"@id":"https:\/\/www.encontrabomretiro.com.br\/sobre\/author\/ebomretiro\/#author"},"creator":{"@id":"https:\/\/www.encontrabomretiro.com.br\/sobre\/author\/ebomretiro\/#author"},"image":{"@type":"ImageObject","url":"https:\/\/www.encontrabomretiro.com.br\/sobre\/wp-content\/uploads\/2025\/11\/festival-do-dia-do-kimchi-chega-a-3-edicao-com-programacao-gratuita-no-bom-retiro.webp","@id":"https:\/\/www.encontrabomretiro.com.br\/sobre\/festival-do-dia-do-kimchi-chega-a-3a-edicao-com-programacao-gratuita-no-bom-retiro\/#mainImage","width":320,"height":280,"caption":"Festival do Dia do Kimchi"},"primaryImageOfPage":{"@id":"https:\/\/www.encontrabomretiro.com.br\/sobre\/festival-do-dia-do-kimchi-chega-a-3a-edicao-com-programacao-gratuita-no-bom-retiro\/#mainImage"},"datePublished":"2025-11-06T11:32:00-02:00","dateModified":"2025-11-06T11:32:00-02:00"},{"@type":"WebSite","@id":"https:\/\/www.encontrabomretiro.com.br\/sobre\/#website","url":"https:\/\/www.encontrabomretiro.com.br\/sobre\/","name":"Encontra Bom Retiro","description":"Not\u00edcias, eventos, informa\u00e7\u00f5es e dicas no bairro do Bom Retiro e regi\u00e3o.","inLanguage":"pt-BR","publisher":{"@id":"https:\/\/www.encontrabomretiro.com.br\/sobre\/#organization"}}]},"og:locale":"pt_BR","og:site_name":"Encontra Bom Retiro | Not\u00edcias, eventos, informa\u00e7\u00f5es e dicas no bairro do Bom Retiro e regi\u00e3o.","og:type":"article","og:title":"Festival do Dia do Kimchi chega \u00e0 3\u00aa edi\u00e7\u00e3o com programa\u00e7\u00e3o gratuita no Bom Retiro | Encontra Bom Retiro","og:description":"Festival do Dia do Kimchi promete divers\u00e3o e cultura no Bom Retiro.","og:url":"https:\/\/www.encontrabomretiro.com.br\/sobre\/festival-do-dia-do-kimchi-chega-a-3a-edicao-com-programacao-gratuita-no-bom-retiro\/","article:published_time":"2025-11-06T13:32:00+00:00","article:modified_time":"2025-11-06T13:32:00+00:00","twitter:card":"summary_large_image","twitter:title":"Festival do Dia do Kimchi chega \u00e0 3\u00aa edi\u00e7\u00e3o com programa\u00e7\u00e3o gratuita no Bom Retiro | Encontra Bom Retiro","twitter:description":"Festival do Dia do Kimchi promete divers\u00e3o e cultura no Bom Retiro."},"aioseo_meta_data":{"post_id":"2033","title":null,"description":null,"keywords":null,"keyphrases":null,"primary_term":null,"canonical_url":null,"og_title":null,"og_description":null,"og_object_type":"default","og_image_type":"default","og_image_url":null,"og_image_width":null,"og_image_height":null,"og_image_custom_url":null,"og_image_custom_fields":null,"og_video":null,"og_custom_url":null,"og_article_section":null,"og_article_tags":null,"twitter_use_og":false,"twitter_card":"default","twitter_image_type":"default","twitter_image_url":null,"twitter_image_custom_url":null,"twitter_image_custom_fields":null,"twitter_title":null,"twitter_description":null,"schema":{"blockGraphs":[],"customGraphs":[],"default":{"data":{"Article":[],"Course":[],"Dataset":[],"FAQPage":[],"Movie":[],"Person":[],"Product":[],"ProductReview":[],"Car":[],"Recipe":[],"Service":[],"SoftwareApplication":[],"WebPage":[]},"graphName":"Article","isEnabled":true},"graphs":[]},"schema_type":"default","schema_type_options":null,"pillar_content":false,"robots_default":true,"robots_noindex":false,"robots_noarchive":false,"robots_nosnippet":false,"robots_nofollow":false,"robots_noimageindex":false,"robots_noodp":false,"robots_notranslate":false,"robots_max_snippet":null,"robots_max_videopreview":null,"robots_max_imagepreview":"large","priority":null,"frequency":null,"local_seo":null,"breadcrumb_settings":null,"limit_modified_date":false,"ai":null,"created":"2025-11-06 14:29:23","updated":"2025-11-06 14:31:01","focus_keyword":null,"additional_keywords":null,"truseo_locale":null,"seo_analyzer_scan_date":null},"aioseo_breadcrumb":"<div class=\"aioseo-breadcrumbs\"><span class=\"aioseo-breadcrumb\">\n\t\t\t<a href=\"https:\/\/www.encontrabomretiro.com.br\/sobre\" title=\"Dom\u00e9stica\">Dom\u00e9stica<\/a>\n\t\t<\/span><span class=\"aioseo-breadcrumb-separator\">&raquo;<\/span><span class=\"aioseo-breadcrumb\">\n\t\t\t<a href=\"https:\/\/www.encontrabomretiro.com.br\/sobre\/noticias-no-bom-retiro\/\" title=\"Not\u00edcias Bom Retiro\">Not\u00edcias Bom Retiro<\/a>\n\t\t<\/span><span class=\"aioseo-breadcrumb-separator\">&raquo;<\/span><span class=\"aioseo-breadcrumb\">\n\t\t\tFestival do Dia do Kimchi chega \u00e0 3\u00aa edi\u00e7\u00e3o com programa\u00e7\u00e3o gratuita no Bom Retiro\n\t\t<\/span><\/div>","aioseo_breadcrumb_json":[{"label":"Dom\u00e9stica","link":"https:\/\/www.encontrabomretiro.com.br\/sobre"},{"label":"Not\u00edcias Bom Retiro","link":"https:\/\/www.encontrabomretiro.com.br\/sobre\/noticias-no-bom-retiro\/"},{"label":"Festival do Dia do Kimchi chega \u00e0 3\u00aa edi\u00e7\u00e3o com programa\u00e7\u00e3o gratuita no Bom Retiro","link":"https:\/\/www.encontrabomretiro.com.br\/sobre\/festival-do-dia-do-kimchi-chega-a-3a-edicao-com-programacao-gratuita-no-bom-retiro\/"}],"_links":{"self":[{"href":"https:\/\/www.encontrabomretiro.com.br\/sobre\/wp-json\/wp\/v2\/posts\/2033","targetHints":{"allow":["GET"]}}],"collection":[{"href":"https:\/\/www.encontrabomretiro.com.br\/sobre\/wp-json\/wp\/v2\/posts"}],"about":[{"href":"https:\/\/www.encontrabomretiro.com.br\/sobre\/wp-json\/wp\/v2\/types\/post"}],"author":[{"embeddable":true,"href":"https:\/\/www.encontrabomretiro.com.br\/sobre\/wp-json\/wp\/v2\/users\/1"}],"replies":[{"embeddable":true,"href":"https:\/\/www.encontrabomretiro.com.br\/sobre\/wp-json\/wp\/v2\/comments?post=2033"}],"version-history":[{"count":0,"href":"https:\/\/www.encontrabomretiro.com.br\/sobre\/wp-json\/wp\/v2\/posts\/2033\/revisions"}],"wp:featuredmedia":[{"embeddable":true,"href":"https:\/\/www.encontrabomretiro.com.br\/sobre\/wp-json\/wp\/v2\/media\/2032"}],"wp:attachment":[{"href":"https:\/\/www.encontrabomretiro.com.br\/sobre\/wp-json\/wp\/v2\/media?parent=2033"}],"wp:term":[{"taxonomy":"category","embeddable":true,"href":"https:\/\/www.encontrabomretiro.com.br\/sobre\/wp-json\/wp\/v2\/categories?post=2033"},{"taxonomy":"post_tag","embeddable":true,"href":"https:\/\/www.encontrabomretiro.com.br\/sobre\/wp-json\/wp\/v2\/tags?post=2033"}],"curies":[{"name":"wp","href":"https:\/\/api.w.org\/{rel}","templated":true}]}}