{"id":2024,"date":"2025-11-04T12:28:00","date_gmt":"2025-11-04T14:28:00","guid":{"rendered":"https:\/\/www.encontrabomretiro.com.br\/sobre\/?p=2024"},"modified":"2025-11-04T12:28:00","modified_gmt":"2025-11-04T14:28:00","slug":"sp-assume-controle-da-favela-do-moinho-e-promete-parque-e-estacao-de-trem-no-local","status":"publish","type":"post","link":"https:\/\/www.encontrabomretiro.com.br\/sobre\/sp-assume-controle-da-favela-do-moinho-e-promete-parque-e-estacao-de-trem-no-local\/","title":{"rendered":"SP assume controle da Favela do Moinho e promete parque e esta\u00e7\u00e3o de trem no local"},"content":{"rendered":"<div class=\"228b65ae207de3c5c501cfe75875708b\" data-index=\"1\" style=\"float: none; margin:0px;\">\n<!-- Anuncio display - global -->\r\n<ins class=\"adsbygoogle\"\r\n     style=\"display:block\"\r\n     data-ad-client=\"ca-pub-8585364105181520\"\r\n     data-ad-slot=\"8789329856\"\r\n     data-ad-format=\"auto\"\r\n     data-full-width-responsive=\"true\"><\/ins>\r\n<script>\r\n     (adsbygoogle = window.adsbygoogle || []).push({});\r\n<\/script>\n<\/div>\n<h2>An\u00fancio do Governador Tarc\u00edsio<\/h2>\n<p>No \u00faltimo m\u00eas, o Governador de S\u00e3o Paulo, <strong>Tarc\u00edsio de Freitas<\/strong>, anunciou que o estado assumir\u00e1 o controle da <strong>Favela do Moinho<\/strong>. Este an\u00fancio foi recebido com expectativa por muitos moradores e especialistas. O governador afirmou que a a\u00e7\u00e3o visa promover melhorias significativas na qualidade de vida da comunidade local.<\/p>\n<p>Tarc\u00edsio destacou que a proposta inclui investimentos em infraestrutura e servi\u00e7os p\u00fablicos. Ele alega que a inten\u00e7\u00e3o \u00e9 n\u00e3o apenas revitalizar a favela, mas tamb\u00e9m integr\u00e1-la efetivamente ao restante da cidade. Esse movimento pode ser um passo importante para a inclus\u00e3o social dos moradores da favela.<\/p>\n<h2>O que \u00e9 a Favela do Moinho?<\/h2>\n<p>A <strong>Favela do Moinho<\/strong> \u00e9 uma comunidade localizada na zona central de S\u00e3o Paulo. Criada originalmente como um aglomerado de casas e barracos, a favela \u00e9 conhecida por sua hist\u00f3ria de resist\u00eancia e luta por direitos. Nos \u00faltimos anos, a \u00e1rea enfrentou desafios s\u00e9rios, como a falta de servi\u00e7os b\u00e1sicos, infraestrutura comprometida e viol\u00eancia.<\/p>\n<p>Com cerca de <strong>2.500 habitantes<\/strong>, a favela \u00e9 marcada por desigualdades sociais. A comunidade tem se mobilizado para reivindicar melhores condi\u00e7\u00f5es de vida, educa\u00e7\u00e3o e seguran\u00e7a. O mapeamento das necessidades locais \u00e9 essencial para entender a realidade dos moradores e o contexto em que vivem.<\/p>\n<h2>Planos para o Parque do Moinho<\/h2>\n<p>Um dos principais pontos do projeto do governador \u00e9 a cria\u00e7\u00e3o de um <strong>Parque do Moinho<\/strong>. Este espa\u00e7o verde ser\u00e1 fundamental para melhorar a qualidade de vida na regi\u00e3o. O parque incluir\u00e1 \u00e1reas de lazer, espa\u00e7os para atividades f\u00edsicas e uma \u00e1rea destinada ao conv\u00edvio social.<\/p>\n<p>Al\u00e9m disso, o Parque do Moinho ter\u00e1 um papel importante na revitaliza\u00e7\u00e3o do meio ambiente local. O governo planeja incluir projetos de sustentabilidade, como jardins comunit\u00e1rios e \u00e1reas de reflorestamento. Essas iniciativas visam promover a conscientiza\u00e7\u00e3o ambiental entre os moradores e integrar a comunidade aos esfor\u00e7os de preserva\u00e7\u00e3o da natureza.<\/p>\n<h2>Esta\u00e7\u00e3o Bom Retiro da CPTM<\/h2>\n<p>Outra parte relevante do projeto \u00e9 a amplia\u00e7\u00e3o da <strong>Esta\u00e7\u00e3o Bom Retiro<\/strong> da Companhia Paulista de Trens Metropolitanos (CPTM). A esta\u00e7\u00e3o, que serve como uma das principais linhas de transporte na regi\u00e3o, enfrentou problemas de lota\u00e7\u00e3o e infraestrutura prec\u00e1ria.<\/p>\n<p>A melhoria na esta\u00e7\u00e3o \u00e9 fundamental para garantir transporte p\u00fablico de qualidade para os moradores da Favela do Moinho e arredores. Com a moderniza\u00e7\u00e3o da esta\u00e7\u00e3o, espera-se uma maior fluidez no tr\u00e1fego de passageiros, oferecendo aos usu\u00e1rios uma alternativa mais r\u00e1pida e eficiente para se deslocarem pela cidade.<\/p>\n<h2>Impacto na comunidade local<\/h2>\n<p>As interven\u00e7\u00f5es anunciadas pelo governo t\u00eam o potencial de gerar mudan\u00e7as positivas na Favela do Moinho. Por\u00e9m, \u00e9 essencial compreender o impacto que essas medidas ter\u00e3o na vida de seus habitantes. O aumento da seguran\u00e7a, da infraestrutura e do acesso a servi\u00e7os b\u00e1sicos pode melhorar a qualidade de vida dos moradores.<\/p>\n<p>No entanto, \u00e9 preciso abordar os desafios da implementa\u00e7\u00e3o dessas pol\u00edticas. O envolvimento da comunidade no processo decis\u00f3rio \u00e9 crucial para garantir que as vozes dos moradores sejam ouvidas e que suas necessidades sejam atendidas.<\/p>\n<h2>Remo\u00e7\u00e3o de moradores e realoca\u00e7\u00e3o<\/h2>\n<p>A quest\u00e3o da remo\u00e7\u00e3o de moradores \u00e9 delicada e foi levantada em v\u00e1rias discuss\u00f5es sobre o projeto. Uma parte das propostas implica a reloca\u00e7\u00e3o de fam\u00edlias que vivem em \u00e1reas de risco ou onde ser\u00e1 realizada a constru\u00e7\u00e3o de novas estruturas.<\/p>\n<p>Se a remo\u00e7\u00e3o for necess\u00e1ria, o governo se compromete a oferecer alternativas de <strong>realoca\u00e7\u00e3o<\/strong> dignas e adequadas. Isso inclui o fornecimento de novas moradias em regi\u00f5es com acesso a servi\u00e7os e oportunidades de emprego. A preocupa\u00e7\u00e3o \u00e9 garantir que os direitos dos moradores sejam respeitados, evitando o aumento da vulnerabilidade social.<\/p>\n<h2>O papel do estado na seguran\u00e7a<\/h2>\n<p>A seguran\u00e7a \u00e9 uma das principais preocupa\u00e7\u00f5es dos moradores da Favela do Moinho. O governo paulista prometeu aumentar a presen\u00e7a policial na regi\u00e3o e implementar programas de preven\u00e7\u00e3o \u00e0 criminalidade.<\/p>\n<p>Al\u00e9m disso, a integra\u00e7\u00e3o da comunidade com as for\u00e7as de seguran\u00e7a \u00e9 fundamental. A cria\u00e7\u00e3o de um <strong>conselho comunit\u00e1rio<\/strong> que envolva os moradores e a pol\u00edcia poder\u00e1 ajudar a construir um di\u00e1logo e a promover solu\u00e7\u00f5es que atendam \u00e0s necessidades locais.<\/p>\n<h2>A import\u00e2ncia do espa\u00e7o p\u00fablico<\/h2>\n<p>A cria\u00e7\u00e3o de espa\u00e7os p\u00fablicos de qualidade \u00e9 um dos pilares do projeto. Os espa\u00e7os sociais contribuem para o fortalecimento da comunidade e promovem a intera\u00e7\u00e3o entre os moradores. Pra\u00e7as, parques e \u00e1reas de lazer s\u00e3o essenciais para o desenvolvimento social.<\/p>\n<p>Al\u00e9m disso, a revitaliza\u00e7\u00e3o de \u00e1reas comuns pode ajudar a diminuir a criminalidade e aumentar o senso de pertencimento da comunidade. Moradores que se sentem parte do espa\u00e7o p\u00fablico tendem a cuidar mais de sua comunidade e a colaborar para a melhoria do ambiente ao seu redor.<\/p>\n<h2>Apoio habitacional para os afetados<\/h2>\n<p>O governo tamb\u00e9m anunciou planos para oferecer <strong>apoio habitacional<\/strong> aos moradores que possam ser afetados pelas mudan\u00e7as. Isso inclui programas de financiamento e parceria com organiza\u00e7\u00f5es n\u00e3o governamentais para garantir que as fam\u00edlias tenham acesso a moradia adequada.<\/p>\n<p>Esse apoio habitacional \u00e9 crucial para que os moradores possam se sentir seguros e est\u00e1veis durante as transi\u00e7\u00f5es que ocorrer\u00e3o na comunidade. O compromisso com a habita\u00e7\u00e3o \u00e9 um passo importante para promover a inclus\u00e3o e a dignidade dos cidad\u00e3os que vivem na Favela do Moinho.<\/p>\n<h2>Expectativas da popula\u00e7\u00e3o sobre o projeto<\/h2>\n<p>A popula\u00e7\u00e3o da Favela do Moinho guarda esperan\u00e7as em rela\u00e7\u00e3o \u00e0s propostas do governo. Muitos moradores anseiam por mudan\u00e7as e melhorias nas suas condi\u00e7\u00f5es de vida, mas tamb\u00e9m expressam preocupa\u00e7\u00f5es sobre como as altera\u00e7\u00f5es ser\u00e3o implementadas.<\/p>\n<p>O di\u00e1logo aberto entre o governo e os moradores \u00e9 vista como essencial para que as expectativas sejam atendidas. As comunidades esperam participar ativamente do processo para que suas necessidades e preocupa\u00e7\u00f5es sejam consideradas. Isso poder\u00e1 garantir um futuro mais inclusivo e sustent\u00e1vel para a Favela do Moinho.<\/p>\n\n<div style=\"font-size: 0px; height: 0px; line-height: 0px; margin: 0; padding: 0; clear: both;\"><\/div>","protected":false},"excerpt":{"rendered":"<p>SP promete novas estruturas na Favela do Moinho com parque e esta\u00e7\u00e3o de trem.<\/p>\n","protected":false},"author":1,"featured_media":2023,"comment_status":"open","ping_status":"closed","sticky":false,"template":"","format":"standard","meta":{"footnotes":""},"categories":[6],"tags":[],"class_list":["post-2024","post","type-post","status-publish","format-standard","has-post-thumbnail","hentry","category-noticias-no-bom-retiro","has_thumb"],"aioseo_notices":[],"_links":{"self":[{"href":"https:\/\/www.encontrabomretiro.com.br\/sobre\/wp-json\/wp\/v2\/posts\/2024","targetHints":{"allow":["GET"]}}],"collection":[{"href":"https:\/\/www.encontrabomretiro.com.br\/sobre\/wp-json\/wp\/v2\/posts"}],"about":[{"href":"https:\/\/www.encontrabomretiro.com.br\/sobre\/wp-json\/wp\/v2\/types\/post"}],"author":[{"embeddable":true,"href":"https:\/\/www.encontrabomretiro.com.br\/sobre\/wp-json\/wp\/v2\/users\/1"}],"replies":[{"embeddable":true,"href":"https:\/\/www.encontrabomretiro.com.br\/sobre\/wp-json\/wp\/v2\/comments?post=2024"}],"version-history":[{"count":0,"href":"https:\/\/www.encontrabomretiro.com.br\/sobre\/wp-json\/wp\/v2\/posts\/2024\/revisions"}],"wp:featuredmedia":[{"embeddable":true,"href":"https:\/\/www.encontrabomretiro.com.br\/sobre\/wp-json\/wp\/v2\/media\/2023"}],"wp:attachment":[{"href":"https:\/\/www.encontrabomretiro.com.br\/sobre\/wp-json\/wp\/v2\/media?parent=2024"}],"wp:term":[{"taxonomy":"category","embeddable":true,"href":"https:\/\/www.encontrabomretiro.com.br\/sobre\/wp-json\/wp\/v2\/categories?post=2024"},{"taxonomy":"post_tag","embeddable":true,"href":"https:\/\/www.encontrabomretiro.com.br\/sobre\/wp-json\/wp\/v2\/tags?post=2024"}],"curies":[{"name":"wp","href":"https:\/\/api.w.org\/{rel}","templated":true}]}}