{"id":1851,"date":"2014-02-24T14:04:18","date_gmt":"2014-02-24T16:04:18","guid":{"rendered":"http:\/\/www.encontrabomretiro.com.br\/noticias\/?p=1851"},"modified":"2019-04-29T18:04:15","modified_gmt":"2019-04-29T20:04:15","slug":"mostra-no-bom-retiro-conta-trajetoria-do-mosteiro-da-luz-desde-a-fundacao","status":"publish","type":"post","link":"https:\/\/www.encontrabomretiro.com.br\/sobre\/mostra-no-bom-retiro-conta-trajetoria-do-mosteiro-da-luz-desde-a-fundacao\/","title":{"rendered":"Mostra no Bom Retiro conta trajet\u00f3ria do Mosteiro da Luz desde a funda\u00e7\u00e3o"},"content":{"rendered":"<div class=\"228b65ae207de3c5c501cfe75875708b\" data-index=\"1\" style=\"float: none; margin:0px;\">\n<!-- Anuncio display - global -->\r\n<ins class=\"adsbygoogle\"\r\n     style=\"display:block\"\r\n     data-ad-client=\"ca-pub-8585364105181520\"\r\n     data-ad-slot=\"8789329856\"\r\n     data-ad-format=\"auto\"\r\n     data-full-width-responsive=\"true\"><\/ins>\r\n<script>\r\n     (adsbygoogle = window.adsbygoogle || []).push({});\r\n<\/script>\n<\/div>\n<p>O Museu de Arte Sacra de S\u00e3o Paulo exibe a mostra &#8220;Mosteiro da Luz: 240 anos&#8221;, com curadoria de Maria In\u00eas Lopes Coutinho, pesquisa hist\u00f3rica de Dalton Sala e instala\u00e7\u00e3o de Wilson Sukorski. A exposi\u00e7\u00e3o representa uma celebra\u00e7\u00e3o do anivers\u00e1rio do Mosteiro e conta sua trajet\u00f3ria &#8211; por meio de fotos, mapas, pinturas, esculturas, textos e cronologias -, desde a funda\u00e7\u00e3o em 1774 at\u00e9 os dias de hoje, quando se estabelece como um s\u00edmbolo da cidade e uma refer\u00eancia mundial em hist\u00f3ria.<\/p>\n<p>Projetado e constru\u00eddo por Frei Antonio de Sant\u2019 Anna Galv\u00e3o (Frei Galv\u00e3o), o Mosteiro da Imaculada Concei\u00e7\u00e3o da Luz &#8211; ou, simplesmente, Mosteiro da Luz -, \u00e9 um exemplar significativo da arquitetura de taipa &#8211; t\u00e9cnica construtiva que utiliza argila e foi essencial para as edifica\u00e7\u00f5es coloniais paulistas do in\u00edcio do s\u00e9culo XVIII. \u00c9 tombado pelo IPHAN (Instituto do Patrim\u00f4nio Hist\u00f3rico e Art\u00edstico Nacional), pelo CONDEPHAAT (Conselho de Defesa do Patrim\u00f4nio Hist\u00f3rico, Art\u00edstico e Arquitet\u00f4nico do Estado de S\u00e3o Paulo), e pelo CONPRESP (Conselho Municipal de Preserva\u00e7\u00e3o do Patrim\u00f4nio Hist\u00f3rico, Cultural e Ambiental da Cidade de S\u00e3o Paulo). Hoje, al\u00e9m do Convento das Irm\u00e3s Concepcionistas, que dedicam seus dias \u00e0 ora\u00e7\u00e3o e ao trabalho, abriga tamb\u00e9m a Igreja de Nossa Senhora da Luz e o Museu de Arte Sacra de S\u00e3o Paulo \u2013 MAS\/SP.<\/p>\n<p>Nesta exposi\u00e7\u00e3o, que evidencia a hist\u00f3ria colonial a partir de documentos prim\u00e1rios, o p\u00fablico encontra obras do acervo relativas a esse per\u00edodo e \u00e0 hist\u00f3ria do Mosteiro. Como itens de destaque, temos uma instala\u00e7\u00e3o audiovisual assinada por Wilson Sukorski, com imagens do Mosteiro e entorno &#8211; a partir de mapas, daguerre\u00f3tipos e imagens a\u00e9reas da cidade, entre 1810 e 2013 &#8211; e efeitos de \u00e1udio (sinos, etc.); o cemit\u00e9rio interno, onde as monjas foram sepultadas, ter\u00e1 sua porta aberta para permitir a vis\u00e3o do p\u00fablico \u2013 com certas restri\u00e7\u00f5es de acesso; exemplares de numism\u00e1tica do acervo do MAS\/SP, como uma moeda de Alexandre (S\u00e9c. 4 a.C.) &#8211; outros 2 exemplares fazem parte do acervo do Metropolitan Museum of Art e do Harvard Art Museums; as esculturas de Nossa Senhora das Dores, de Aleijadinho, a primeira obra do MAS\/SP; e de S\u00e3o Francisco Xavier (final do S\u00e9c. XVII, in\u00ed cio do S\u00e9c. XVIII), .a mais recente aquisi\u00e7\u00e3o.<\/p>\n<p>Observada a complexidade arquitet\u00f4nica do Mosteiro, resta a certeza de que o poder da f\u00e9 imprimiu em S\u00e3o Paulo pegadas iniciais que viriam a se tornar, mais tarde, os alicerces culturais de uma metr\u00f3pole latina.<\/p>\n<p><b>Exposi\u00e7\u00e3o Mosteiro da Luz: 240 anos<br \/>\n<\/b>Local: <a title=\"Museu de Arte Sacra de S\u00e3o Paulo\" href=\"http:\/\/www.encontrabomretiro.com.br\/bom-retiro\/museu-da-arte-sacra-de-sp-no-bom-retiro.shtml\" target=\"_blank\">Museu de Arte Sacra de S\u00e3o Paulo<\/a><br \/>\nEndere\u00e7o: Avenida Tiradentes, 676 \u2013 Luz, S\u00e3o Paulo<br \/>\nQuando: At\u00e9 09 de mar\u00e7o<br \/>\nTel.: (11) 3326-5393 &#8211; visitas monitoradas<br \/>\nHor\u00e1rio De ter\u00e7a a sexta-feira, das 9h \u00e0s 17h, s\u00e1bado e domingo das 10h \u00e0s 18h<br \/>\nIngresso R$ 6,00 (estudantes pagam meia entrada); gr\u00e1tis aos s\u00e1bados<\/p>\n\n<div style=\"font-size: 0px; height: 0px; line-height: 0px; margin: 0; padding: 0; clear: both;\"><\/div>","protected":false},"excerpt":{"rendered":"<p>O Museu de Arte Sacra de S\u00e3o Paulo exibe a mostra &#8220;Mosteiro da Luz: 240 anos&#8221;, com curadoria de Maria In\u00eas Lopes Coutinho, pesquisa hist\u00f3rica de Dalton Sala e instala\u00e7\u00e3o de Wilson Sukorski. A exposi\u00e7\u00e3o representa uma celebra\u00e7\u00e3o do anivers\u00e1rio do Mosteiro e conta sua trajet\u00f3ria &#8211; por meio de fotos, mapas, pinturas, esculturas, textos e cronologias -, desde a funda\u00e7\u00e3o em 1774 at\u00e9 os dias de hoje, quando se estabelece como um s\u00edmbolo da cidade e uma refer\u00eancia mundial em hist\u00f3ria. Projetado e constru\u00eddo por Frei Antonio de Sant\u2019 Anna Galv\u00e3o (Frei Galv\u00e3o), o Mosteiro da Imaculada Concei\u00e7\u00e3o da <\/p>\n","protected":false},"author":1,"featured_media":0,"comment_status":"open","ping_status":"closed","sticky":false,"template":"","format":"standard","meta":{"footnotes":""},"categories":[6],"tags":[],"class_list":["post-1851","post","type-post","status-publish","format-standard","hentry","category-noticias-no-bom-retiro"],"aioseo_notices":[],"aioseo_head":"\n\t\t<!-- All in One SEO 5.0.0.1 - aioseo.com -->\n\t<meta name=\"description\" content=\"O Museu de Arte Sacra de S\u00e3o Paulo exibe a mostra &quot;Mosteiro da Luz: 240 anos&quot;, com curadoria de Maria In\u00eas Lopes Coutinho, pesquisa hist\u00f3rica de Dalton Sala e instala\u00e7\u00e3o de Wilson Sukorski. A exposi\u00e7\u00e3o representa uma celebra\u00e7\u00e3o do anivers\u00e1rio do Mosteiro e conta sua trajet\u00f3ria - por meio de fotos, mapas, pinturas, esculturas, textos\" \/>\n\t<meta name=\"robots\" content=\"max-image-preview:large\" \/>\n\t<meta name=\"author\" content=\"Encontra Bom Retiro\"\/>\n\t<link rel=\"canonical\" href=\"https:\/\/www.encontrabomretiro.com.br\/sobre\/mostra-no-bom-retiro-conta-trajetoria-do-mosteiro-da-luz-desde-a-fundacao\/\" \/>\n\t<meta name=\"generator\" content=\"All in One SEO (AIOSEO) 5.0.0.1\" \/>\n\t\t<meta property=\"og:locale\" content=\"pt_BR\" \/>\n\t\t<meta property=\"og:site_name\" content=\"Encontra Bom Retiro | Not\u00edcias, eventos, informa\u00e7\u00f5es e dicas no bairro do Bom Retiro e regi\u00e3o.\" \/>\n\t\t<meta property=\"og:type\" content=\"article\" \/>\n\t\t<meta property=\"og:title\" content=\"Mostra no Bom Retiro conta trajet\u00f3ria do Mosteiro da Luz desde a funda\u00e7\u00e3o | Encontra Bom Retiro\" \/>\n\t\t<meta property=\"og:description\" content=\"O Museu de Arte Sacra de S\u00e3o Paulo exibe a mostra &quot;Mosteiro da Luz: 240 anos&quot;, com curadoria de Maria In\u00eas Lopes Coutinho, pesquisa hist\u00f3rica de Dalton Sala e instala\u00e7\u00e3o de Wilson Sukorski. A exposi\u00e7\u00e3o representa uma celebra\u00e7\u00e3o do anivers\u00e1rio do Mosteiro e conta sua trajet\u00f3ria - por meio de fotos, mapas, pinturas, esculturas, textos\" \/>\n\t\t<meta property=\"og:url\" content=\"https:\/\/www.encontrabomretiro.com.br\/sobre\/mostra-no-bom-retiro-conta-trajetoria-do-mosteiro-da-luz-desde-a-fundacao\/\" \/>\n\t\t<meta property=\"article:published_time\" content=\"2014-02-24T16:04:18+00:00\" \/>\n\t\t<meta property=\"article:modified_time\" content=\"2019-04-29T20:04:15+00:00\" \/>\n\t\t<meta name=\"twitter:card\" content=\"summary_large_image\" \/>\n\t\t<meta name=\"twitter:title\" content=\"Mostra no Bom Retiro conta trajet\u00f3ria do Mosteiro da Luz desde a funda\u00e7\u00e3o | Encontra Bom Retiro\" \/>\n\t\t<meta name=\"twitter:description\" content=\"O Museu de Arte Sacra de S\u00e3o Paulo exibe a mostra &quot;Mosteiro da Luz: 240 anos&quot;, com curadoria de Maria In\u00eas Lopes Coutinho, pesquisa hist\u00f3rica de Dalton Sala e instala\u00e7\u00e3o de Wilson Sukorski. A exposi\u00e7\u00e3o representa uma celebra\u00e7\u00e3o do anivers\u00e1rio do Mosteiro e conta sua trajet\u00f3ria - por meio de fotos, mapas, pinturas, esculturas, textos\" \/>\n\t\t<script type=\"application\/ld+json\" class=\"aioseo-schema\">\n\t\t\t{\"@context\":\"https:\\\/\\\/schema.org\",\"@graph\":[{\"@type\":\"Article\",\"@id\":\"https:\\\/\\\/www.encontrabomretiro.com.br\\\/sobre\\\/mostra-no-bom-retiro-conta-trajetoria-do-mosteiro-da-luz-desde-a-fundacao\\\/#article\",\"name\":\"Mostra no Bom Retiro conta trajet\\u00f3ria do Mosteiro da Luz desde a funda\\u00e7\\u00e3o | Encontra Bom Retiro\",\"headline\":\"Mostra no Bom Retiro conta trajet\\u00f3ria do Mosteiro da Luz desde a funda\\u00e7\\u00e3o\",\"author\":{\"@id\":\"https:\\\/\\\/www.encontrabomretiro.com.br\\\/sobre\\\/author\\\/ebomretiro\\\/#author\"},\"publisher\":{\"@id\":\"https:\\\/\\\/www.encontrabomretiro.com.br\\\/sobre\\\/#organization\"},\"datePublished\":\"2014-02-24T14:04:18-02:00\",\"dateModified\":\"2019-04-29T18:04:15-02:00\",\"inLanguage\":\"pt-BR\",\"mainEntityOfPage\":{\"@id\":\"https:\\\/\\\/www.encontrabomretiro.com.br\\\/sobre\\\/mostra-no-bom-retiro-conta-trajetoria-do-mosteiro-da-luz-desde-a-fundacao\\\/#webpage\"},\"isPartOf\":{\"@id\":\"https:\\\/\\\/www.encontrabomretiro.com.br\\\/sobre\\\/mostra-no-bom-retiro-conta-trajetoria-do-mosteiro-da-luz-desde-a-fundacao\\\/#webpage\"},\"articleSection\":\"Not\\u00edcias Bom Retiro\"},{\"@type\":\"BreadcrumbList\",\"@id\":\"https:\\\/\\\/www.encontrabomretiro.com.br\\\/sobre\\\/mostra-no-bom-retiro-conta-trajetoria-do-mosteiro-da-luz-desde-a-fundacao\\\/#breadcrumblist\",\"itemListElement\":[{\"@type\":\"ListItem\",\"@id\":\"https:\\\/\\\/www.encontrabomretiro.com.br\\\/sobre#listItem\",\"position\":1,\"name\":\"Dom\\u00e9stica\",\"item\":\"https:\\\/\\\/www.encontrabomretiro.com.br\\\/sobre\",\"nextItem\":{\"@type\":\"ListItem\",\"@id\":\"https:\\\/\\\/www.encontrabomretiro.com.br\\\/sobre\\\/noticias-no-bom-retiro\\\/#listItem\",\"name\":\"Not\\u00edcias Bom Retiro\"}},{\"@type\":\"ListItem\",\"@id\":\"https:\\\/\\\/www.encontrabomretiro.com.br\\\/sobre\\\/noticias-no-bom-retiro\\\/#listItem\",\"position\":2,\"name\":\"Not\\u00edcias Bom Retiro\",\"item\":\"https:\\\/\\\/www.encontrabomretiro.com.br\\\/sobre\\\/noticias-no-bom-retiro\\\/\",\"nextItem\":{\"@type\":\"ListItem\",\"@id\":\"https:\\\/\\\/www.encontrabomretiro.com.br\\\/sobre\\\/mostra-no-bom-retiro-conta-trajetoria-do-mosteiro-da-luz-desde-a-fundacao\\\/#listItem\",\"name\":\"Mostra no Bom Retiro conta trajet\\u00f3ria do Mosteiro da Luz desde a funda\\u00e7\\u00e3o\"},\"previousItem\":{\"@type\":\"ListItem\",\"@id\":\"https:\\\/\\\/www.encontrabomretiro.com.br\\\/sobre#listItem\",\"name\":\"Dom\\u00e9stica\"}},{\"@type\":\"ListItem\",\"@id\":\"https:\\\/\\\/www.encontrabomretiro.com.br\\\/sobre\\\/mostra-no-bom-retiro-conta-trajetoria-do-mosteiro-da-luz-desde-a-fundacao\\\/#listItem\",\"position\":3,\"name\":\"Mostra no Bom Retiro conta trajet\\u00f3ria do Mosteiro da Luz desde a funda\\u00e7\\u00e3o\",\"previousItem\":{\"@type\":\"ListItem\",\"@id\":\"https:\\\/\\\/www.encontrabomretiro.com.br\\\/sobre\\\/noticias-no-bom-retiro\\\/#listItem\",\"name\":\"Not\\u00edcias Bom Retiro\"}}]},{\"@type\":\"Organization\",\"@id\":\"https:\\\/\\\/www.encontrabomretiro.com.br\\\/sobre\\\/#organization\",\"name\":\"Encontra Bom Retiro\",\"description\":\"Not\\u00edcias, eventos, informa\\u00e7\\u00f5es e dicas no bairro do Bom Retiro e regi\\u00e3o.\",\"url\":\"https:\\\/\\\/www.encontrabomretiro.com.br\\\/sobre\\\/\"},{\"@type\":\"Person\",\"@id\":\"https:\\\/\\\/www.encontrabomretiro.com.br\\\/sobre\\\/author\\\/ebomretiro\\\/#author\",\"url\":\"https:\\\/\\\/www.encontrabomretiro.com.br\\\/sobre\\\/author\\\/ebomretiro\\\/\",\"name\":\"Encontra Bom Retiro\",\"image\":{\"@type\":\"ImageObject\",\"@id\":\"https:\\\/\\\/www.encontrabomretiro.com.br\\\/sobre\\\/mostra-no-bom-retiro-conta-trajetoria-do-mosteiro-da-luz-desde-a-fundacao\\\/#authorImage\",\"url\":\"https:\\\/\\\/secure.gravatar.com\\\/avatar\\\/507340682b8270222e1f208e23198b6ae7e2c6a1033ae84e99bc6bce4f82a387?s=96&d=mm&r=g\",\"width\":96,\"height\":96,\"caption\":\"Encontra Bom Retiro\"}},{\"@type\":\"WebPage\",\"@id\":\"https:\\\/\\\/www.encontrabomretiro.com.br\\\/sobre\\\/mostra-no-bom-retiro-conta-trajetoria-do-mosteiro-da-luz-desde-a-fundacao\\\/#webpage\",\"url\":\"https:\\\/\\\/www.encontrabomretiro.com.br\\\/sobre\\\/mostra-no-bom-retiro-conta-trajetoria-do-mosteiro-da-luz-desde-a-fundacao\\\/\",\"name\":\"Mostra no Bom Retiro conta trajet\\u00f3ria do Mosteiro da Luz desde a funda\\u00e7\\u00e3o | Encontra Bom Retiro\",\"description\":\"O Museu de Arte Sacra de S\\u00e3o Paulo exibe a mostra \\\"Mosteiro da Luz: 240 anos\\\", com curadoria de Maria In\\u00eas Lopes Coutinho, pesquisa hist\\u00f3rica de Dalton Sala e instala\\u00e7\\u00e3o de Wilson Sukorski. A exposi\\u00e7\\u00e3o representa uma celebra\\u00e7\\u00e3o do anivers\\u00e1rio do Mosteiro e conta sua trajet\\u00f3ria - por meio de fotos, mapas, pinturas, esculturas, textos\",\"inLanguage\":\"pt-BR\",\"isPartOf\":{\"@id\":\"https:\\\/\\\/www.encontrabomretiro.com.br\\\/sobre\\\/#website\"},\"breadcrumb\":{\"@id\":\"https:\\\/\\\/www.encontrabomretiro.com.br\\\/sobre\\\/mostra-no-bom-retiro-conta-trajetoria-do-mosteiro-da-luz-desde-a-fundacao\\\/#breadcrumblist\"},\"author\":{\"@id\":\"https:\\\/\\\/www.encontrabomretiro.com.br\\\/sobre\\\/author\\\/ebomretiro\\\/#author\"},\"creator\":{\"@id\":\"https:\\\/\\\/www.encontrabomretiro.com.br\\\/sobre\\\/author\\\/ebomretiro\\\/#author\"},\"datePublished\":\"2014-02-24T14:04:18-02:00\",\"dateModified\":\"2019-04-29T18:04:15-02:00\"},{\"@type\":\"WebSite\",\"@id\":\"https:\\\/\\\/www.encontrabomretiro.com.br\\\/sobre\\\/#website\",\"url\":\"https:\\\/\\\/www.encontrabomretiro.com.br\\\/sobre\\\/\",\"name\":\"Encontra Bom Retiro\",\"description\":\"Not\\u00edcias, eventos, informa\\u00e7\\u00f5es e dicas no bairro do Bom Retiro e regi\\u00e3o.\",\"inLanguage\":\"pt-BR\",\"publisher\":{\"@id\":\"https:\\\/\\\/www.encontrabomretiro.com.br\\\/sobre\\\/#organization\"}}]}\n\t\t<\/script>\n\t\t<!-- All in One SEO -->\n\n","aioseo_head_json":{"title":"Mostra no Bom Retiro conta trajet\u00f3ria do Mosteiro da Luz desde a funda\u00e7\u00e3o | Encontra Bom Retiro","description":"O Museu de Arte Sacra de S\u00e3o Paulo exibe a mostra \"Mosteiro da Luz: 240 anos\", com curadoria de Maria In\u00eas Lopes Coutinho, pesquisa hist\u00f3rica de Dalton Sala e instala\u00e7\u00e3o de Wilson Sukorski. A exposi\u00e7\u00e3o representa uma celebra\u00e7\u00e3o do anivers\u00e1rio do Mosteiro e conta sua trajet\u00f3ria - por meio de fotos, mapas, pinturas, esculturas, textos","canonical_url":"https:\/\/www.encontrabomretiro.com.br\/sobre\/mostra-no-bom-retiro-conta-trajetoria-do-mosteiro-da-luz-desde-a-fundacao\/","robots":"max-image-preview:large","keywords":"","webmasterTools":{"miscellaneous":""},"schema":{"@context":"https:\/\/schema.org","@graph":[{"@type":"Article","@id":"https:\/\/www.encontrabomretiro.com.br\/sobre\/mostra-no-bom-retiro-conta-trajetoria-do-mosteiro-da-luz-desde-a-fundacao\/#article","name":"Mostra no Bom Retiro conta trajet\u00f3ria do Mosteiro da Luz desde a funda\u00e7\u00e3o | Encontra Bom Retiro","headline":"Mostra no Bom Retiro conta trajet\u00f3ria do Mosteiro da Luz desde a funda\u00e7\u00e3o","author":{"@id":"https:\/\/www.encontrabomretiro.com.br\/sobre\/author\/ebomretiro\/#author"},"publisher":{"@id":"https:\/\/www.encontrabomretiro.com.br\/sobre\/#organization"},"datePublished":"2014-02-24T14:04:18-02:00","dateModified":"2019-04-29T18:04:15-02:00","inLanguage":"pt-BR","mainEntityOfPage":{"@id":"https:\/\/www.encontrabomretiro.com.br\/sobre\/mostra-no-bom-retiro-conta-trajetoria-do-mosteiro-da-luz-desde-a-fundacao\/#webpage"},"isPartOf":{"@id":"https:\/\/www.encontrabomretiro.com.br\/sobre\/mostra-no-bom-retiro-conta-trajetoria-do-mosteiro-da-luz-desde-a-fundacao\/#webpage"},"articleSection":"Not\u00edcias Bom Retiro"},{"@type":"BreadcrumbList","@id":"https:\/\/www.encontrabomretiro.com.br\/sobre\/mostra-no-bom-retiro-conta-trajetoria-do-mosteiro-da-luz-desde-a-fundacao\/#breadcrumblist","itemListElement":[{"@type":"ListItem","@id":"https:\/\/www.encontrabomretiro.com.br\/sobre#listItem","position":1,"name":"Dom\u00e9stica","item":"https:\/\/www.encontrabomretiro.com.br\/sobre","nextItem":{"@type":"ListItem","@id":"https:\/\/www.encontrabomretiro.com.br\/sobre\/noticias-no-bom-retiro\/#listItem","name":"Not\u00edcias Bom Retiro"}},{"@type":"ListItem","@id":"https:\/\/www.encontrabomretiro.com.br\/sobre\/noticias-no-bom-retiro\/#listItem","position":2,"name":"Not\u00edcias Bom Retiro","item":"https:\/\/www.encontrabomretiro.com.br\/sobre\/noticias-no-bom-retiro\/","nextItem":{"@type":"ListItem","@id":"https:\/\/www.encontrabomretiro.com.br\/sobre\/mostra-no-bom-retiro-conta-trajetoria-do-mosteiro-da-luz-desde-a-fundacao\/#listItem","name":"Mostra no Bom Retiro conta trajet\u00f3ria do Mosteiro da Luz desde a funda\u00e7\u00e3o"},"previousItem":{"@type":"ListItem","@id":"https:\/\/www.encontrabomretiro.com.br\/sobre#listItem","name":"Dom\u00e9stica"}},{"@type":"ListItem","@id":"https:\/\/www.encontrabomretiro.com.br\/sobre\/mostra-no-bom-retiro-conta-trajetoria-do-mosteiro-da-luz-desde-a-fundacao\/#listItem","position":3,"name":"Mostra no Bom Retiro conta trajet\u00f3ria do Mosteiro da Luz desde a funda\u00e7\u00e3o","previousItem":{"@type":"ListItem","@id":"https:\/\/www.encontrabomretiro.com.br\/sobre\/noticias-no-bom-retiro\/#listItem","name":"Not\u00edcias Bom Retiro"}}]},{"@type":"Organization","@id":"https:\/\/www.encontrabomretiro.com.br\/sobre\/#organization","name":"Encontra Bom Retiro","description":"Not\u00edcias, eventos, informa\u00e7\u00f5es e dicas no bairro do Bom Retiro e regi\u00e3o.","url":"https:\/\/www.encontrabomretiro.com.br\/sobre\/"},{"@type":"Person","@id":"https:\/\/www.encontrabomretiro.com.br\/sobre\/author\/ebomretiro\/#author","url":"https:\/\/www.encontrabomretiro.com.br\/sobre\/author\/ebomretiro\/","name":"Encontra Bom Retiro","image":{"@type":"ImageObject","@id":"https:\/\/www.encontrabomretiro.com.br\/sobre\/mostra-no-bom-retiro-conta-trajetoria-do-mosteiro-da-luz-desde-a-fundacao\/#authorImage","url":"https:\/\/secure.gravatar.com\/avatar\/507340682b8270222e1f208e23198b6ae7e2c6a1033ae84e99bc6bce4f82a387?s=96&d=mm&r=g","width":96,"height":96,"caption":"Encontra Bom Retiro"}},{"@type":"WebPage","@id":"https:\/\/www.encontrabomretiro.com.br\/sobre\/mostra-no-bom-retiro-conta-trajetoria-do-mosteiro-da-luz-desde-a-fundacao\/#webpage","url":"https:\/\/www.encontrabomretiro.com.br\/sobre\/mostra-no-bom-retiro-conta-trajetoria-do-mosteiro-da-luz-desde-a-fundacao\/","name":"Mostra no Bom Retiro conta trajet\u00f3ria do Mosteiro da Luz desde a funda\u00e7\u00e3o | Encontra Bom Retiro","description":"O Museu de Arte Sacra de S\u00e3o Paulo exibe a mostra \"Mosteiro da Luz: 240 anos\", com curadoria de Maria In\u00eas Lopes Coutinho, pesquisa hist\u00f3rica de Dalton Sala e instala\u00e7\u00e3o de Wilson Sukorski. A exposi\u00e7\u00e3o representa uma celebra\u00e7\u00e3o do anivers\u00e1rio do Mosteiro e conta sua trajet\u00f3ria - por meio de fotos, mapas, pinturas, esculturas, textos","inLanguage":"pt-BR","isPartOf":{"@id":"https:\/\/www.encontrabomretiro.com.br\/sobre\/#website"},"breadcrumb":{"@id":"https:\/\/www.encontrabomretiro.com.br\/sobre\/mostra-no-bom-retiro-conta-trajetoria-do-mosteiro-da-luz-desde-a-fundacao\/#breadcrumblist"},"author":{"@id":"https:\/\/www.encontrabomretiro.com.br\/sobre\/author\/ebomretiro\/#author"},"creator":{"@id":"https:\/\/www.encontrabomretiro.com.br\/sobre\/author\/ebomretiro\/#author"},"datePublished":"2014-02-24T14:04:18-02:00","dateModified":"2019-04-29T18:04:15-02:00"},{"@type":"WebSite","@id":"https:\/\/www.encontrabomretiro.com.br\/sobre\/#website","url":"https:\/\/www.encontrabomretiro.com.br\/sobre\/","name":"Encontra Bom Retiro","description":"Not\u00edcias, eventos, informa\u00e7\u00f5es e dicas no bairro do Bom Retiro e regi\u00e3o.","inLanguage":"pt-BR","publisher":{"@id":"https:\/\/www.encontrabomretiro.com.br\/sobre\/#organization"}}]},"og:locale":"pt_BR","og:site_name":"Encontra Bom Retiro | Not\u00edcias, eventos, informa\u00e7\u00f5es e dicas no bairro do Bom Retiro e regi\u00e3o.","og:type":"article","og:title":"Mostra no Bom Retiro conta trajet\u00f3ria do Mosteiro da Luz desde a funda\u00e7\u00e3o | Encontra Bom Retiro","og:description":"O Museu de Arte Sacra de S\u00e3o Paulo exibe a mostra &quot;Mosteiro da Luz: 240 anos&quot;, com curadoria de Maria In\u00eas Lopes Coutinho, pesquisa hist\u00f3rica de Dalton Sala e instala\u00e7\u00e3o de Wilson Sukorski. A exposi\u00e7\u00e3o representa uma celebra\u00e7\u00e3o do anivers\u00e1rio do Mosteiro e conta sua trajet\u00f3ria - por meio de fotos, mapas, pinturas, esculturas, textos","og:url":"https:\/\/www.encontrabomretiro.com.br\/sobre\/mostra-no-bom-retiro-conta-trajetoria-do-mosteiro-da-luz-desde-a-fundacao\/","article:published_time":"2014-02-24T16:04:18+00:00","article:modified_time":"2019-04-29T20:04:15+00:00","twitter:card":"summary_large_image","twitter:title":"Mostra no Bom Retiro conta trajet\u00f3ria do Mosteiro da Luz desde a funda\u00e7\u00e3o | Encontra Bom Retiro","twitter:description":"O Museu de Arte Sacra de S\u00e3o Paulo exibe a mostra &quot;Mosteiro da Luz: 240 anos&quot;, com curadoria de Maria In\u00eas Lopes Coutinho, pesquisa hist\u00f3rica de Dalton Sala e instala\u00e7\u00e3o de Wilson Sukorski. A exposi\u00e7\u00e3o representa uma celebra\u00e7\u00e3o do anivers\u00e1rio do Mosteiro e conta sua trajet\u00f3ria - por meio de fotos, mapas, pinturas, esculturas, textos"},"aioseo_meta_data":{"post_id":"1851","title":null,"description":null,"keywords":null,"keyphrases":null,"primary_term":null,"canonical_url":null,"og_title":null,"og_description":null,"og_object_type":"default","og_image_type":"default","og_image_url":null,"og_image_width":null,"og_image_height":null,"og_image_custom_url":null,"og_image_custom_fields":null,"og_video":null,"og_custom_url":null,"og_article_section":null,"og_article_tags":null,"twitter_use_og":false,"twitter_card":"default","twitter_image_type":"default","twitter_image_url":null,"twitter_image_custom_url":null,"twitter_image_custom_fields":null,"twitter_title":null,"twitter_description":null,"schema":{"blockGraphs":[],"customGraphs":[],"default":{"data":{"Article":[],"Course":[],"Dataset":[],"FAQPage":[],"Movie":[],"Person":[],"Product":[],"ProductReview":[],"Car":[],"Recipe":[],"Service":[],"SoftwareApplication":[],"WebPage":[]},"graphName":"","isEnabled":true},"graphs":[]},"schema_type":"default","schema_type_options":null,"pillar_content":false,"robots_default":true,"robots_noindex":false,"robots_noarchive":false,"robots_nosnippet":false,"robots_nofollow":false,"robots_noimageindex":false,"robots_noodp":false,"robots_notranslate":false,"robots_max_snippet":null,"robots_max_videopreview":null,"robots_max_imagepreview":"large","priority":null,"frequency":null,"local_seo":null,"breadcrumb_settings":null,"limit_modified_date":false,"ai":null,"created":"2023-10-16 12:58:00","updated":"2025-10-03 14:54:31","focus_keyword":null,"additional_keywords":null,"truseo_locale":null,"seo_analyzer_scan_date":null},"aioseo_breadcrumb":"<div class=\"aioseo-breadcrumbs\"><span class=\"aioseo-breadcrumb\">\n\t\t\t<a href=\"https:\/\/www.encontrabomretiro.com.br\/sobre\" title=\"Dom\u00e9stica\">Dom\u00e9stica<\/a>\n\t\t<\/span><span class=\"aioseo-breadcrumb-separator\">&raquo;<\/span><span class=\"aioseo-breadcrumb\">\n\t\t\t<a href=\"https:\/\/www.encontrabomretiro.com.br\/sobre\/noticias-no-bom-retiro\/\" title=\"Not\u00edcias Bom Retiro\">Not\u00edcias Bom Retiro<\/a>\n\t\t<\/span><span class=\"aioseo-breadcrumb-separator\">&raquo;<\/span><span class=\"aioseo-breadcrumb\">\n\t\t\tMostra no Bom Retiro conta trajet\u00f3ria do Mosteiro da Luz desde a funda\u00e7\u00e3o\n\t\t<\/span><\/div>","aioseo_breadcrumb_json":[{"label":"Dom\u00e9stica","link":"https:\/\/www.encontrabomretiro.com.br\/sobre"},{"label":"Not\u00edcias Bom Retiro","link":"https:\/\/www.encontrabomretiro.com.br\/sobre\/noticias-no-bom-retiro\/"},{"label":"Mostra no Bom Retiro conta trajet\u00f3ria do Mosteiro da Luz desde a funda\u00e7\u00e3o","link":"https:\/\/www.encontrabomretiro.com.br\/sobre\/mostra-no-bom-retiro-conta-trajetoria-do-mosteiro-da-luz-desde-a-fundacao\/"}],"_links":{"self":[{"href":"https:\/\/www.encontrabomretiro.com.br\/sobre\/wp-json\/wp\/v2\/posts\/1851","targetHints":{"allow":["GET"]}}],"collection":[{"href":"https:\/\/www.encontrabomretiro.com.br\/sobre\/wp-json\/wp\/v2\/posts"}],"about":[{"href":"https:\/\/www.encontrabomretiro.com.br\/sobre\/wp-json\/wp\/v2\/types\/post"}],"author":[{"embeddable":true,"href":"https:\/\/www.encontrabomretiro.com.br\/sobre\/wp-json\/wp\/v2\/users\/1"}],"replies":[{"embeddable":true,"href":"https:\/\/www.encontrabomretiro.com.br\/sobre\/wp-json\/wp\/v2\/comments?post=1851"}],"version-history":[{"count":0,"href":"https:\/\/www.encontrabomretiro.com.br\/sobre\/wp-json\/wp\/v2\/posts\/1851\/revisions"}],"wp:attachment":[{"href":"https:\/\/www.encontrabomretiro.com.br\/sobre\/wp-json\/wp\/v2\/media?parent=1851"}],"wp:term":[{"taxonomy":"category","embeddable":true,"href":"https:\/\/www.encontrabomretiro.com.br\/sobre\/wp-json\/wp\/v2\/categories?post=1851"},{"taxonomy":"post_tag","embeddable":true,"href":"https:\/\/www.encontrabomretiro.com.br\/sobre\/wp-json\/wp\/v2\/tags?post=1851"}],"curies":[{"name":"wp","href":"https:\/\/api.w.org\/{rel}","templated":true}]}}