{"id":1834,"date":"2014-01-23T01:01:56","date_gmt":"2014-01-23T03:01:56","guid":{"rendered":"http:\/\/www.encontrabomretiro.com.br\/noticias\/?p=1834"},"modified":"2019-04-29T18:04:16","modified_gmt":"2019-04-29T20:04:16","slug":"feira-gastronomica-inspirada-na-obra-de-oswald-de-andrade-comemora-aniversario-de-sp-no-bom-retiro","status":"publish","type":"post","link":"https:\/\/www.encontrabomretiro.com.br\/sobre\/feira-gastronomica-inspirada-na-obra-de-oswald-de-andrade-comemora-aniversario-de-sp-no-bom-retiro\/","title":{"rendered":"Feira gastron\u00f4mica inspirada na obra de Oswald de Andrade comemora anivers\u00e1rio de SP no Bom Retiro"},"content":{"rendered":"<div class=\"228b65ae207de3c5c501cfe75875708b\" data-index=\"1\" style=\"float: none; margin:0px;\">\n<!-- Anuncio display - global -->\r\n<ins class=\"adsbygoogle\"\r\n     style=\"display:block\"\r\n     data-ad-client=\"ca-pub-8585364105181520\"\r\n     data-ad-slot=\"8789329856\"\r\n     data-ad-format=\"auto\"\r\n     data-full-width-responsive=\"true\"><\/ins>\r\n<script>\r\n     (adsbygoogle = window.adsbygoogle || []).push({});\r\n<\/script>\n<\/div>\n<p>No dia 25 de janeiro, S\u00e3o Paulo completa 460 anos e, na v\u00e9spera do anivers\u00e1rio, a Oficina Cultural Oswald de Andrade presta uma grande homenagem \u00e0 cidade com o projeto \u201cAntropofagia Paulistana\u201d.<\/p>\n<p>O evento re\u00fane os diferentes aspectos da cidade atrav\u00e9s de espet\u00e1culos teatrais,m\u00fasica e, principalmente, os sabores, cores e cheiros de sua comida com a Feirinha Gastron\u00f4mica. Das 12h \u00e0s 21h, com entrada de 5 a 15 reais.<\/p>\n<p><strong>Sabores da poesia modernista\u00a0<\/strong><\/p>\n<p>Inspirada no \u201cManifesto Antropof\u00e1gico\u201d de Oswald de Andrade, a feira busca mostrar uma S\u00e3o Paulo que \u201cdeglute o mundo\u201d, com \u00a0t\u00edpicas receitas da cozinha brasileira influenciadas pela culin\u00e1ria estrangeira.<\/p>\n<p>Com menus inspirados em cita\u00e7\u00f5es da obra oswaldiana, 10 barracas de cozinheiros de destaque do cen\u00e1rio gastron\u00f4mico paulistano ser\u00e3o montadas na \u00e1rea externa da Oficina.<strong><\/strong><\/p>\n<p><strong>Buffet Nordestino<\/strong><\/p>\n<p><em>\u201cQueremos a Revolu\u00e7\u00e3o Cara\u00edba. Maior que a Revolu\u00e7\u00e3o Francesa.\u00a0A unifica\u00e7\u00e3o de todas as revoltas eficazes na dire\u00e7\u00e3o do homem.\u201d<\/em><\/p>\n<p>Vera L\u00facia \u2013 Buffet Nordestino<\/p>\n<p>Com sua Macaxeira R\u00f6sti, recheada com quatro op\u00e7\u00f5es de sabores: a Nordestina de carne seca e queijo mu\u00e7arela, a Portuguesa com bacalhau em lascas e cebola, a Caipira com ragu de lingui\u00e7a e milho verde, e a Francesinha de abobrinha com queijo roquefort.<\/p>\n<p><strong>Acaraj\u00e9 da Barra<\/strong><\/p>\n<p><em>Contra as religi\u00f5es de Meridiano.\u201d<\/em><\/p>\n<p>Nilc\u00e9ia \u2013 do Acaraj\u00e9 da Barra<\/p>\n<p>Apresenta duas vers\u00f5es do prato que mais representa a antropofagia gastron\u00f4mica brasileira, o prato \u00edcone da comida de santo e do sincretismo religioso, o tradicional acaraj\u00e9 em duas vers\u00f5es: a original e a modernista.<\/p>\n<p><strong>Pernil ao Chutney de Abacaxi<\/strong><\/p>\n<p><em>\u201cTupi, or not tupi that is the question.\u201d<\/em><\/p>\n<p>Antonio e Denise \u2013 da Terroir Brasil<\/p>\n<p>Ir\u00e3o servir um sandu\u00edche de pernil ao chutney de abacaxi, queijo brie e gel\u00e9ia de cebola roxa, e os tradicionais salgadinhos como o bolinho caipira com carne mo\u00edda, coxinha de galinha e kibe.<\/p>\n<p><strong>Servi\u00e7o<\/strong><br \/>\nO que: Feira Gastron\u00f4mica &#8211; Antropofagia Paulistana<br \/>\nQuando: Sex 24\/01 das 12:00 \u00e0s 21:00<br \/>\nQuanto: Na Faixa<br \/>\nOnde: Oficina Cultural Oswald de Andrade<br \/>\nEndere\u00e7o: Rua Tr\u00eas Rios, 363 &#8211; Bom Retiro &#8211; Centro<br \/>\nInforma\u00e7\u00f5es: (11) 3222-2662\/ (11) 3221-4704<\/p>\n\n<div style=\"font-size: 0px; height: 0px; line-height: 0px; margin: 0; padding: 0; clear: both;\"><\/div>","protected":false},"excerpt":{"rendered":"<p>No dia 25 de janeiro, S\u00e3o Paulo completa 460 anos e, na v\u00e9spera do anivers\u00e1rio, a Oficina Cultural Oswald de Andrade presta uma grande homenagem \u00e0 cidade com o projeto \u201cAntropofagia Paulistana\u201d. O evento re\u00fane os diferentes aspectos da cidade atrav\u00e9s de espet\u00e1culos teatrais,m\u00fasica e, principalmente, os sabores, cores e cheiros de sua comida com a Feirinha Gastron\u00f4mica. Das 12h \u00e0s 21h, com entrada de 5 a 15 reais. Sabores da poesia modernista\u00a0 Inspirada no \u201cManifesto Antropof\u00e1gico\u201d de Oswald de Andrade, a feira busca mostrar uma S\u00e3o Paulo que \u201cdeglute o mundo\u201d, com \u00a0t\u00edpicas receitas da cozinha brasileira influenciadas pela <\/p>\n","protected":false},"author":1,"featured_media":0,"comment_status":"open","ping_status":"closed","sticky":false,"template":"","format":"standard","meta":{"footnotes":""},"categories":[6],"tags":[],"class_list":["post-1834","post","type-post","status-publish","format-standard","hentry","category-noticias-no-bom-retiro"],"aioseo_notices":[],"_links":{"self":[{"href":"https:\/\/www.encontrabomretiro.com.br\/sobre\/wp-json\/wp\/v2\/posts\/1834","targetHints":{"allow":["GET"]}}],"collection":[{"href":"https:\/\/www.encontrabomretiro.com.br\/sobre\/wp-json\/wp\/v2\/posts"}],"about":[{"href":"https:\/\/www.encontrabomretiro.com.br\/sobre\/wp-json\/wp\/v2\/types\/post"}],"author":[{"embeddable":true,"href":"https:\/\/www.encontrabomretiro.com.br\/sobre\/wp-json\/wp\/v2\/users\/1"}],"replies":[{"embeddable":true,"href":"https:\/\/www.encontrabomretiro.com.br\/sobre\/wp-json\/wp\/v2\/comments?post=1834"}],"version-history":[{"count":0,"href":"https:\/\/www.encontrabomretiro.com.br\/sobre\/wp-json\/wp\/v2\/posts\/1834\/revisions"}],"wp:attachment":[{"href":"https:\/\/www.encontrabomretiro.com.br\/sobre\/wp-json\/wp\/v2\/media?parent=1834"}],"wp:term":[{"taxonomy":"category","embeddable":true,"href":"https:\/\/www.encontrabomretiro.com.br\/sobre\/wp-json\/wp\/v2\/categories?post=1834"},{"taxonomy":"post_tag","embeddable":true,"href":"https:\/\/www.encontrabomretiro.com.br\/sobre\/wp-json\/wp\/v2\/tags?post=1834"}],"curies":[{"name":"wp","href":"https:\/\/api.w.org\/{rel}","templated":true}]}}