{"id":1809,"date":"2013-11-25T09:23:55","date_gmt":"2013-11-25T11:23:55","guid":{"rendered":"http:\/\/www.encontrabomretiro.com.br\/noticias\/?p=1809"},"modified":"2019-04-29T18:04:17","modified_gmt":"2019-04-29T20:04:17","slug":"bom-retiro-museu-de-arte-sacra-traz-exposicao-de-presepios","status":"publish","type":"post","link":"https:\/\/www.encontrabomretiro.com.br\/sobre\/bom-retiro-museu-de-arte-sacra-traz-exposicao-de-presepios\/","title":{"rendered":"Bom Retiro: Museu de Arte Sacra traz exposi\u00e7\u00e3o de pres\u00e9pios"},"content":{"rendered":"<div class=\"228b65ae207de3c5c501cfe75875708b\" data-index=\"1\" style=\"float: none; margin:0px;\">\n<!-- Anuncio display - global -->\r\n<ins class=\"adsbygoogle\"\r\n     style=\"display:block\"\r\n     data-ad-client=\"ca-pub-8585364105181520\"\r\n     data-ad-slot=\"8789329856\"\r\n     data-ad-format=\"auto\"\r\n     data-full-width-responsive=\"true\"><\/ins>\r\n<script>\r\n     (adsbygoogle = window.adsbygoogle || []).push({});\r\n<\/script>\n<\/div>\n<p>A partir da pr\u00f3xima ter\u00e7a-feira, 26, o Museu de Arte Sacra vai entrar no clima do Natal. A nova exposi\u00e7\u00e3o traz trinta e cinco vers\u00f5es de pres\u00e9pios em materiais como argila, madeira, papel, tecido, barro cozido e aniagem.<\/p>\n<p>Desenvolvidas por designers, arquitetos, artistas pl\u00e1sticos, colecionadores e nomes da sociedade paulistana, as representa\u00e7\u00f5es da hist\u00f3ria do nascimento de Jesus aparecem em pe\u00e7as de nacionalidades e \u00e9pocas distintas.<\/p>\n<p>Com curadoria da arquiteta Cristina Ferraz, a mostra apresenta as emo\u00e7\u00f5es e as mem\u00f3rias afetivas envoltas nos rituais familiares de montagem dos pres\u00e9pios, unindo pessoas com diferentes cren\u00e7as, hist\u00f3rias e tradi\u00e7\u00f5es.<\/p>\n<p>A exposi\u00e7\u00e3o traz, ainda, uma sala do museu toda ambientada com pe\u00e7as de arte barroca e pres\u00e9pios do acervo da fam\u00edlia Landmann. Iniciada h\u00e1 35 anos, a cole\u00e7\u00e3o \u00e9 composta por objetos adquiridos em viagens ou recebidos como presente de amigos e de membros da fam\u00edlia.<\/p>\n<p><strong>SERVI\u00c7O<\/strong><br \/>\n<em>Pres\u00e9pios: Um Olhar, uma Hist\u00f3ria <\/em><br \/>\n<a title=\"Museu de Arte Sacra\" href=\"http:\/\/www.encontrabomretiro.com.br\/bom-retiro\/museu-da-arte-sacra-de-sp-no-bom-retiro.shtml\" target=\"_blank\">Museu de Arte Sacra<\/a> &#8211; Avenida Tiradentes, 676 &#8211; Luz, S\u00e3o Paulo<br \/>\nDe 26 de novembro (estreia \u00e0s 19h) at\u00e9 06 de janeiro<br \/>\nDe ter\u00e7a a sexta das 9h \u00e0s 17h, s\u00e1bado e domingo das 10h \u00e0s 18h<br \/>\nR$ 6,00 (estudantes pagam meia); gr\u00e1tis aos s\u00e1bados<br \/>\n(11) 3326.5393 (agendamento para visitas monitoradas)<\/p>\n\n<div style=\"font-size: 0px; height: 0px; line-height: 0px; margin: 0; padding: 0; clear: both;\"><\/div>","protected":false},"excerpt":{"rendered":"<p>A partir da pr\u00f3xima ter\u00e7a-feira, 26, o Museu de Arte Sacra vai entrar no clima do Natal. A nova exposi\u00e7\u00e3o traz trinta e cinco vers\u00f5es de pres\u00e9pios em materiais como argila, madeira, papel, tecido, barro cozido e aniagem. Desenvolvidas por designers, arquitetos, artistas pl\u00e1sticos, colecionadores e nomes da sociedade paulistana, as representa\u00e7\u00f5es da hist\u00f3ria do nascimento de Jesus aparecem em pe\u00e7as de nacionalidades e \u00e9pocas distintas. Com curadoria da arquiteta Cristina Ferraz, a mostra apresenta as emo\u00e7\u00f5es e as mem\u00f3rias afetivas envoltas nos rituais familiares de montagem dos pres\u00e9pios, unindo pessoas com diferentes cren\u00e7as, hist\u00f3rias e tradi\u00e7\u00f5es. A exposi\u00e7\u00e3o traz, <\/p>\n","protected":false},"author":1,"featured_media":0,"comment_status":"open","ping_status":"closed","sticky":false,"template":"","format":"standard","meta":{"footnotes":""},"categories":[6],"tags":[],"class_list":["post-1809","post","type-post","status-publish","format-standard","hentry","category-noticias-no-bom-retiro"],"aioseo_notices":[],"aioseo_head":"\n\t\t<!-- All in One SEO 5.0.0.1 - aioseo.com -->\n\t<meta name=\"description\" content=\"A partir da pr\u00f3xima ter\u00e7a-feira, 26, o Museu de Arte Sacra vai entrar no clima do Natal. A nova exposi\u00e7\u00e3o traz trinta e cinco vers\u00f5es de pres\u00e9pios em materiais como argila, madeira, papel, tecido, barro cozido e aniagem. Desenvolvidas por designers, arquitetos, artistas pl\u00e1sticos, colecionadores e nomes da sociedade paulistana, as representa\u00e7\u00f5es da hist\u00f3ria do\" \/>\n\t<meta name=\"robots\" content=\"max-image-preview:large\" \/>\n\t<meta name=\"author\" content=\"Encontra Bom Retiro\"\/>\n\t<link rel=\"canonical\" href=\"https:\/\/www.encontrabomretiro.com.br\/sobre\/bom-retiro-museu-de-arte-sacra-traz-exposicao-de-presepios\/\" \/>\n\t<meta name=\"generator\" content=\"All in One SEO (AIOSEO) 5.0.0.1\" \/>\n\t\t<meta property=\"og:locale\" content=\"pt_BR\" \/>\n\t\t<meta property=\"og:site_name\" content=\"Encontra Bom Retiro | Not\u00edcias, eventos, informa\u00e7\u00f5es e dicas no bairro do Bom Retiro e regi\u00e3o.\" \/>\n\t\t<meta property=\"og:type\" content=\"article\" \/>\n\t\t<meta property=\"og:title\" content=\"Bom Retiro: Museu de Arte Sacra traz exposi\u00e7\u00e3o de pres\u00e9pios | Encontra Bom Retiro\" \/>\n\t\t<meta property=\"og:description\" content=\"A partir da pr\u00f3xima ter\u00e7a-feira, 26, o Museu de Arte Sacra vai entrar no clima do Natal. A nova exposi\u00e7\u00e3o traz trinta e cinco vers\u00f5es de pres\u00e9pios em materiais como argila, madeira, papel, tecido, barro cozido e aniagem. Desenvolvidas por designers, arquitetos, artistas pl\u00e1sticos, colecionadores e nomes da sociedade paulistana, as representa\u00e7\u00f5es da hist\u00f3ria do\" \/>\n\t\t<meta property=\"og:url\" content=\"https:\/\/www.encontrabomretiro.com.br\/sobre\/bom-retiro-museu-de-arte-sacra-traz-exposicao-de-presepios\/\" \/>\n\t\t<meta property=\"article:published_time\" content=\"2013-11-25T11:23:55+00:00\" \/>\n\t\t<meta property=\"article:modified_time\" content=\"2019-04-29T20:04:17+00:00\" \/>\n\t\t<meta name=\"twitter:card\" content=\"summary_large_image\" \/>\n\t\t<meta name=\"twitter:title\" content=\"Bom Retiro: Museu de Arte Sacra traz exposi\u00e7\u00e3o de pres\u00e9pios | Encontra Bom Retiro\" \/>\n\t\t<meta name=\"twitter:description\" content=\"A partir da pr\u00f3xima ter\u00e7a-feira, 26, o Museu de Arte Sacra vai entrar no clima do Natal. A nova exposi\u00e7\u00e3o traz trinta e cinco vers\u00f5es de pres\u00e9pios em materiais como argila, madeira, papel, tecido, barro cozido e aniagem. Desenvolvidas por designers, arquitetos, artistas pl\u00e1sticos, colecionadores e nomes da sociedade paulistana, as representa\u00e7\u00f5es da hist\u00f3ria do\" \/>\n\t\t<script type=\"application\/ld+json\" class=\"aioseo-schema\">\n\t\t\t{\"@context\":\"https:\\\/\\\/schema.org\",\"@graph\":[{\"@type\":\"Article\",\"@id\":\"https:\\\/\\\/www.encontrabomretiro.com.br\\\/sobre\\\/bom-retiro-museu-de-arte-sacra-traz-exposicao-de-presepios\\\/#article\",\"name\":\"Bom Retiro: Museu de Arte Sacra traz exposi\\u00e7\\u00e3o de pres\\u00e9pios | Encontra Bom Retiro\",\"headline\":\"Bom Retiro: Museu de Arte Sacra traz exposi\\u00e7\\u00e3o de pres\\u00e9pios\",\"author\":{\"@id\":\"https:\\\/\\\/www.encontrabomretiro.com.br\\\/sobre\\\/author\\\/ebomretiro\\\/#author\"},\"publisher\":{\"@id\":\"https:\\\/\\\/www.encontrabomretiro.com.br\\\/sobre\\\/#organization\"},\"datePublished\":\"2013-11-25T09:23:55-02:00\",\"dateModified\":\"2019-04-29T18:04:17-02:00\",\"inLanguage\":\"pt-BR\",\"mainEntityOfPage\":{\"@id\":\"https:\\\/\\\/www.encontrabomretiro.com.br\\\/sobre\\\/bom-retiro-museu-de-arte-sacra-traz-exposicao-de-presepios\\\/#webpage\"},\"isPartOf\":{\"@id\":\"https:\\\/\\\/www.encontrabomretiro.com.br\\\/sobre\\\/bom-retiro-museu-de-arte-sacra-traz-exposicao-de-presepios\\\/#webpage\"},\"articleSection\":\"Not\\u00edcias Bom Retiro\"},{\"@type\":\"BreadcrumbList\",\"@id\":\"https:\\\/\\\/www.encontrabomretiro.com.br\\\/sobre\\\/bom-retiro-museu-de-arte-sacra-traz-exposicao-de-presepios\\\/#breadcrumblist\",\"itemListElement\":[{\"@type\":\"ListItem\",\"@id\":\"https:\\\/\\\/www.encontrabomretiro.com.br\\\/sobre#listItem\",\"position\":1,\"name\":\"Dom\\u00e9stica\",\"item\":\"https:\\\/\\\/www.encontrabomretiro.com.br\\\/sobre\",\"nextItem\":{\"@type\":\"ListItem\",\"@id\":\"https:\\\/\\\/www.encontrabomretiro.com.br\\\/sobre\\\/noticias-no-bom-retiro\\\/#listItem\",\"name\":\"Not\\u00edcias Bom Retiro\"}},{\"@type\":\"ListItem\",\"@id\":\"https:\\\/\\\/www.encontrabomretiro.com.br\\\/sobre\\\/noticias-no-bom-retiro\\\/#listItem\",\"position\":2,\"name\":\"Not\\u00edcias Bom Retiro\",\"item\":\"https:\\\/\\\/www.encontrabomretiro.com.br\\\/sobre\\\/noticias-no-bom-retiro\\\/\",\"nextItem\":{\"@type\":\"ListItem\",\"@id\":\"https:\\\/\\\/www.encontrabomretiro.com.br\\\/sobre\\\/bom-retiro-museu-de-arte-sacra-traz-exposicao-de-presepios\\\/#listItem\",\"name\":\"Bom Retiro: Museu de Arte Sacra traz exposi\\u00e7\\u00e3o de pres\\u00e9pios\"},\"previousItem\":{\"@type\":\"ListItem\",\"@id\":\"https:\\\/\\\/www.encontrabomretiro.com.br\\\/sobre#listItem\",\"name\":\"Dom\\u00e9stica\"}},{\"@type\":\"ListItem\",\"@id\":\"https:\\\/\\\/www.encontrabomretiro.com.br\\\/sobre\\\/bom-retiro-museu-de-arte-sacra-traz-exposicao-de-presepios\\\/#listItem\",\"position\":3,\"name\":\"Bom Retiro: Museu de Arte Sacra traz exposi\\u00e7\\u00e3o de pres\\u00e9pios\",\"previousItem\":{\"@type\":\"ListItem\",\"@id\":\"https:\\\/\\\/www.encontrabomretiro.com.br\\\/sobre\\\/noticias-no-bom-retiro\\\/#listItem\",\"name\":\"Not\\u00edcias Bom Retiro\"}}]},{\"@type\":\"Organization\",\"@id\":\"https:\\\/\\\/www.encontrabomretiro.com.br\\\/sobre\\\/#organization\",\"name\":\"Encontra Bom Retiro\",\"description\":\"Not\\u00edcias, eventos, informa\\u00e7\\u00f5es e dicas no bairro do Bom Retiro e regi\\u00e3o.\",\"url\":\"https:\\\/\\\/www.encontrabomretiro.com.br\\\/sobre\\\/\"},{\"@type\":\"Person\",\"@id\":\"https:\\\/\\\/www.encontrabomretiro.com.br\\\/sobre\\\/author\\\/ebomretiro\\\/#author\",\"url\":\"https:\\\/\\\/www.encontrabomretiro.com.br\\\/sobre\\\/author\\\/ebomretiro\\\/\",\"name\":\"Encontra Bom Retiro\",\"image\":{\"@type\":\"ImageObject\",\"@id\":\"https:\\\/\\\/www.encontrabomretiro.com.br\\\/sobre\\\/bom-retiro-museu-de-arte-sacra-traz-exposicao-de-presepios\\\/#authorImage\",\"url\":\"https:\\\/\\\/secure.gravatar.com\\\/avatar\\\/507340682b8270222e1f208e23198b6ae7e2c6a1033ae84e99bc6bce4f82a387?s=96&d=mm&r=g\",\"width\":96,\"height\":96,\"caption\":\"Encontra Bom Retiro\"}},{\"@type\":\"WebPage\",\"@id\":\"https:\\\/\\\/www.encontrabomretiro.com.br\\\/sobre\\\/bom-retiro-museu-de-arte-sacra-traz-exposicao-de-presepios\\\/#webpage\",\"url\":\"https:\\\/\\\/www.encontrabomretiro.com.br\\\/sobre\\\/bom-retiro-museu-de-arte-sacra-traz-exposicao-de-presepios\\\/\",\"name\":\"Bom Retiro: Museu de Arte Sacra traz exposi\\u00e7\\u00e3o de pres\\u00e9pios | Encontra Bom Retiro\",\"description\":\"A partir da pr\\u00f3xima ter\\u00e7a-feira, 26, o Museu de Arte Sacra vai entrar no clima do Natal. A nova exposi\\u00e7\\u00e3o traz trinta e cinco vers\\u00f5es de pres\\u00e9pios em materiais como argila, madeira, papel, tecido, barro cozido e aniagem. Desenvolvidas por designers, arquitetos, artistas pl\\u00e1sticos, colecionadores e nomes da sociedade paulistana, as representa\\u00e7\\u00f5es da hist\\u00f3ria do\",\"inLanguage\":\"pt-BR\",\"isPartOf\":{\"@id\":\"https:\\\/\\\/www.encontrabomretiro.com.br\\\/sobre\\\/#website\"},\"breadcrumb\":{\"@id\":\"https:\\\/\\\/www.encontrabomretiro.com.br\\\/sobre\\\/bom-retiro-museu-de-arte-sacra-traz-exposicao-de-presepios\\\/#breadcrumblist\"},\"author\":{\"@id\":\"https:\\\/\\\/www.encontrabomretiro.com.br\\\/sobre\\\/author\\\/ebomretiro\\\/#author\"},\"creator\":{\"@id\":\"https:\\\/\\\/www.encontrabomretiro.com.br\\\/sobre\\\/author\\\/ebomretiro\\\/#author\"},\"datePublished\":\"2013-11-25T09:23:55-02:00\",\"dateModified\":\"2019-04-29T18:04:17-02:00\"},{\"@type\":\"WebSite\",\"@id\":\"https:\\\/\\\/www.encontrabomretiro.com.br\\\/sobre\\\/#website\",\"url\":\"https:\\\/\\\/www.encontrabomretiro.com.br\\\/sobre\\\/\",\"name\":\"Encontra Bom Retiro\",\"description\":\"Not\\u00edcias, eventos, informa\\u00e7\\u00f5es e dicas no bairro do Bom Retiro e regi\\u00e3o.\",\"inLanguage\":\"pt-BR\",\"publisher\":{\"@id\":\"https:\\\/\\\/www.encontrabomretiro.com.br\\\/sobre\\\/#organization\"}}]}\n\t\t<\/script>\n\t\t<!-- All in One SEO -->\n\n","aioseo_head_json":{"title":"Bom Retiro: Museu de Arte Sacra traz exposi\u00e7\u00e3o de pres\u00e9pios | Encontra Bom Retiro","description":"A partir da pr\u00f3xima ter\u00e7a-feira, 26, o Museu de Arte Sacra vai entrar no clima do Natal. A nova exposi\u00e7\u00e3o traz trinta e cinco vers\u00f5es de pres\u00e9pios em materiais como argila, madeira, papel, tecido, barro cozido e aniagem. Desenvolvidas por designers, arquitetos, artistas pl\u00e1sticos, colecionadores e nomes da sociedade paulistana, as representa\u00e7\u00f5es da hist\u00f3ria do","canonical_url":"https:\/\/www.encontrabomretiro.com.br\/sobre\/bom-retiro-museu-de-arte-sacra-traz-exposicao-de-presepios\/","robots":"max-image-preview:large","keywords":"","webmasterTools":{"miscellaneous":""},"schema":{"@context":"https:\/\/schema.org","@graph":[{"@type":"Article","@id":"https:\/\/www.encontrabomretiro.com.br\/sobre\/bom-retiro-museu-de-arte-sacra-traz-exposicao-de-presepios\/#article","name":"Bom Retiro: Museu de Arte Sacra traz exposi\u00e7\u00e3o de pres\u00e9pios | Encontra Bom Retiro","headline":"Bom Retiro: Museu de Arte Sacra traz exposi\u00e7\u00e3o de pres\u00e9pios","author":{"@id":"https:\/\/www.encontrabomretiro.com.br\/sobre\/author\/ebomretiro\/#author"},"publisher":{"@id":"https:\/\/www.encontrabomretiro.com.br\/sobre\/#organization"},"datePublished":"2013-11-25T09:23:55-02:00","dateModified":"2019-04-29T18:04:17-02:00","inLanguage":"pt-BR","mainEntityOfPage":{"@id":"https:\/\/www.encontrabomretiro.com.br\/sobre\/bom-retiro-museu-de-arte-sacra-traz-exposicao-de-presepios\/#webpage"},"isPartOf":{"@id":"https:\/\/www.encontrabomretiro.com.br\/sobre\/bom-retiro-museu-de-arte-sacra-traz-exposicao-de-presepios\/#webpage"},"articleSection":"Not\u00edcias Bom Retiro"},{"@type":"BreadcrumbList","@id":"https:\/\/www.encontrabomretiro.com.br\/sobre\/bom-retiro-museu-de-arte-sacra-traz-exposicao-de-presepios\/#breadcrumblist","itemListElement":[{"@type":"ListItem","@id":"https:\/\/www.encontrabomretiro.com.br\/sobre#listItem","position":1,"name":"Dom\u00e9stica","item":"https:\/\/www.encontrabomretiro.com.br\/sobre","nextItem":{"@type":"ListItem","@id":"https:\/\/www.encontrabomretiro.com.br\/sobre\/noticias-no-bom-retiro\/#listItem","name":"Not\u00edcias Bom Retiro"}},{"@type":"ListItem","@id":"https:\/\/www.encontrabomretiro.com.br\/sobre\/noticias-no-bom-retiro\/#listItem","position":2,"name":"Not\u00edcias Bom Retiro","item":"https:\/\/www.encontrabomretiro.com.br\/sobre\/noticias-no-bom-retiro\/","nextItem":{"@type":"ListItem","@id":"https:\/\/www.encontrabomretiro.com.br\/sobre\/bom-retiro-museu-de-arte-sacra-traz-exposicao-de-presepios\/#listItem","name":"Bom Retiro: Museu de Arte Sacra traz exposi\u00e7\u00e3o de pres\u00e9pios"},"previousItem":{"@type":"ListItem","@id":"https:\/\/www.encontrabomretiro.com.br\/sobre#listItem","name":"Dom\u00e9stica"}},{"@type":"ListItem","@id":"https:\/\/www.encontrabomretiro.com.br\/sobre\/bom-retiro-museu-de-arte-sacra-traz-exposicao-de-presepios\/#listItem","position":3,"name":"Bom Retiro: Museu de Arte Sacra traz exposi\u00e7\u00e3o de pres\u00e9pios","previousItem":{"@type":"ListItem","@id":"https:\/\/www.encontrabomretiro.com.br\/sobre\/noticias-no-bom-retiro\/#listItem","name":"Not\u00edcias Bom Retiro"}}]},{"@type":"Organization","@id":"https:\/\/www.encontrabomretiro.com.br\/sobre\/#organization","name":"Encontra Bom Retiro","description":"Not\u00edcias, eventos, informa\u00e7\u00f5es e dicas no bairro do Bom Retiro e regi\u00e3o.","url":"https:\/\/www.encontrabomretiro.com.br\/sobre\/"},{"@type":"Person","@id":"https:\/\/www.encontrabomretiro.com.br\/sobre\/author\/ebomretiro\/#author","url":"https:\/\/www.encontrabomretiro.com.br\/sobre\/author\/ebomretiro\/","name":"Encontra Bom Retiro","image":{"@type":"ImageObject","@id":"https:\/\/www.encontrabomretiro.com.br\/sobre\/bom-retiro-museu-de-arte-sacra-traz-exposicao-de-presepios\/#authorImage","url":"https:\/\/secure.gravatar.com\/avatar\/507340682b8270222e1f208e23198b6ae7e2c6a1033ae84e99bc6bce4f82a387?s=96&d=mm&r=g","width":96,"height":96,"caption":"Encontra Bom Retiro"}},{"@type":"WebPage","@id":"https:\/\/www.encontrabomretiro.com.br\/sobre\/bom-retiro-museu-de-arte-sacra-traz-exposicao-de-presepios\/#webpage","url":"https:\/\/www.encontrabomretiro.com.br\/sobre\/bom-retiro-museu-de-arte-sacra-traz-exposicao-de-presepios\/","name":"Bom Retiro: Museu de Arte Sacra traz exposi\u00e7\u00e3o de pres\u00e9pios | Encontra Bom Retiro","description":"A partir da pr\u00f3xima ter\u00e7a-feira, 26, o Museu de Arte Sacra vai entrar no clima do Natal. A nova exposi\u00e7\u00e3o traz trinta e cinco vers\u00f5es de pres\u00e9pios em materiais como argila, madeira, papel, tecido, barro cozido e aniagem. Desenvolvidas por designers, arquitetos, artistas pl\u00e1sticos, colecionadores e nomes da sociedade paulistana, as representa\u00e7\u00f5es da hist\u00f3ria do","inLanguage":"pt-BR","isPartOf":{"@id":"https:\/\/www.encontrabomretiro.com.br\/sobre\/#website"},"breadcrumb":{"@id":"https:\/\/www.encontrabomretiro.com.br\/sobre\/bom-retiro-museu-de-arte-sacra-traz-exposicao-de-presepios\/#breadcrumblist"},"author":{"@id":"https:\/\/www.encontrabomretiro.com.br\/sobre\/author\/ebomretiro\/#author"},"creator":{"@id":"https:\/\/www.encontrabomretiro.com.br\/sobre\/author\/ebomretiro\/#author"},"datePublished":"2013-11-25T09:23:55-02:00","dateModified":"2019-04-29T18:04:17-02:00"},{"@type":"WebSite","@id":"https:\/\/www.encontrabomretiro.com.br\/sobre\/#website","url":"https:\/\/www.encontrabomretiro.com.br\/sobre\/","name":"Encontra Bom Retiro","description":"Not\u00edcias, eventos, informa\u00e7\u00f5es e dicas no bairro do Bom Retiro e regi\u00e3o.","inLanguage":"pt-BR","publisher":{"@id":"https:\/\/www.encontrabomretiro.com.br\/sobre\/#organization"}}]},"og:locale":"pt_BR","og:site_name":"Encontra Bom Retiro | Not\u00edcias, eventos, informa\u00e7\u00f5es e dicas no bairro do Bom Retiro e regi\u00e3o.","og:type":"article","og:title":"Bom Retiro: Museu de Arte Sacra traz exposi\u00e7\u00e3o de pres\u00e9pios | Encontra Bom Retiro","og:description":"A partir da pr\u00f3xima ter\u00e7a-feira, 26, o Museu de Arte Sacra vai entrar no clima do Natal. A nova exposi\u00e7\u00e3o traz trinta e cinco vers\u00f5es de pres\u00e9pios em materiais como argila, madeira, papel, tecido, barro cozido e aniagem. Desenvolvidas por designers, arquitetos, artistas pl\u00e1sticos, colecionadores e nomes da sociedade paulistana, as representa\u00e7\u00f5es da hist\u00f3ria do","og:url":"https:\/\/www.encontrabomretiro.com.br\/sobre\/bom-retiro-museu-de-arte-sacra-traz-exposicao-de-presepios\/","article:published_time":"2013-11-25T11:23:55+00:00","article:modified_time":"2019-04-29T20:04:17+00:00","twitter:card":"summary_large_image","twitter:title":"Bom Retiro: Museu de Arte Sacra traz exposi\u00e7\u00e3o de pres\u00e9pios | Encontra Bom Retiro","twitter:description":"A partir da pr\u00f3xima ter\u00e7a-feira, 26, o Museu de Arte Sacra vai entrar no clima do Natal. A nova exposi\u00e7\u00e3o traz trinta e cinco vers\u00f5es de pres\u00e9pios em materiais como argila, madeira, papel, tecido, barro cozido e aniagem. Desenvolvidas por designers, arquitetos, artistas pl\u00e1sticos, colecionadores e nomes da sociedade paulistana, as representa\u00e7\u00f5es da hist\u00f3ria do"},"aioseo_meta_data":{"post_id":"1809","title":null,"description":null,"keywords":null,"keyphrases":null,"primary_term":null,"canonical_url":null,"og_title":null,"og_description":null,"og_object_type":"default","og_image_type":"default","og_image_url":null,"og_image_width":null,"og_image_height":null,"og_image_custom_url":null,"og_image_custom_fields":null,"og_video":null,"og_custom_url":null,"og_article_section":null,"og_article_tags":null,"twitter_use_og":false,"twitter_card":"default","twitter_image_type":"default","twitter_image_url":null,"twitter_image_custom_url":null,"twitter_image_custom_fields":null,"twitter_title":null,"twitter_description":null,"schema":{"blockGraphs":[],"customGraphs":[],"default":{"data":{"Article":[],"Course":[],"Dataset":[],"FAQPage":[],"Movie":[],"Person":[],"Product":[],"ProductReview":[],"Car":[],"Recipe":[],"Service":[],"SoftwareApplication":[],"WebPage":[]},"graphName":"","isEnabled":true},"graphs":[]},"schema_type":"default","schema_type_options":null,"pillar_content":false,"robots_default":true,"robots_noindex":false,"robots_noarchive":false,"robots_nosnippet":false,"robots_nofollow":false,"robots_noimageindex":false,"robots_noodp":false,"robots_notranslate":false,"robots_max_snippet":null,"robots_max_videopreview":null,"robots_max_imagepreview":"large","priority":null,"frequency":null,"local_seo":null,"breadcrumb_settings":null,"limit_modified_date":false,"ai":null,"created":"2023-10-16 12:58:00","updated":"2025-10-03 14:52:43","focus_keyword":null,"additional_keywords":null,"truseo_locale":null,"seo_analyzer_scan_date":null},"aioseo_breadcrumb":"<div class=\"aioseo-breadcrumbs\"><span class=\"aioseo-breadcrumb\">\n\t\t\t<a href=\"https:\/\/www.encontrabomretiro.com.br\/sobre\" title=\"Dom\u00e9stica\">Dom\u00e9stica<\/a>\n\t\t<\/span><span class=\"aioseo-breadcrumb-separator\">&raquo;<\/span><span class=\"aioseo-breadcrumb\">\n\t\t\t<a href=\"https:\/\/www.encontrabomretiro.com.br\/sobre\/noticias-no-bom-retiro\/\" title=\"Not\u00edcias Bom Retiro\">Not\u00edcias Bom Retiro<\/a>\n\t\t<\/span><span class=\"aioseo-breadcrumb-separator\">&raquo;<\/span><span class=\"aioseo-breadcrumb\">\n\t\t\tBom Retiro: Museu de Arte Sacra traz exposi\u00e7\u00e3o de pres\u00e9pios\n\t\t<\/span><\/div>","aioseo_breadcrumb_json":[{"label":"Dom\u00e9stica","link":"https:\/\/www.encontrabomretiro.com.br\/sobre"},{"label":"Not\u00edcias Bom Retiro","link":"https:\/\/www.encontrabomretiro.com.br\/sobre\/noticias-no-bom-retiro\/"},{"label":"Bom Retiro: Museu de Arte Sacra traz exposi\u00e7\u00e3o de pres\u00e9pios","link":"https:\/\/www.encontrabomretiro.com.br\/sobre\/bom-retiro-museu-de-arte-sacra-traz-exposicao-de-presepios\/"}],"_links":{"self":[{"href":"https:\/\/www.encontrabomretiro.com.br\/sobre\/wp-json\/wp\/v2\/posts\/1809","targetHints":{"allow":["GET"]}}],"collection":[{"href":"https:\/\/www.encontrabomretiro.com.br\/sobre\/wp-json\/wp\/v2\/posts"}],"about":[{"href":"https:\/\/www.encontrabomretiro.com.br\/sobre\/wp-json\/wp\/v2\/types\/post"}],"author":[{"embeddable":true,"href":"https:\/\/www.encontrabomretiro.com.br\/sobre\/wp-json\/wp\/v2\/users\/1"}],"replies":[{"embeddable":true,"href":"https:\/\/www.encontrabomretiro.com.br\/sobre\/wp-json\/wp\/v2\/comments?post=1809"}],"version-history":[{"count":0,"href":"https:\/\/www.encontrabomretiro.com.br\/sobre\/wp-json\/wp\/v2\/posts\/1809\/revisions"}],"wp:attachment":[{"href":"https:\/\/www.encontrabomretiro.com.br\/sobre\/wp-json\/wp\/v2\/media?parent=1809"}],"wp:term":[{"taxonomy":"category","embeddable":true,"href":"https:\/\/www.encontrabomretiro.com.br\/sobre\/wp-json\/wp\/v2\/categories?post=1809"},{"taxonomy":"post_tag","embeddable":true,"href":"https:\/\/www.encontrabomretiro.com.br\/sobre\/wp-json\/wp\/v2\/tags?post=1809"}],"curies":[{"name":"wp","href":"https:\/\/api.w.org\/{rel}","templated":true}]}}